{"id":11920,"date":"2026-08-17T11:00:05","date_gmt":"2026-08-17T09:00:05","guid":{"rendered":"https:\/\/www.danubiushotels.com\/hu\/magazin\/?p=11920"},"modified":"2026-08-17T17:56:38","modified_gmt":"2026-08-17T15:56:38","slug":"oszi-elmenyszuret-a-danubius-szallodakban","status":"publish","type":"post","link":"https:\/\/www.danubiushotels.com\/hu\/magazin\/oszi-elmenyszuret-a-danubius-szallodakban","title":{"rendered":"\u0150szi \u00e9lm\u00e9nysz\u00fcret a Danubius sz\u00e1llod\u00e1kban, mutatjuk a legjobb programokat!"},"content":{"rendered":"<p>A ny\u00e1r v\u00e9get \u00e9rhet, de az \u00e9lm\u00e9nyeknek m\u00e9g kor\u00e1nt sincs v\u00e9ge!\u00a0 A forr\u00f3 ny\u00e1ri napok ut\u00e1n j\u00f3lesik egy kicsit lelass\u00edtani, felt\u00f6lt\u0151dni, \u00e9s m\u00e1r most megtervezni a k\u00f6vetkez\u0151 kikapcsol\u00f3d\u00e1st. Szeptember \u00e9s okt\u00f3ber kellemes kir\u00e1ndul\u00e1sokat, wellness-\u00e9lm\u00e9nyeket, izgalmas kultur\u00e1lis \u00e9s gasztron\u00f3miai programokat tartogat sz\u00e1munkra. Mutatjuk a balatonf\u00fcredi, b\u00fckf\u00fcrd\u0151i, gy\u0151ri \u00e9s budapesti programokat, sz\u00e1llodai csomagaj\u00e1nlatokat, melyekb\u0151l csal\u00e1dok \u00e9s p\u00e1rok is b\u00e1tran szemezgethetnek.<\/p>\n<p style=\"text-align: center;\"><a href='https:\/\/www.danubiushotels.com\/hu\/oszi-elmenyszuret' class='small-button smallorange' target=\"_blank\">Induljon h\u00e1t az \u0151szi \u00e9lm\u00e9nysz\u00fcret!<\/a><\/p>\n<p><img loading=\"lazy\" decoding=\"async\" class=\"aligncenter wp-image-14302 size-large\" src=\"https:\/\/www.danubiushotels.com\/hu\/magazin\/wp-content\/uploads\/2025\/08\/kiemelt_1200x628-1-1024x536.jpg\" alt=\"\" width=\"1024\" height=\"536\" srcset=\"https:\/\/www.danubiushotels.com\/hu\/magazin\/wp-content\/uploads\/2025\/08\/kiemelt_1200x628-1-1024x536.jpg 1024w, https:\/\/www.danubiushotels.com\/hu\/magazin\/wp-content\/uploads\/2025\/08\/kiemelt_1200x628-1-980x513.jpg 980w, https:\/\/www.danubiushotels.com\/hu\/magazin\/wp-content\/uploads\/2025\/08\/kiemelt_1200x628-1-480x251.jpg 480w\" sizes=\"(min-width: 0px) and (max-width: 480px) 480px, (min-width: 481px) and (max-width: 980px) 980px, (min-width: 981px) 1024px, 100vw\" \/><\/p>\n<h2><strong>Balatonf\u00fcred, \u0151szre hangolva<\/strong><\/h2>\n<p>Tagadhatatlan, hogy az \u0151szi Balatonnak is nagyon sok rajong\u00f3ja van. Ilyenkor m\u00e1r nem a csobban\u00e1s a f\u0151szerepl\u0151, hanem a t\u00f3 ezer sz\u00ednben j\u00e1tsz\u00f3 hangulata, a romantikus s\u00e9t\u00e1k, a part menti f\u00e1k rozsda, naps\u00e1rga vagy izz\u00f3v\u00f6r\u00f6s lombkoron\u00e1ja, a zamatos borok \u00e9s a nyugalom sz\u00e1rnyakat ad\u00f3 \u00e9rz\u00e9se. J\u00f3 egy kicsit meg\u00e1ll\u00edtani az id\u0151t az am\u00fagy m\u00e1r elk\u00e9peszt\u0151 gyorsas\u00e1ggal sz\u00e1guld\u00f3 mindennapokban. Kellemes \u00e9lm\u00e9nyeket ny\u00fajt egy haj\u00f3kir\u00e1ndul\u00e1s is a magyar tengeren, amit mindenki \u00e1t\u00e9lhet, aki okt\u00f3ber 10-ig igent mond a <a href=\"https:\/\/www.danubiushotels.com\/hu\/szallodak-balatonfured\/hotel-marina\" target=\"_blank\" rel=\"noopener\"><strong>Danubius Hotel Marina<\/strong><\/a> vagy a <a href=\"https:\/\/www.danubiushotels.com\/hu\/szallodak-balatonfured\/hotel-annabella\" target=\"_blank\" rel=\"noopener\"><strong>Danubius Hotel Annabella<\/strong><\/a> aj\u00e1nlat\u00e1ra.<\/p>\n<p style=\"text-align: center;\"><a href='https:\/\/www.danubiushotels.com\/hu\/ajanlataink\/felpenzes-ajanlat-balatonon' class='small-button smallorange' target=\"_blank\">F\u00e9lp\u00e9nzes aj\u00e1nlat haj\u00f3k\u00e1z\u00e1ssal<\/a><\/p>\n<p><img loading=\"lazy\" decoding=\"async\" class=\"wp-image-14304 size-large aligncenter\" src=\"https:\/\/www.danubiushotels.com\/hu\/magazin\/wp-content\/uploads\/2025\/08\/123rf_193954919_l-1200x800-1-1024x683.jpg\" alt=\"\" width=\"1024\" height=\"683\" srcset=\"https:\/\/www.danubiushotels.com\/hu\/magazin\/wp-content\/uploads\/2025\/08\/123rf_193954919_l-1200x800-1-1024x683.jpg 1024w, https:\/\/www.danubiushotels.com\/hu\/magazin\/wp-content\/uploads\/2025\/08\/123rf_193954919_l-1200x800-1-980x653.jpg 980w, https:\/\/www.danubiushotels.com\/hu\/magazin\/wp-content\/uploads\/2025\/08\/123rf_193954919_l-1200x800-1-480x320.jpg 480w\" sizes=\"(min-width: 0px) and (max-width: 480px) 480px, (min-width: 481px) and (max-width: 980px) 980px, (min-width: 981px) 1024px, 100vw\" \/><\/p>\n<h2><strong><br \/>\n\u0150szi wellness \u00e9lm\u00e9nyek B\u00fckf\u00fcrd\u0151n<\/strong><\/h2>\n<p>Ak\u00e1r ki sem kell l\u00e9pni a sz\u00e1llod\u00e1b\u00f3l, \u00e9s m\u00e9gis minden \u00e9rz\u00e9k\u00fcnkkel belemer\u00fclhet\u00fcnk a <a href=\"https:\/\/www.danubiushotels.com\/hu\/szallodak-bukfurdo\/danubius-hotel-buk\/ajanlatok\/wellness-csobbanas-all-inclusive-elofoglalassal\" target=\"_blank\" rel=\"noopener\">Danubius Hotel B\u00fck <\/a>p\u00e1ratlanul gazdag \u0151szi \u00e9lm\u00e9nyvil\u00e1g\u00e1ba. A k\u00fclt\u00e9ri medenc\u00e9k felett lebeg\u0151 p\u00e1rafelh\u0151 elvar\u00e1zsol, az \u0151szi sz\u00ednekre v\u00e1lt\u00f3 t\u00e1gas kert felfriss\u00edt, a gy\u00f6ny\u00f6r\u0171 wellness r\u00e9szleg \u00e9s sz\u00e9ps\u00e9g kezel\u00e9sek felt\u00f6ltenek, a meg\u00fajult \u00e9tterem b\u00fcf\u00e9asztal\u00e1nak k\u00edn\u00e1lata l\u00e1tt\u00e1n pedig azonnal tudjuk, hogy ide hamarosan vissza fogunk t\u00e9rni. Ak\u00e1r gyerekekkel is, hiszen a Bubbles Club anim\u00e1ci\u00f3 \u00e9s a kedves s\u00e1rk\u00e1nyok nemcsak az \u0151szi sz\u00fcnetben, de h\u00e9tv\u00e9g\u00e9ken \u00e9s h\u00e9tk\u00f6znapokon is vid\u00e1m j\u00e1t\u00e9kkal, s\u00e1rk\u00e1nymes\u00e9kkel, k\u00e9zm\u0171ves programokkal \u00e9s mini discoval v\u00e1rj\u00e1k a kicsiket.<\/p>\n<p style=\"text-align: center;\"><a href='https:\/\/www.danubiushotels.com\/hu\/szallodak-bukfurdo\/danubius-hotel-buk\/ajanlatok\/wellness-csobbanas-all-inclusive-elofoglalassal' class='small-button smallorange' target=\"_blank\">All Inclusive Wellness B\u00fckf\u00fcrd\u0151n<\/a><\/p>\n\n\t\t<style>\n\t\t\t#gallery-1 {\n\t\t\t\tmargin: auto;\n\t\t\t}\n\t\t\t#gallery-1 .gallery-item {\n\t\t\t\tfloat: left;\n\t\t\t\tmargin-top: 10px;\n\t\t\t\ttext-align: center;\n\t\t\t\twidth: 50%;\n\t\t\t}\n\t\t\t#gallery-1 img {\n\t\t\t\tborder: 2px solid #cfcfcf;\n\t\t\t}\n\t\t\t#gallery-1 .gallery-caption {\n\t\t\t\tmargin-left: 0;\n\t\t\t}\n\t\t\t\/* see gallery_shortcode() in wp-includes\/media.php *\/\n\t\t<\/style>\n\t\t<div id='gallery-1' class='gallery galleryid-11920 gallery-columns-2 gallery-size-large'><dl class='gallery-item'>\n\t\t\t<dt class='gallery-icon landscape'>\n\t\t\t\t<img loading=\"lazy\" decoding=\"async\" width=\"1024\" height=\"683\" src=\"https:\/\/www.danubiushotels.com\/hu\/magazin\/wp-content\/uploads\/2025\/08\/Medium-DH_Buk_etterem-002-1024x683.jpg\" class=\"attachment-large size-large\" alt=\"\" srcset=\"https:\/\/www.danubiushotels.com\/hu\/magazin\/wp-content\/uploads\/2025\/08\/Medium-DH_Buk_etterem-002-1024x683.jpg 1024w, https:\/\/www.danubiushotels.com\/hu\/magazin\/wp-content\/uploads\/2025\/08\/Medium-DH_Buk_etterem-002-980x653.jpg 980w, https:\/\/www.danubiushotels.com\/hu\/magazin\/wp-content\/uploads\/2025\/08\/Medium-DH_Buk_etterem-002-480x320.jpg 480w\" sizes=\"(min-width: 0px) and (max-width: 480px) 480px, (min-width: 481px) and (max-width: 980px) 980px, (min-width: 981px) 1024px, 100vw\" \/>\n\t\t\t<\/dt><\/dl><dl class='gallery-item'>\n\t\t\t<dt class='gallery-icon landscape'>\n\t\t\t\t<img loading=\"lazy\" decoding=\"async\" width=\"1024\" height=\"683\" src=\"https:\/\/www.danubiushotels.com\/hu\/magazin\/wp-content\/uploads\/2025\/08\/Medium-Buk_medence_ter-008-1-1024x683.jpg\" class=\"attachment-large size-large\" alt=\"\" srcset=\"https:\/\/www.danubiushotels.com\/hu\/magazin\/wp-content\/uploads\/2025\/08\/Medium-Buk_medence_ter-008-1-1024x683.jpg 1024w, https:\/\/www.danubiushotels.com\/hu\/magazin\/wp-content\/uploads\/2025\/08\/Medium-Buk_medence_ter-008-1-980x653.jpg 980w, https:\/\/www.danubiushotels.com\/hu\/magazin\/wp-content\/uploads\/2025\/08\/Medium-Buk_medence_ter-008-1-480x320.jpg 480w\" sizes=\"(min-width: 0px) and (max-width: 480px) 480px, (min-width: 481px) and (max-width: 980px) 980px, (min-width: 981px) 1024px, 100vw\" \/>\n\t\t\t<\/dt><\/dl><br style=\"clear: both\" \/>\n\t\t<\/div>\n\n<h3><strong>Tematikus h\u00e9tv\u00e9g\u00e9k az all inclusive Danubius Hotel B\u00fck-ben<\/strong><\/h3>\n<ul>\n<li><strong data-start=\"2\" data-end=\"54\" data-is-only-node=\"\">2026. szeptember 11\u201313. \u2013 Max-old ki a h\u00e9tv\u00e9g\u00e9t!<br \/>\n<\/strong><span style=\"color: #666666; font-size: 14px;\">Ezen a h\u00e9tv\u00e9g\u00e9n Max\u00e9 a f\u0151szerep! Tal\u00e1lkozz a Bubbles Club lila s\u00e1rk\u00e1ny\u00e1val egy k\u00f6z\u00f6s s\u00e1rk\u00e1nys\u00e9t\u00e1n, k\u00e9sz\u00edts\u00e9tek el a k\u00f6z\u00f6s fot\u00f3tokat, majd j\u00f6het a k\u00e9zm\u0171vesked\u00e9s, az \u00fcgyess\u00e9gi j\u00e1t\u00e9kok \u00e9s a mini disco. \u00c9s persze Max kedvenc s\u00fctije sem maradhat ki!<\/span><\/li>\n<li><strong data-start=\"160\" data-end=\"225\" data-is-only-node=\"\">2026. okt\u00f3ber 9\u201311. \u2013 Fitt &amp; Fun h\u00e9tv\u00e9ge az eg\u00e9szs\u00e9g jegy\u00e9ben<\/strong><br \/>\nMozdulj meg, lass\u00edts le, \u00e9s t\u00f6lt\u0151dj fel egy igaz\u00e1n akt\u00edv wellness h\u00e9tv\u00e9g\u00e9n! J\u00f3ga, hangt\u00e1las medit\u00e1ci\u00f3, csoportos edz\u00e9sek \u00e9s szaunafel\u00f6nt\u00e9sek v\u00e1rnak, de egy kellemes s\u00e9ta a Kneipp parkban is belef\u00e9r. A felt\u00f6lt\u0151d\u00e9st fitness fog\u00e1sok \u00e9s friss\u00edt\u0151 smoothie-k teszik teljess\u00e9.<\/li>\n<li><strong data-start=\"348\" data-end=\"410\" data-is-only-node=\"\">2026. okt\u00f3ber 23. \u2013 november 1. \u2013 \u0150szi sz\u00fcnet \u00e9s Halloween<\/strong><br \/>\nT\u00f6ltsd az \u0151szi sz\u00fcnetet a Bubbles Club s\u00e1rk\u00e1nyaival! S\u00e1rk\u00e1nykalandokkal \u00e9s \u0151szre hangolt programokkal k\u00e9sz\u00fcl\u00fcnk, az InciFinci Foglalkoztat\u00f3 interakt\u00edv j\u00e1t\u00e9k\u00e1n pedig garant\u00e1ltan nem lesz id\u0151 unatkozni. A sz\u00fcnet egyik f\u00e9nypontja term\u00e9szetesen a Halloween party lesz \u2013 k\u00e9sz\u00fcljetek egy kis borzong\u00e1sra \u00e9s sok-sok vid\u00e1ms\u00e1gra!<\/li>\n<li><strong data-start=\"505\" data-end=\"560\" data-is-only-node=\"\">2026. november 11\u201313. \u2013 5 s\u00e1rk\u00e1nyos Bubbles h\u00e9tv\u00e9ge<\/strong><br \/>\nEgy h\u00e9tv\u00e9ge, amikor \u00f6sszegy\u0171lik az eg\u00e9sz s\u00e1rk\u00e1nycsapat! Tal\u00e1lkozz mind az 5 Bubbles s\u00e1rk\u00e1nnyal, tarts vel\u00fck a s\u00e1rk\u00e1nys\u00e9t\u00e1n, \u00e9s k\u00e9sz\u00edts\u00e9tek el a k\u00f6z\u00f6s fot\u00f3tokat is! Vid\u00e1m j\u00e1t\u00e9kokkal, mini discoval \u00e9s finom Bubbles s\u00fctikkel v\u00e1runk \u2013 igazi s\u00e1rk\u00e1nyos h\u00e9tv\u00e9ge az eg\u00e9sz csal\u00e1dnak.<\/li>\n<\/ul>\n\n\t\t<style>\n\t\t\t#gallery-2 {\n\t\t\t\tmargin: auto;\n\t\t\t}\n\t\t\t#gallery-2 .gallery-item {\n\t\t\t\tfloat: left;\n\t\t\t\tmargin-top: 10px;\n\t\t\t\ttext-align: center;\n\t\t\t\twidth: 33%;\n\t\t\t}\n\t\t\t#gallery-2 img {\n\t\t\t\tborder: 2px solid #cfcfcf;\n\t\t\t}\n\t\t\t#gallery-2 .gallery-caption {\n\t\t\t\tmargin-left: 0;\n\t\t\t}\n\t\t\t\/* see gallery_shortcode() in wp-includes\/media.php *\/\n\t\t<\/style>\n\t\t<div id='gallery-2' class='gallery galleryid-11920 gallery-columns-3 gallery-size-large'><dl class='gallery-item'>\n\t\t\t<dt class='gallery-icon landscape'>\n\t\t\t\t<img loading=\"lazy\" decoding=\"async\" width=\"1024\" height=\"683\" src=\"https:\/\/www.danubiushotels.com\/hu\/magazin\/wp-content\/uploads\/2025\/08\/Medium-Buk_medence_ter-006-1024x683.jpg\" class=\"attachment-large size-large\" alt=\"\" srcset=\"https:\/\/www.danubiushotels.com\/hu\/magazin\/wp-content\/uploads\/2025\/08\/Medium-Buk_medence_ter-006-1024x683.jpg 1024w, https:\/\/www.danubiushotels.com\/hu\/magazin\/wp-content\/uploads\/2025\/08\/Medium-Buk_medence_ter-006-980x653.jpg 980w, https:\/\/www.danubiushotels.com\/hu\/magazin\/wp-content\/uploads\/2025\/08\/Medium-Buk_medence_ter-006-480x320.jpg 480w\" sizes=\"(min-width: 0px) and (max-width: 480px) 480px, (min-width: 481px) and (max-width: 980px) 980px, (min-width: 981px) 1024px, 100vw\" \/>\n\t\t\t<\/dt><\/dl><dl class='gallery-item'>\n\t\t\t<dt class='gallery-icon landscape'>\n\t\t\t\t<img loading=\"lazy\" decoding=\"async\" width=\"1024\" height=\"683\" src=\"https:\/\/www.danubiushotels.com\/hu\/magazin\/wp-content\/uploads\/2025\/08\/Medium-DH_Buk_etterem-037-1-1024x683.jpg\" class=\"attachment-large size-large\" alt=\"\" srcset=\"https:\/\/www.danubiushotels.com\/hu\/magazin\/wp-content\/uploads\/2025\/08\/Medium-DH_Buk_etterem-037-1-1024x683.jpg 1024w, https:\/\/www.danubiushotels.com\/hu\/magazin\/wp-content\/uploads\/2025\/08\/Medium-DH_Buk_etterem-037-1-980x653.jpg 980w, https:\/\/www.danubiushotels.com\/hu\/magazin\/wp-content\/uploads\/2025\/08\/Medium-DH_Buk_etterem-037-1-480x320.jpg 480w\" sizes=\"(min-width: 0px) and (max-width: 480px) 480px, (min-width: 481px) and (max-width: 980px) 980px, (min-width: 981px) 1024px, 100vw\" \/>\n\t\t\t<\/dt><\/dl><dl class='gallery-item'>\n\t\t\t<dt class='gallery-icon landscape'>\n\t\t\t\t<img loading=\"lazy\" decoding=\"async\" width=\"1024\" height=\"681\" src=\"https:\/\/www.danubiushotels.com\/hu\/magazin\/wp-content\/uploads\/2025\/08\/Bubbles_Max-014-1024x681.jpg\" class=\"attachment-large size-large\" alt=\"\" srcset=\"https:\/\/www.danubiushotels.com\/hu\/magazin\/wp-content\/uploads\/2025\/08\/Bubbles_Max-014-980x652.jpg 980w, https:\/\/www.danubiushotels.com\/hu\/magazin\/wp-content\/uploads\/2025\/08\/Bubbles_Max-014-480x319.jpg 480w\" sizes=\"(min-width: 0px) and (max-width: 480px) 480px, (min-width: 481px) and (max-width: 980px) 980px, (min-width: 981px) 1024px, 100vw\" \/>\n\t\t\t<\/dt><\/dl><br style=\"clear: both\" \/>\n\t\t<\/div>\n\n<p style=\"text-align: center;\"><a href='https:\/\/www.danubiushotels.com\/hu\/danubius-ajanlo\/gyerekvilag\/danubius-bubbles-club' class='small-button smallorange' target=\"_blank\">Bubbles Club<\/a><\/p>\n<h2><strong>Gy\u0151r \u0151sszel is meg\u00e9r n\u00e9h\u00e1ny napot<\/strong><\/h2>\n<p>Amikor \u0151sszel m\u00e1r nem a h\u0151s\u00e9get enyh\u00edt\u0151 nagy csobban\u00e1sok kapj\u00e1k a f\u0151szerepet pihen\u00e9s\u00fcnk tervez\u00e9sekor, el\u0151t\u00e9rbe ker\u00fclnek a v\u00e1rosl\u00e1togat\u00e1sok, a t\u00f6rt\u00e9nelmi eml\u00e9kek \u00e9s a kultur\u00e1lis esem\u00e9nyek, fesztiv\u00e1lok \u00e9s gasztron\u00f3miai programok. A felsorolt \u0151szi \u00e9lm\u00e9nysz\u00fcreti lehet\u0151s\u00e9gek garant\u00e1ltan megtal\u00e1lhat\u00f3k Gy\u0151rben, a t\u00f6bb mint 700 \u00e9ves gy\u00f6ny\u00f6r\u0171 v\u00e1rosban, s\u0151t, a v\u00edzi kalandok szerelmesei a meg\u00fajult <a href=\"https:\/\/rabaquelle.hu\/\" target=\"_blank\" rel=\"noopener\">R\u00e1ba Quelle \u00e9lm\u00e9nyf\u00fcrd\u0151t<\/a> is felkereshetik.<br \/>\nNagyon egyszer\u0171 a dolgunk, csak foglaljuk be k\u00e9nyelmes szob\u00e1nkat a <a href=\"https:\/\/www.danubiushotels.com\/hu\/szallodak-gyor\/hotel-raba\/ajanlatok\">Danubius Hotel R\u00e1ba<\/a> sz\u00e1llod\u00e1ban a barokk belv\u00e1ros k\u00f6zvetlen k\u00f6zel\u00e9ben, \u00e9s indulhat is az \u00e9lm\u00e9nysz\u00fcret! Lehet, hogy r\u00f6gt\u00f6n a sz\u00e1lloda Belga \u00c9tterem \u00e9s S\u00f6r\u00f6z\u0151j\u00e9ben \u00e9rdemes kezdeni a gy\u0151ri programot: am\u00edg az id\u0151j\u00e1r\u00e1s megengedi, telepedjetek le a naps\u00fct\u00f6tte teraszra, \u00e9s k\u00f3stolj\u00e1tok meg az a la carte \u00e9tlap finom fog\u00e1sait!<\/p>\n<p style=\"text-align: center;\"><a href='https:\/\/www.danubiushotels.com\/hu\/szallodak-gyor\/hotel-raba' class='small-button smallorange' target=\"_blank\">Danubius Hotel R\u00e1ba<\/a><\/p>\n<p><img loading=\"lazy\" decoding=\"async\" class=\"size-large wp-image-14316 aligncenter\" src=\"https:\/\/www.danubiushotels.com\/hu\/magazin\/wp-content\/uploads\/2025\/08\/dh-brand-gyor-1350x900-1-1024x683.jpg\" alt=\"\" width=\"1024\" height=\"683\" srcset=\"https:\/\/www.danubiushotels.com\/hu\/magazin\/wp-content\/uploads\/2025\/08\/dh-brand-gyor-1350x900-1-980x653.jpg 980w, https:\/\/www.danubiushotels.com\/hu\/magazin\/wp-content\/uploads\/2025\/08\/dh-brand-gyor-1350x900-1-480x320.jpg 480w\" sizes=\"(min-width: 0px) and (max-width: 480px) 480px, (min-width: 481px) and (max-width: 980px) 980px, (min-width: 981px) 1024px, 100vw\" \/><\/p>\n<p>Gy\u0151r v\u00e1rosa sz\u00e1molatlanul k\u00edn\u00e1lja a v\u00e1rosn\u00e9z\u0151s, sz\u00ednh\u00e1zi feln\u0151tt \u00e9s gyerekprogramokat, jobbn\u00e1l jobb koncerteket, de m\u00e1r egy-egy s\u00e9ta is csod\u00e1s \u00e9lm\u00e9ny lesz a foly\u00f3k ment\u00e9n, a Rad\u00f3-szigeten vagy a hangulatos tereken. \u00c1lljon itt n\u00e9h\u00e1ny lehet\u0151s\u00e9g:<\/p>\n<ul>\n<li>szeptember 11 &#8211; 13. &#8211; <a id=\"menur1sr\" class=\"fui-Link ___1q1shib f2hkw1w f3rmtva f1ewtqcl fyind8e f1k6fduh f1w7gpdv fk6fouc fjoy568 figsok6 f1s184ao f1mk8lai fnbmjn9 f1o700av f13mvf36 f1cmlufx f9n3di6 f1ids18y f1tx3yz7 f1deo86v f1eh06m1 f1iescvh fhgqx19 f1olyrje f1p93eir f1nev41a f1h8hb77 f1lqvz6u f10aw75t fsle3fq f17ae5zn\" title=\"https:\/\/hellogyor.hu\/programok\/5298-oszi-porteka-piknik\" href=\"https:\/\/hellogyor.hu\/programok\/5298-oszi-porteka-piknik\" target=\"_blank\" rel=\"noreferrer noopener\" aria-label=\"Hivatkoz\u00e1s: \u0150szi Port\u00e9ka Piknik\">\u0150szi Port\u00e9ka Piknik<\/a><\/li>\n<li>szeptember 12. &#8211; <a id=\"menur1st\" class=\"fui-Link ___1q1shib f2hkw1w f3rmtva f1ewtqcl fyind8e f1k6fduh f1w7gpdv fk6fouc fjoy568 figsok6 f1s184ao f1mk8lai fnbmjn9 f1o700av f13mvf36 f1cmlufx f9n3di6 f1ids18y f1tx3yz7 f1deo86v f1eh06m1 f1iescvh fhgqx19 f1olyrje f1p93eir f1nev41a f1h8hb77 f1lqvz6u f10aw75t fsle3fq f17ae5zn\" title=\"https:\/\/hellogyor.hu\/programok\/5337-gyorszentivan-napja2026\" href=\"https:\/\/hellogyor.hu\/programok\/5337-gyorszentivan-napja2026\" target=\"_blank\" rel=\"noreferrer noopener\" aria-label=\"Hivatkoz\u00e1s: Gy\u0151rszentiv\u00e1n Napja\">Gy\u0151rszentiv\u00e1n Napja<\/a><\/li>\n<li>szeptember 12 &#8211; 20. \u00a0&#8211; <a id=\"menur1sv\" class=\"fui-Link ___1q1shib f2hkw1w f3rmtva f1ewtqcl fyind8e f1k6fduh f1w7gpdv fk6fouc fjoy568 figsok6 f1s184ao f1mk8lai fnbmjn9 f1o700av f13mvf36 f1cmlufx f9n3di6 f1ids18y f1tx3yz7 f1deo86v f1eh06m1 f1iescvh fhgqx19 f1olyrje f1p93eir f1nev41a f1h8hb77 f1lqvz6u f10aw75t fsle3fq f17ae5zn\" title=\"https:\/\/ars-sacra.hu\/\" href=\"https:\/\/ars-sacra.hu\/\" target=\"_blank\" rel=\"noreferrer noopener\" aria-label=\"Hivatkoz\u00e1s: Ars Sacra\">Ars Sacra<\/a><\/li>\n<li>szeptember 13. &#8211; <a id=\"menur1t1\" class=\"fui-Link ___1q1shib f2hkw1w f3rmtva f1ewtqcl fyind8e f1k6fduh f1w7gpdv fk6fouc fjoy568 figsok6 f1s184ao f1mk8lai fnbmjn9 f1o700av f13mvf36 f1cmlufx f9n3di6 f1ids18y f1tx3yz7 f1deo86v f1eh06m1 f1iescvh fhgqx19 f1olyrje f1p93eir f1nev41a f1h8hb77 f1lqvz6u f10aw75t fsle3fq f17ae5zn\" title=\"https:\/\/hellogyor.hu\/programok\/3189-5-gyori-vizicsillag\" href=\"https:\/\/hellogyor.hu\/programok\/3189-5-gyori-vizicsillag\" target=\"_blank\" rel=\"noreferrer noopener\" aria-label=\"Hivatkoz\u00e1s: 6. Gy\u0151ri V\u00edzicsillag\">6. Gy\u0151ri V\u00edzicsillag<\/a><\/li>\n<li>Naplemente t\u00far\u00e1k, Borhaj\u00f3k<\/li>\n<li>szeptember 18 &#8211; 20. &#8211; <a id=\"menur1t3\" class=\"fui-Link ___1q1shib f2hkw1w f3rmtva f1ewtqcl fyind8e f1k6fduh f1w7gpdv fk6fouc fjoy568 figsok6 f1s184ao f1mk8lai fnbmjn9 f1o700av f13mvf36 f1cmlufx f9n3di6 f1ids18y f1tx3yz7 f1deo86v f1eh06m1 f1iescvh fhgqx19 f1olyrje f1p93eir f1nev41a f1h8hb77 f1lqvz6u f10aw75t fsle3fq f17ae5zn\" title=\"https:\/\/hellogyor.hu\/programok\/3429-v-gyor-halnapok\" href=\"https:\/\/hellogyor.hu\/programok\/3429-v-gyor-halnapok\" target=\"_blank\" rel=\"noreferrer noopener\" aria-label=\"Hivatkoz\u00e1s: VI. Gy\u0151ri Halnapok\">VI. Gy\u0151ri Halnapok<\/a><\/li>\n<li>okt\u00f3ber 24. &#8211; <a id=\"menur1t5\" class=\"fui-Link ___1q1shib f2hkw1w f3rmtva f1ewtqcl fyind8e f1k6fduh f1w7gpdv fk6fouc fjoy568 figsok6 f1s184ao f1mk8lai fnbmjn9 f1o700av f13mvf36 f1cmlufx f9n3di6 f1ids18y f1tx3yz7 f1deo86v f1eh06m1 f1iescvh fhgqx19 f1olyrje f1p93eir f1nev41a f1h8hb77 f1lqvz6u f10aw75t fsle3fq f17ae5zn\" title=\"https:\/\/hellogyor.hu\/programok\/2718-vivaldi-negy-evszak\" href=\"https:\/\/hellogyor.hu\/programok\/2718-vivaldi-negy-evszak\" target=\"_blank\" rel=\"noreferrer noopener\" aria-label=\"Hivatkoz\u00e1s: Vivaldi - N\u00e9gy \u00e9vszak\">Vivaldi &#8211; N\u00e9gy \u00e9vszak<\/a><\/li>\n<li>november 6 &#8211; 8. &#8211; <a id=\"menur1t7\" class=\"fui-Link ___1q1shib f2hkw1w f3rmtva f1ewtqcl fyind8e f1k6fduh f1w7gpdv fk6fouc fjoy568 figsok6 f1s184ao f1mk8lai fnbmjn9 f1o700av f13mvf36 f1cmlufx f9n3di6 f1ids18y f1tx3yz7 f1deo86v f1eh06m1 f1iescvh fhgqx19 f1olyrje f1p93eir f1nev41a f1h8hb77 f1lqvz6u f10aw75t fsle3fq f17ae5zn\" title=\"https:\/\/hellogyor.hu\/programok\/5093-25-gyori-koenyvszalon\" href=\"https:\/\/hellogyor.hu\/programok\/5093-25-gyori-koenyvszalon\" target=\"_blank\" rel=\"noreferrer noopener\" aria-label=\"Hivatkoz\u00e1s: 25. Gy\u0151ri K\u00f6nyvszalon\">25. Gy\u0151ri K\u00f6nyvszalon<\/a><\/li>\n<\/ul>\n<p><img loading=\"lazy\" decoding=\"async\" class=\"wp-image-14306 size-large aligncenter\" src=\"https:\/\/www.danubiushotels.com\/hu\/magazin\/wp-content\/uploads\/2025\/08\/Medium-DH_erzsebet_brandfoto_2020_varos_5_online-1024x683.jpg\" alt=\"\" width=\"1024\" height=\"683\" srcset=\"https:\/\/www.danubiushotels.com\/hu\/magazin\/wp-content\/uploads\/2025\/08\/Medium-DH_erzsebet_brandfoto_2020_varos_5_online-1024x683.jpg 1024w, https:\/\/www.danubiushotels.com\/hu\/magazin\/wp-content\/uploads\/2025\/08\/Medium-DH_erzsebet_brandfoto_2020_varos_5_online-980x653.jpg 980w, https:\/\/www.danubiushotels.com\/hu\/magazin\/wp-content\/uploads\/2025\/08\/Medium-DH_erzsebet_brandfoto_2020_varos_5_online-480x320.jpg 480w\" sizes=\"(min-width: 0px) and (max-width: 480px) 480px, (min-width: 481px) and (max-width: 980px) 980px, (min-width: 981px) 1024px, 100vw\" \/><\/p>\n<h2><strong>Budapesti \u0151sz extr\u00e1kkal<\/strong><\/h2>\n<p>Vil\u00e1gsz\u00e9p f\u0151v\u00e1rosunk felkeres\u00e9s\u00e9re mindig ezer okunk lehet. Ha kin\u00e9zt\u00fcnk magunknak egy-egy koncertet, ki\u00e1ll\u00edt\u00e1st vagy kir\u00e1ndul\u00e1si c\u00e9lpontot, ha bar\u00e1tainkkal bulizn\u00e1nk egy j\u00f3t, ha szeretteinknek mutatn\u00e1nk meg Budapest ikonikus helysz\u00edneit, l\u00e1tnival\u00f3it, ha fesztiv\u00e1lba v\u00e1gyunk, vagy csak \u00fagy. Mit jelenthet ez a \u201evagy csak \u00fagy\u201d? P\u00e9ld\u00e1ul wellnesst a Danubius Hotel Helia sz\u00e1llod\u00e1ban, koncertet a Danubius Hotel Arena k\u00f6zvetlen k\u00f6zel\u00e9ben, belv\u00e1rosi bolyong\u00e1st a Radisson Blu B\u00e9ke Hotel, a Danubius Hotel Astoria vagy a Hotel Erzs\u00e9bet City Center Budapest, a\u00a0member\u00a0of\u00a0Radisson\u00a0Individuals<\/p>\n<p style=\"text-align: center;\"><a href='https:\/\/www.danubiushotels.com\/hu\/szallodak-budapest' class='small-button smallorange' target=\"_blank\">Budapesti sz\u00e1llod\u00e1k<\/a><\/p>\n<p>Ak\u00e1r van bakancslist\u00e1nk Budapest felfedez\u00e9s\u00e9re, ak\u00e1r nincs, akad n\u00e9h\u00e1ny kihagyhatatlan program az \u0151szi h\u00f3napokban a Duna k\u00e9t partj\u00e1n:<\/p>\n<ul>\n<li>szeptember 1-6. \u2013 <a id=\"menur1t9\" class=\"fui-Link ___1q1shib f2hkw1w f3rmtva f1ewtqcl fyind8e f1k6fduh f1w7gpdv fk6fouc fjoy568 figsok6 f1s184ao f1mk8lai fnbmjn9 f1o700av f13mvf36 f1cmlufx f9n3di6 f1ids18y f1tx3yz7 f1deo86v f1eh06m1 f1iescvh fhgqx19 f1olyrje f1p93eir f1nev41a f1h8hb77 f1lqvz6u f10aw75t fsle3fq f17ae5zn\" title=\"https:\/\/www.sorfesztival.hu\/\" href=\"https:\/\/www.sorfesztival.hu\/\" target=\"_blank\" rel=\"noreferrer noopener\" aria-label=\"Hivatkoz\u00e1s: 10. Belv\u00e1rosi S\u00f6rfesztiv\u00e1l\">10. Belv\u00e1rosi S\u00f6rfesztiv\u00e1l<\/a><\/li>\n<li>szeptember 4-6. &#8211; <a id=\"menur1tb\" class=\"fui-Link ___1q1shib f2hkw1w f3rmtva f1ewtqcl fyind8e f1k6fduh f1w7gpdv fk6fouc fjoy568 figsok6 f1s184ao f1mk8lai fnbmjn9 f1o700av f13mvf36 f1cmlufx f9n3di6 f1ids18y f1tx3yz7 f1deo86v f1eh06m1 f1iescvh fhgqx19 f1olyrje f1p93eir f1nev41a f1h8hb77 f1lqvz6u f10aw75t fsle3fq f17ae5zn\" title=\"https:\/\/budafokiborfesztival.hu\/\" href=\"https:\/\/budafokiborfesztival.hu\/\" target=\"_blank\" rel=\"noreferrer noopener\" aria-label=\"Hivatkoz\u00e1s: Budafoki Pezsg\u0151- \u00e9s Borfesztiv\u00e1l\">Budafoki Pezsg\u0151- \u00e9s Borfesztiv\u00e1l<\/a><\/li>\n<li>szeptember 5. &#8211; <a id=\"menur1td\" class=\"fui-Link ___1q1shib f2hkw1w f3rmtva f1ewtqcl fyind8e f1k6fduh f1w7gpdv fk6fouc fjoy568 figsok6 f1s184ao f1mk8lai fnbmjn9 f1o700av f13mvf36 f1cmlufx f9n3di6 f1ids18y f1tx3yz7 f1deo86v f1eh06m1 f1iescvh fhgqx19 f1olyrje f1p93eir f1nev41a f1h8hb77 f1lqvz6u f10aw75t fsle3fq f17ae5zn\" title=\"https:\/\/pozsonyipiknik.hu\/\" href=\"https:\/\/pozsonyipiknik.hu\/\" target=\"_blank\" rel=\"noreferrer noopener\" aria-label=\"Hivatkoz\u00e1s: Pozsonyi Piknik\">Pozsonyi Piknik<\/a><\/li>\n<li>szeptember 9 \u2013 12. \u2013 <a id=\"menur1tf\" class=\"fui-Link ___1q1shib f2hkw1w f3rmtva f1ewtqcl fyind8e f1k6fduh f1w7gpdv fk6fouc fjoy568 figsok6 f1s184ao f1mk8lai fnbmjn9 f1o700av f13mvf36 f1cmlufx f9n3di6 f1ids18y f1tx3yz7 f1deo86v f1eh06m1 f1iescvh fhgqx19 f1olyrje f1p93eir f1nev41a f1h8hb77 f1lqvz6u f10aw75t fsle3fq f17ae5zn\" title=\"https:\/\/aborfesztival.hu\/hu\" href=\"https:\/\/aborfesztival.hu\/hu\" target=\"_blank\" rel=\"noreferrer noopener\" aria-label=\"Hivatkoz\u00e1s: Budapest Borfesztiv\u00e1l\">Budapest Borfesztiv\u00e1l<\/a><\/li>\n<li>szeptember 12 &#8211; 20.: <a id=\"menur1th\" class=\"fui-Link ___1q1shib f2hkw1w f3rmtva f1ewtqcl fyind8e f1k6fduh f1w7gpdv fk6fouc fjoy568 figsok6 f1s184ao f1mk8lai fnbmjn9 f1o700av f13mvf36 f1cmlufx f9n3di6 f1ids18y f1tx3yz7 f1deo86v f1eh06m1 f1iescvh fhgqx19 f1olyrje f1p93eir f1nev41a f1h8hb77 f1lqvz6u f10aw75t fsle3fq f17ae5zn\" title=\"https:\/\/ars-sacra.hu\/\" href=\"https:\/\/ars-sacra.hu\/\" target=\"_blank\" rel=\"noreferrer noopener\" aria-label=\"Hivatkoz\u00e1s: Ars Sacra\">Ars Sacra<\/a><\/li>\n<li>okt\u00f3ber 1-18.: <a id=\"menur1tj\" class=\"fui-Link ___1q1shib f2hkw1w f3rmtva f1ewtqcl fyind8e f1k6fduh f1w7gpdv fk6fouc fjoy568 figsok6 f1s184ao f1mk8lai fnbmjn9 f1o700av f13mvf36 f1cmlufx f9n3di6 f1ids18y f1tx3yz7 f1deo86v f1eh06m1 f1iescvh fhgqx19 f1olyrje f1p93eir f1nev41a f1h8hb77 f1lqvz6u f10aw75t fsle3fq f17ae5zn\" title=\"https:\/\/www.etteremhet.hu\/lang\/hu\/restaurants_list?city=budapest\" href=\"https:\/\/www.etteremhet.hu\/lang\/hu\/restaurants_list?city=budapest\" target=\"_blank\" rel=\"noreferrer noopener\" aria-label=\"Hivatkoz\u00e1s: DiningCity Orsz\u00e1gos \u00c9tterem H\u00e9t\">DiningCity Orsz\u00e1gos \u00c9tterem H\u00e9t<\/a><\/li>\n<li>okt\u00f3ber 1-4. &#8211; <a id=\"menur1tl\" class=\"fui-Link ___1q1shib f2hkw1w f3rmtva f1ewtqcl fyind8e f1k6fduh f1w7gpdv fk6fouc fjoy568 figsok6 f1s184ao f1mk8lai fnbmjn9 f1o700av f13mvf36 f1cmlufx f9n3di6 f1ids18y f1tx3yz7 f1deo86v f1eh06m1 f1iescvh fhgqx19 f1olyrje f1p93eir f1nev41a f1h8hb77 f1lqvz6u f10aw75t fsle3fq f17ae5zn\" title=\"https:\/\/gotravel.hu\/program-konyvfesztival\" href=\"https:\/\/gotravel.hu\/program-konyvfesztival\" target=\"_blank\" rel=\"noreferrer noopener\" aria-label=\"Hivatkoz\u00e1s: K\u00f6nyvfesztiv\u00e1l 2026 Budapest\u00a0\">K\u00f6nyvfesztiv\u00e1l 2026 Budapest\u00a0<\/a><\/li>\n<li>okt\u00f3ber 10. &#8211; <a id=\"menur1tn\" class=\"fui-Link ___1q1shib f2hkw1w f3rmtva f1ewtqcl fyind8e f1k6fduh f1w7gpdv fk6fouc fjoy568 figsok6 f1s184ao f1mk8lai fnbmjn9 f1o700av f13mvf36 f1cmlufx f9n3di6 f1ids18y f1tx3yz7 f1deo86v f1eh06m1 f1iescvh fhgqx19 f1olyrje f1p93eir f1nev41a f1h8hb77 f1lqvz6u f10aw75t fsle3fq f17ae5zn\" title=\"https:\/\/gotravel.hu\/program-fovarosi-palacsinta-fesztival-budapest\" href=\"https:\/\/gotravel.hu\/program-fovarosi-palacsinta-fesztival-budapest\" target=\"_blank\" rel=\"noreferrer noopener\" aria-label=\"Hivatkoz\u00e1s: F\u0151v\u00e1rosi Palacsinta Fesztiv\u00e1l Budapest\u00a0\">F\u0151v\u00e1rosi Palacsinta Fesztiv\u00e1l Budapest\u00a0<\/a><\/li>\n<li>okt\u00f3ber 16-17. &#8211; <a id=\"menur1tp\" class=\"fui-Link ___1q1shib f2hkw1w f3rmtva f1ewtqcl fyind8e f1k6fduh f1w7gpdv fk6fouc fjoy568 figsok6 f1s184ao f1mk8lai fnbmjn9 f1o700av f13mvf36 f1cmlufx f9n3di6 f1ids18y f1tx3yz7 f1deo86v f1eh06m1 f1iescvh fhgqx19 f1olyrje f1p93eir f1nev41a f1h8hb77 f1lqvz6u f10aw75t fsle3fq f17ae5zn\" title=\"https:\/\/gotravel.hu\/program-andre-rieu-koncert-budapest\" href=\"https:\/\/gotravel.hu\/program-andre-rieu-koncert-budapest\" target=\"_blank\" rel=\"noreferrer noopener\" aria-label=\"Hivatkoz\u00e1s: Andr\u00e9 Rieu Koncert Budapest\">Andr\u00e9 Rieu Koncert Budapest<\/a><\/li>\n<li><a href=\"https:\/\/sisigarden.zsolnaycafe.hu\/hu\/\">Sisi&#8217;s Garden k\u00fcl\u00f6nleges desszert\u00e9lm\u00e9ny<\/a> a Zsolnay Caf\u00e9ban<\/li>\n<li>Ki\u00e1ll\u00edt\u00e1sok a <a id=\"menur1tr\" class=\"fui-Link ___1q1shib f2hkw1w f3rmtva f1ewtqcl fyind8e f1k6fduh f1w7gpdv fk6fouc fjoy568 figsok6 f1s184ao f1mk8lai fnbmjn9 f1o700av f13mvf36 f1cmlufx f9n3di6 f1ids18y f1tx3yz7 f1deo86v f1eh06m1 f1iescvh fhgqx19 f1olyrje f1p93eir f1nev41a f1h8hb77 f1lqvz6u f10aw75t fsle3fq f17ae5zn\" title=\"https:\/\/www.szepmuveszeti.hu\/\" href=\"https:\/\/www.szepmuveszeti.hu\/\" target=\"_blank\" rel=\"noreferrer noopener\" aria-label=\"Hivatkoz\u00e1s: Sz\u00e9pm\u0171v\u00e9szeti M\u00fazeumban\">Sz\u00e9pm\u0171v\u00e9szeti M\u00fazeumban<\/a><\/li>\n<li>Koncertek \u00e9s ki\u00e1ll\u00edt\u00e1sok a <a id=\"menur1tt\" class=\"fui-Link ___1q1shib f2hkw1w f3rmtva f1ewtqcl fyind8e f1k6fduh f1w7gpdv fk6fouc fjoy568 figsok6 f1s184ao f1mk8lai fnbmjn9 f1o700av f13mvf36 f1cmlufx f9n3di6 f1ids18y f1tx3yz7 f1deo86v f1eh06m1 f1iescvh fhgqx19 f1olyrje f1p93eir f1nev41a f1h8hb77 f1lqvz6u f10aw75t fsle3fq f17ae5zn\" title=\"https:\/\/zenehaza.hu\/\" href=\"https:\/\/zenehaza.hu\/\" target=\"_blank\" rel=\"noreferrer noopener\" aria-label=\"Hivatkoz\u00e1s: Magyar Zene H\u00e1z\u00e1ban\">Magyar Zene H\u00e1z\u00e1ban<\/a><\/li>\n<\/ul>\n\n\t\t<style>\n\t\t\t#gallery-3 {\n\t\t\t\tmargin: auto;\n\t\t\t}\n\t\t\t#gallery-3 .gallery-item {\n\t\t\t\tfloat: left;\n\t\t\t\tmargin-top: 10px;\n\t\t\t\ttext-align: center;\n\t\t\t\twidth: 33%;\n\t\t\t}\n\t\t\t#gallery-3 img {\n\t\t\t\tborder: 2px solid #cfcfcf;\n\t\t\t}\n\t\t\t#gallery-3 .gallery-caption {\n\t\t\t\tmargin-left: 0;\n\t\t\t}\n\t\t\t\/* see gallery_shortcode() in wp-includes\/media.php *\/\n\t\t<\/style>\n\t\t<div id='gallery-3' class='gallery galleryid-11920 gallery-columns-3 gallery-size-large'><dl class='gallery-item'>\n\t\t\t<dt class='gallery-icon landscape'>\n\t\t\t\t<img loading=\"lazy\" decoding=\"async\" width=\"1024\" height=\"683\" src=\"https:\/\/www.danubiushotels.com\/hu\/magazin\/wp-content\/uploads\/2025\/06\/DH_helia_brandfoto_2023_spafitness_7_online-1024x683.jpg\" class=\"attachment-large size-large\" alt=\"\" srcset=\"https:\/\/www.danubiushotels.com\/hu\/magazin\/wp-content\/uploads\/2025\/06\/DH_helia_brandfoto_2023_spafitness_7_online-980x653.jpg 980w, https:\/\/www.danubiushotels.com\/hu\/magazin\/wp-content\/uploads\/2025\/06\/DH_helia_brandfoto_2023_spafitness_7_online-480x320.jpg 480w\" sizes=\"(min-width: 0px) and (max-width: 480px) 480px, (min-width: 481px) and (max-width: 980px) 980px, (min-width: 981px) 1024px, 100vw\" \/>\n\t\t\t<\/dt><\/dl><dl class='gallery-item'>\n\t\t\t<dt class='gallery-icon landscape'>\n\t\t\t\t<img loading=\"lazy\" decoding=\"async\" width=\"1024\" height=\"683\" src=\"https:\/\/www.danubiushotels.com\/hu\/magazin\/wp-content\/uploads\/2025\/08\/Gellert_17-1024x683.jpg\" class=\"attachment-large size-large\" alt=\"\" srcset=\"https:\/\/www.danubiushotels.com\/hu\/magazin\/wp-content\/uploads\/2025\/08\/Gellert_17-980x653.jpg 980w, https:\/\/www.danubiushotels.com\/hu\/magazin\/wp-content\/uploads\/2025\/08\/Gellert_17-480x320.jpg 480w\" sizes=\"(min-width: 0px) and (max-width: 480px) 480px, (min-width: 481px) and (max-width: 980px) 980px, (min-width: 981px) 1024px, 100vw\" \/>\n\t\t\t<\/dt><\/dl><dl class='gallery-item'>\n\t\t\t<dt class='gallery-icon landscape'>\n\t\t\t\t<img loading=\"lazy\" decoding=\"async\" width=\"1024\" height=\"683\" src=\"https:\/\/www.danubiushotels.com\/hu\/magazin\/wp-content\/uploads\/2020\/01\/Medium-DH_erzsebet_brandfoto_2020_varos_14_online-1024x683.jpg\" class=\"attachment-large size-large\" alt=\"\" srcset=\"https:\/\/www.danubiushotels.com\/hu\/magazin\/wp-content\/uploads\/2020\/01\/Medium-DH_erzsebet_brandfoto_2020_varos_14_online-1024x683.jpg 1024w, https:\/\/www.danubiushotels.com\/hu\/magazin\/wp-content\/uploads\/2020\/01\/Medium-DH_erzsebet_brandfoto_2020_varos_14_online-980x653.jpg 980w, https:\/\/www.danubiushotels.com\/hu\/magazin\/wp-content\/uploads\/2020\/01\/Medium-DH_erzsebet_brandfoto_2020_varos_14_online-480x320.jpg 480w\" sizes=\"(min-width: 0px) and (max-width: 480px) 480px, (min-width: 481px) and (max-width: 980px) 980px, (min-width: 981px) 1024px, 100vw\" \/>\n\t\t\t<\/dt><\/dl><br style=\"clear: both\" \/>\n\t\t<\/div>\n\n<p>A bakancslista m\u00e9g hosszan folytathat\u00f3, kezd\u0151dj\u00e9k h\u00e1t az \u0151szi \u00e9lm\u00e9nysz\u00fcret, induljon a felt\u00f6lt\u0151d\u00e9s az \u0151sz csod\u00e1s hangulat\u00e1val \u00e9s program k\u00edn\u00e1lat\u00e1val. A legjobb Danubius aj\u00e1nlatok\u00e9rt \u00e9s desztin\u00e1ci\u00f3s programaj\u00e1nl\u00f3\u00e9rt ide kattintsatok:<\/p>\n<p style=\"text-align: center;\"><a href='https:\/\/www.danubiushotels.com\/hu\/oszi-elmenyszuret' class='small-button smallorange' target=\"_blank\">\u0150szi \u00e9lm\u00e9nysz\u00fcret aj\u00e1nlatok<\/a><\/p>\n<p><a href=\"https:\/\/www.danubiushotels.com\/hu\/friends\"><img loading=\"lazy\" decoding=\"async\" class=\"aligncenter wp-image-14307 size-large\" src=\"https:\/\/www.danubiushotels.com\/hu\/magazin\/wp-content\/uploads\/2025\/08\/Danubius-friends-banner-hu-s1-1024x320.jpg\" alt=\"https:\/\/www.danubiushotels.com\/hu\/friends\" width=\"1024\" height=\"320\" srcset=\"https:\/\/www.danubiushotels.com\/hu\/magazin\/wp-content\/uploads\/2025\/08\/Danubius-friends-banner-hu-s1-980x306.jpg 980w, https:\/\/www.danubiushotels.com\/hu\/magazin\/wp-content\/uploads\/2025\/08\/Danubius-friends-banner-hu-s1-480x150.jpg 480w\" sizes=\"(min-width: 0px) and (max-width: 480px) 480px, (min-width: 481px) and (max-width: 980px) 980px, (min-width: 981px) 1024px, 100vw\" \/><\/a><\/p>\n","protected":false},"excerpt":{"rendered":"<p>A ny\u00e1r v\u00e9get \u00e9rhet, de az \u00e9lm\u00e9nyeknek m\u00e9g kor\u00e1nt sincs v\u00e9ge!\u00a0 A forr\u00f3 ny\u00e1ri napok ut\u00e1n j\u00f3lesik egy kicsit lelass\u00edtani, felt\u00f6lt\u0151dni, \u00e9s m\u00e1r most megtervezni a k\u00f6vetkez\u0151 kikapcsol\u00f3d\u00e1st. Szeptember \u00e9s okt\u00f3ber kellemes kir\u00e1ndul\u00e1sokat, wellness-\u00e9lm\u00e9nyeket, izgalmas kultur\u00e1lis \u00e9s gasztron\u00f3miai programokat tartogat sz\u00e1munkra. Mutatjuk a balatonf\u00fcredi, b\u00fckf\u00fcrd\u0151i, gy\u0151ri \u00e9s budapesti programokat, sz\u00e1llodai csomagaj\u00e1nlatokat, melyekb\u0151l csal\u00e1dok \u00e9s p\u00e1rok [&hellip;]<\/p>\n","protected":false},"author":5,"featured_media":14319,"comment_status":"closed","ping_status":"open","sticky":false,"template":"","format":"standard","meta":{"_acf_changed":false,"_et_pb_use_builder":"","_et_pb_old_content":"","_et_gb_content_width":"","footnotes":""},"categories":[1013,1014,1015,1023,1016,3,4],"tags":[790,809,789,793,791,787],"class_list":["post-11920","post","type-post","status-publish","format-standard","has-post-thumbnail","hentry","category-balatoni-programok","category-budapesti-programok","category-buki-programok","category-gyerekprogramok","category-gyori-programok","category-programajanlo","category-szallodavilag","tag-hu-annabella","tag-hu-budapestdeszt","tag-hu-buk","tag-hu-cimlap","tag-hu-marina","tag-hu-raba"],"acf":[],"yoast_head":"<title>\u0150szi \u00e9lm\u00e9nysz\u00fcret a Danubius sz\u00e1llod\u00e1kban, mutatjuk a legjobb programokat! - Danubius Magazin<\/title>\n<meta name=\"robots\" content=\"index, follow, max-snippet:-1, max-image-preview:large, max-video-preview:-1\" \/>\n<link rel=\"canonical\" href=\"https:\/\/www.danubiushotels.com\/hu\/magazin\/wp-json\/wp\/v2\/posts\/11920\/\" \/>\n<meta property=\"og:locale\" content=\"hu_HU\" \/>\n<meta property=\"og:type\" content=\"article\" \/>\n<meta property=\"og:title\" content=\"\u0150szi \u00e9lm\u00e9nysz\u00fcret a Danubius sz\u00e1llod\u00e1kban, mutatjuk a legjobb programokat! - Danubius Magazin\" \/>\n<meta property=\"og:description\" content=\"A ny\u00e1r v\u00e9get \u00e9rhet, de az \u00e9lm\u00e9nyeknek m\u00e9g kor\u00e1nt sincs v\u00e9ge!\u00a0 A forr\u00f3 ny\u00e1ri napok ut\u00e1n j\u00f3lesik egy kicsit lelass\u00edtani, felt\u00f6lt\u0151dni, \u00e9s m\u00e1r most megtervezni a k\u00f6vetkez\u0151 kikapcsol\u00f3d\u00e1st. Szeptember \u00e9s okt\u00f3ber kellemes kir\u00e1ndul\u00e1sokat, wellness-\u00e9lm\u00e9nyeket, izgalmas kultur\u00e1lis \u00e9s gasztron\u00f3miai programokat tartogat sz\u00e1munkra. Mutatjuk a balatonf\u00fcredi, b\u00fckf\u00fcrd\u0151i, gy\u0151ri \u00e9s budapesti programokat, sz\u00e1llodai csomagaj\u00e1nlatokat, melyekb\u0151l csal\u00e1dok \u00e9s p\u00e1rok [&hellip;]\" \/>\n<meta property=\"og:url\" content=\"https:\/\/www.danubiushotels.com\/hu\/magazin\/oszi-elmenyszuret-a-danubius-szallodakban\" \/>\n<meta property=\"og:site_name\" content=\"Danubius Magazin\" \/>\n<meta property=\"article:published_time\" content=\"2026-08-17T09:00:05+00:00\" \/>\n<meta property=\"article:modified_time\" content=\"2026-08-17T15:56:38+00:00\" \/>\n<meta property=\"og:image\" content=\"https:\/\/www.danubiushotels.com\/hu\/magazin\/wp-content\/uploads\/2026\/08\/65951555_l_123rf_1200x800.jpg\" \/>\n\t<meta property=\"og:image:width\" content=\"1200\" \/>\n\t<meta property=\"og:image:height\" content=\"799\" \/>\n\t<meta property=\"og:image:type\" content=\"image\/jpeg\" \/>\n<meta name=\"author\" content=\"Marianna M\u00e9sz\u00e1ros\" \/>\n<meta name=\"twitter:card\" content=\"summary_large_image\" \/>\n<meta name=\"twitter:label1\" content=\"Szerz\u0151:\" \/>\n\t<meta name=\"twitter:data1\" content=\"Marianna M\u00e9sz\u00e1ros\" \/>\n\t<meta name=\"twitter:label2\" content=\"Becs\u00fclt olvas\u00e1si id\u0151\" \/>\n\t<meta name=\"twitter:data2\" content=\"6 perc\" \/>\n<script type=\"application\/ld+json\" class=\"yoast-schema-graph\">{\"@context\":\"https:\\\/\\\/schema.org\",\"@graph\":[{\"@type\":\"Article\",\"@id\":\"https:\\\/\\\/www.danubiushotels.com\\\/hu\\\/magazin\\\/oszi-elmenyszuret-a-danubius-szallodakban#article\",\"isPartOf\":{\"@id\":\"https:\\\/\\\/www.danubiushotels.com\\\/hu\\\/magazin\\\/oszi-elmenyszuret-a-danubius-szallodakban\"},\"author\":{\"name\":\"Marianna M\u00e9sz\u00e1ros\",\"@id\":\"https:\\\/\\\/www.danubiushotels.com\\\/hu\\\/magazin\\\/#\\\/schema\\\/person\\\/7bddefb0320520297846271438d121ef\"},\"headline\":\"\u0150szi \u00e9lm\u00e9nysz\u00fcret a Danubius sz\u00e1llod\u00e1kban, mutatjuk a legjobb programokat!\",\"datePublished\":\"2026-08-17T09:00:05+00:00\",\"dateModified\":\"2026-08-17T15:56:38+00:00\",\"mainEntityOfPage\":{\"@id\":\"https:\\\/\\\/www.danubiushotels.com\\\/hu\\\/magazin\\\/oszi-elmenyszuret-a-danubius-szallodakban\"},\"wordCount\":1445,\"image\":{\"@id\":\"https:\\\/\\\/www.danubiushotels.com\\\/hu\\\/magazin\\\/oszi-elmenyszuret-a-danubius-szallodakban#primaryimage\"},\"thumbnailUrl\":\"https:\\\/\\\/www.danubiushotels.com\\\/hu\\\/magazin\\\/wp-content\\\/uploads\\\/2026\\\/08\\\/65951555_l_123rf_1200x800.jpg\",\"keywords\":[\"HU-Annabella\",\"HU-BudapestDeszt\",\"HU-B\u00fck\",\"HU-C\u00edmlap\",\"HU-Marina\",\"HU-R\u00e1ba\"],\"articleSection\":[\"Balatoni programok\",\"Budapesti programok\",\"B\u00fcki programok\",\"Gyerekprogramok\",\"Gy\u0151ri programok\",\"Programaj\u00e1nl\u00f3\",\"Sz\u00e1llodavil\u00e1g\"],\"inLanguage\":\"hu\"},{\"@type\":\"WebPage\",\"@id\":\"https:\\\/\\\/www.danubiushotels.com\\\/hu\\\/magazin\\\/oszi-elmenyszuret-a-danubius-szallodakban\",\"url\":\"https:\\\/\\\/www.danubiushotels.com\\\/hu\\\/magazin\\\/oszi-elmenyszuret-a-danubius-szallodakban\",\"name\":\"\u0150szi \u00e9lm\u00e9nysz\u00fcret a Danubius sz\u00e1llod\u00e1kban, mutatjuk a legjobb programokat! - Danubius Magazin\",\"isPartOf\":{\"@id\":\"https:\\\/\\\/www.danubiushotels.com\\\/hu\\\/magazin\\\/#website\"},\"primaryImageOfPage\":{\"@id\":\"https:\\\/\\\/www.danubiushotels.com\\\/hu\\\/magazin\\\/oszi-elmenyszuret-a-danubius-szallodakban#primaryimage\"},\"image\":{\"@id\":\"https:\\\/\\\/www.danubiushotels.com\\\/hu\\\/magazin\\\/oszi-elmenyszuret-a-danubius-szallodakban#primaryimage\"},\"thumbnailUrl\":\"https:\\\/\\\/www.danubiushotels.com\\\/hu\\\/magazin\\\/wp-content\\\/uploads\\\/2026\\\/08\\\/65951555_l_123rf_1200x800.jpg\",\"datePublished\":\"2026-08-17T09:00:05+00:00\",\"dateModified\":\"2026-08-17T15:56:38+00:00\",\"author\":{\"@id\":\"https:\\\/\\\/www.danubiushotels.com\\\/hu\\\/magazin\\\/#\\\/schema\\\/person\\\/7bddefb0320520297846271438d121ef\"},\"breadcrumb\":{\"@id\":\"https:\\\/\\\/www.danubiushotels.com\\\/hu\\\/magazin\\\/oszi-elmenyszuret-a-danubius-szallodakban#breadcrumb\"},\"inLanguage\":\"hu\",\"potentialAction\":[{\"@type\":\"ReadAction\",\"target\":[\"https:\\\/\\\/www.danubiushotels.com\\\/hu\\\/magazin\\\/oszi-elmenyszuret-a-danubius-szallodakban\"]}]},{\"@type\":\"ImageObject\",\"inLanguage\":\"hu\",\"@id\":\"https:\\\/\\\/www.danubiushotels.com\\\/hu\\\/magazin\\\/oszi-elmenyszuret-a-danubius-szallodakban#primaryimage\",\"url\":\"https:\\\/\\\/www.danubiushotels.com\\\/hu\\\/magazin\\\/wp-content\\\/uploads\\\/2026\\\/08\\\/65951555_l_123rf_1200x800.jpg\",\"contentUrl\":\"https:\\\/\\\/www.danubiushotels.com\\\/hu\\\/magazin\\\/wp-content\\\/uploads\\\/2026\\\/08\\\/65951555_l_123rf_1200x800.jpg\",\"width\":1200,\"height\":799,\"caption\":\"Beautiful young family on a walk in forest. Mother and father with their three sons in warm clothes outside in colorful autumn nature.\"},{\"@type\":\"BreadcrumbList\",\"@id\":\"https:\\\/\\\/www.danubiushotels.com\\\/hu\\\/magazin\\\/oszi-elmenyszuret-a-danubius-szallodakban#breadcrumb\",\"itemListElement\":[{\"@type\":\"ListItem\",\"position\":1,\"name\":\"Home\",\"item\":\"https:\\\/\\\/www.danubiushotels.com\\\/hu\\\/magazin\\\/\"},{\"@type\":\"ListItem\",\"position\":2,\"name\":\"\u0150szi \u00e9lm\u00e9nysz\u00fcret a Danubius sz\u00e1llod\u00e1kban, mutatjuk a legjobb programokat!\"}]},{\"@type\":\"WebSite\",\"@id\":\"https:\\\/\\\/www.danubiushotels.com\\\/hu\\\/magazin\\\/#website\",\"url\":\"https:\\\/\\\/www.danubiushotels.com\\\/hu\\\/magazin\\\/\",\"name\":\"Danubius Magazin\",\"description\":\"Mindig van alkalom a pihen\u00e9sre...\",\"potentialAction\":[{\"@type\":\"SearchAction\",\"target\":{\"@type\":\"EntryPoint\",\"urlTemplate\":\"https:\\\/\\\/www.danubiushotels.com\\\/hu\\\/magazin\\\/?s={search_term_string}\"},\"query-input\":{\"@type\":\"PropertyValueSpecification\",\"valueRequired\":true,\"valueName\":\"search_term_string\"}}],\"inLanguage\":\"hu\"},{\"@type\":\"Person\",\"@id\":\"https:\\\/\\\/www.danubiushotels.com\\\/hu\\\/magazin\\\/#\\\/schema\\\/person\\\/7bddefb0320520297846271438d121ef\",\"name\":\"Marianna M\u00e9sz\u00e1ros\",\"image\":{\"@type\":\"ImageObject\",\"inLanguage\":\"hu\",\"@id\":\"https:\\\/\\\/secure.gravatar.com\\\/avatar\\\/46ffba47041ef80e10b0c8e0855ed9bb42317f85b18f75e07b6344dc052f1169?s=96&d=mm&r=g\",\"url\":\"https:\\\/\\\/secure.gravatar.com\\\/avatar\\\/46ffba47041ef80e10b0c8e0855ed9bb42317f85b18f75e07b6344dc052f1169?s=96&d=mm&r=g\",\"contentUrl\":\"https:\\\/\\\/secure.gravatar.com\\\/avatar\\\/46ffba47041ef80e10b0c8e0855ed9bb42317f85b18f75e07b6344dc052f1169?s=96&d=mm&r=g\",\"caption\":\"Marianna M\u00e9sz\u00e1ros\"},\"url\":\"https:\\\/\\\/www.danubiushotels.com\\\/hu\\\/magazin\\\/author\\\/meszarosmarianna\"}]}<\/script>","yoast_head_json":{"title":"\u0150szi \u00e9lm\u00e9nysz\u00fcret a Danubius sz\u00e1llod\u00e1kban, mutatjuk a legjobb programokat! - Danubius Magazin","robots":{"index":"index","follow":"follow","max-snippet":"max-snippet:-1","max-image-preview":"max-image-preview:large","max-video-preview":"max-video-preview:-1"},"canonical":"https:\/\/www.danubiushotels.com\/hu\/magazin\/wp-json\/wp\/v2\/posts\/11920\/","og_locale":"hu_HU","og_type":"article","og_title":"\u0150szi \u00e9lm\u00e9nysz\u00fcret a Danubius sz\u00e1llod\u00e1kban, mutatjuk a legjobb programokat! - Danubius Magazin","og_description":"A ny\u00e1r v\u00e9get \u00e9rhet, de az \u00e9lm\u00e9nyeknek m\u00e9g kor\u00e1nt sincs v\u00e9ge!\u00a0 A forr\u00f3 ny\u00e1ri napok ut\u00e1n j\u00f3lesik egy kicsit lelass\u00edtani, felt\u00f6lt\u0151dni, \u00e9s m\u00e1r most megtervezni a k\u00f6vetkez\u0151 kikapcsol\u00f3d\u00e1st. Szeptember \u00e9s okt\u00f3ber kellemes kir\u00e1ndul\u00e1sokat, wellness-\u00e9lm\u00e9nyeket, izgalmas kultur\u00e1lis \u00e9s gasztron\u00f3miai programokat tartogat sz\u00e1munkra. Mutatjuk a balatonf\u00fcredi, b\u00fckf\u00fcrd\u0151i, gy\u0151ri \u00e9s budapesti programokat, sz\u00e1llodai csomagaj\u00e1nlatokat, melyekb\u0151l csal\u00e1dok \u00e9s p\u00e1rok [&hellip;]","og_url":"https:\/\/www.danubiushotels.com\/hu\/magazin\/oszi-elmenyszuret-a-danubius-szallodakban","og_site_name":"Danubius Magazin","article_published_time":"2026-08-17T09:00:05+00:00","article_modified_time":"2026-08-17T15:56:38+00:00","og_image":[{"width":1200,"height":799,"url":"https:\/\/www.danubiushotels.com\/hu\/magazin\/wp-content\/uploads\/2026\/08\/65951555_l_123rf_1200x800.jpg","type":"image\/jpeg"}],"author":"Marianna M\u00e9sz\u00e1ros","twitter_card":"summary_large_image","twitter_misc":{"Szerz\u0151:":"Marianna M\u00e9sz\u00e1ros","Becs\u00fclt olvas\u00e1si id\u0151":"6 perc"},"schema":{"@context":"https:\/\/schema.org","@graph":[{"@type":"Article","@id":"https:\/\/www.danubiushotels.com\/hu\/magazin\/oszi-elmenyszuret-a-danubius-szallodakban#article","isPartOf":{"@id":"https:\/\/www.danubiushotels.com\/hu\/magazin\/oszi-elmenyszuret-a-danubius-szallodakban"},"author":{"name":"Marianna M\u00e9sz\u00e1ros","@id":"https:\/\/www.danubiushotels.com\/hu\/magazin\/#\/schema\/person\/7bddefb0320520297846271438d121ef"},"headline":"\u0150szi \u00e9lm\u00e9nysz\u00fcret a Danubius sz\u00e1llod\u00e1kban, mutatjuk a legjobb programokat!","datePublished":"2026-08-17T09:00:05+00:00","dateModified":"2026-08-17T15:56:38+00:00","mainEntityOfPage":{"@id":"https:\/\/www.danubiushotels.com\/hu\/magazin\/oszi-elmenyszuret-a-danubius-szallodakban"},"wordCount":1445,"image":{"@id":"https:\/\/www.danubiushotels.com\/hu\/magazin\/oszi-elmenyszuret-a-danubius-szallodakban#primaryimage"},"thumbnailUrl":"https:\/\/www.danubiushotels.com\/hu\/magazin\/wp-content\/uploads\/2026\/08\/65951555_l_123rf_1200x800.jpg","keywords":["HU-Annabella","HU-BudapestDeszt","HU-B\u00fck","HU-C\u00edmlap","HU-Marina","HU-R\u00e1ba"],"articleSection":["Balatoni programok","Budapesti programok","B\u00fcki programok","Gyerekprogramok","Gy\u0151ri programok","Programaj\u00e1nl\u00f3","Sz\u00e1llodavil\u00e1g"],"inLanguage":"hu"},{"@type":"WebPage","@id":"https:\/\/www.danubiushotels.com\/hu\/magazin\/oszi-elmenyszuret-a-danubius-szallodakban","url":"https:\/\/www.danubiushotels.com\/hu\/magazin\/oszi-elmenyszuret-a-danubius-szallodakban","name":"\u0150szi \u00e9lm\u00e9nysz\u00fcret a Danubius sz\u00e1llod\u00e1kban, mutatjuk a legjobb programokat! - Danubius Magazin","isPartOf":{"@id":"https:\/\/www.danubiushotels.com\/hu\/magazin\/#website"},"primaryImageOfPage":{"@id":"https:\/\/www.danubiushotels.com\/hu\/magazin\/oszi-elmenyszuret-a-danubius-szallodakban#primaryimage"},"image":{"@id":"https:\/\/www.danubiushotels.com\/hu\/magazin\/oszi-elmenyszuret-a-danubius-szallodakban#primaryimage"},"thumbnailUrl":"https:\/\/www.danubiushotels.com\/hu\/magazin\/wp-content\/uploads\/2026\/08\/65951555_l_123rf_1200x800.jpg","datePublished":"2026-08-17T09:00:05+00:00","dateModified":"2026-08-17T15:56:38+00:00","author":{"@id":"https:\/\/www.danubiushotels.com\/hu\/magazin\/#\/schema\/person\/7bddefb0320520297846271438d121ef"},"breadcrumb":{"@id":"https:\/\/www.danubiushotels.com\/hu\/magazin\/oszi-elmenyszuret-a-danubius-szallodakban#breadcrumb"},"inLanguage":"hu","potentialAction":[{"@type":"ReadAction","target":["https:\/\/www.danubiushotels.com\/hu\/magazin\/oszi-elmenyszuret-a-danubius-szallodakban"]}]},{"@type":"ImageObject","inLanguage":"hu","@id":"https:\/\/www.danubiushotels.com\/hu\/magazin\/oszi-elmenyszuret-a-danubius-szallodakban#primaryimage","url":"https:\/\/www.danubiushotels.com\/hu\/magazin\/wp-content\/uploads\/2026\/08\/65951555_l_123rf_1200x800.jpg","contentUrl":"https:\/\/www.danubiushotels.com\/hu\/magazin\/wp-content\/uploads\/2026\/08\/65951555_l_123rf_1200x800.jpg","width":1200,"height":799,"caption":"Beautiful young family on a walk in forest. Mother and father with their three sons in warm clothes outside in colorful autumn nature."},{"@type":"BreadcrumbList","@id":"https:\/\/www.danubiushotels.com\/hu\/magazin\/oszi-elmenyszuret-a-danubius-szallodakban#breadcrumb","itemListElement":[{"@type":"ListItem","position":1,"name":"Home","item":"https:\/\/www.danubiushotels.com\/hu\/magazin\/"},{"@type":"ListItem","position":2,"name":"\u0150szi \u00e9lm\u00e9nysz\u00fcret a Danubius sz\u00e1llod\u00e1kban, mutatjuk a legjobb programokat!"}]},{"@type":"WebSite","@id":"https:\/\/www.danubiushotels.com\/hu\/magazin\/#website","url":"https:\/\/www.danubiushotels.com\/hu\/magazin\/","name":"Danubius Magazin","description":"Mindig van alkalom a pihen\u00e9sre...","potentialAction":[{"@type":"SearchAction","target":{"@type":"EntryPoint","urlTemplate":"https:\/\/www.danubiushotels.com\/hu\/magazin\/?s={search_term_string}"},"query-input":{"@type":"PropertyValueSpecification","valueRequired":true,"valueName":"search_term_string"}}],"inLanguage":"hu"},{"@type":"Person","@id":"https:\/\/www.danubiushotels.com\/hu\/magazin\/#\/schema\/person\/7bddefb0320520297846271438d121ef","name":"Marianna M\u00e9sz\u00e1ros","image":{"@type":"ImageObject","inLanguage":"hu","@id":"https:\/\/secure.gravatar.com\/avatar\/46ffba47041ef80e10b0c8e0855ed9bb42317f85b18f75e07b6344dc052f1169?s=96&d=mm&r=g","url":"https:\/\/secure.gravatar.com\/avatar\/46ffba47041ef80e10b0c8e0855ed9bb42317f85b18f75e07b6344dc052f1169?s=96&d=mm&r=g","contentUrl":"https:\/\/secure.gravatar.com\/avatar\/46ffba47041ef80e10b0c8e0855ed9bb42317f85b18f75e07b6344dc052f1169?s=96&d=mm&r=g","caption":"Marianna M\u00e9sz\u00e1ros"},"url":"https:\/\/www.danubiushotels.com\/hu\/magazin\/author\/meszarosmarianna"}]}},"_links":{"self":[{"href":"https:\/\/www.danubiushotels.com\/hu\/magazin\/wp-json\/wp\/v2\/posts\/11920","targetHints":{"allow":["GET"]}}],"collection":[{"href":"https:\/\/www.danubiushotels.com\/hu\/magazin\/wp-json\/wp\/v2\/posts"}],"about":[{"href":"https:\/\/www.danubiushotels.com\/hu\/magazin\/wp-json\/wp\/v2\/types\/post"}],"author":[{"embeddable":true,"href":"https:\/\/www.danubiushotels.com\/hu\/magazin\/wp-json\/wp\/v2\/users\/5"}],"replies":[{"embeddable":true,"href":"https:\/\/www.danubiushotels.com\/hu\/magazin\/wp-json\/wp\/v2\/comments?post=11920"}],"version-history":[{"count":6,"href":"https:\/\/www.danubiushotels.com\/hu\/magazin\/wp-json\/wp\/v2\/posts\/11920\/revisions"}],"predecessor-version":[{"id":14320,"href":"https:\/\/www.danubiushotels.com\/hu\/magazin\/wp-json\/wp\/v2\/posts\/11920\/revisions\/14320"}],"wp:featuredmedia":[{"embeddable":true,"href":"https:\/\/www.danubiushotels.com\/hu\/magazin\/wp-json\/wp\/v2\/media\/14319"}],"wp:attachment":[{"href":"https:\/\/www.danubiushotels.com\/hu\/magazin\/wp-json\/wp\/v2\/media?parent=11920"}],"wp:term":[{"taxonomy":"category","embeddable":true,"href":"https:\/\/www.danubiushotels.com\/hu\/magazin\/wp-json\/wp\/v2\/categories?post=11920"},{"taxonomy":"post_tag","embeddable":true,"href":"https:\/\/www.danubiushotels.com\/hu\/magazin\/wp-json\/wp\/v2\/tags?post=11920"}],"curies":[{"name":"wp","href":"https:\/\/api.w.org\/{rel}","templated":true}]}}