{"id":14191,"date":"2026-04-27T11:39:30","date_gmt":"2026-04-27T09:39:30","guid":{"rendered":"https:\/\/www.danubiushotels.com\/hu\/magazin\/?p=14191"},"modified":"2026-04-27T12:06:17","modified_gmt":"2026-04-27T10:06:17","slug":"elindult-a-szezon-balatonfureden","status":"publish","type":"post","link":"https:\/\/www.danubiushotels.com\/hu\/magazin\/elindult-a-szezon-balatonfureden","title":{"rendered":"Elindult a szezon Balatonf\u00fcreden \u2013 mutatjuk az idei \u00fajdons\u00e1gokat \u00e9s programokat"},"content":{"rendered":"<p>A tavasz megmozd\u00edt, kikapcsol \u00e9s gy\u00f6ny\u00f6rk\u00f6dtet. K\u00fcl\u00f6n\u00f6sen a csod\u00e1s Balatonf\u00fcreden, ahol \u00fcdez\u00f6ld pomp\u00e1ban v\u00e1r a Tagore s\u00e9t\u00e1ny, sz\u00ednesen pomp\u00e1znak a vir\u00e1gok \u00e9s t\u00fcnd\u00f6kl\u0151en ragyog a Balaton. Megtelik a kik\u00f6t\u0151 b\u00e1m\u00e9szkod\u00f3kkal, indulnak a s\u00e9tahaj\u00f3k \u00e9s a v\u00e1rosn\u00e9z\u0151 kisvonat, vibr\u00e1l\u00f3 \u00e9lettel telik meg az eg\u00e9sz v\u00e1ros. Suhannak a ker\u00e9kp\u00e1rosok, kedvesen \u00faszk\u00e1lnak a kiskacs\u00e1k, fagyiznak kicsik \u00e9s nagyok. Mi\u00e9rt is maradn\u00e1l ki ebb\u0151l a mosolyg\u00f3s kora ny\u00e1ri balatoni idillb\u0151l?<\/p>\n\n\t\t<style type=\"text\/css\">\n\t\t\t#gallery-1 {\n\t\t\t\tmargin: auto;\n\t\t\t}\n\t\t\t#gallery-1 .gallery-item {\n\t\t\t\tfloat: left;\n\t\t\t\tmargin-top: 10px;\n\t\t\t\ttext-align: center;\n\t\t\t\twidth: 33%;\n\t\t\t}\n\t\t\t#gallery-1 img {\n\t\t\t\tborder: 2px solid #cfcfcf;\n\t\t\t}\n\t\t\t#gallery-1 .gallery-caption {\n\t\t\t\tmargin-left: 0;\n\t\t\t}\n\t\t\t\/* see gallery_shortcode() in wp-includes\/media.php *\/\n\t\t<\/style>\n\t\t<div id='gallery-1' class='gallery galleryid-14191 gallery-columns-3 gallery-size-large'><dl class='gallery-item'>\n\t\t\t<dt class='gallery-icon landscape'>\n\t\t\t\t<a href='https:\/\/www.danubiushotels.com\/hu\/magazin\/wp-content\/uploads\/2026\/04\/Medium-Annabella_2025-009.jpg'><img loading=\"lazy\" decoding=\"async\" width=\"1024\" height=\"683\" src=\"https:\/\/www.danubiushotels.com\/hu\/magazin\/wp-content\/uploads\/2026\/04\/Medium-Annabella_2025-009-1024x683.jpg\" class=\"attachment-large size-large\" alt=\"\" srcset=\"https:\/\/www.danubiushotels.com\/hu\/magazin\/wp-content\/uploads\/2026\/04\/Medium-Annabella_2025-009-1024x683.jpg 1024w, https:\/\/www.danubiushotels.com\/hu\/magazin\/wp-content\/uploads\/2026\/04\/Medium-Annabella_2025-009-980x653.jpg 980w, https:\/\/www.danubiushotels.com\/hu\/magazin\/wp-content\/uploads\/2026\/04\/Medium-Annabella_2025-009-480x320.jpg 480w\" sizes=\"(min-width: 0px) and (max-width: 480px) 480px, (min-width: 481px) and (max-width: 980px) 980px, (min-width: 981px) 1024px, 100vw\" \/><\/a>\n\t\t\t<\/dt><\/dl><dl class='gallery-item'>\n\t\t\t<dt class='gallery-icon landscape'>\n\t\t\t\t<a href='https:\/\/www.danubiushotels.com\/hu\/magazin\/wp-content\/uploads\/2026\/04\/Medium-dh_marina_palmakert-3.jpg'><img loading=\"lazy\" decoding=\"async\" width=\"1024\" height=\"683\" src=\"https:\/\/www.danubiushotels.com\/hu\/magazin\/wp-content\/uploads\/2026\/04\/Medium-dh_marina_palmakert-3-1024x683.jpg\" class=\"attachment-large size-large\" alt=\"\" srcset=\"https:\/\/www.danubiushotels.com\/hu\/magazin\/wp-content\/uploads\/2026\/04\/Medium-dh_marina_palmakert-3-1024x683.jpg 1024w, https:\/\/www.danubiushotels.com\/hu\/magazin\/wp-content\/uploads\/2026\/04\/Medium-dh_marina_palmakert-3-980x653.jpg 980w, https:\/\/www.danubiushotels.com\/hu\/magazin\/wp-content\/uploads\/2026\/04\/Medium-dh_marina_palmakert-3-480x320.jpg 480w\" sizes=\"(min-width: 0px) and (max-width: 480px) 480px, (min-width: 481px) and (max-width: 980px) 980px, (min-width: 981px) 1024px, 100vw\" \/><\/a>\n\t\t\t<\/dt><\/dl><dl class='gallery-item'>\n\t\t\t<dt class='gallery-icon landscape'>\n\t\t\t\t<a href='https:\/\/www.danubiushotels.com\/hu\/magazin\/wp-content\/uploads\/2026\/04\/Medium-HAN_5438_02.jpg'><img loading=\"lazy\" decoding=\"async\" width=\"1024\" height=\"684\" src=\"https:\/\/www.danubiushotels.com\/hu\/magazin\/wp-content\/uploads\/2026\/04\/Medium-HAN_5438_02-1024x684.jpg\" class=\"attachment-large size-large\" alt=\"\" srcset=\"https:\/\/www.danubiushotels.com\/hu\/magazin\/wp-content\/uploads\/2026\/04\/Medium-HAN_5438_02-1024x684.jpg 1024w, https:\/\/www.danubiushotels.com\/hu\/magazin\/wp-content\/uploads\/2026\/04\/Medium-HAN_5438_02-980x654.jpg 980w, https:\/\/www.danubiushotels.com\/hu\/magazin\/wp-content\/uploads\/2026\/04\/Medium-HAN_5438_02-480x321.jpg 480w\" sizes=\"(min-width: 0px) and (max-width: 480px) 480px, (min-width: 481px) and (max-width: 980px) 980px, (min-width: 981px) 1024px, 100vw\" \/><\/a>\n\t\t\t<\/dt><\/dl><br style=\"clear: both\" \/>\n\t\t<\/div>\n\n<p><strong>Hangol\u00f3dj r\u00e1nk \u00e9s a Balaton sz\u00e9ps\u00e9geire!<br \/>\n<\/strong><br \/>\nKezd\u0151dik az \u00faj szezon, v\u00e1runk a Danubius Hotels balatonf\u00fcredi sz\u00e1llod\u00e1iban, a <strong><a href=\"https:\/\/www.danubiushotels.com\/hu\/szallodak-balatonfured\/hotel-marina\" target=\"_blank\" rel=\"noopener\">Danubius Hotel Marin\u00e1ban<\/a> <\/strong>\u00e9s a <strong><a href=\"https:\/\/www.danubiushotels.com\/hu\/szallodak-balatonfured\/hotel-annabella\" target=\"_blank\" rel=\"noopener\">Danubius Hotel Annabell\u00e1ban<\/a><\/strong>! Cikk\u00fcnkben fel\u00e9bresztj\u00fck k\u00edv\u00e1ncsis\u00e1godat \u00e9s mes\u00e9l\u00fcnk az idei szezon \u00fajdons\u00e1gair\u00f3l, figyelmedbe aj\u00e1nljuk legjobb tavaszi \u00e9s ny\u00e1ri aj\u00e1nlatainkat, de betekinthetsz a Bubbles Club s\u00e1rk\u00e1nykalandjaiba is. Tervezz vel\u00fcnk tavaszi pihen\u00e9st \u00e9s ny\u00e1ri csobban\u00e1st, csatlakozz a Danubius Friends kedvezm\u00e9nyprogramhoz, hogy m\u00e9g t\u00f6bbet hozhass ki a nyaral\u00e1sb\u00f3l!<\/p>\n<p><strong>Meg\u00fajult a Danubius Hotel Annabella!<\/strong><\/p>\n<p>T\u00e1gra ny\u00edlik a szemed, amikor id\u00e9n bel\u00e9psz hozz\u00e1nk. Vadonat\u00faj, f\u00e9nnyel \u00e1tsz\u0151tt, gy\u00f6ny\u00f6r\u0171 lobbyba \u00e9rkezel, ahol k\u00e9nyelem \u00e9s bar\u00e1ts\u00e1gos enteri\u0151r rep\u00edt a balatoni nyaral\u00e1s hangulat\u00e1ba. <strong>Modern recepci\u00f3s szigetek, pihentet\u0151 lounge, j\u00e1t\u00e9kos Bubbles Club sarok \u00e9s a kulin\u00e1ris \u00e9lm\u00e9nyekr\u0151l gondoskod\u00f3 Today Bistro &amp; Bar egy laza \u00e9s nagyon szerethet\u0151 t\u00e9rben figyelnek ig\u00e9nyeidre.<\/strong><\/p>\n\n\t\t<style type=\"text\/css\">\n\t\t\t#gallery-2 {\n\t\t\t\tmargin: auto;\n\t\t\t}\n\t\t\t#gallery-2 .gallery-item {\n\t\t\t\tfloat: left;\n\t\t\t\tmargin-top: 10px;\n\t\t\t\ttext-align: center;\n\t\t\t\twidth: 33%;\n\t\t\t}\n\t\t\t#gallery-2 img {\n\t\t\t\tborder: 2px solid #cfcfcf;\n\t\t\t}\n\t\t\t#gallery-2 .gallery-caption {\n\t\t\t\tmargin-left: 0;\n\t\t\t}\n\t\t\t\/* see gallery_shortcode() in wp-includes\/media.php *\/\n\t\t<\/style>\n\t\t<div id='gallery-2' class='gallery galleryid-14191 gallery-columns-3 gallery-size-large'><dl class='gallery-item'>\n\t\t\t<dt class='gallery-icon landscape'>\n\t\t\t\t<a href='https:\/\/www.danubiushotels.com\/hu\/magazin\/wp-content\/uploads\/2026\/04\/ANN-Lobby_Vista_01-1600x900-1.jpg'><img loading=\"lazy\" decoding=\"async\" width=\"1024\" height=\"576\" src=\"https:\/\/www.danubiushotels.com\/hu\/magazin\/wp-content\/uploads\/2026\/04\/ANN-Lobby_Vista_01-1600x900-1-1024x576.jpg\" class=\"attachment-large size-large\" alt=\"\" srcset=\"https:\/\/www.danubiushotels.com\/hu\/magazin\/wp-content\/uploads\/2026\/04\/ANN-Lobby_Vista_01-1600x900-1-980x551.jpg 980w, https:\/\/www.danubiushotels.com\/hu\/magazin\/wp-content\/uploads\/2026\/04\/ANN-Lobby_Vista_01-1600x900-1-480x270.jpg 480w\" sizes=\"(min-width: 0px) and (max-width: 480px) 480px, (min-width: 481px) and (max-width: 980px) 980px, (min-width: 981px) 1024px, 100vw\" \/><\/a>\n\t\t\t<\/dt><\/dl><dl class='gallery-item'>\n\t\t\t<dt class='gallery-icon landscape'>\n\t\t\t\t<a href='https:\/\/www.danubiushotels.com\/hu\/magazin\/wp-content\/uploads\/2026\/04\/ANN-Lobby_Vista_06-1600x900-1.jpg'><img loading=\"lazy\" decoding=\"async\" width=\"1024\" height=\"576\" src=\"https:\/\/www.danubiushotels.com\/hu\/magazin\/wp-content\/uploads\/2026\/04\/ANN-Lobby_Vista_06-1600x900-1-1024x576.jpg\" class=\"attachment-large size-large\" alt=\"\" srcset=\"https:\/\/www.danubiushotels.com\/hu\/magazin\/wp-content\/uploads\/2026\/04\/ANN-Lobby_Vista_06-1600x900-1-980x551.jpg 980w, https:\/\/www.danubiushotels.com\/hu\/magazin\/wp-content\/uploads\/2026\/04\/ANN-Lobby_Vista_06-1600x900-1-480x270.jpg 480w\" sizes=\"(min-width: 0px) and (max-width: 480px) 480px, (min-width: 481px) and (max-width: 980px) 980px, (min-width: 981px) 1024px, 100vw\" \/><\/a>\n\t\t\t<\/dt><\/dl><dl class='gallery-item'>\n\t\t\t<dt class='gallery-icon landscape'>\n\t\t\t\t<a href='https:\/\/www.danubiushotels.com\/hu\/magazin\/wp-content\/uploads\/2026\/04\/ANN-Lobby_Vista_12-1600x900-1.jpg'><img loading=\"lazy\" decoding=\"async\" width=\"1024\" height=\"576\" src=\"https:\/\/www.danubiushotels.com\/hu\/magazin\/wp-content\/uploads\/2026\/04\/ANN-Lobby_Vista_12-1600x900-1-1024x576.jpg\" class=\"attachment-large size-large\" alt=\"\" srcset=\"https:\/\/www.danubiushotels.com\/hu\/magazin\/wp-content\/uploads\/2026\/04\/ANN-Lobby_Vista_12-1600x900-1-980x551.jpg 980w, https:\/\/www.danubiushotels.com\/hu\/magazin\/wp-content\/uploads\/2026\/04\/ANN-Lobby_Vista_12-1600x900-1-480x270.jpg 480w\" sizes=\"(min-width: 0px) and (max-width: 480px) 480px, (min-width: 481px) and (max-width: 980px) 980px, (min-width: 981px) 1024px, 100vw\" \/><\/a>\n\t\t\t<\/dt><\/dl><br style=\"clear: both\" \/>\n\t\t<\/div>\n\n<p>Befejez\u0151d\u00f6tt a szob\u00e1k fel\u00faj\u00edt\u00e1sa is, az Annabella minden szob\u00e1ja <a href=\"https:\/\/www.danubiushotels.com\/hu\/szallodak-balatonfured\/hotel-annabella\/szobak\" target=\"_blank\" rel=\"noopener\">Pr\u00e9mium szoba<\/a>, vagy lakoszt\u00e1ly! A letisztult formavil\u00e1g, a funkcionalit\u00e1s \u00e9s a meleg sz\u00ednek bar\u00e1ts\u00e1gos id\u0151tlens\u00e9get var\u00e1zsolnak k\u00f6r\u00e9tek, a megsz\u00e9p\u00fclt f\u00fcrd\u0151szoba mag\u00e1\u00e9rt besz\u00e9l, a teraszr\u00f3l ny\u00edl\u00f3 l\u00e9legzetel\u00e1ll\u00edt\u00f3 balatoni panor\u00e1m\u00e1val pedig ti sem fogtok tudni betelni.<\/p>\n<p style=\"text-align: center;\"><a href='https:\/\/booking.danubiushotels.com\/ibe\/index.aspx?propertyID=14796&#038;langID=18&#038;currID=62&#038;nights=2&#038;childAges=&#038;adults=2' class='small-button smallorange'>FOGLAL\u00c1S<\/a><\/p>\n\n\t\t<style type=\"text\/css\">\n\t\t\t#gallery-3 {\n\t\t\t\tmargin: auto;\n\t\t\t}\n\t\t\t#gallery-3 .gallery-item {\n\t\t\t\tfloat: left;\n\t\t\t\tmargin-top: 10px;\n\t\t\t\ttext-align: center;\n\t\t\t\twidth: 50%;\n\t\t\t}\n\t\t\t#gallery-3 img {\n\t\t\t\tborder: 2px solid #cfcfcf;\n\t\t\t}\n\t\t\t#gallery-3 .gallery-caption {\n\t\t\t\tmargin-left: 0;\n\t\t\t}\n\t\t\t\/* see gallery_shortcode() in wp-includes\/media.php *\/\n\t\t<\/style>\n\t\t<div id='gallery-3' class='gallery galleryid-14191 gallery-columns-2 gallery-size-large'><dl class='gallery-item'>\n\t\t\t<dt class='gallery-icon landscape'>\n\t\t\t\t<a href='https:\/\/www.danubiushotels.com\/hu\/magazin\/wp-content\/uploads\/2026\/04\/Large-Annabella_potagyas-002.jpg'><img loading=\"lazy\" decoding=\"async\" width=\"1024\" height=\"683\" src=\"https:\/\/www.danubiushotels.com\/hu\/magazin\/wp-content\/uploads\/2026\/04\/Large-Annabella_potagyas-002-1024x683.jpg\" class=\"attachment-large size-large\" alt=\"\" srcset=\"https:\/\/www.danubiushotels.com\/hu\/magazin\/wp-content\/uploads\/2026\/04\/Large-Annabella_potagyas-002-980x653.jpg 980w, https:\/\/www.danubiushotels.com\/hu\/magazin\/wp-content\/uploads\/2026\/04\/Large-Annabella_potagyas-002-480x320.jpg 480w\" sizes=\"(min-width: 0px) and (max-width: 480px) 480px, (min-width: 481px) and (max-width: 980px) 980px, (min-width: 981px) 1024px, 100vw\" \/><\/a>\n\t\t\t<\/dt><\/dl><dl class='gallery-item'>\n\t\t\t<dt class='gallery-icon landscape'>\n\t\t\t\t<a href='https:\/\/www.danubiushotels.com\/hu\/magazin\/wp-content\/uploads\/2026\/04\/Medium-Annabella_2025-007.jpg'><img loading=\"lazy\" decoding=\"async\" width=\"1024\" height=\"683\" src=\"https:\/\/www.danubiushotels.com\/hu\/magazin\/wp-content\/uploads\/2026\/04\/Medium-Annabella_2025-007-1024x683.jpg\" class=\"attachment-large size-large\" alt=\"\" srcset=\"https:\/\/www.danubiushotels.com\/hu\/magazin\/wp-content\/uploads\/2026\/04\/Medium-Annabella_2025-007-1024x683.jpg 1024w, https:\/\/www.danubiushotels.com\/hu\/magazin\/wp-content\/uploads\/2026\/04\/Medium-Annabella_2025-007-980x653.jpg 980w, https:\/\/www.danubiushotels.com\/hu\/magazin\/wp-content\/uploads\/2026\/04\/Medium-Annabella_2025-007-480x320.jpg 480w\" sizes=\"(min-width: 0px) and (max-width: 480px) 480px, (min-width: 481px) and (max-width: 980px) 980px, (min-width: 981px) 1024px, 100vw\" \/><\/a>\n\t\t\t<\/dt><\/dl><br style=\"clear: both\" \/>\n\t\t<\/div>\n\n<p><strong>Today\u00a0is\u00a0the\u00a0day!\u00a0&#8211;\u00a0Egy falat a napodb\u00f3l<\/strong><\/p>\n<p>A\u00a0<strong><a href=\"https:\/\/www.danubiushotels.com\/hu\/szallodak-balatonfured\/hotel-annabella\/vendeglatas\" target=\"_blank\" rel=\"noopener\">Today\u00a0Bistro\u00a0&amp; Bar Annabella<\/a> <\/strong>olyan hely, ahov\u00e1 j\u00f3\u00a0bes\u00e9t\u00e1lni. Ez a t\u00e9r pont olyan, mint a k\u00edn\u00e1lat: otthonos, nemzetk\u00f6zi \u00e9s ismer\u0151sen hazai egyszerre. Nem kell ki\u00f6lt\u00f6zni, nem kell feszengeni, \u00e9s nem kell sz\u00e1ll\u00f3vend\u00e9gnek sem lenni ahhoz, hogy bet\u00e9rj: ismer\u0151s \u00edzek, magyar \u00e9s nemzetk\u00f6zi kedvencek v\u00e1rnak laza, ny\u00e1ri hangulatban. Le\u00fclsz, ha m\u00e9g maradn\u00e1l egy kicsit, vagy viszed magaddal, ha ink\u00e1bb s\u00e9t\u00e1ln\u00e1l a part ment\u00e9n.<\/p>\n\n\t\t<style type=\"text\/css\">\n\t\t\t#gallery-4 {\n\t\t\t\tmargin: auto;\n\t\t\t}\n\t\t\t#gallery-4 .gallery-item {\n\t\t\t\tfloat: left;\n\t\t\t\tmargin-top: 10px;\n\t\t\t\ttext-align: center;\n\t\t\t\twidth: 33%;\n\t\t\t}\n\t\t\t#gallery-4 img {\n\t\t\t\tborder: 2px solid #cfcfcf;\n\t\t\t}\n\t\t\t#gallery-4 .gallery-caption {\n\t\t\t\tmargin-left: 0;\n\t\t\t}\n\t\t\t\/* see gallery_shortcode() in wp-includes\/media.php *\/\n\t\t<\/style>\n\t\t<div id='gallery-4' class='gallery galleryid-14191 gallery-columns-3 gallery-size-medium'><dl class='gallery-item'>\n\t\t\t<dt class='gallery-icon landscape'>\n\t\t\t\t<a href='https:\/\/www.danubiushotels.com\/hu\/magazin\/wp-content\/uploads\/2026\/04\/Medium-ServUs_2026_1200-038.jpg'><img loading=\"lazy\" decoding=\"async\" width=\"300\" height=\"200\" src=\"https:\/\/www.danubiushotels.com\/hu\/magazin\/wp-content\/uploads\/2026\/04\/Medium-ServUs_2026_1200-038-300x200.jpg\" class=\"attachment-medium size-medium\" alt=\"\" \/><\/a>\n\t\t\t<\/dt><\/dl><dl class='gallery-item'>\n\t\t\t<dt class='gallery-icon landscape'>\n\t\t\t\t<a href='https:\/\/www.danubiushotels.com\/hu\/magazin\/wp-content\/uploads\/2026\/04\/Medium-today-image-ebed-17-1-e1777276433780.jpg'><img loading=\"lazy\" decoding=\"async\" width=\"300\" height=\"195\" src=\"https:\/\/www.danubiushotels.com\/hu\/magazin\/wp-content\/uploads\/2026\/04\/Medium-today-image-ebed-17-1-e1777276433780-300x195.jpg\" class=\"attachment-medium size-medium\" alt=\"\" \/><\/a>\n\t\t\t<\/dt><\/dl><dl class='gallery-item'>\n\t\t\t<dt class='gallery-icon landscape'>\n\t\t\t\t<a href='https:\/\/www.danubiushotels.com\/hu\/magazin\/wp-content\/uploads\/2026\/04\/Medium-today-sutemeny-es-kave-5.jpg'><img loading=\"lazy\" decoding=\"async\" width=\"300\" height=\"200\" src=\"https:\/\/www.danubiushotels.com\/hu\/magazin\/wp-content\/uploads\/2026\/04\/Medium-today-sutemeny-es-kave-5-300x200.jpg\" class=\"attachment-medium size-medium\" alt=\"\" \/><\/a>\n\t\t\t<\/dt><\/dl><br style=\"clear: both\" \/>\n\t\t<\/div>\n\n<p><strong>Egy eb\u00e9d a strandol\u00e1s ut\u00e1n, egy k\u00e1v\u00e9\u00a0\u00e9s finom s\u00fctem\u00e9ny\u00a0a Tagore s\u00e9t\u00e1nyr\u00f3l beugorva<\/strong>, egy ital \u00e9s k\u00f6nnyed\u00a0vacsora\u00a0a balatoni nap v\u00e9g\u00e9n:\u00a0itt a temp\u00f3t nem az \u00f3ra, hanem a Balaton\u00a0\u00e9s te\u00a0dikt\u00e1lj\u00e1tok.\u00a0A friss sal\u00e1t\u00e1k, az \u00edzletes levesek, az \u00ednycsikland\u00f3 f\u0151\u00e9telek az asztaln\u00e1l marasztalnak, a modern street food-okat k\u00f6nnyed\u00e9n magaddal viheted, a Today csokol\u00e1d\u00e9mousse pedig egyszer\u0171en kihagyhatatlan lesz a k\u00e1v\u00e9 mell\u00e9. Rafin\u00e1lt kokt\u00e9lokkal \u00e9s zamatos borokkal laz\u00edthatsz, ak\u00e1r k\u00e9s\u0151 estig!<\/p>\n<p><strong>All inclusive nyaral\u00e1s a Danubius Hotel Marin\u00e1ban<\/strong><\/p>\n<p>A<strong> korl\u00e1tlan \u00e9tel-italfogyaszt\u00e1s<\/strong> k\u00e9nyelme, a <strong>csal\u00e1di \u00e9lm\u00e9nymedence<\/strong> attrakci\u00f3i \u00e9s a t\u00e1gas <strong>saj\u00e1t balatoni strand<\/strong> sokak kedvence lesz id\u00e9n ny\u00e1ron is. \u00c9rkeznek a<strong> Bubbles Club s\u00e1rk\u00e1nyok<\/strong>, hogy az <strong>anim\u00e1torokkal<\/strong> egy\u00fctt felejthetetlen pillanatokat szerezzenek a kicsiknek, legyen sz\u00f3 k\u00e9zm\u0171vesked\u00e9sr\u0151l, vet\u00e9lked\u0151kr\u0151l, \u00fcgyess\u00e9gi kih\u00edv\u00e1sokr\u00f3l, v\u00edzi feladatokr\u00f3l vagy mini disco-r\u00f3l. Ne vesz\u00edts\u00e9tek szem el\u0151l a gyermekprogramokat, csatlakozzatok a sz\u00ednes \u00e9s sz\u00f3rakoztat\u00f3 s\u00e1rk\u00e1nykalandokhoz, ak\u00e1r m\u00e1r a m\u00e1jus 1-jei Any\u00e1k napi h\u00e9tv\u00e9g\u00e9n, a p\u00fcnk\u00f6sdi pihen\u0151napokon vagy a m\u00e1jus 30-i gyermeknapi foglalkoz\u00e1sokhoz. Nemcsak a kiemelt esem\u00e9nyeken sz\u00e1m\u00edthatsz az anim\u00e1torokra, \u00f6r\u00f6mmel v\u00e1runk gyermekeiddel a h\u00e9tk\u00f6znapokon is, a <a href=\"https:\/\/www.danubiushotels.com\/hu\/szallodak-balatonfured\/hotel-marina\" target=\"_blank\" rel=\"noopener\">Danubius Hotel Marin\u00e1ban<\/a> a szezon minden napj\u00e1n \u00e1t\u00e9lhetitek a Bubbles Club anim\u00e1ci\u00f3 s\u00e1rk\u00e1nyos hangulat\u00e1t.<\/p>\n<p style=\"text-align: center;\"><a href='https:\/\/booking.danubiushotels.com\/ibe\/index.aspx?propertyID=14797&#038;langID=18&#038;currID=62&#038;nights=2&#038;childAges=&#038;adults=2' class='small-button smallorange'>FOGLAL\u00c1S<\/a><\/p>\n\n\t\t<style type=\"text\/css\">\n\t\t\t#gallery-5 {\n\t\t\t\tmargin: auto;\n\t\t\t}\n\t\t\t#gallery-5 .gallery-item {\n\t\t\t\tfloat: left;\n\t\t\t\tmargin-top: 10px;\n\t\t\t\ttext-align: center;\n\t\t\t\twidth: 33%;\n\t\t\t}\n\t\t\t#gallery-5 img {\n\t\t\t\tborder: 2px solid #cfcfcf;\n\t\t\t}\n\t\t\t#gallery-5 .gallery-caption {\n\t\t\t\tmargin-left: 0;\n\t\t\t}\n\t\t\t\/* see gallery_shortcode() in wp-includes\/media.php *\/\n\t\t<\/style>\n\t\t<div id='gallery-5' class='gallery galleryid-14191 gallery-columns-3 gallery-size-large'><dl class='gallery-item'>\n\t\t\t<dt class='gallery-icon landscape'>\n\t\t\t\t<a href='https:\/\/www.danubiushotels.com\/hu\/magazin\/wp-content\/uploads\/2026\/04\/Medium-Marina-015.jpg'><img loading=\"lazy\" decoding=\"async\" width=\"1024\" height=\"683\" src=\"https:\/\/www.danubiushotels.com\/hu\/magazin\/wp-content\/uploads\/2026\/04\/Medium-Marina-015-1024x683.jpg\" class=\"attachment-large size-large\" alt=\"\" srcset=\"https:\/\/www.danubiushotels.com\/hu\/magazin\/wp-content\/uploads\/2026\/04\/Medium-Marina-015-1024x683.jpg 1024w, https:\/\/www.danubiushotels.com\/hu\/magazin\/wp-content\/uploads\/2026\/04\/Medium-Marina-015-980x653.jpg 980w, https:\/\/www.danubiushotels.com\/hu\/magazin\/wp-content\/uploads\/2026\/04\/Medium-Marina-015-480x320.jpg 480w\" sizes=\"(min-width: 0px) and (max-width: 480px) 480px, (min-width: 481px) and (max-width: 980px) 980px, (min-width: 981px) 1024px, 100vw\" \/><\/a>\n\t\t\t<\/dt><\/dl><dl class='gallery-item'>\n\t\t\t<dt class='gallery-icon landscape'>\n\t\t\t\t<a href='https:\/\/www.danubiushotels.com\/hu\/magazin\/wp-content\/uploads\/2026\/04\/Large-DH_marina_brandfoto_2023_etterem_8_online_S-e1777276259968.jpg'><img loading=\"lazy\" decoding=\"async\" width=\"1024\" height=\"679\" src=\"https:\/\/www.danubiushotels.com\/hu\/magazin\/wp-content\/uploads\/2026\/04\/Large-DH_marina_brandfoto_2023_etterem_8_online_S-e1777276259968-1024x679.jpg\" class=\"attachment-large size-large\" alt=\"\" srcset=\"https:\/\/www.danubiushotels.com\/hu\/magazin\/wp-content\/uploads\/2026\/04\/Large-DH_marina_brandfoto_2023_etterem_8_online_S-e1777276259968-1024x679.jpg 1024w, https:\/\/www.danubiushotels.com\/hu\/magazin\/wp-content\/uploads\/2026\/04\/Large-DH_marina_brandfoto_2023_etterem_8_online_S-e1777276259968-980x551.jpg 980w, https:\/\/www.danubiushotels.com\/hu\/magazin\/wp-content\/uploads\/2026\/04\/Large-DH_marina_brandfoto_2023_etterem_8_online_S-e1777276259968-480x270.jpg 480w\" sizes=\"(min-width: 0px) and (max-width: 480px) 480px, (min-width: 481px) and (max-width: 980px) 980px, (min-width: 981px) 1024px, 100vw\" \/><\/a>\n\t\t\t<\/dt><\/dl><dl class='gallery-item'>\n\t\t\t<dt class='gallery-icon landscape'>\n\t\t\t\t<a href='https:\/\/www.danubiushotels.com\/hu\/magazin\/wp-content\/uploads\/2026\/04\/Medium-dh_marina_palmakert-7.jpg'><img loading=\"lazy\" decoding=\"async\" width=\"1024\" height=\"683\" src=\"https:\/\/www.danubiushotels.com\/hu\/magazin\/wp-content\/uploads\/2026\/04\/Medium-dh_marina_palmakert-7-1024x683.jpg\" class=\"attachment-large size-large\" alt=\"\" srcset=\"https:\/\/www.danubiushotels.com\/hu\/magazin\/wp-content\/uploads\/2026\/04\/Medium-dh_marina_palmakert-7-1024x683.jpg 1024w, https:\/\/www.danubiushotels.com\/hu\/magazin\/wp-content\/uploads\/2026\/04\/Medium-dh_marina_palmakert-7-980x653.jpg 980w, https:\/\/www.danubiushotels.com\/hu\/magazin\/wp-content\/uploads\/2026\/04\/Medium-dh_marina_palmakert-7-480x320.jpg 480w\" sizes=\"(min-width: 0px) and (max-width: 480px) 480px, (min-width: 481px) and (max-width: 980px) 980px, (min-width: 981px) 1024px, 100vw\" \/><\/a>\n\t\t\t<\/dt><\/dl><br style=\"clear: both\" \/>\n\t\t<\/div>\n\n<p><strong>Bubbles Club kiemelt h\u00e9tv\u00e9g\u00e9k <\/strong><\/p>\n<p>Ha gyermekkel tervezel csal\u00e1di nyaral\u00e1st, \u00e9rdemes r\u00e1pillantanod az al\u00e1bbi esem\u00e9nysorra, melyek a Danubius Hotel Marina \u00e9s a Danubius Hotel Annabella tematikus Bubbles Club h\u00e9tv\u00e9g\u00e9it jelzik. B\u0151ven lesz alkalom a kedves s\u00e1rk\u00e1nyokkal val\u00f3 tal\u00e1lkoz\u00e1sra \u00e9s a vid\u00e1m m\u00f3k\u00e1ra. S\u00e1rk\u00e1nykalandokra fel!<\/p>\n<ul>\n<li><strong>m\u00e1jus 30<\/strong>. Gyermeknap (Marina, Annabella)<\/li>\n<li><strong>j\u00fanius 24.<\/strong> Szentiv\u00e1n\u00e9ji S\u00e1rk\u00e1nyt\u00e1nc (Marina, Annabella)<\/li>\n<li><strong>j\u00fanius 26-28.<\/strong> Ny\u00e1rind\u00edt\u00f3 Bubbles Club h\u00e9tv\u00e9ge (Marina, Annabella)<\/li>\n<li><strong>j\u00falius 10-12.<\/strong> Kalandorok h\u00e9tv\u00e9g\u00e9je (Annabella)<\/li>\n<li><strong>j\u00falius 17-19<\/strong>. Kalandorok h\u00e9tv\u00e9g\u00e9je (Marina)<\/li>\n<li><strong>j\u00falius 31-augusztus 2.<\/strong> \u00d6t s\u00e1rk\u00e1nyos h\u00e9tv\u00e9ge (Marina)<\/li>\n<li><strong>augusztus 7-9<\/strong>. \u00d6t s\u00e1rk\u00e1nyos h\u00e9tv\u00e9ge (Annabella)<\/li>\n<li><strong>augusztus 21-23<\/strong>. Ny\u00e1rz\u00e1r\u00f3 Bubbles Club h\u00e9tv\u00e9ge (Marina, Annabella)<\/li>\n<\/ul>\n<p style=\"text-align: center;\"><a href='https:\/\/www.danubiushotels.com\/hu\/danubius-ajanlo\/gyerekvilag\/danubius-bubbles-club' class='small-button smallgreen'>TUDJ MEG T\u00d6BBET A BUBBLES CLUBR\u00d3L<\/a><\/p>\n<p style=\"text-align: center;\"><strong> <img loading=\"lazy\" decoding=\"async\" class=\"aligncenter wp-image-14207 size-large\" src=\"https:\/\/www.danubiushotels.com\/hu\/magazin\/wp-content\/uploads\/2026\/04\/Medium-ANT_2697-1024x683.jpg\" alt=\"\" width=\"1024\" height=\"683\" srcset=\"https:\/\/www.danubiushotels.com\/hu\/magazin\/wp-content\/uploads\/2026\/04\/Medium-ANT_2697-1024x683.jpg 1024w, https:\/\/www.danubiushotels.com\/hu\/magazin\/wp-content\/uploads\/2026\/04\/Medium-ANT_2697-980x654.jpg 980w, https:\/\/www.danubiushotels.com\/hu\/magazin\/wp-content\/uploads\/2026\/04\/Medium-ANT_2697-480x320.jpg 480w\" sizes=\"(min-width: 0px) and (max-width: 480px) 480px, (min-width: 481px) and (max-width: 980px) 980px, (min-width: 981px) 1024px, 100vw\" \/><\/strong><\/p>\n<p><strong>Programkavalk\u00e1d Balatonf\u00fcreden<\/strong><\/p>\n<p>M\u00e1jusban a legszebb arc\u00e1t mutatja a term\u00e9szet. Mer\u00fclj el a tavaszi zsong\u00e1sban Balatonf\u00fcreden, ahol szinte minden ir\u00e1nyban elindulhatsz.<\/p>\n<ul>\n<li>fedezd fel a Tihanyi-f\u00e9lsziget l\u00e1tnival\u00f3it<\/li>\n<li><a href=\"https:\/\/www.danubiushotels.com\/hu\/desztinaciok\/balatonfured\/balatonaracs-csopak-koloska-volgy\" target=\"_blank\" rel=\"noopener\">j\u00e1rd be a Koloska-v\u00f6lgy erdei t\u00fara\u00fatvonalait<\/a><\/li>\n<li>m\u00e1ssz fel a J\u00f3kai kil\u00e1t\u00f3ba<\/li>\n<li>ind\u00edtsd a napot a Kiserd\u0151ben \u00e9s a Tagore s\u00e9t\u00e1nyon<\/li>\n<li><a href=\"https:\/\/www.danubiushotels.com\/hu\/desztinaciok\/balatonfured\/dorgicse-ku-volgy\" target=\"_blank\" rel=\"noopener\">indulj aut\u00f3s kir\u00e1ndul\u00e1sra D\u00f6rgics\u00e9re \u00e9s a K\u0171-v\u00f6lgybe<\/a><\/li>\n<li>ereszkedj le a L\u00f3czy barlangba<\/li>\n<li>b\u00e9relj ker\u00e9kp\u00e1rt \u00e9s tekerj a Balaton mellett<\/li>\n<\/ul>\n<p><strong> <img loading=\"lazy\" decoding=\"async\" class=\"aligncenter wp-image-14201 size-large\" src=\"https:\/\/www.danubiushotels.com\/hu\/magazin\/wp-content\/uploads\/2026\/04\/Medium-DH_balaton_offseason_brandfoto_2024_online-76-1024x683.jpg\" alt=\"\" width=\"1024\" height=\"683\" srcset=\"https:\/\/www.danubiushotels.com\/hu\/magazin\/wp-content\/uploads\/2026\/04\/Medium-DH_balaton_offseason_brandfoto_2024_online-76-1024x683.jpg 1024w, https:\/\/www.danubiushotels.com\/hu\/magazin\/wp-content\/uploads\/2026\/04\/Medium-DH_balaton_offseason_brandfoto_2024_online-76-980x653.jpg 980w, https:\/\/www.danubiushotels.com\/hu\/magazin\/wp-content\/uploads\/2026\/04\/Medium-DH_balaton_offseason_brandfoto_2024_online-76-480x320.jpg 480w\" sizes=\"(min-width: 0px) and (max-width: 480px) 480px, (min-width: 481px) and (max-width: 980px) 980px, (min-width: 981px) 1024px, 100vw\" \/><\/strong><\/p>\n<p>A hangulatos Tagore s\u00e9t\u00e1ny id\u00e9n is ben\u00e9pes\u00fcl, hogy a legfinomabb balatoni borokkal, v\u00e9rpezsd\u00edt\u0151 zen\u00e9vel, sz\u00ednes vitorl\u00e1sokkal \u00e9s ut\u00e1nozhatatlan f\u00fcredi pillanatokkal tegye eml\u00e9kezetess\u00e9 balatoni napjaitokat. Mutatjuk 2026 legnagyobb \u00e9rdekl\u0151d\u00e9sre sz\u00e1mot tart\u00f3 esem\u00e9nyeit, hogy a megfelel\u0151 id\u0151pontokra tervezhess\u00e9tek meg nyaral\u00e1sotokat:<\/p>\n<ul>\n<li>\u00c1prilis 24-25.: 35. <a href=\"https:\/\/www.programturizmus.hu\/ajanlat-jokai-napok-balatonfured.html\" target=\"_blank\" rel=\"noopener\">J\u00f3kai napok<\/a><\/li>\n<li>M\u00e1jus 16.: <a href=\"https:\/\/csodalatosmagyarorszag.hu\/programok\/hajozas-programok\/vitorlabonto-unnepseg-es-evadnyito-vitorlasverseny-2026-balatonfured\/\" target=\"_blank\" rel=\"noopener\">Vitorlabont\u00f3 \u00fcnneps\u00e9g \u00e9s \u00c9vadnyit\u00f3 Vitorl\u00e1sverseny<\/a><\/li>\n<li>M\u00e1jus 15-16.:<a href=\"https:\/\/www.programturizmus.hu\/ajanlat-balatonfured-concours-d-elegance.html\" target=\"_blank\" rel=\"noopener\"> XII. Concours d\u2019 Elegance veter\u00e1n aut\u00f3 sz\u00e9ps\u00e9gverseny<\/a><\/li>\n<li>M\u00e1jus 22-25.: <a href=\"https:\/\/csodalatosmagyarorszag.hu\/programok\/gasztro-programok\/balatoni-hal-es-borunnep-2026-balatonfured\/\" target=\"_blank\" rel=\"noopener\">Balatoni Hal- \u00e9s Bor\u00fcnnep<\/a><\/li>\n<li>J\u00falius 20 \u2013 26.: <a href=\"https:\/\/annabal.hu\/fesztival\/\" target=\"_blank\" rel=\"noopener\">XIV. Anna fesztiv\u00e1l<\/a><\/li>\n<li>J\u00falius 30 \u2013 augusztus 1.: <a href=\"https:\/\/hajozas.hu\/esemenyek\/vitorlazas-esemenyek\/58-kekszalag-2026-balatonfured\/\" target=\"_blank\" rel=\"noopener\">K\u00c9KSZALAG vitorl\u00e1sverseny \u00e9s fesztiv\u00e1l<\/a><\/li>\n<li>Augusztus 07 \u2013 30.: <a href=\"https:\/\/www.programturizmus.hu\/ajanlat-balatonfuredi-borhetek-balatonfured.html\" target=\"_blank\" rel=\"noopener\">Borhetek<\/a><\/li>\n<\/ul>\n<p>Csapj le kedvenc fesztiv\u00e1lodra \u00e9s a Danubius Hotels legjobb aj\u00e1nlataira, el\u0151foglal\u00e1si kedvezm\u00e9nyeire!<\/p>\n<p><img loading=\"lazy\" decoding=\"async\" class=\"alignnone wp-image-14211 size-large\" src=\"https:\/\/www.danubiushotels.com\/hu\/magazin\/wp-content\/uploads\/2026\/04\/Medium-DH_balaton_offseason_brandfoto_2024_online-61-1024x683.jpg\" alt=\"\" width=\"1024\" height=\"683\" srcset=\"https:\/\/www.danubiushotels.com\/hu\/magazin\/wp-content\/uploads\/2026\/04\/Medium-DH_balaton_offseason_brandfoto_2024_online-61-1024x683.jpg 1024w, https:\/\/www.danubiushotels.com\/hu\/magazin\/wp-content\/uploads\/2026\/04\/Medium-DH_balaton_offseason_brandfoto_2024_online-61-980x653.jpg 980w, https:\/\/www.danubiushotels.com\/hu\/magazin\/wp-content\/uploads\/2026\/04\/Medium-DH_balaton_offseason_brandfoto_2024_online-61-480x320.jpg 480w\" sizes=\"(min-width: 0px) and (max-width: 480px) 480px, (min-width: 481px) and (max-width: 980px) 980px, (min-width: 981px) 1024px, 100vw\" \/><\/p>\n<p data-start=\"147\" data-end=\"223\"><strong data-start=\"147\" data-end=\"223\">T\u00f6bb \u00e9lm\u00e9ny, kedvez\u0151bb \u00e1rak \u2013 v\u00e1laszd ki a sz\u00e1modra t\u00f6k\u00e9letes id\u0151pontot!<\/strong><\/p>\n<p data-start=\"225\" data-end=\"727\">Ind\u00edtsd a szezont egy kora ny\u00e1ri haj\u00f3k\u00e1z\u00e1ssal egybek\u00f6t\u00f6tt pihen\u00e9ssel, vagy tervezd meg a ny\u00e1ri csal\u00e1di nyaral\u00e1sodat extra kedvezm\u00e9nyekkel! A min. 2 \u00e9jszak\u00e1s, tavaszi csomagaj\u00e1nlatunk, 25% kedvezm\u00e9nnyel ide\u00e1lis v\u00e1laszt\u00e1s a szezon elej\u00e9re, m\u00edg a minimum 3 \u00e9jszak\u00e1s tart\u00f3zkod\u00e1sra sz\u00f3l\u00f3 aj\u00e1nlatunkkal ak\u00e1r 15% el\u0151foglal\u00e1si kedvezm\u00e9nnyel is foglalhatsz a ny\u00e1ri id\u0151szakban &#8211; rugalmas lemond\u00e1si felt\u00e9telekkel.<\/p>\n<p>R\u00e1ad\u00e1sul <a href=\"https:\/\/www.danubiushotels.com\/hu\/friends\" target=\"_blank\" rel=\"noopener\"><strong>Danubius Friends kedvezm\u00e9nyprogramunk<\/strong><\/a> tagjak\u00e9nt, ak\u00e1r tov\u00e1bbi 10-15% extra kedvezm\u00e9nyt is ig\u00e9nybe vehetsz!<\/p>\n<p style=\"text-align: center;\" data-start=\"1024\" data-end=\"1100\" data-is-last-node=\"\" data-is-only-node=\"\"><a href='https:\/\/www.danubiushotels.com\/hu\/ajanlataink\/balatonfured' class='small-button smallorange'>FOGLALD LE BALATONI PIHEN\u00c9SED<\/a><\/p>\n<p><a href=\"https:\/\/www.danubiushotels.com\/hu\/friends\" target=\"_blank\" rel=\"https:\/\/www.danubiushotels.com\/hu\/friends noopener\"><img loading=\"lazy\" decoding=\"async\" class=\"aligncenter wp-image-14227 size-full\" src=\"https:\/\/www.danubiushotels.com\/hu\/magazin\/wp-content\/uploads\/2026\/04\/Danubius-friends-banner-MAGYAR-v3.jpg\" alt=\"Danubius Friends\" width=\"1000\" height=\"312\" srcset=\"https:\/\/www.danubiushotels.com\/hu\/magazin\/wp-content\/uploads\/2026\/04\/Danubius-friends-banner-MAGYAR-v3.jpg 1000w, https:\/\/www.danubiushotels.com\/hu\/magazin\/wp-content\/uploads\/2026\/04\/Danubius-friends-banner-MAGYAR-v3-980x306.jpg 980w, https:\/\/www.danubiushotels.com\/hu\/magazin\/wp-content\/uploads\/2026\/04\/Danubius-friends-banner-MAGYAR-v3-480x150.jpg 480w\" sizes=\"(min-width: 0px) and (max-width: 480px) 480px, (min-width: 481px) and (max-width: 980px) 980px, (min-width: 981px) 1000px, 100vw\" \/><\/a><\/p>\n<p>&nbsp;<\/p>\n","protected":false},"excerpt":{"rendered":"<p>A tavasz megmozd\u00edt, kikapcsol \u00e9s gy\u00f6ny\u00f6rk\u00f6dtet. K\u00fcl\u00f6n\u00f6sen a csod\u00e1s Balatonf\u00fcreden, ahol \u00fcdez\u00f6ld pomp\u00e1ban v\u00e1r a Tagore s\u00e9t\u00e1ny, sz\u00ednesen pomp\u00e1znak a vir\u00e1gok \u00e9s t\u00fcnd\u00f6kl\u0151en ragyog a Balaton. Megtelik a kik\u00f6t\u0151 b\u00e1m\u00e9szkod\u00f3kkal, indulnak a s\u00e9tahaj\u00f3k \u00e9s a v\u00e1rosn\u00e9z\u0151 kisvonat, vibr\u00e1l\u00f3 \u00e9lettel telik meg az eg\u00e9sz v\u00e1ros. Suhannak a ker\u00e9kp\u00e1rosok, kedvesen \u00faszk\u00e1lnak a kiskacs\u00e1k, fagyiznak kicsik \u00e9s nagyok. [&hellip;]<\/p>\n","protected":false},"author":15,"featured_media":14225,"comment_status":"closed","ping_status":"open","sticky":false,"template":"","format":"standard","meta":{"_acf_changed":false,"_et_pb_use_builder":"","_et_pb_old_content":"","_et_gb_content_width":"","footnotes":""},"categories":[1013,1020,3,4],"tags":[204,1118,1117,790,793,791],"class_list":["post-14191","post","type-post","status-publish","format-standard","has-post-thumbnail","hentry","category-balatoni-programok","category-nyaralas-ajanlatok","category-programajanlo","category-szallodavilag","tag-bubbles-club","tag-danubius-hotel-annabella","tag-danubius-hotel-marina","tag-hu-annabella","tag-hu-cimlap","tag-hu-marina"],"acf":[],"yoast_head":"<!-- This site is optimized with the Yoast SEO plugin v27.4 - https:\/\/yoast.com\/product\/yoast-seo-wordpress\/ -->\n<title>Elindult a szezon Balatonf\u00fcreden \u2013 mutatjuk az idei \u00fajdons\u00e1gokat \u00e9s programokat - Danubius Magazin<\/title>\n<meta name=\"description\" content=\"Az idei szezonban is \u00faj \u00e9lm\u00e9nyekkel v\u00e1r Balatonf\u00fcred! Meg\u00fajult sz\u00e1llodai terek, izgalmas programlehet\u0151s\u00e9gek, \u00e9s extra kedvezm\u00e9nyes sz\u00e1llodai aj\u00e1nlatok v\u00e1rnak a Danubius Hotels balatoni sz\u00e1llod\u00e1iban!\" \/>\n<meta name=\"robots\" content=\"index, follow, max-snippet:-1, max-image-preview:large, max-video-preview:-1\" \/>\n<link rel=\"canonical\" href=\"https:\/\/www.danubiushotels.com\/hu\/magazin\/elindult-a-szezon-balatonfureden\" \/>\n<meta property=\"og:locale\" content=\"hu_HU\" \/>\n<meta property=\"og:type\" content=\"article\" \/>\n<meta property=\"og:title\" content=\"Elindult a szezon Balatonf\u00fcreden \u2013 mutatjuk az idei \u00fajdons\u00e1gokat \u00e9s programokat - Danubius Magazin\" \/>\n<meta property=\"og:description\" content=\"Az idei szezonban is \u00faj \u00e9lm\u00e9nyekkel v\u00e1r Balatonf\u00fcred! Meg\u00fajult sz\u00e1llodai terek, izgalmas programlehet\u0151s\u00e9gek, \u00e9s extra kedvezm\u00e9nyes sz\u00e1llodai aj\u00e1nlatok v\u00e1rnak a Danubius Hotels balatoni sz\u00e1llod\u00e1iban!\" \/>\n<meta property=\"og:url\" content=\"https:\/\/www.danubiushotels.com\/hu\/magazin\/elindult-a-szezon-balatonfureden\" \/>\n<meta property=\"og:site_name\" content=\"Danubius Magazin\" \/>\n<meta property=\"article:published_time\" content=\"2026-04-27T09:39:30+00:00\" \/>\n<meta property=\"article:modified_time\" content=\"2026-04-27T10:06:17+00:00\" \/>\n<meta property=\"og:image\" content=\"https:\/\/www.danubiushotels.com\/hu\/magazin\/wp-content\/uploads\/2026\/04\/Balatonfured-123rf-66973189_l-20260427.jpg\" \/>\n\t<meta property=\"og:image:width\" content=\"2000\" \/>\n\t<meta property=\"og:image:height\" content=\"1333\" \/>\n\t<meta property=\"og:image:type\" content=\"image\/jpeg\" \/>\n<meta name=\"author\" content=\"Pencz Dorottya\" \/>\n<meta name=\"twitter:card\" content=\"summary_large_image\" \/>\n<meta name=\"twitter:label1\" content=\"Szerz\u0151:\" \/>\n\t<meta name=\"twitter:data1\" content=\"Pencz Dorottya\" \/>\n\t<meta name=\"twitter:label2\" content=\"Becs\u00fclt olvas\u00e1si id\u0151\" \/>\n\t<meta name=\"twitter:data2\" content=\"6 perc\" \/>\n<script type=\"application\/ld+json\" class=\"yoast-schema-graph\">{\"@context\":\"https:\\\/\\\/schema.org\",\"@graph\":[{\"@type\":\"Article\",\"@id\":\"https:\\\/\\\/www.danubiushotels.com\\\/hu\\\/magazin\\\/elindult-a-szezon-balatonfureden#article\",\"isPartOf\":{\"@id\":\"https:\\\/\\\/www.danubiushotels.com\\\/hu\\\/magazin\\\/elindult-a-szezon-balatonfureden\"},\"author\":{\"name\":\"Pencz Dorottya\",\"@id\":\"https:\\\/\\\/www.danubiushotels.com\\\/hu\\\/magazin\\\/#\\\/schema\\\/person\\\/14b0b0c2ea10c762d30500b64e1d685d\"},\"headline\":\"Elindult a szezon Balatonf\u00fcreden \u2013 mutatjuk az idei \u00fajdons\u00e1gokat \u00e9s programokat\",\"datePublished\":\"2026-04-27T09:39:30+00:00\",\"dateModified\":\"2026-04-27T10:06:17+00:00\",\"mainEntityOfPage\":{\"@id\":\"https:\\\/\\\/www.danubiushotels.com\\\/hu\\\/magazin\\\/elindult-a-szezon-balatonfureden\"},\"wordCount\":1363,\"image\":{\"@id\":\"https:\\\/\\\/www.danubiushotels.com\\\/hu\\\/magazin\\\/elindult-a-szezon-balatonfureden#primaryimage\"},\"thumbnailUrl\":\"https:\\\/\\\/www.danubiushotels.com\\\/hu\\\/magazin\\\/wp-content\\\/uploads\\\/2026\\\/04\\\/Balatonfured-123rf-66973189_l-20260427.jpg\",\"keywords\":[\"Bubbles Club\",\"Danubius Hotel Annabella\",\"Danubius Hotel Marina\",\"HU-Annabella\",\"HU-C\u00edmlap\",\"HU-Marina\"],\"articleSection\":[\"Balatoni programok\",\"Nyaral\u00e1s aj\u00e1nlatok\",\"Programaj\u00e1nl\u00f3\",\"Sz\u00e1llodavil\u00e1g\"],\"inLanguage\":\"hu\"},{\"@type\":\"WebPage\",\"@id\":\"https:\\\/\\\/www.danubiushotels.com\\\/hu\\\/magazin\\\/elindult-a-szezon-balatonfureden\",\"url\":\"https:\\\/\\\/www.danubiushotels.com\\\/hu\\\/magazin\\\/elindult-a-szezon-balatonfureden\",\"name\":\"Elindult a szezon Balatonf\u00fcreden \u2013 mutatjuk az idei \u00fajdons\u00e1gokat \u00e9s programokat - Danubius Magazin\",\"isPartOf\":{\"@id\":\"https:\\\/\\\/www.danubiushotels.com\\\/hu\\\/magazin\\\/#website\"},\"primaryImageOfPage\":{\"@id\":\"https:\\\/\\\/www.danubiushotels.com\\\/hu\\\/magazin\\\/elindult-a-szezon-balatonfureden#primaryimage\"},\"image\":{\"@id\":\"https:\\\/\\\/www.danubiushotels.com\\\/hu\\\/magazin\\\/elindult-a-szezon-balatonfureden#primaryimage\"},\"thumbnailUrl\":\"https:\\\/\\\/www.danubiushotels.com\\\/hu\\\/magazin\\\/wp-content\\\/uploads\\\/2026\\\/04\\\/Balatonfured-123rf-66973189_l-20260427.jpg\",\"datePublished\":\"2026-04-27T09:39:30+00:00\",\"dateModified\":\"2026-04-27T10:06:17+00:00\",\"author\":{\"@id\":\"https:\\\/\\\/www.danubiushotels.com\\\/hu\\\/magazin\\\/#\\\/schema\\\/person\\\/14b0b0c2ea10c762d30500b64e1d685d\"},\"description\":\"Az idei szezonban is \u00faj \u00e9lm\u00e9nyekkel v\u00e1r Balatonf\u00fcred! Meg\u00fajult sz\u00e1llodai terek, izgalmas programlehet\u0151s\u00e9gek, \u00e9s extra kedvezm\u00e9nyes sz\u00e1llodai aj\u00e1nlatok v\u00e1rnak a Danubius Hotels balatoni sz\u00e1llod\u00e1iban!\",\"breadcrumb\":{\"@id\":\"https:\\\/\\\/www.danubiushotels.com\\\/hu\\\/magazin\\\/elindult-a-szezon-balatonfureden#breadcrumb\"},\"inLanguage\":\"hu\",\"potentialAction\":[{\"@type\":\"ReadAction\",\"target\":[\"https:\\\/\\\/www.danubiushotels.com\\\/hu\\\/magazin\\\/elindult-a-szezon-balatonfureden\"]}]},{\"@type\":\"ImageObject\",\"inLanguage\":\"hu\",\"@id\":\"https:\\\/\\\/www.danubiushotels.com\\\/hu\\\/magazin\\\/elindult-a-szezon-balatonfureden#primaryimage\",\"url\":\"https:\\\/\\\/www.danubiushotels.com\\\/hu\\\/magazin\\\/wp-content\\\/uploads\\\/2026\\\/04\\\/Balatonfured-123rf-66973189_l-20260427.jpg\",\"contentUrl\":\"https:\\\/\\\/www.danubiushotels.com\\\/hu\\\/magazin\\\/wp-content\\\/uploads\\\/2026\\\/04\\\/Balatonfured-123rf-66973189_l-20260427.jpg\",\"width\":2000,\"height\":1333,\"caption\":\"Shore of Lake Balaton in Balatonfured with birds, Hungary\"},{\"@type\":\"BreadcrumbList\",\"@id\":\"https:\\\/\\\/www.danubiushotels.com\\\/hu\\\/magazin\\\/elindult-a-szezon-balatonfureden#breadcrumb\",\"itemListElement\":[{\"@type\":\"ListItem\",\"position\":1,\"name\":\"Home\",\"item\":\"https:\\\/\\\/www.danubiushotels.com\\\/hu\\\/magazin\\\/\"},{\"@type\":\"ListItem\",\"position\":2,\"name\":\"Elindult a szezon Balatonf\u00fcreden \u2013 mutatjuk az idei \u00fajdons\u00e1gokat \u00e9s programokat\"}]},{\"@type\":\"WebSite\",\"@id\":\"https:\\\/\\\/www.danubiushotels.com\\\/hu\\\/magazin\\\/#website\",\"url\":\"https:\\\/\\\/www.danubiushotels.com\\\/hu\\\/magazin\\\/\",\"name\":\"Danubius Magazin\",\"description\":\"Mindig van alkalom a pihen\u00e9sre...\",\"potentialAction\":[{\"@type\":\"SearchAction\",\"target\":{\"@type\":\"EntryPoint\",\"urlTemplate\":\"https:\\\/\\\/www.danubiushotels.com\\\/hu\\\/magazin\\\/?s={search_term_string}\"},\"query-input\":{\"@type\":\"PropertyValueSpecification\",\"valueRequired\":true,\"valueName\":\"search_term_string\"}}],\"inLanguage\":\"hu\"},{\"@type\":\"Person\",\"@id\":\"https:\\\/\\\/www.danubiushotels.com\\\/hu\\\/magazin\\\/#\\\/schema\\\/person\\\/14b0b0c2ea10c762d30500b64e1d685d\",\"name\":\"Pencz Dorottya\",\"image\":{\"@type\":\"ImageObject\",\"inLanguage\":\"hu\",\"@id\":\"https:\\\/\\\/secure.gravatar.com\\\/avatar\\\/4f8d852ffd557188675000c0865dc845f775386e26ee67bd8041eb3d017638fc?s=96&d=mm&r=g\",\"url\":\"https:\\\/\\\/secure.gravatar.com\\\/avatar\\\/4f8d852ffd557188675000c0865dc845f775386e26ee67bd8041eb3d017638fc?s=96&d=mm&r=g\",\"contentUrl\":\"https:\\\/\\\/secure.gravatar.com\\\/avatar\\\/4f8d852ffd557188675000c0865dc845f775386e26ee67bd8041eb3d017638fc?s=96&d=mm&r=g\",\"caption\":\"Pencz Dorottya\"},\"url\":\"https:\\\/\\\/www.danubiushotels.com\\\/hu\\\/magazin\\\/author\\\/dorottyapencz\"}]}<\/script>\n<!-- \/ Yoast SEO plugin. -->","yoast_head_json":{"title":"Elindult a szezon Balatonf\u00fcreden \u2013 mutatjuk az idei \u00fajdons\u00e1gokat \u00e9s programokat - Danubius Magazin","description":"Az idei szezonban is \u00faj \u00e9lm\u00e9nyekkel v\u00e1r Balatonf\u00fcred! Meg\u00fajult sz\u00e1llodai terek, izgalmas programlehet\u0151s\u00e9gek, \u00e9s extra kedvezm\u00e9nyes sz\u00e1llodai aj\u00e1nlatok v\u00e1rnak a Danubius Hotels balatoni sz\u00e1llod\u00e1iban!","robots":{"index":"index","follow":"follow","max-snippet":"max-snippet:-1","max-image-preview":"max-image-preview:large","max-video-preview":"max-video-preview:-1"},"canonical":"https:\/\/www.danubiushotels.com\/hu\/magazin\/elindult-a-szezon-balatonfureden","og_locale":"hu_HU","og_type":"article","og_title":"Elindult a szezon Balatonf\u00fcreden \u2013 mutatjuk az idei \u00fajdons\u00e1gokat \u00e9s programokat - Danubius Magazin","og_description":"Az idei szezonban is \u00faj \u00e9lm\u00e9nyekkel v\u00e1r Balatonf\u00fcred! Meg\u00fajult sz\u00e1llodai terek, izgalmas programlehet\u0151s\u00e9gek, \u00e9s extra kedvezm\u00e9nyes sz\u00e1llodai aj\u00e1nlatok v\u00e1rnak a Danubius Hotels balatoni sz\u00e1llod\u00e1iban!","og_url":"https:\/\/www.danubiushotels.com\/hu\/magazin\/elindult-a-szezon-balatonfureden","og_site_name":"Danubius Magazin","article_published_time":"2026-04-27T09:39:30+00:00","article_modified_time":"2026-04-27T10:06:17+00:00","og_image":[{"width":2000,"height":1333,"url":"https:\/\/www.danubiushotels.com\/hu\/magazin\/wp-content\/uploads\/2026\/04\/Balatonfured-123rf-66973189_l-20260427.jpg","type":"image\/jpeg"}],"author":"Pencz Dorottya","twitter_card":"summary_large_image","twitter_misc":{"Szerz\u0151:":"Pencz Dorottya","Becs\u00fclt olvas\u00e1si id\u0151":"6 perc"},"schema":{"@context":"https:\/\/schema.org","@graph":[{"@type":"Article","@id":"https:\/\/www.danubiushotels.com\/hu\/magazin\/elindult-a-szezon-balatonfureden#article","isPartOf":{"@id":"https:\/\/www.danubiushotels.com\/hu\/magazin\/elindult-a-szezon-balatonfureden"},"author":{"name":"Pencz Dorottya","@id":"https:\/\/www.danubiushotels.com\/hu\/magazin\/#\/schema\/person\/14b0b0c2ea10c762d30500b64e1d685d"},"headline":"Elindult a szezon Balatonf\u00fcreden \u2013 mutatjuk az idei \u00fajdons\u00e1gokat \u00e9s programokat","datePublished":"2026-04-27T09:39:30+00:00","dateModified":"2026-04-27T10:06:17+00:00","mainEntityOfPage":{"@id":"https:\/\/www.danubiushotels.com\/hu\/magazin\/elindult-a-szezon-balatonfureden"},"wordCount":1363,"image":{"@id":"https:\/\/www.danubiushotels.com\/hu\/magazin\/elindult-a-szezon-balatonfureden#primaryimage"},"thumbnailUrl":"https:\/\/www.danubiushotels.com\/hu\/magazin\/wp-content\/uploads\/2026\/04\/Balatonfured-123rf-66973189_l-20260427.jpg","keywords":["Bubbles Club","Danubius Hotel Annabella","Danubius Hotel Marina","HU-Annabella","HU-C\u00edmlap","HU-Marina"],"articleSection":["Balatoni programok","Nyaral\u00e1s aj\u00e1nlatok","Programaj\u00e1nl\u00f3","Sz\u00e1llodavil\u00e1g"],"inLanguage":"hu"},{"@type":"WebPage","@id":"https:\/\/www.danubiushotels.com\/hu\/magazin\/elindult-a-szezon-balatonfureden","url":"https:\/\/www.danubiushotels.com\/hu\/magazin\/elindult-a-szezon-balatonfureden","name":"Elindult a szezon Balatonf\u00fcreden \u2013 mutatjuk az idei \u00fajdons\u00e1gokat \u00e9s programokat - Danubius Magazin","isPartOf":{"@id":"https:\/\/www.danubiushotels.com\/hu\/magazin\/#website"},"primaryImageOfPage":{"@id":"https:\/\/www.danubiushotels.com\/hu\/magazin\/elindult-a-szezon-balatonfureden#primaryimage"},"image":{"@id":"https:\/\/www.danubiushotels.com\/hu\/magazin\/elindult-a-szezon-balatonfureden#primaryimage"},"thumbnailUrl":"https:\/\/www.danubiushotels.com\/hu\/magazin\/wp-content\/uploads\/2026\/04\/Balatonfured-123rf-66973189_l-20260427.jpg","datePublished":"2026-04-27T09:39:30+00:00","dateModified":"2026-04-27T10:06:17+00:00","author":{"@id":"https:\/\/www.danubiushotels.com\/hu\/magazin\/#\/schema\/person\/14b0b0c2ea10c762d30500b64e1d685d"},"description":"Az idei szezonban is \u00faj \u00e9lm\u00e9nyekkel v\u00e1r Balatonf\u00fcred! Meg\u00fajult sz\u00e1llodai terek, izgalmas programlehet\u0151s\u00e9gek, \u00e9s extra kedvezm\u00e9nyes sz\u00e1llodai aj\u00e1nlatok v\u00e1rnak a Danubius Hotels balatoni sz\u00e1llod\u00e1iban!","breadcrumb":{"@id":"https:\/\/www.danubiushotels.com\/hu\/magazin\/elindult-a-szezon-balatonfureden#breadcrumb"},"inLanguage":"hu","potentialAction":[{"@type":"ReadAction","target":["https:\/\/www.danubiushotels.com\/hu\/magazin\/elindult-a-szezon-balatonfureden"]}]},{"@type":"ImageObject","inLanguage":"hu","@id":"https:\/\/www.danubiushotels.com\/hu\/magazin\/elindult-a-szezon-balatonfureden#primaryimage","url":"https:\/\/www.danubiushotels.com\/hu\/magazin\/wp-content\/uploads\/2026\/04\/Balatonfured-123rf-66973189_l-20260427.jpg","contentUrl":"https:\/\/www.danubiushotels.com\/hu\/magazin\/wp-content\/uploads\/2026\/04\/Balatonfured-123rf-66973189_l-20260427.jpg","width":2000,"height":1333,"caption":"Shore of Lake Balaton in Balatonfured with birds, Hungary"},{"@type":"BreadcrumbList","@id":"https:\/\/www.danubiushotels.com\/hu\/magazin\/elindult-a-szezon-balatonfureden#breadcrumb","itemListElement":[{"@type":"ListItem","position":1,"name":"Home","item":"https:\/\/www.danubiushotels.com\/hu\/magazin\/"},{"@type":"ListItem","position":2,"name":"Elindult a szezon Balatonf\u00fcreden \u2013 mutatjuk az idei \u00fajdons\u00e1gokat \u00e9s programokat"}]},{"@type":"WebSite","@id":"https:\/\/www.danubiushotels.com\/hu\/magazin\/#website","url":"https:\/\/www.danubiushotels.com\/hu\/magazin\/","name":"Danubius Magazin","description":"Mindig van alkalom a pihen\u00e9sre...","potentialAction":[{"@type":"SearchAction","target":{"@type":"EntryPoint","urlTemplate":"https:\/\/www.danubiushotels.com\/hu\/magazin\/?s={search_term_string}"},"query-input":{"@type":"PropertyValueSpecification","valueRequired":true,"valueName":"search_term_string"}}],"inLanguage":"hu"},{"@type":"Person","@id":"https:\/\/www.danubiushotels.com\/hu\/magazin\/#\/schema\/person\/14b0b0c2ea10c762d30500b64e1d685d","name":"Pencz Dorottya","image":{"@type":"ImageObject","inLanguage":"hu","@id":"https:\/\/secure.gravatar.com\/avatar\/4f8d852ffd557188675000c0865dc845f775386e26ee67bd8041eb3d017638fc?s=96&d=mm&r=g","url":"https:\/\/secure.gravatar.com\/avatar\/4f8d852ffd557188675000c0865dc845f775386e26ee67bd8041eb3d017638fc?s=96&d=mm&r=g","contentUrl":"https:\/\/secure.gravatar.com\/avatar\/4f8d852ffd557188675000c0865dc845f775386e26ee67bd8041eb3d017638fc?s=96&d=mm&r=g","caption":"Pencz Dorottya"},"url":"https:\/\/www.danubiushotels.com\/hu\/magazin\/author\/dorottyapencz"}]}},"_links":{"self":[{"href":"https:\/\/www.danubiushotels.com\/hu\/magazin\/wp-json\/wp\/v2\/posts\/14191","targetHints":{"allow":["GET"]}}],"collection":[{"href":"https:\/\/www.danubiushotels.com\/hu\/magazin\/wp-json\/wp\/v2\/posts"}],"about":[{"href":"https:\/\/www.danubiushotels.com\/hu\/magazin\/wp-json\/wp\/v2\/types\/post"}],"author":[{"embeddable":true,"href":"https:\/\/www.danubiushotels.com\/hu\/magazin\/wp-json\/wp\/v2\/users\/15"}],"replies":[{"embeddable":true,"href":"https:\/\/www.danubiushotels.com\/hu\/magazin\/wp-json\/wp\/v2\/comments?post=14191"}],"version-history":[{"count":4,"href":"https:\/\/www.danubiushotels.com\/hu\/magazin\/wp-json\/wp\/v2\/posts\/14191\/revisions"}],"predecessor-version":[{"id":14233,"href":"https:\/\/www.danubiushotels.com\/hu\/magazin\/wp-json\/wp\/v2\/posts\/14191\/revisions\/14233"}],"wp:featuredmedia":[{"embeddable":true,"href":"https:\/\/www.danubiushotels.com\/hu\/magazin\/wp-json\/wp\/v2\/media\/14225"}],"wp:attachment":[{"href":"https:\/\/www.danubiushotels.com\/hu\/magazin\/wp-json\/wp\/v2\/media?parent=14191"}],"wp:term":[{"taxonomy":"category","embeddable":true,"href":"https:\/\/www.danubiushotels.com\/hu\/magazin\/wp-json\/wp\/v2\/categories?post=14191"},{"taxonomy":"post_tag","embeddable":true,"href":"https:\/\/www.danubiushotels.com\/hu\/magazin\/wp-json\/wp\/v2\/tags?post=14191"}],"curies":[{"name":"wp","href":"https:\/\/api.w.org\/{rel}","templated":true}]}}