{"id":8492,"date":"2025-02-19T08:00:41","date_gmt":"2025-02-19T06:00:41","guid":{"rendered":"https:\/\/www.danubiushotels.com\/hu\/magazin\/?p=8492"},"modified":"2025-12-19T13:48:21","modified_gmt":"2025-12-19T11:48:21","slug":"husvet","status":"publish","type":"post","link":"https:\/\/www.danubiushotels.com\/hu\/magazin\/husvet","title":{"rendered":"H\u00fasv\u00e9t \u2013 minden, amit tudnod kell a tavasz \u00fcnnep\u00e9r\u0151l"},"content":{"rendered":"<p>H\u00fasv\u00e9tra gondolva nagyon sok minden esz\u00fcnkbe jut. A tavasz, a felt\u00e1mad\u00e1s, a barka, a tavaszi sz\u00fcnet, a 40 napos b\u00f6jt v\u00e9ge, a finom sonka \u00e9s a kal\u00e1cs, a piros toj\u00e1s, a locsol\u00f3k, a b\u00e1r\u00e1ny \u00e9s a hal, a hossz\u00fah\u00e9tv\u00e9ge. \u00dcnnep ez a jav\u00e1b\u00f3l, amire minden \u00e9vben, tal\u00e1n m\u00e1r janu\u00e1r \u00f3ta k\u00e9sz\u00fcl\u00fcnk. Sz\u00e1mon tartjuk az id\u0151pontj\u00e1t, tervezgetj\u00fck a csal\u00e1di programokat, befoglaljuk a wellness h\u00e9tv\u00e9g\u00e9t, \u00e9s \u00edrjuk a bev\u00e1s\u00e1rl\u00f3list\u00e1t a h\u00fasv\u00e9ti men\u00fch\u00f6z. \u00a0Mit is kell tudnod err\u0151l az igazi tavasz\u00fcnnepr\u0151l? \u00d6sszefoglaltuk Neked:<\/p>\n<p style=\"text-align: center;\"><a href=\"https:\/\/www.danubiushotels.com\/hu\/magazin\/wp-content\/uploads\/2024\/03\/DH_buk_brandfoto_2023_erdo_14_online_S-1.jpg\"><img loading=\"lazy\" decoding=\"async\" class=\"alignnone wp-image-13054 size-large\" src=\"https:\/\/www.danubiushotels.com\/hu\/magazin\/wp-content\/uploads\/2024\/03\/DH_buk_brandfoto_2023_erdo_14_online_S-1-1024x829.jpg\" alt=\"\" width=\"1024\" height=\"829\" srcset=\"https:\/\/www.danubiushotels.com\/hu\/magazin\/wp-content\/uploads\/2024\/03\/DH_buk_brandfoto_2023_erdo_14_online_S-1-980x793.jpg 980w, https:\/\/www.danubiushotels.com\/hu\/magazin\/wp-content\/uploads\/2024\/03\/DH_buk_brandfoto_2023_erdo_14_online_S-1-480x389.jpg 480w\" sizes=\"(min-width: 0px) and (max-width: 480px) 480px, (min-width: 481px) and (max-width: 980px) 980px, (min-width: 981px) 1024px, 100vw\" \/><\/a><\/p>\n<h2><strong>H\u00fasv\u00e9t d\u00e1tuma 2025-ben<\/strong><\/h2>\n<p><strong>H\u00fasv\u00e9t id\u00e9n 2025 \u00e1prilis 20 &#8211; 21-\u00e9n lesz.<\/strong><\/p>\n<p>Tudod-e, mi\u00e9rt van minden \u00e9vben m\u00e1skor a h\u00fasv\u00e9t? \u00a0Hivatalos forr\u00e1sok szerint a h\u00fasv\u00e9t id\u0151pontja mindig a tavaszi nap-\u00e9j egyenl\u0151s\u00e9g ut\u00e1ni els\u0151 holdt\u00f6lt\u00e9t k\u00f6vet\u0151 vas\u00e1rnap. H\u00fasv\u00e9t sosem lehet m\u00e1rcius 22. el\u0151tt, de nem lehet \u00e1prilis 25. ut\u00e1n sem.\u00a0 Err\u0151l a bolyg\u00f3khoz igaz\u00edtott h\u00fasv\u00e9t sz\u00e1m\u00edt\u00e1si m\u00f3dszerr\u0151l j\u00f3 r\u00e9gen, 325-ben hat\u00e1rozott az els\u0151 niceai zsinat, \u00e9s az ortodox egyh\u00e1zakon k\u00edv\u00fcl minden kereszt\u00e9ny egyh\u00e1z ehhez az elj\u00e1r\u00e1shoz tartja mag\u00e1t.<\/p>\n<p>Hogy 2025 h\u00fasv\u00e9t mikor lesz, pontosan megmutatta a hamvaz\u00f3szerda id\u0151pontja, ugyanis a hamvaz\u00f3szerd\u00e1t k\u00f6vet\u0151 40. napon van h\u00fasv\u00e9t vas\u00e1rnap. 2025-ben m\u00e1rcius 5-\u00e9n kezd\u0151dik a nagyb\u00f6jt, \u00edgy <strong>h\u00fasv\u00e9t 2025. \u00e1prilis 20-21-\u00e9n lesz.<\/strong> Magyarorsz\u00e1gon m\u00e1r Nagyp\u00e9ntek, \u00e1prilis 18. is munkasz\u00fcneti nap, \u00edgy a h\u00fasv\u00e9ti hossz\u00fah\u00e9tv\u00e9ge 4 napos \u00fcnnep, \u00e9ppen a tavaszi sz\u00fcnet k\u00f6zep\u00e9ben.<\/p>\n<p><a href=\"https:\/\/www.danubiushotels.com\/hu\/magazin\/wp-content\/uploads\/2019\/03\/23051892_l-1.jpg\"><img loading=\"lazy\" decoding=\"async\" class=\"size-large wp-image-8501 aligncenter\" src=\"https:\/\/www.danubiushotels.com\/hu\/magazin\/wp-content\/uploads\/2019\/03\/23051892_l-1-1024x683.jpg\" alt=\"\" width=\"720\" height=\"480\" srcset=\"https:\/\/www.danubiushotels.com\/hu\/magazin\/wp-content\/uploads\/2019\/03\/23051892_l-1-1024x683.jpg 1024w, https:\/\/www.danubiushotels.com\/hu\/magazin\/wp-content\/uploads\/2019\/03\/23051892_l-1-300x200.jpg 300w, https:\/\/www.danubiushotels.com\/hu\/magazin\/wp-content\/uploads\/2019\/03\/23051892_l-1-768x512.jpg 768w, https:\/\/www.danubiushotels.com\/hu\/magazin\/wp-content\/uploads\/2019\/03\/23051892_l-1-150x100.jpg 150w, https:\/\/www.danubiushotels.com\/hu\/magazin\/wp-content\/uploads\/2019\/03\/23051892_l-1-600x400.jpg 600w\" sizes=\"(max-width: 720px) 100vw, 720px\" \/><\/a><\/p>\n<h2><strong>Mit \u00fcnnepl\u00fcnk h\u00fasv\u00e9tkor?<\/strong><\/h2>\n<p>A\u00a0h\u00fasv\u00e9t a\u00a0kereszt\u00e9ny egyh\u00e1z egyik legfontosabb \u00e9s legnagyobb \u00fcnnepe, amelyen J\u00e9zus Krisztus felt\u00e1mad\u00e1s\u00e1t \u00fcnnepelj\u00fck, ugyanakkor a\u00a0tavasz elj\u00f6vetel\u00e9nek k\u00f6sz\u00f6nt\u00e9se is, gondoljunk csak a r\u00fcgyez\u0151 f\u00e1kra, a tavaszi vir\u00e1gokra, a bimb\u00f3z\u00f3 n\u00f6v\u00e9nyekre, amelyek a term\u00e9szet \u00fajj\u00e1sz\u00fclet\u00e9s\u00e9t, fel\u00e9led\u00e9s\u00e9t jelzik. Sz\u00e1mtalan zsid\u00f3, germ\u00e1n \u00e9s katolikus hagyom\u00e1ny, n\u00e9pszok\u00e1s, ritu\u00e1l\u00e9 kapcsol\u00f3dik hozz\u00e1 \u00e9vezredek \u00f3ta. Ma egyh\u00e1zi \u00e9s csal\u00e1di \u00fcnnep, amelyb\u0151l nem hi\u00e1nyoznak a h\u00fasv\u00e9ti szimb\u00f3lumok.<\/p>\n<p style=\"text-align: center;\"><a href=\"https:\/\/www.danubiushotels.com\/hu\/magazin\/wp-content\/uploads\/2019\/03\/dreamstime_xxl_58581395.jpg\"><img loading=\"lazy\" decoding=\"async\" class=\"alignnone size-large wp-image-8503\" src=\"https:\/\/www.danubiushotels.com\/hu\/magazin\/wp-content\/uploads\/2019\/03\/dreamstime_xxl_58581395-1024x683.jpg\" alt=\"\" width=\"720\" height=\"480\" srcset=\"https:\/\/www.danubiushotels.com\/hu\/magazin\/wp-content\/uploads\/2019\/03\/dreamstime_xxl_58581395-1024x683.jpg 1024w, https:\/\/www.danubiushotels.com\/hu\/magazin\/wp-content\/uploads\/2019\/03\/dreamstime_xxl_58581395-300x200.jpg 300w, https:\/\/www.danubiushotels.com\/hu\/magazin\/wp-content\/uploads\/2019\/03\/dreamstime_xxl_58581395-768x512.jpg 768w, https:\/\/www.danubiushotels.com\/hu\/magazin\/wp-content\/uploads\/2019\/03\/dreamstime_xxl_58581395-150x100.jpg 150w, https:\/\/www.danubiushotels.com\/hu\/magazin\/wp-content\/uploads\/2019\/03\/dreamstime_xxl_58581395-600x400.jpg 600w\" sizes=\"(max-width: 720px) 100vw, 720px\" \/><\/a><\/p>\n<h2><strong>H\u00fasv\u00e9ti jelk\u00e9pek \u00e9s hagyom\u00e1nyok<\/strong><\/h2>\n<h3>H\u00fasv\u00e9ti ny\u00fal<\/h3>\n<p>Nincsen h\u00fasv\u00e9t nyuszi n\u00e9lk\u00fcl. A h\u00fasv\u00e9ti ny\u00fal jelk\u00e9pe N\u00e9metorsz\u00e1gb\u00f3l ered, \u00e1ll\u00edt\u00f3lag Ostar\u00e1nak, a\u00a0germ\u00e1n istenn\u0151nek volt egy sz\u00ednes toj\u00e1sokat toj\u00f3 madara, amelyet a\u00a0gyermekek sz\u00f3rakoztat\u00e1sa kedv\u00e9\u00e9rt vagy haragj\u00e1ban ny\u00fall\u00e1 v\u00e1ltoztatott. \u00cdgy kapott helyet a\u00a0h\u00fasv\u00e9ti \u00fcnnepk\u00f6rben a\u00a0furcsa nyuszi, ami f\u00e9szket rak \u00e9s azt toj\u00e1sokkal t\u00f6lti meg.<\/p>\n<h3>H\u00fasv\u00e9ti toj\u00e1s<\/h3>\n<p>A\u00a0toj\u00e1s az \u00e9let \u00fajj\u00e1sz\u00fclet\u00e9s\u00e9nek, term\u00e9kenys\u00e9g\u00e9nek leg\u0151sibb jelk\u00e9pe. \u00a0A sz\u00fclet\u00e9s, a teremt\u00e9s, a meg\u00fajhod\u00e1s jelk\u00e9pe. Sz\u00e1mos teremt\u00e9sm\u00edtoszban a vil\u00e1g toj\u00e1sb\u00f3l ered. B\u00e1r kicsi \u00e9s t\u00f6r\u00e9keny, a vil\u00e1gegyetem nagys\u00e1g\u00e1t s az \u00e9lettelenb\u0151l az \u00e9l\u0151be val\u00f3 \u00e1tmenet rejt\u00e9ly\u00e9t jelk\u00e9pezi. A toj\u00e1sok fest\u00e9se is igen r\u00e9gi szok\u00e1s, sz\u00e1mtalan m\u00f3don festhetj\u00fck a h\u00fasv\u00e9ti toj\u00e1sokat, a k\u00e9szen kaphat\u00f3 sz\u00ednes toj\u00e1sfest\u00e9kekt\u0151l kezdve a term\u00e9szetes alapanyagokon \u00e1t a viaszos \u00edr\u00f3k\u00e1z\u00e1sig.<\/p>\n<p><a href=\"https:\/\/www.danubiushotels.com\/hu\/magazin\/wp-content\/uploads\/2025\/02\/118859627_l_123RF.jpg\"><img loading=\"lazy\" decoding=\"async\" class=\"wp-image-14086 size-large\" src=\"https:\/\/www.danubiushotels.com\/hu\/magazin\/wp-content\/uploads\/2025\/02\/118859627_l_123RF-1024x684.jpg\" alt=\"\" width=\"1024\" height=\"684\" srcset=\"https:\/\/www.danubiushotels.com\/hu\/magazin\/wp-content\/uploads\/2025\/02\/118859627_l_123RF-980x654.jpg 980w, https:\/\/www.danubiushotels.com\/hu\/magazin\/wp-content\/uploads\/2025\/02\/118859627_l_123RF-480x321.jpg 480w\" sizes=\"(min-width: 0px) and (max-width: 480px) 480px, (min-width: 481px) and (max-width: 980px) 980px, (min-width: 981px) 1024px, 100vw\" \/><\/a><\/p>\n<h3>H\u00fasv\u00e9ti b\u00e1r\u00e1ny<\/h3>\n<p>A h\u00fasv\u00e9ti b\u00e1r\u00e1ny J\u00e9zust, az \u00e1ldozati b\u00e1r\u00e1nyt jelk\u00e9pezi, \u00e9s az \u00fcnnep zsid\u00f3 gy\u00f6kereire utal, amikor a zsid\u00f3k az \u00f3testamentumban b\u00e1r\u00e1nyt \u00e1ldoztak els\u0151sz\u00fcl\u00f6tt fiaik megment\u00e9s\u00e9re.<\/p>\n<h3>Barka<\/h3>\n<p>Fontos h\u00fasv\u00e9ti jelk\u00e9p, a p\u00e1lma\u00e1gakat helyettes\u00edti, amelyekkel \u00fcdv\u00f6z\u00f6lte a n\u00e9p a Jeruzs\u00e1lembe bevonul\u00f3 J\u00e9zust. Ennek eml\u00e9k\u00e9re szentelik meg a bark\u00e1t vir\u00e1gvas\u00e1rnapj\u00e1n. A n\u00e9phagyom\u00e1nyban a megszentelt barka eresz al\u00e1 helyezve vill\u00e1mcsap\u00e1st\u00f3l \u0151rizte a h\u00e1zat.<\/p>\n<p><a href=\"https:\/\/www.danubiushotels.com\/hu\/magazin\/wp-content\/uploads\/2025\/02\/165762341_l.jpg\"><img loading=\"lazy\" decoding=\"async\" class=\"size-large wp-image-14083 aligncenter\" src=\"https:\/\/www.danubiushotels.com\/hu\/magazin\/wp-content\/uploads\/2025\/02\/165762341_l-1024x811.jpg\" alt=\"\" width=\"1024\" height=\"811\" srcset=\"https:\/\/www.danubiushotels.com\/hu\/magazin\/wp-content\/uploads\/2025\/02\/165762341_l-980x776.jpg 980w, https:\/\/www.danubiushotels.com\/hu\/magazin\/wp-content\/uploads\/2025\/02\/165762341_l-480x380.jpg 480w\" sizes=\"(min-width: 0px) and (max-width: 480px) 480px, (min-width: 481px) and (max-width: 980px) 980px, (min-width: 981px) 1024px, 100vw\" \/><\/a><\/p>\n<h3>H\u00fasv\u00e9ti locsol\u00e1s<\/h3>\n<p style=\"text-align: left;\">A h\u00fasv\u00e9ti locsolkod\u00e1s a ritu\u00e1lis megtisztul\u00e1s jelk\u00e9pe, r\u00e9gen bizony a k\u00fathoz, v\u00e1ly\u00fahoz hurcolt\u00e1k a fi\u00fak a l\u00e1nyokat, \u00e9s v\u00f6d\u00f6rsz\u00e1m \u00f6nt\u00f6tt\u00e9k r\u00e1juk a friss vizet. Manaps\u00e1g a k\u00f6lnivel val\u00f3 locsol\u00e1s szok\u00e1s\u00e1t \u00e9lj\u00fck, b\u00e1r falun \u00e9s a n\u00e9phagyom\u00e1nyokat \u0151rz\u0151 k\u00f6z\u00f6ss\u00e9gekben el\u0151ker\u00fclnek a v\u00edzzel teli v\u00f6dr\u00f6k.<\/p>\n<p><a href=\"https:\/\/www.danubiushotels.com\/hu\/magazin\/wp-content\/uploads\/2025\/02\/96801573_l_123RF.jpg\"><img loading=\"lazy\" decoding=\"async\" class=\"wp-image-14087 size-large\" src=\"https:\/\/www.danubiushotels.com\/hu\/magazin\/wp-content\/uploads\/2025\/02\/96801573_l_123RF-1024x683.jpg\" alt=\"\" width=\"1024\" height=\"683\" srcset=\"https:\/\/www.danubiushotels.com\/hu\/magazin\/wp-content\/uploads\/2025\/02\/96801573_l_123RF-980x653.jpg 980w, https:\/\/www.danubiushotels.com\/hu\/magazin\/wp-content\/uploads\/2025\/02\/96801573_l_123RF-480x320.jpg 480w\" sizes=\"(min-width: 0px) and (max-width: 480px) 480px, (min-width: 481px) and (max-width: 980px) 980px, (min-width: 981px) 1024px, 100vw\" \/><\/a><\/p>\n<h2><strong>H\u00fasv\u00e9ti men\u00fc<\/strong><\/h2>\n<p>Sonka, toj\u00e1s \u00e9s kal\u00e1cs. Ez az h\u00e1rom finoms\u00e1g eg\u00e9szen biztosan szerepel a csal\u00e1di h\u00fasv\u00e9ti asztal\u00e1n, term\u00e9szetesen sz\u00e1mtalan m\u00f3don elk\u00e9sz\u00edtve. Z\u00f6ldcs\u00fct\u00f6rt\u00f6k\u00f6n friss z\u00f6lds\u00e9geket, Nagyp\u00e9nteken halat esz\u00fcnk a b\u00f6jt szok\u00e1s\u00e1nak megfelel\u0151en, azt\u00e1n H\u00fasv\u00e9t vas\u00e1rnap \u00e9s h\u00e9tf\u0151n j\u00f6het az igazi h\u00fasv\u00e9ti lakoma.<\/p>\n<p>Mutatunk n\u00e9h\u00e1ny k\u00f6nnyen elk\u00e9sz\u00edthet\u0151 h\u00fasv\u00e9ti receptet:<\/p>\n<p><iframe loading=\"lazy\" title=\"Danubius Receptek - M\u00e9zes-must\u00e1ros k\u00f6t\u00f6z\u00f6tt sonka - Danubius Hotels Group\" width=\"1080\" height=\"608\" src=\"https:\/\/www.youtube.com\/embed\/mAgjTRhiPZQ?feature=oembed\"  allow=\"accelerometer; autoplay; clipboard-write; encrypted-media; gyroscope; picture-in-picture; web-share\" referrerpolicy=\"strict-origin-when-cross-origin\" allowfullscreen><\/iframe><\/p>\n<p><iframe loading=\"lazy\" title=\"Danubius Receptek - Rozmaringos b\u00e1r\u00e1nyborda - Danubius Hotels Group\" width=\"1080\" height=\"608\" src=\"https:\/\/www.youtube.com\/embed\/05K6nI66ZyA?feature=oembed\"  allow=\"accelerometer; autoplay; clipboard-write; encrypted-media; gyroscope; picture-in-picture; web-share\" referrerpolicy=\"strict-origin-when-cross-origin\" allowfullscreen><\/iframe><\/p>\n<h2>H\u00fasv\u00e9ti program tippek<\/h2>\n<p>A h\u00fasv\u00e9ti n\u00e9gy nap k\u00f6nnyed, m\u00e9gis tartalmas elt\u00f6lt\u00e9s\u00e9t \u00e9rdemes el\u0151re \u00e1tgondolni. Ha fontos, hogy a csal\u00e1d minden tagja pihenjen, \u00e9s az \u00e9desanya vagy a nagymama se a konyh\u00e1ban t\u00f6ltse az eg\u00e9sz hossz\u00fah\u00e9tv\u00e9g\u00e9t, akkor legjobb, ha sz\u00e1llod\u00e1ba mentek. V\u00e1lassz wellness sz\u00e1llod\u00e1t, v\u00e1rosi vagy balatoni sz\u00e1llod\u00e1t, a b\u00fcf\u00e9asztal \u00ednycsikland\u00f3 v\u00e1laszt\u00e9k\u00e1ban nem fogsz csal\u00f3dni. Nemcsak <a href=\"https:\/\/www.danubiushotels.com\/hu\/danubius-ajanlo\/all-inclusive-szallodak\" target=\"_blank\" rel=\"noopener\">az all inclusive sz\u00e1llod\u00e1k<\/a> aj\u00e1nlanak h\u00fasv\u00e9ti klasszikusokat vagy a tradicion\u00e1lis alapanyagokb\u00f3l elk\u00e9sz\u00edtett specialit\u00e1sokat, eg\u00e9szen biztos, hogy mindenhol lesz h\u00fasv\u00e9ti sonka, esetleg vend\u00e9g el\u0151tt szeletelve, lesz f\u0151t toj\u00e1s \u00e9s oml\u00f3s kal\u00e1cs, de sz\u00e1m\u00edthatsz b\u00e1r\u00e1nyra \u00e9s halas fog\u00e1sokra is.<br \/>\nNe sok\u00e1ig h\u00fazd a sz\u00e1llodai szoba lefoglal\u00e1s\u00e1t, hiszen a h\u00fasv\u00e9t kiemelt \u00fcnnep, \u00fcnnepi hossz\u00fah\u00e9tv\u00e9ge, teh\u00e1t sokan v\u00e1lasztj\u00e1k majd a sz\u00e1llodai kikapcsol\u00f3d\u00e1s k\u00e9nyelm\u00e9t, ann\u00e1l is ink\u00e1bb, mert a tavaszi iskolasz\u00fcnet &#8211; id\u00e9n 2025. \u00e1prilis 17-27. k\u00f6z\u00f6tt &#8211; is sok csal\u00e1dot vonz a <a href=\"https:\/\/www.danubiushotels.com\/hu\/danubius-ajanlo\/gyerekvilag\/danubius-bubbles-club\" target=\"_blank\" rel=\"noopener\">gyerekbar\u00e1t sz\u00e1llod\u00e1kba.\u00a0<\/a><\/p>\n<p><span class=\"ui-provider a b c d e f g h i j k l m n o p q r s t u v w x y z ab ac ae af ag ah ai aj ak\" dir=\"ltr\">T\u00f6ltsd meg a h\u00fasv\u00e9tot pihentet\u0151 \u00e9s kulin\u00e1ris \u00e9lm\u00e9nyekkel! <a class=\"fui-Link ___1rxvrpe f2hkw1w f3rmtva f1ewtqcl fyind8e f1k6fduh f1w7gpdv fk6fouc fjoy568 figsok6 f1hu3pq6 f11qmguv f19f4twv f1tyq0we f1g0x7ka fhxju0i f1qch9an f1cnd47f fqv5qza f1vmzxwi f1o700av f13mvf36 f1cmlufx f9n3di6 f1ids18y f1tx3yz7 f1deo86v f1eh06m1 f1iescvh fhgqx19 f1olyrje f1p93eir f1nev41a f1h8hb77 f1lqvz6u f10aw75t fsle3fq f17ae5zn\" title=\"https:\/\/www.danubiushotels.com\/hu\/danubius-ajanlo\/tavaszi-nagy-lazitas\" href=\"https:\/\/www.danubiushotels.com\/hu\/danubius-ajanlo\/tavaszi-nagy-lazitas\" target=\"_blank\" rel=\"noreferrer noopener\" aria-label=\"Hivatkoz\u00e1s: V\u00e1logasson kedvez\u0151 tavaszi aj\u00e1nlataink k\u00f6z\u00fcl\">V\u00e1logass kedvez\u0151 tavaszi aj\u00e1nlataink k\u00f6z\u00fcl<\/a> \u00e9s foglald le csal\u00e1di, vagy p\u00e1ros felt\u00f6lt\u0151d\u00e9sedet tov\u00e1bbi 10% kedvezm\u00e9nnyel a <a href=\"https:\/\/www.danubiushotels.com\/hu\">danubiushotels.com<\/a>-on.<\/span><\/p>\n<p style=\"text-align: left;\"><a href=\"https:\/\/www.danubiushotels.com\/hu\/magazin\/wp-content\/uploads\/2025\/02\/AND_3712-scaled.jpg\"><img loading=\"lazy\" decoding=\"async\" class=\"wp-image-13552 size-large aligncenter\" src=\"https:\/\/www.danubiushotels.com\/hu\/magazin\/wp-content\/uploads\/2025\/02\/AND_3712-1024x684.jpg\" alt=\"\" width=\"1024\" height=\"684\" srcset=\"https:\/\/www.danubiushotels.com\/hu\/magazin\/wp-content\/uploads\/2025\/02\/AND_3712-980x654.jpg 980w, https:\/\/www.danubiushotels.com\/hu\/magazin\/wp-content\/uploads\/2025\/02\/AND_3712-480x320.jpg 480w\" sizes=\"(min-width: 0px) and (max-width: 480px) 480px, (min-width: 481px) and (max-width: 980px) 980px, (min-width: 981px) 1024px, 100vw\" \/><\/a><\/p>\n<p>&nbsp;<\/p>\n","protected":false},"excerpt":{"rendered":"<p>H\u00fasv\u00e9tra gondolva nagyon sok minden esz\u00fcnkbe jut. A tavasz, a felt\u00e1mad\u00e1s, a barka, a tavaszi sz\u00fcnet, a 40 napos b\u00f6jt v\u00e9ge, a finom sonka \u00e9s a kal\u00e1cs, a piros toj\u00e1s, a locsol\u00f3k, a b\u00e1r\u00e1ny \u00e9s a hal, a hossz\u00fah\u00e9tv\u00e9ge. \u00dcnnep ez a jav\u00e1b\u00f3l, amire minden \u00e9vben, tal\u00e1n m\u00e1r janu\u00e1r \u00f3ta k\u00e9sz\u00fcl\u00fcnk. Sz\u00e1mon tartjuk az id\u0151pontj\u00e1t, [&hellip;]<\/p>\n","protected":false},"author":5,"featured_media":13539,"comment_status":"closed","ping_status":"open","sticky":false,"template":"","format":"standard","meta":{"_acf_changed":false,"_et_pb_use_builder":"","_et_pb_old_content":"","_et_gb_content_width":"","footnotes":""},"categories":[6,1018,3,4],"tags":[971,1180,793,131,969,972,974,968,970,575,973],"class_list":["post-8492","post","type-post","status-publish","format-standard","has-post-thumbnail","hentry","category-etel-ital","category-kirandulohelyek","category-programajanlo","category-szallodavilag","tag-barany","tag-hu","tag-hu-cimlap","tag-husvet","tag-husvet-vasarnap","tag-husveti-menu","tag-katolikus","tag-nagypentek","tag-sonka","tag-tavaszi-szunet","tag-zsido"],"acf":[],"yoast_head":"<!-- This site is optimized with the Yoast SEO plugin v27.4 - https:\/\/yoast.com\/product\/yoast-seo-wordpress\/ -->\n<title>H\u00fasv\u00e9t \u2013 minden, amit tudnod kell a tavasz \u00fcnnep\u00e9r\u0151l - Danubius Magazin<\/title>\n<meta name=\"robots\" content=\"index, follow, max-snippet:-1, max-image-preview:large, max-video-preview:-1\" \/>\n<link rel=\"canonical\" href=\"https:\/\/www.danubiushotels.com\/hu\/magazin\/husvet\" \/>\n<meta property=\"og:locale\" content=\"hu_HU\" \/>\n<meta property=\"og:type\" content=\"article\" \/>\n<meta property=\"og:title\" content=\"H\u00fasv\u00e9t \u2013 minden, amit tudnod kell a tavasz \u00fcnnep\u00e9r\u0151l - Danubius Magazin\" \/>\n<meta property=\"og:description\" content=\"H\u00fasv\u00e9tra gondolva nagyon sok minden esz\u00fcnkbe jut. A tavasz, a felt\u00e1mad\u00e1s, a barka, a tavaszi sz\u00fcnet, a 40 napos b\u00f6jt v\u00e9ge, a finom sonka \u00e9s a kal\u00e1cs, a piros toj\u00e1s, a locsol\u00f3k, a b\u00e1r\u00e1ny \u00e9s a hal, a hossz\u00fah\u00e9tv\u00e9ge. \u00dcnnep ez a jav\u00e1b\u00f3l, amire minden \u00e9vben, tal\u00e1n m\u00e1r janu\u00e1r \u00f3ta k\u00e9sz\u00fcl\u00fcnk. Sz\u00e1mon tartjuk az id\u0151pontj\u00e1t, [&hellip;]\" \/>\n<meta property=\"og:url\" content=\"https:\/\/www.danubiushotels.com\/hu\/magazin\/husvet\" \/>\n<meta property=\"og:site_name\" content=\"Danubius Magazin\" \/>\n<meta property=\"article:published_time\" content=\"2025-02-19T06:00:41+00:00\" \/>\n<meta property=\"article:modified_time\" content=\"2025-12-19T11:48:21+00:00\" \/>\n<meta property=\"og:image\" content=\"https:\/\/www.danubiushotels.com\/hu\/magazin\/wp-content\/uploads\/2025\/02\/206250388_m.jpg\" \/>\n\t<meta property=\"og:image:width\" content=\"2508\" \/>\n\t<meta property=\"og:image:height\" content=\"1672\" \/>\n\t<meta property=\"og:image:type\" content=\"image\/jpeg\" \/>\n<meta name=\"author\" content=\"Marianna M\u00e9sz\u00e1ros\" \/>\n<meta name=\"twitter:card\" content=\"summary_large_image\" \/>\n<meta name=\"twitter:label1\" content=\"Szerz\u0151:\" \/>\n\t<meta name=\"twitter:data1\" content=\"Marianna M\u00e9sz\u00e1ros\" \/>\n\t<meta name=\"twitter:label2\" content=\"Becs\u00fclt olvas\u00e1si id\u0151\" \/>\n\t<meta name=\"twitter:data2\" content=\"6 perc\" \/>\n<script type=\"application\/ld+json\" class=\"yoast-schema-graph\">{\"@context\":\"https:\\\/\\\/schema.org\",\"@graph\":[{\"@type\":\"Article\",\"@id\":\"https:\\\/\\\/www.danubiushotels.com\\\/hu\\\/magazin\\\/husvet#article\",\"isPartOf\":{\"@id\":\"https:\\\/\\\/www.danubiushotels.com\\\/hu\\\/magazin\\\/husvet\"},\"author\":{\"name\":\"Marianna M\u00e9sz\u00e1ros\",\"@id\":\"https:\\\/\\\/www.danubiushotels.com\\\/hu\\\/magazin\\\/#\\\/schema\\\/person\\\/7bddefb0320520297846271438d121ef\"},\"headline\":\"H\u00fasv\u00e9t \u2013 minden, amit tudnod kell a tavasz \u00fcnnep\u00e9r\u0151l\",\"datePublished\":\"2025-02-19T06:00:41+00:00\",\"dateModified\":\"2025-12-19T11:48:21+00:00\",\"mainEntityOfPage\":{\"@id\":\"https:\\\/\\\/www.danubiushotels.com\\\/hu\\\/magazin\\\/husvet\"},\"wordCount\":1202,\"image\":{\"@id\":\"https:\\\/\\\/www.danubiushotels.com\\\/hu\\\/magazin\\\/husvet#primaryimage\"},\"thumbnailUrl\":\"https:\\\/\\\/www.danubiushotels.com\\\/hu\\\/magazin\\\/wp-content\\\/uploads\\\/2025\\\/02\\\/206250388_m.jpg\",\"keywords\":[\"b\u00e1r\u00e1ny\",\"hu\",\"HU-C\u00edmlap\",\"h\u00fasv\u00e9t\",\"h\u00fasv\u00e9t vas\u00e1rnap\",\"h\u00fasv\u00e9ti men\u00fc\",\"katolikus\",\"nagyp\u00e9ntek\",\"sonka\",\"tavaszi sz\u00fcnet\",\"zsid\u00f3\"],\"articleSection\":[\"\u00c9tel-Ital\",\"Kir\u00e1ndul\u00f3helyek\",\"Programaj\u00e1nl\u00f3\",\"Sz\u00e1llodavil\u00e1g\"],\"inLanguage\":\"hu\"},{\"@type\":\"WebPage\",\"@id\":\"https:\\\/\\\/www.danubiushotels.com\\\/hu\\\/magazin\\\/husvet\",\"url\":\"https:\\\/\\\/www.danubiushotels.com\\\/hu\\\/magazin\\\/husvet\",\"name\":\"H\u00fasv\u00e9t \u2013 minden, amit tudnod kell a tavasz \u00fcnnep\u00e9r\u0151l - Danubius Magazin\",\"isPartOf\":{\"@id\":\"https:\\\/\\\/www.danubiushotels.com\\\/hu\\\/magazin\\\/#website\"},\"primaryImageOfPage\":{\"@id\":\"https:\\\/\\\/www.danubiushotels.com\\\/hu\\\/magazin\\\/husvet#primaryimage\"},\"image\":{\"@id\":\"https:\\\/\\\/www.danubiushotels.com\\\/hu\\\/magazin\\\/husvet#primaryimage\"},\"thumbnailUrl\":\"https:\\\/\\\/www.danubiushotels.com\\\/hu\\\/magazin\\\/wp-content\\\/uploads\\\/2025\\\/02\\\/206250388_m.jpg\",\"datePublished\":\"2025-02-19T06:00:41+00:00\",\"dateModified\":\"2025-12-19T11:48:21+00:00\",\"author\":{\"@id\":\"https:\\\/\\\/www.danubiushotels.com\\\/hu\\\/magazin\\\/#\\\/schema\\\/person\\\/7bddefb0320520297846271438d121ef\"},\"breadcrumb\":{\"@id\":\"https:\\\/\\\/www.danubiushotels.com\\\/hu\\\/magazin\\\/husvet#breadcrumb\"},\"inLanguage\":\"hu\",\"potentialAction\":[{\"@type\":\"ReadAction\",\"target\":[\"https:\\\/\\\/www.danubiushotels.com\\\/hu\\\/magazin\\\/husvet\"]}]},{\"@type\":\"ImageObject\",\"inLanguage\":\"hu\",\"@id\":\"https:\\\/\\\/www.danubiushotels.com\\\/hu\\\/magazin\\\/husvet#primaryimage\",\"url\":\"https:\\\/\\\/www.danubiushotels.com\\\/hu\\\/magazin\\\/wp-content\\\/uploads\\\/2025\\\/02\\\/206250388_m.jpg\",\"contentUrl\":\"https:\\\/\\\/www.danubiushotels.com\\\/hu\\\/magazin\\\/wp-content\\\/uploads\\\/2025\\\/02\\\/206250388_m.jpg\",\"width\":2508,\"height\":1672,\"caption\":\"Little child with basket of Easter eggs in park, closeup\"},{\"@type\":\"BreadcrumbList\",\"@id\":\"https:\\\/\\\/www.danubiushotels.com\\\/hu\\\/magazin\\\/husvet#breadcrumb\",\"itemListElement\":[{\"@type\":\"ListItem\",\"position\":1,\"name\":\"Home\",\"item\":\"https:\\\/\\\/www.danubiushotels.com\\\/hu\\\/magazin\\\/\"},{\"@type\":\"ListItem\",\"position\":2,\"name\":\"H\u00fasv\u00e9t \u2013 minden, amit tudnod kell a tavasz \u00fcnnep\u00e9r\u0151l\"}]},{\"@type\":\"WebSite\",\"@id\":\"https:\\\/\\\/www.danubiushotels.com\\\/hu\\\/magazin\\\/#website\",\"url\":\"https:\\\/\\\/www.danubiushotels.com\\\/hu\\\/magazin\\\/\",\"name\":\"Danubius Magazin\",\"description\":\"Mindig van alkalom a pihen\u00e9sre...\",\"potentialAction\":[{\"@type\":\"SearchAction\",\"target\":{\"@type\":\"EntryPoint\",\"urlTemplate\":\"https:\\\/\\\/www.danubiushotels.com\\\/hu\\\/magazin\\\/?s={search_term_string}\"},\"query-input\":{\"@type\":\"PropertyValueSpecification\",\"valueRequired\":true,\"valueName\":\"search_term_string\"}}],\"inLanguage\":\"hu\"},{\"@type\":\"Person\",\"@id\":\"https:\\\/\\\/www.danubiushotels.com\\\/hu\\\/magazin\\\/#\\\/schema\\\/person\\\/7bddefb0320520297846271438d121ef\",\"name\":\"Marianna M\u00e9sz\u00e1ros\",\"image\":{\"@type\":\"ImageObject\",\"inLanguage\":\"hu\",\"@id\":\"https:\\\/\\\/secure.gravatar.com\\\/avatar\\\/46ffba47041ef80e10b0c8e0855ed9bb42317f85b18f75e07b6344dc052f1169?s=96&d=mm&r=g\",\"url\":\"https:\\\/\\\/secure.gravatar.com\\\/avatar\\\/46ffba47041ef80e10b0c8e0855ed9bb42317f85b18f75e07b6344dc052f1169?s=96&d=mm&r=g\",\"contentUrl\":\"https:\\\/\\\/secure.gravatar.com\\\/avatar\\\/46ffba47041ef80e10b0c8e0855ed9bb42317f85b18f75e07b6344dc052f1169?s=96&d=mm&r=g\",\"caption\":\"Marianna M\u00e9sz\u00e1ros\"},\"url\":\"https:\\\/\\\/www.danubiushotels.com\\\/hu\\\/magazin\\\/author\\\/meszarosmarianna\"}]}<\/script>\n<!-- \/ Yoast SEO plugin. -->","yoast_head_json":{"title":"H\u00fasv\u00e9t \u2013 minden, amit tudnod kell a tavasz \u00fcnnep\u00e9r\u0151l - Danubius Magazin","robots":{"index":"index","follow":"follow","max-snippet":"max-snippet:-1","max-image-preview":"max-image-preview:large","max-video-preview":"max-video-preview:-1"},"canonical":"https:\/\/www.danubiushotels.com\/hu\/magazin\/husvet","og_locale":"hu_HU","og_type":"article","og_title":"H\u00fasv\u00e9t \u2013 minden, amit tudnod kell a tavasz \u00fcnnep\u00e9r\u0151l - Danubius Magazin","og_description":"H\u00fasv\u00e9tra gondolva nagyon sok minden esz\u00fcnkbe jut. A tavasz, a felt\u00e1mad\u00e1s, a barka, a tavaszi sz\u00fcnet, a 40 napos b\u00f6jt v\u00e9ge, a finom sonka \u00e9s a kal\u00e1cs, a piros toj\u00e1s, a locsol\u00f3k, a b\u00e1r\u00e1ny \u00e9s a hal, a hossz\u00fah\u00e9tv\u00e9ge. \u00dcnnep ez a jav\u00e1b\u00f3l, amire minden \u00e9vben, tal\u00e1n m\u00e1r janu\u00e1r \u00f3ta k\u00e9sz\u00fcl\u00fcnk. Sz\u00e1mon tartjuk az id\u0151pontj\u00e1t, [&hellip;]","og_url":"https:\/\/www.danubiushotels.com\/hu\/magazin\/husvet","og_site_name":"Danubius Magazin","article_published_time":"2025-02-19T06:00:41+00:00","article_modified_time":"2025-12-19T11:48:21+00:00","og_image":[{"width":2508,"height":1672,"url":"https:\/\/www.danubiushotels.com\/hu\/magazin\/wp-content\/uploads\/2025\/02\/206250388_m.jpg","type":"image\/jpeg"}],"author":"Marianna M\u00e9sz\u00e1ros","twitter_card":"summary_large_image","twitter_misc":{"Szerz\u0151:":"Marianna M\u00e9sz\u00e1ros","Becs\u00fclt olvas\u00e1si id\u0151":"6 perc"},"schema":{"@context":"https:\/\/schema.org","@graph":[{"@type":"Article","@id":"https:\/\/www.danubiushotels.com\/hu\/magazin\/husvet#article","isPartOf":{"@id":"https:\/\/www.danubiushotels.com\/hu\/magazin\/husvet"},"author":{"name":"Marianna M\u00e9sz\u00e1ros","@id":"https:\/\/www.danubiushotels.com\/hu\/magazin\/#\/schema\/person\/7bddefb0320520297846271438d121ef"},"headline":"H\u00fasv\u00e9t \u2013 minden, amit tudnod kell a tavasz \u00fcnnep\u00e9r\u0151l","datePublished":"2025-02-19T06:00:41+00:00","dateModified":"2025-12-19T11:48:21+00:00","mainEntityOfPage":{"@id":"https:\/\/www.danubiushotels.com\/hu\/magazin\/husvet"},"wordCount":1202,"image":{"@id":"https:\/\/www.danubiushotels.com\/hu\/magazin\/husvet#primaryimage"},"thumbnailUrl":"https:\/\/www.danubiushotels.com\/hu\/magazin\/wp-content\/uploads\/2025\/02\/206250388_m.jpg","keywords":["b\u00e1r\u00e1ny","hu","HU-C\u00edmlap","h\u00fasv\u00e9t","h\u00fasv\u00e9t vas\u00e1rnap","h\u00fasv\u00e9ti men\u00fc","katolikus","nagyp\u00e9ntek","sonka","tavaszi sz\u00fcnet","zsid\u00f3"],"articleSection":["\u00c9tel-Ital","Kir\u00e1ndul\u00f3helyek","Programaj\u00e1nl\u00f3","Sz\u00e1llodavil\u00e1g"],"inLanguage":"hu"},{"@type":"WebPage","@id":"https:\/\/www.danubiushotels.com\/hu\/magazin\/husvet","url":"https:\/\/www.danubiushotels.com\/hu\/magazin\/husvet","name":"H\u00fasv\u00e9t \u2013 minden, amit tudnod kell a tavasz \u00fcnnep\u00e9r\u0151l - Danubius Magazin","isPartOf":{"@id":"https:\/\/www.danubiushotels.com\/hu\/magazin\/#website"},"primaryImageOfPage":{"@id":"https:\/\/www.danubiushotels.com\/hu\/magazin\/husvet#primaryimage"},"image":{"@id":"https:\/\/www.danubiushotels.com\/hu\/magazin\/husvet#primaryimage"},"thumbnailUrl":"https:\/\/www.danubiushotels.com\/hu\/magazin\/wp-content\/uploads\/2025\/02\/206250388_m.jpg","datePublished":"2025-02-19T06:00:41+00:00","dateModified":"2025-12-19T11:48:21+00:00","author":{"@id":"https:\/\/www.danubiushotels.com\/hu\/magazin\/#\/schema\/person\/7bddefb0320520297846271438d121ef"},"breadcrumb":{"@id":"https:\/\/www.danubiushotels.com\/hu\/magazin\/husvet#breadcrumb"},"inLanguage":"hu","potentialAction":[{"@type":"ReadAction","target":["https:\/\/www.danubiushotels.com\/hu\/magazin\/husvet"]}]},{"@type":"ImageObject","inLanguage":"hu","@id":"https:\/\/www.danubiushotels.com\/hu\/magazin\/husvet#primaryimage","url":"https:\/\/www.danubiushotels.com\/hu\/magazin\/wp-content\/uploads\/2025\/02\/206250388_m.jpg","contentUrl":"https:\/\/www.danubiushotels.com\/hu\/magazin\/wp-content\/uploads\/2025\/02\/206250388_m.jpg","width":2508,"height":1672,"caption":"Little child with basket of Easter eggs in park, closeup"},{"@type":"BreadcrumbList","@id":"https:\/\/www.danubiushotels.com\/hu\/magazin\/husvet#breadcrumb","itemListElement":[{"@type":"ListItem","position":1,"name":"Home","item":"https:\/\/www.danubiushotels.com\/hu\/magazin\/"},{"@type":"ListItem","position":2,"name":"H\u00fasv\u00e9t \u2013 minden, amit tudnod kell a tavasz \u00fcnnep\u00e9r\u0151l"}]},{"@type":"WebSite","@id":"https:\/\/www.danubiushotels.com\/hu\/magazin\/#website","url":"https:\/\/www.danubiushotels.com\/hu\/magazin\/","name":"Danubius Magazin","description":"Mindig van alkalom a pihen\u00e9sre...","potentialAction":[{"@type":"SearchAction","target":{"@type":"EntryPoint","urlTemplate":"https:\/\/www.danubiushotels.com\/hu\/magazin\/?s={search_term_string}"},"query-input":{"@type":"PropertyValueSpecification","valueRequired":true,"valueName":"search_term_string"}}],"inLanguage":"hu"},{"@type":"Person","@id":"https:\/\/www.danubiushotels.com\/hu\/magazin\/#\/schema\/person\/7bddefb0320520297846271438d121ef","name":"Marianna M\u00e9sz\u00e1ros","image":{"@type":"ImageObject","inLanguage":"hu","@id":"https:\/\/secure.gravatar.com\/avatar\/46ffba47041ef80e10b0c8e0855ed9bb42317f85b18f75e07b6344dc052f1169?s=96&d=mm&r=g","url":"https:\/\/secure.gravatar.com\/avatar\/46ffba47041ef80e10b0c8e0855ed9bb42317f85b18f75e07b6344dc052f1169?s=96&d=mm&r=g","contentUrl":"https:\/\/secure.gravatar.com\/avatar\/46ffba47041ef80e10b0c8e0855ed9bb42317f85b18f75e07b6344dc052f1169?s=96&d=mm&r=g","caption":"Marianna M\u00e9sz\u00e1ros"},"url":"https:\/\/www.danubiushotels.com\/hu\/magazin\/author\/meszarosmarianna"}]}},"_links":{"self":[{"href":"https:\/\/www.danubiushotels.com\/hu\/magazin\/wp-json\/wp\/v2\/posts\/8492","targetHints":{"allow":["GET"]}}],"collection":[{"href":"https:\/\/www.danubiushotels.com\/hu\/magazin\/wp-json\/wp\/v2\/posts"}],"about":[{"href":"https:\/\/www.danubiushotels.com\/hu\/magazin\/wp-json\/wp\/v2\/types\/post"}],"author":[{"embeddable":true,"href":"https:\/\/www.danubiushotels.com\/hu\/magazin\/wp-json\/wp\/v2\/users\/5"}],"replies":[{"embeddable":true,"href":"https:\/\/www.danubiushotels.com\/hu\/magazin\/wp-json\/wp\/v2\/comments?post=8492"}],"version-history":[{"count":8,"href":"https:\/\/www.danubiushotels.com\/hu\/magazin\/wp-json\/wp\/v2\/posts\/8492\/revisions"}],"predecessor-version":[{"id":14088,"href":"https:\/\/www.danubiushotels.com\/hu\/magazin\/wp-json\/wp\/v2\/posts\/8492\/revisions\/14088"}],"wp:featuredmedia":[{"embeddable":true,"href":"https:\/\/www.danubiushotels.com\/hu\/magazin\/wp-json\/wp\/v2\/media\/13539"}],"wp:attachment":[{"href":"https:\/\/www.danubiushotels.com\/hu\/magazin\/wp-json\/wp\/v2\/media?parent=8492"}],"wp:term":[{"taxonomy":"category","embeddable":true,"href":"https:\/\/www.danubiushotels.com\/hu\/magazin\/wp-json\/wp\/v2\/categories?post=8492"},{"taxonomy":"post_tag","embeddable":true,"href":"https:\/\/www.danubiushotels.com\/hu\/magazin\/wp-json\/wp\/v2\/tags?post=8492"}],"curies":[{"name":"wp","href":"https:\/\/api.w.org\/{rel}","templated":true}]}}