{"id":12108,"date":"2023-03-06T10:03:06","date_gmt":"2023-03-06T08:03:06","guid":{"rendered":"https:\/\/www.danubiushotels.com\/hu\/mozaik\/?p=12108"},"modified":"2024-09-09T13:59:14","modified_gmt":"2024-09-09T11:59:14","slug":"radisson-blu-beke-hotel-110-szuletesnap","status":"publish","type":"post","link":"https:\/\/www.danubiushotels.com\/hu\/mozaik\/radisson-blu-beke-hotel-110-szuletesnap","title":{"rendered":"Radisson Blu B\u00e9ke Hotel &#8211; 110. sz\u00fclet\u00e9snap"},"content":{"rendered":"<p>Id\u00e9n \u00fcnnepli 110. sz\u00fclet\u00e9snapj\u00e1t az egykori Britannia Sz\u00e1ll\u00f3, mai nev\u00e9n <a href=\"https:\/\/www.danubiushotels.com\/hu\/szallodak-budapest\/radisson-blu-beke-hotel\">Radisson Blu B\u00e9ke Hotel<\/a>. Ebb\u0151l az alkalomb\u00f3l t\u00f6bb sz\u00ednvonalas gasztron\u00f3miai \u00e9s kultur\u00e1lis esem\u00e9nnyel v\u00e1rjuk vend\u00e9geinket.<\/p>\n<p style=\"text-align: left;\"><a href=\"https:\/\/www.danubiushotels.com\/hu\/mozaik\/wp-content\/uploads\/2023\/03\/Be\u0301ke_ku\u0308lso\u030b-1.jpg\"><img loading=\"lazy\" decoding=\"async\" class=\"aligncenter wp-image-12109 size-full\" src=\"https:\/\/www.danubiushotels.com\/hu\/mozaik\/wp-content\/uploads\/2023\/03\/Be\u0301ke_ku\u0308lso\u030b-1.jpg\" alt=\"\" width=\"1556\" height=\"1038\" srcset=\"https:\/\/www.danubiushotels.com\/hu\/mozaik\/wp-content\/uploads\/2023\/03\/Be\u0301ke_ku\u0308lso\u030b-1.jpg 1556w, https:\/\/www.danubiushotels.com\/hu\/mozaik\/wp-content\/uploads\/2023\/03\/Be\u0301ke_ku\u0308lso\u030b-1-300x200.jpg 300w, https:\/\/www.danubiushotels.com\/hu\/mozaik\/wp-content\/uploads\/2023\/03\/Be\u0301ke_ku\u0308lso\u030b-1-1024x683.jpg 1024w, https:\/\/www.danubiushotels.com\/hu\/mozaik\/wp-content\/uploads\/2023\/03\/Be\u0301ke_ku\u0308lso\u030b-1-768x512.jpg 768w, https:\/\/www.danubiushotels.com\/hu\/mozaik\/wp-content\/uploads\/2023\/03\/Be\u0301ke_ku\u0308lso\u030b-1-1536x1025.jpg 1536w\" sizes=\"(max-width: 1556px) 100vw, 1556px\" \/><\/a>N\u00e9gy h\u00f3napon kereszt\u00fcl <a href=\"https:\/\/webshop.danubiushotels.com\/hu\/shop\/elmenyvacsora\">h\u00e9tfog\u00e1sos vacsoraesteket<\/a>, <a href=\"https:\/\/webshop.danubiushotels.com\/hu\/shop\/otorai_tea\">angol tead\u00e9lut\u00e1nokat<\/a> \u00e9s sz\u00e1llodai kalandprogramokat tartunk a jubileum alkalm\u00e1b\u00f3l.<\/p>\n<p>A k\u00fcl\u00f6nleges, 7 fog\u00e1sos vacsoraest egy t\u00e9rben \u00e9s id\u0151ben t\u00f6rt\u00e9n\u0151 gasztr\u00f3n\u00f3miai utaz\u00e1sra cs\u00e1b\u00edtja a vend\u00e9geket, mely sor\u00e1n megismerkedhet\u00fcnk a sz\u00e1lloda legend\u00e1s m\u00faltj\u00e1val \u00e9s bepillant\u00e1st nyerhet\u00fcnk a kulissz\u00e1k m\u00f6g\u00e9 is. A vacsor\u00e1t \u00e9s a hozz\u00e1 Herczeg \u00c1gnes \u00e1ltal v\u00e1lasztott borv\u00e1logat\u00e1st z\u00e1rtk\u00f6r\u0171 vacsoraesten, alkalmank\u00e9nt maximum 14 f\u0151 sz\u00e1m\u00e1ra szolg\u00e1lj\u00e1k fel. <a href=\"https:\/\/webshop.danubiushotels.com\/hu\/shop\/elmenyvacsora\">Online jegyv\u00e1s\u00e1rl\u00e1s &gt;<\/a><\/p>\n<p><a href=\"https:\/\/www.danubiushotels.com\/hu\/mozaik\/wp-content\/uploads\/2023\/03\/Zsolnay-Cafe_Wintergarden-3-scaled.jpg\"><img loading=\"lazy\" decoding=\"async\" class=\"aligncenter wp-image-12111 size-full\" src=\"https:\/\/www.danubiushotels.com\/hu\/mozaik\/wp-content\/uploads\/2023\/03\/Zsolnay-Cafe_Wintergarden-3-scaled.jpg\" alt=\"\" width=\"2560\" height=\"1707\" srcset=\"https:\/\/www.danubiushotels.com\/hu\/mozaik\/wp-content\/uploads\/2023\/03\/Zsolnay-Cafe_Wintergarden-3-scaled.jpg 2560w, https:\/\/www.danubiushotels.com\/hu\/mozaik\/wp-content\/uploads\/2023\/03\/Zsolnay-Cafe_Wintergarden-3-300x200.jpg 300w, https:\/\/www.danubiushotels.com\/hu\/mozaik\/wp-content\/uploads\/2023\/03\/Zsolnay-Cafe_Wintergarden-3-1024x683.jpg 1024w, https:\/\/www.danubiushotels.com\/hu\/mozaik\/wp-content\/uploads\/2023\/03\/Zsolnay-Cafe_Wintergarden-3-768x512.jpg 768w, https:\/\/www.danubiushotels.com\/hu\/mozaik\/wp-content\/uploads\/2023\/03\/Zsolnay-Cafe_Wintergarden-3-1536x1024.jpg 1536w, https:\/\/www.danubiushotels.com\/hu\/mozaik\/wp-content\/uploads\/2023\/03\/Zsolnay-Cafe_Wintergarden-3-2048x1365.jpg 2048w\" sizes=\"(max-width: 2560px) 100vw, 2560px\" \/><\/a><\/p>\n<p>A klasszikus, hamis\u00edtatlan angol tead\u00e9lut\u00e1n a hajdani Britannia Sz\u00e1ll\u00f3 sz\u00fclet\u00e9s\u00e9nek \u00e1ll\u00edt eml\u00e9ket, st\u00edlusosan Zsolnay porcel\u00e1nban. A hagyom\u00e1ny szerint Vikt\u00f3ria kir\u00e1lyn\u0151 udvarh\u00f6lgye, bedfordi Anna sokallta a f\u0151\u00e9tkez\u00e9sek k\u00f6z\u00f6tt eltelt id\u0151t, ez\u00e9rt te\u00e1t \u00e9s szendvicset, vagy p\u00e9ks\u00fctem\u00e9nyt fogyasztott bar\u00e1tn\u0151ivel. Teremtsen \u00d6n is hagyom\u00e1nyt \u00e9s \u00e9lvezze a te\u00e1t egy d\u00e9lut\u00e1ni tal\u00e1lkoz\u00f3 alkalm\u00e1val!<br \/>\nK\u00e9zm\u0171ves szendvicsekkel, bonbonokkal, kekszekkel \u00e9s finom te\u00e1val, k\u00e1v\u00e9val v\u00e1rjuk a bet\u00e9r\u0151ket. Jegyek 2 f\u0151 r\u00e9sz\u00e9re <a href=\"https:\/\/webshop.danubiushotels.com\/hu\/shop\/otorai_tea\/zsolnay_otorai_tea_ket_fo_reszere\">online is megv\u00e1s\u00e1rolhat\u00f3k<\/a>.<\/p>\n<p><a href=\"https:\/\/www.danubiushotels.com\/hu\/mozaik\/wp-content\/uploads\/2023\/03\/High_Tea-013-scaled.jpg\"><img loading=\"lazy\" decoding=\"async\" class=\"aligncenter wp-image-12110 size-full\" src=\"https:\/\/www.danubiushotels.com\/hu\/mozaik\/wp-content\/uploads\/2023\/03\/High_Tea-013-scaled.jpg\" alt=\"\" width=\"2560\" height=\"1703\" srcset=\"https:\/\/www.danubiushotels.com\/hu\/mozaik\/wp-content\/uploads\/2023\/03\/High_Tea-013-scaled.jpg 2560w, https:\/\/www.danubiushotels.com\/hu\/mozaik\/wp-content\/uploads\/2023\/03\/High_Tea-013-300x200.jpg 300w, https:\/\/www.danubiushotels.com\/hu\/mozaik\/wp-content\/uploads\/2023\/03\/High_Tea-013-1024x681.jpg 1024w, https:\/\/www.danubiushotels.com\/hu\/mozaik\/wp-content\/uploads\/2023\/03\/High_Tea-013-768x511.jpg 768w, https:\/\/www.danubiushotels.com\/hu\/mozaik\/wp-content\/uploads\/2023\/03\/High_Tea-013-1536x1022.jpg 1536w\" sizes=\"(max-width: 2560px) 100vw, 2560px\" \/><\/a><\/p>\n<p>A sz\u00fclet\u00e9snapi \u00fcnneps\u00e9gsorozat esem\u00e9nyei megid\u00e9zik az ikonikus sz\u00e1ll\u00f3 kultur\u00e1lis \u00e9s m\u0171v\u00e9szeti eml\u00e9keit, \u00e9s a k\u00fcl\u00f6nleges gasztron\u00f3miai utaz\u00e1sok sor\u00e1n, a legend\u00e1s sz\u00e1lloda \u00e9s a k\u00e9zm\u0171ves hagyom\u00e1nyair\u00f3l h\u00edres<br \/>\n<a href=\"https:\/\/www.zsolnaycafe.hu\/\">Zsolnay K\u00e1v\u00e9h\u00e1z<\/a> m\u00faltj\u00e1t is.<\/p>\n<p>A sz\u00e1lloda t\u00f6rt\u00e9nete 1913-ig ny\u00falik vissza. Ugyanis ekkor alap\u00edtotta meg nyugati utaz\u00e1s\u00e1b\u00f3l visszat\u00e9rve F\u00e1bri Henrik, k\u00e1v\u00e9keresked\u0151 a Britannia Sz\u00e1ll\u00f3t. A hotel kor\u00e1bban egy Ter\u00e9z k\u00f6r\u00fati lak\u00f3h\u00e1z volt. Sz\u00e1llod\u00e1v\u00e1 alak\u00edt\u00e1sa ut\u00e1n a kort meghalad\u00f3 felszerelts\u00e9ggel rendelkezett. A sikert\u00f6rt\u00e9netnek a gazdas\u00e1gi vil\u00e1gv\u00e1ls\u00e1g vetett v\u00e9get.<\/p>\n<p>A Britannia a kultur\u00e1lis \u00e9let egyik fontos helysz\u00edn\u00e9nek sz\u00e1m\u00edtott. M\u00f3ricz Zsigmond a S\u00e1rga teremben szervezte a Nyugat-Bar\u00e1tok K\u00f6re \u00f6sszej\u00f6veteleit, amelynek megnyit\u00f3j\u00e1n Kosztol\u00e1nyi, Karinthy \u00e9s Szab\u00f3 L\u0151rinc is ott volt, de a programokon Babits Mih\u00e1ly, Bart\u00f3k B\u00e9la \u00e9s a fiatal J\u00f3zsef Attila is megjelent. A sz\u00e1ll\u00f3ban egykor M\u00f3ra Ferencr\u0151l is elneveztek egy szob\u00e1t, az \u00edr\u00f3 ugyanis rendszeresen itt sz\u00e1llt meg, ha munka\u00fcgyei vagy szerelmi l\u00e9gyottjai Budapestre sz\u00f3l\u00edtott\u00e1k. A Raddison Blu B\u00e9ke Hotelt az elm\u00falt \u00e9vtizedekben t\u00f6bbsz\u00f6r is fel\u00faj\u00edtott\u00e1k, legut\u00f3bb 2022-ben, amikoris az eg\u00e9sz \u00e9p\u00fclet renov\u00e1l\u00e1sa megt\u00f6rt\u00e9nt. A vend\u00e9gek 247 szob\u00e1ban \u00e9s 8 lakoszt\u00e1lyban \u00e9lvezhetik a p\u00e1ratlan vend\u00e9gl\u00e1t\u00e1st.<\/p>\n<p><a href=\"https:\/\/www.danubiushotels.com\/hu\/mozaik\/wp-content\/uploads\/2023\/03\/radisson_room.jpg\"><img loading=\"lazy\" decoding=\"async\" class=\"aligncenter wp-image-12118 size-full\" src=\"https:\/\/www.danubiushotels.com\/hu\/mozaik\/wp-content\/uploads\/2023\/03\/radisson_room.jpg\" alt=\"\" width=\"1280\" height=\"853\" srcset=\"https:\/\/www.danubiushotels.com\/hu\/mozaik\/wp-content\/uploads\/2023\/03\/radisson_room.jpg 1280w, https:\/\/www.danubiushotels.com\/hu\/mozaik\/wp-content\/uploads\/2023\/03\/radisson_room-300x200.jpg 300w, https:\/\/www.danubiushotels.com\/hu\/mozaik\/wp-content\/uploads\/2023\/03\/radisson_room-1024x682.jpg 1024w, https:\/\/www.danubiushotels.com\/hu\/mozaik\/wp-content\/uploads\/2023\/03\/radisson_room-768x512.jpg 768w\" sizes=\"(max-width: 1280px) 100vw, 1280px\" \/><\/a><\/p>\n<p>&nbsp;<\/p>\n","protected":false},"excerpt":{"rendered":"<p>Id\u00e9n \u00fcnnepli 110. sz\u00fclet\u00e9snapj\u00e1t az egykori Britannia Sz\u00e1ll\u00f3, mai nev\u00e9n Radisson Blu B\u00e9ke Hotel. Ebb\u0151l az alkalomb\u00f3l t\u00f6bb sz\u00ednvonalas gasztron\u00f3miai \u00e9s kultur\u00e1lis esem\u00e9nnyel v\u00e1rjuk vend\u00e9geinket. N\u00e9gy h\u00f3napon kereszt\u00fcl h\u00e9tfog\u00e1sos vacsoraesteket, angol tead\u00e9lut\u00e1nokat \u00e9s sz\u00e1llodai kalandprogramokat tartunk a jubileum alkalm\u00e1b\u00f3l. A k\u00fcl\u00f6nleges, 7 fog\u00e1sos vacsoraest egy t\u00e9rben \u00e9s id\u0151ben t\u00f6rt\u00e9n\u0151 gasztr\u00f3n\u00f3miai utaz\u00e1sra cs\u00e1b\u00edtja a vend\u00e9geket, mely [&hellip;]<\/p>\n","protected":false},"author":15,"featured_media":12109,"comment_status":"closed","ping_status":"open","sticky":false,"template":"","format":"standard","meta":{"_acf_changed":false,"_et_pb_use_builder":"","_et_pb_old_content":"","_et_gb_content_width":"","inline_featured_image":false,"footnotes":""},"categories":[1176,4,1175],"tags":[],"class_list":["post-12108","post","type-post","status-publish","format-standard","has-post-thumbnail","hentry","category-gasztro","category-hirek","category-szallodavilag"],"acf":[],"yoast_head":"<!-- This site is optimized with the Yoast SEO plugin v27.4 - https:\/\/yoast.com\/product\/yoast-seo-wordpress\/ -->\n<title>Radisson Blu B\u00e9ke Hotel - 110. sz\u00fclet\u00e9snap - Danubius Mozaik<\/title>\n<meta name=\"robots\" content=\"noindex, follow, max-snippet:-1, max-image-preview:large, max-video-preview:-1\" \/>\n<meta property=\"og:locale\" content=\"hu_HU\" \/>\n<meta property=\"og:type\" content=\"article\" \/>\n<meta property=\"og:title\" content=\"Radisson Blu B\u00e9ke Hotel - 110. sz\u00fclet\u00e9snap - Danubius Mozaik\" \/>\n<meta property=\"og:description\" content=\"Id\u00e9n \u00fcnnepli 110. sz\u00fclet\u00e9snapj\u00e1t az egykori Britannia Sz\u00e1ll\u00f3, mai nev\u00e9n Radisson Blu B\u00e9ke Hotel. Ebb\u0151l az alkalomb\u00f3l t\u00f6bb sz\u00ednvonalas gasztron\u00f3miai \u00e9s kultur\u00e1lis esem\u00e9nnyel v\u00e1rjuk vend\u00e9geinket. N\u00e9gy h\u00f3napon kereszt\u00fcl h\u00e9tfog\u00e1sos vacsoraesteket, angol tead\u00e9lut\u00e1nokat \u00e9s sz\u00e1llodai kalandprogramokat tartunk a jubileum alkalm\u00e1b\u00f3l. A k\u00fcl\u00f6nleges, 7 fog\u00e1sos vacsoraest egy t\u00e9rben \u00e9s id\u0151ben t\u00f6rt\u00e9n\u0151 gasztr\u00f3n\u00f3miai utaz\u00e1sra cs\u00e1b\u00edtja a vend\u00e9geket, mely [&hellip;]\" \/>\n<meta property=\"og:url\" content=\"https:\/\/mozaik.icnetworkhu.com\/radisson-blu-beke-hotel-110-szuletesnap\" \/>\n<meta property=\"og:site_name\" content=\"Danubius Mozaik\" \/>\n<meta property=\"article:published_time\" content=\"2023-03-06T08:03:06+00:00\" \/>\n<meta property=\"article:modified_time\" content=\"2024-09-09T11:59:14+00:00\" \/>\n<meta property=\"og:image\" content=\"https:\/\/mozaik.icnetworkhu.com\/wp-content\/uploads\/2023\/03\/Be\u0301ke_ku\u0308lso\u030b-1.jpg\" \/>\n\t<meta property=\"og:image:width\" content=\"1556\" \/>\n\t<meta property=\"og:image:height\" content=\"1038\" \/>\n\t<meta property=\"og:image:type\" content=\"image\/jpeg\" \/>\n<meta name=\"author\" content=\"Pencz Dorottya\" \/>\n<meta name=\"twitter:card\" content=\"summary_large_image\" \/>\n<meta name=\"twitter:label1\" content=\"Szerz\u0151:\" \/>\n\t<meta name=\"twitter:data1\" content=\"Pencz Dorottya\" \/>\n\t<meta name=\"twitter:label2\" content=\"Becs\u00fclt olvas\u00e1si id\u0151\" \/>\n\t<meta name=\"twitter:data2\" content=\"3 perc\" \/>\n<script type=\"application\/ld+json\" class=\"yoast-schema-graph\">{\"@context\":\"https:\\\/\\\/schema.org\",\"@graph\":[{\"@type\":\"Article\",\"@id\":\"https:\\\/\\\/mozaik.icnetworkhu.com\\\/radisson-blu-beke-hotel-110-szuletesnap#article\",\"isPartOf\":{\"@id\":\"https:\\\/\\\/mozaik.icnetworkhu.com\\\/radisson-blu-beke-hotel-110-szuletesnap\"},\"author\":{\"name\":\"Pencz Dorottya\",\"@id\":\"https:\\\/\\\/www.danubiushotels.com\\\/hu\\\/mozaik\\\/#\\\/schema\\\/person\\\/14b0b0c2ea10c762d30500b64e1d685d\"},\"headline\":\"Radisson Blu B\u00e9ke Hotel &#8211; 110. sz\u00fclet\u00e9snap\",\"datePublished\":\"2023-03-06T08:03:06+00:00\",\"dateModified\":\"2024-09-09T11:59:14+00:00\",\"mainEntityOfPage\":{\"@id\":\"https:\\\/\\\/mozaik.icnetworkhu.com\\\/radisson-blu-beke-hotel-110-szuletesnap\"},\"wordCount\":548,\"image\":{\"@id\":\"https:\\\/\\\/mozaik.icnetworkhu.com\\\/radisson-blu-beke-hotel-110-szuletesnap#primaryimage\"},\"thumbnailUrl\":\"https:\\\/\\\/www.danubiushotels.com\\\/hu\\\/mozaik\\\/wp-content\\\/uploads\\\/2023\\\/03\\\/Be\u0301ke_ku\u0308lso\u030b-1.jpg\",\"articleSection\":[\"Gasztro\",\"H\u00edrek\",\"Sz\u00e1llodavil\u00e1g\"],\"inLanguage\":\"hu\"},{\"@type\":\"WebPage\",\"@id\":\"https:\\\/\\\/mozaik.icnetworkhu.com\\\/radisson-blu-beke-hotel-110-szuletesnap\",\"url\":\"https:\\\/\\\/mozaik.icnetworkhu.com\\\/radisson-blu-beke-hotel-110-szuletesnap\",\"name\":\"Radisson Blu B\u00e9ke Hotel - 110. sz\u00fclet\u00e9snap - Danubius Mozaik\",\"isPartOf\":{\"@id\":\"https:\\\/\\\/www.danubiushotels.com\\\/hu\\\/mozaik\\\/#website\"},\"primaryImageOfPage\":{\"@id\":\"https:\\\/\\\/mozaik.icnetworkhu.com\\\/radisson-blu-beke-hotel-110-szuletesnap#primaryimage\"},\"image\":{\"@id\":\"https:\\\/\\\/mozaik.icnetworkhu.com\\\/radisson-blu-beke-hotel-110-szuletesnap#primaryimage\"},\"thumbnailUrl\":\"https:\\\/\\\/www.danubiushotels.com\\\/hu\\\/mozaik\\\/wp-content\\\/uploads\\\/2023\\\/03\\\/Be\u0301ke_ku\u0308lso\u030b-1.jpg\",\"datePublished\":\"2023-03-06T08:03:06+00:00\",\"dateModified\":\"2024-09-09T11:59:14+00:00\",\"author\":{\"@id\":\"https:\\\/\\\/www.danubiushotels.com\\\/hu\\\/mozaik\\\/#\\\/schema\\\/person\\\/14b0b0c2ea10c762d30500b64e1d685d\"},\"breadcrumb\":{\"@id\":\"https:\\\/\\\/mozaik.icnetworkhu.com\\\/radisson-blu-beke-hotel-110-szuletesnap#breadcrumb\"},\"inLanguage\":\"hu\",\"potentialAction\":[{\"@type\":\"ReadAction\",\"target\":[\"https:\\\/\\\/mozaik.icnetworkhu.com\\\/radisson-blu-beke-hotel-110-szuletesnap\"]}]},{\"@type\":\"ImageObject\",\"inLanguage\":\"hu\",\"@id\":\"https:\\\/\\\/mozaik.icnetworkhu.com\\\/radisson-blu-beke-hotel-110-szuletesnap#primaryimage\",\"url\":\"https:\\\/\\\/www.danubiushotels.com\\\/hu\\\/mozaik\\\/wp-content\\\/uploads\\\/2023\\\/03\\\/Be\u0301ke_ku\u0308lso\u030b-1.jpg\",\"contentUrl\":\"https:\\\/\\\/www.danubiushotels.com\\\/hu\\\/mozaik\\\/wp-content\\\/uploads\\\/2023\\\/03\\\/Be\u0301ke_ku\u0308lso\u030b-1.jpg\",\"width\":1556,\"height\":1038},{\"@type\":\"BreadcrumbList\",\"@id\":\"https:\\\/\\\/mozaik.icnetworkhu.com\\\/radisson-blu-beke-hotel-110-szuletesnap#breadcrumb\",\"itemListElement\":[{\"@type\":\"ListItem\",\"position\":1,\"name\":\"Home\",\"item\":\"https:\\\/\\\/www.danubiushotels.com\\\/hu\\\/mozaik\\\/\"},{\"@type\":\"ListItem\",\"position\":2,\"name\":\"Radisson Blu B\u00e9ke Hotel &#8211; 110. sz\u00fclet\u00e9snap\"}]},{\"@type\":\"WebSite\",\"@id\":\"https:\\\/\\\/www.danubiushotels.com\\\/hu\\\/mozaik\\\/#website\",\"url\":\"https:\\\/\\\/www.danubiushotels.com\\\/hu\\\/mozaik\\\/\",\"name\":\"Danubius Mozaik\",\"description\":\"Mindig van alkalom a pihen\u00e9sre...\",\"potentialAction\":[{\"@type\":\"SearchAction\",\"target\":{\"@type\":\"EntryPoint\",\"urlTemplate\":\"https:\\\/\\\/www.danubiushotels.com\\\/hu\\\/mozaik\\\/?s={search_term_string}\"},\"query-input\":{\"@type\":\"PropertyValueSpecification\",\"valueRequired\":true,\"valueName\":\"search_term_string\"}}],\"inLanguage\":\"hu\"},{\"@type\":\"Person\",\"@id\":\"https:\\\/\\\/www.danubiushotels.com\\\/hu\\\/mozaik\\\/#\\\/schema\\\/person\\\/14b0b0c2ea10c762d30500b64e1d685d\",\"name\":\"Pencz Dorottya\",\"image\":{\"@type\":\"ImageObject\",\"inLanguage\":\"hu\",\"@id\":\"https:\\\/\\\/secure.gravatar.com\\\/avatar\\\/4f8d852ffd557188675000c0865dc845f775386e26ee67bd8041eb3d017638fc?s=96&d=mm&r=g\",\"url\":\"https:\\\/\\\/secure.gravatar.com\\\/avatar\\\/4f8d852ffd557188675000c0865dc845f775386e26ee67bd8041eb3d017638fc?s=96&d=mm&r=g\",\"contentUrl\":\"https:\\\/\\\/secure.gravatar.com\\\/avatar\\\/4f8d852ffd557188675000c0865dc845f775386e26ee67bd8041eb3d017638fc?s=96&d=mm&r=g\",\"caption\":\"Pencz Dorottya\"},\"url\":\"https:\\\/\\\/www.danubiushotels.com\\\/hu\\\/mozaik\\\/author\\\/dorottyapencz\"}]}<\/script>\n<!-- \/ Yoast SEO plugin. -->","yoast_head_json":{"title":"Radisson Blu B\u00e9ke Hotel - 110. sz\u00fclet\u00e9snap - Danubius Mozaik","robots":{"index":"noindex","follow":"follow","max-snippet":"max-snippet:-1","max-image-preview":"max-image-preview:large","max-video-preview":"max-video-preview:-1"},"og_locale":"hu_HU","og_type":"article","og_title":"Radisson Blu B\u00e9ke Hotel - 110. sz\u00fclet\u00e9snap - Danubius Mozaik","og_description":"Id\u00e9n \u00fcnnepli 110. sz\u00fclet\u00e9snapj\u00e1t az egykori Britannia Sz\u00e1ll\u00f3, mai nev\u00e9n Radisson Blu B\u00e9ke Hotel. Ebb\u0151l az alkalomb\u00f3l t\u00f6bb sz\u00ednvonalas gasztron\u00f3miai \u00e9s kultur\u00e1lis esem\u00e9nnyel v\u00e1rjuk vend\u00e9geinket. N\u00e9gy h\u00f3napon kereszt\u00fcl h\u00e9tfog\u00e1sos vacsoraesteket, angol tead\u00e9lut\u00e1nokat \u00e9s sz\u00e1llodai kalandprogramokat tartunk a jubileum alkalm\u00e1b\u00f3l. A k\u00fcl\u00f6nleges, 7 fog\u00e1sos vacsoraest egy t\u00e9rben \u00e9s id\u0151ben t\u00f6rt\u00e9n\u0151 gasztr\u00f3n\u00f3miai utaz\u00e1sra cs\u00e1b\u00edtja a vend\u00e9geket, mely [&hellip;]","og_url":"https:\/\/mozaik.icnetworkhu.com\/radisson-blu-beke-hotel-110-szuletesnap","og_site_name":"Danubius Mozaik","article_published_time":"2023-03-06T08:03:06+00:00","article_modified_time":"2024-09-09T11:59:14+00:00","og_image":[{"width":1556,"height":1038,"url":"https:\/\/mozaik.icnetworkhu.com\/wp-content\/uploads\/2023\/03\/Be\u0301ke_ku\u0308lso\u030b-1.jpg","type":"image\/jpeg"}],"author":"Pencz Dorottya","twitter_card":"summary_large_image","twitter_misc":{"Szerz\u0151:":"Pencz Dorottya","Becs\u00fclt olvas\u00e1si id\u0151":"3 perc"},"schema":{"@context":"https:\/\/schema.org","@graph":[{"@type":"Article","@id":"https:\/\/mozaik.icnetworkhu.com\/radisson-blu-beke-hotel-110-szuletesnap#article","isPartOf":{"@id":"https:\/\/mozaik.icnetworkhu.com\/radisson-blu-beke-hotel-110-szuletesnap"},"author":{"name":"Pencz Dorottya","@id":"https:\/\/www.danubiushotels.com\/hu\/mozaik\/#\/schema\/person\/14b0b0c2ea10c762d30500b64e1d685d"},"headline":"Radisson Blu B\u00e9ke Hotel &#8211; 110. sz\u00fclet\u00e9snap","datePublished":"2023-03-06T08:03:06+00:00","dateModified":"2024-09-09T11:59:14+00:00","mainEntityOfPage":{"@id":"https:\/\/mozaik.icnetworkhu.com\/radisson-blu-beke-hotel-110-szuletesnap"},"wordCount":548,"image":{"@id":"https:\/\/mozaik.icnetworkhu.com\/radisson-blu-beke-hotel-110-szuletesnap#primaryimage"},"thumbnailUrl":"https:\/\/www.danubiushotels.com\/hu\/mozaik\/wp-content\/uploads\/2023\/03\/Be\u0301ke_ku\u0308lso\u030b-1.jpg","articleSection":["Gasztro","H\u00edrek","Sz\u00e1llodavil\u00e1g"],"inLanguage":"hu"},{"@type":"WebPage","@id":"https:\/\/mozaik.icnetworkhu.com\/radisson-blu-beke-hotel-110-szuletesnap","url":"https:\/\/mozaik.icnetworkhu.com\/radisson-blu-beke-hotel-110-szuletesnap","name":"Radisson Blu B\u00e9ke Hotel - 110. sz\u00fclet\u00e9snap - Danubius Mozaik","isPartOf":{"@id":"https:\/\/www.danubiushotels.com\/hu\/mozaik\/#website"},"primaryImageOfPage":{"@id":"https:\/\/mozaik.icnetworkhu.com\/radisson-blu-beke-hotel-110-szuletesnap#primaryimage"},"image":{"@id":"https:\/\/mozaik.icnetworkhu.com\/radisson-blu-beke-hotel-110-szuletesnap#primaryimage"},"thumbnailUrl":"https:\/\/www.danubiushotels.com\/hu\/mozaik\/wp-content\/uploads\/2023\/03\/Be\u0301ke_ku\u0308lso\u030b-1.jpg","datePublished":"2023-03-06T08:03:06+00:00","dateModified":"2024-09-09T11:59:14+00:00","author":{"@id":"https:\/\/www.danubiushotels.com\/hu\/mozaik\/#\/schema\/person\/14b0b0c2ea10c762d30500b64e1d685d"},"breadcrumb":{"@id":"https:\/\/mozaik.icnetworkhu.com\/radisson-blu-beke-hotel-110-szuletesnap#breadcrumb"},"inLanguage":"hu","potentialAction":[{"@type":"ReadAction","target":["https:\/\/mozaik.icnetworkhu.com\/radisson-blu-beke-hotel-110-szuletesnap"]}]},{"@type":"ImageObject","inLanguage":"hu","@id":"https:\/\/mozaik.icnetworkhu.com\/radisson-blu-beke-hotel-110-szuletesnap#primaryimage","url":"https:\/\/www.danubiushotels.com\/hu\/mozaik\/wp-content\/uploads\/2023\/03\/Be\u0301ke_ku\u0308lso\u030b-1.jpg","contentUrl":"https:\/\/www.danubiushotels.com\/hu\/mozaik\/wp-content\/uploads\/2023\/03\/Be\u0301ke_ku\u0308lso\u030b-1.jpg","width":1556,"height":1038},{"@type":"BreadcrumbList","@id":"https:\/\/mozaik.icnetworkhu.com\/radisson-blu-beke-hotel-110-szuletesnap#breadcrumb","itemListElement":[{"@type":"ListItem","position":1,"name":"Home","item":"https:\/\/www.danubiushotels.com\/hu\/mozaik\/"},{"@type":"ListItem","position":2,"name":"Radisson Blu B\u00e9ke Hotel &#8211; 110. sz\u00fclet\u00e9snap"}]},{"@type":"WebSite","@id":"https:\/\/www.danubiushotels.com\/hu\/mozaik\/#website","url":"https:\/\/www.danubiushotels.com\/hu\/mozaik\/","name":"Danubius Mozaik","description":"Mindig van alkalom a pihen\u00e9sre...","potentialAction":[{"@type":"SearchAction","target":{"@type":"EntryPoint","urlTemplate":"https:\/\/www.danubiushotels.com\/hu\/mozaik\/?s={search_term_string}"},"query-input":{"@type":"PropertyValueSpecification","valueRequired":true,"valueName":"search_term_string"}}],"inLanguage":"hu"},{"@type":"Person","@id":"https:\/\/www.danubiushotels.com\/hu\/mozaik\/#\/schema\/person\/14b0b0c2ea10c762d30500b64e1d685d","name":"Pencz Dorottya","image":{"@type":"ImageObject","inLanguage":"hu","@id":"https:\/\/secure.gravatar.com\/avatar\/4f8d852ffd557188675000c0865dc845f775386e26ee67bd8041eb3d017638fc?s=96&d=mm&r=g","url":"https:\/\/secure.gravatar.com\/avatar\/4f8d852ffd557188675000c0865dc845f775386e26ee67bd8041eb3d017638fc?s=96&d=mm&r=g","contentUrl":"https:\/\/secure.gravatar.com\/avatar\/4f8d852ffd557188675000c0865dc845f775386e26ee67bd8041eb3d017638fc?s=96&d=mm&r=g","caption":"Pencz Dorottya"},"url":"https:\/\/www.danubiushotels.com\/hu\/mozaik\/author\/dorottyapencz"}]}},"_links":{"self":[{"href":"https:\/\/www.danubiushotels.com\/hu\/mozaik\/wp-json\/wp\/v2\/posts\/12108","targetHints":{"allow":["GET"]}}],"collection":[{"href":"https:\/\/www.danubiushotels.com\/hu\/mozaik\/wp-json\/wp\/v2\/posts"}],"about":[{"href":"https:\/\/www.danubiushotels.com\/hu\/mozaik\/wp-json\/wp\/v2\/types\/post"}],"author":[{"embeddable":true,"href":"https:\/\/www.danubiushotels.com\/hu\/mozaik\/wp-json\/wp\/v2\/users\/15"}],"replies":[{"embeddable":true,"href":"https:\/\/www.danubiushotels.com\/hu\/mozaik\/wp-json\/wp\/v2\/comments?post=12108"}],"version-history":[{"count":4,"href":"https:\/\/www.danubiushotels.com\/hu\/mozaik\/wp-json\/wp\/v2\/posts\/12108\/revisions"}],"predecessor-version":[{"id":12142,"href":"https:\/\/www.danubiushotels.com\/hu\/mozaik\/wp-json\/wp\/v2\/posts\/12108\/revisions\/12142"}],"wp:featuredmedia":[{"embeddable":true,"href":"https:\/\/www.danubiushotels.com\/hu\/mozaik\/wp-json\/wp\/v2\/media\/12109"}],"wp:attachment":[{"href":"https:\/\/www.danubiushotels.com\/hu\/mozaik\/wp-json\/wp\/v2\/media?parent=12108"}],"wp:term":[{"taxonomy":"category","embeddable":true,"href":"https:\/\/www.danubiushotels.com\/hu\/mozaik\/wp-json\/wp\/v2\/categories?post=12108"},{"taxonomy":"post_tag","embeddable":true,"href":"https:\/\/www.danubiushotels.com\/hu\/mozaik\/wp-json\/wp\/v2\/tags?post=12108"}],"curies":[{"name":"wp","href":"https:\/\/api.w.org\/{rel}","templated":true}]}}