{"id":12132,"date":"2023-03-07T17:21:34","date_gmt":"2023-03-07T15:21:34","guid":{"rendered":"https:\/\/www.danubiushotels.com\/hu\/mozaik\/?p=12132"},"modified":"2024-09-09T13:59:48","modified_gmt":"2024-09-09T11:59:48","slug":"szezonnyitas-balatonfureden","status":"publish","type":"post","link":"https:\/\/www.danubiushotels.com\/hu\/mozaik\/szezonnyitas-balatonfureden","title":{"rendered":"Szezonnyit\u00e1s Balatonf\u00fcreden"},"content":{"rendered":"<p>Balatoni sz\u00e1llod\u00e1ink 2023. \u00e1prilis 20-t\u00f3l \u00fajra v\u00e1rj\u00e1k a felt\u00f6lt\u0151dni v\u00e1gy\u00f3kat! A Danubius Hotel Annabella \u00e9s az all inclusive Danubius Hotel Marina \u2013 id\u00e9n is minden k\u00e9nyelmet biztos\u00edt, ami a felh\u0151tlen pihen\u00e9shez sz\u00fcks\u00e9ges, k\u00f6zponti elhelyezked\u00e9ssel \u00e9s saj\u00e1t stranddal v\u00e1rjuk vend\u00e9geinket.<\/p>\n<p><a href=\"https:\/\/www.danubiushotels.com\/hu\/mozaik\/wp-content\/uploads\/2023\/03\/Balatonfured_26.jpg\"><img loading=\"lazy\" decoding=\"async\" class=\"aligncenter size-full wp-image-12133\" src=\"https:\/\/www.danubiushotels.com\/hu\/mozaik\/wp-content\/uploads\/2023\/03\/Balatonfured_26.jpg\" alt=\"\" width=\"1600\" height=\"1068\" srcset=\"https:\/\/www.danubiushotels.com\/hu\/mozaik\/wp-content\/uploads\/2023\/03\/Balatonfured_26.jpg 1600w, https:\/\/www.danubiushotels.com\/hu\/mozaik\/wp-content\/uploads\/2023\/03\/Balatonfured_26-300x200.jpg 300w, https:\/\/www.danubiushotels.com\/hu\/mozaik\/wp-content\/uploads\/2023\/03\/Balatonfured_26-1024x684.jpg 1024w, https:\/\/www.danubiushotels.com\/hu\/mozaik\/wp-content\/uploads\/2023\/03\/Balatonfured_26-768x513.jpg 768w, https:\/\/www.danubiushotels.com\/hu\/mozaik\/wp-content\/uploads\/2023\/03\/Balatonfured_26-1536x1025.jpg 1536w\" sizes=\"(max-width: 1600px) 100vw, 1600px\" \/><\/a>C\u00e9lunk, hogy a hozz\u00e1nk l\u00e1togat\u00f3knak maxim\u00e1lis kikapcsol\u00f3d\u00e1sban legyen r\u00e9sz\u00fck. Ez\u00e9rt szeretettel aj\u00e1nljuk figyelm\u00fckbe <a href=\"https:\/\/www.danubiushotels.com\/hu\/ajanlataink\/hajokazas-a-balatonon\">szezonnyit\u00f3 aj\u00e1nlatainkat<\/a>, amelyek minimum 2 \u00e9jszak\u00e1s foglal\u00e1s ut\u00e1n el\u00e9rhet\u0151ek.<\/p>\n<p>A <a href=\"https:\/\/www.danubiushotels.com\/hu\/szallodak-balatonfured\/hotel-marina\">Danubius Hotel Marinaban<\/a> az all inclusive ell\u00e1t\u00e1s mellett szem\u00e9lyenk\u00e9nt 1 db 60 perces s\u00e9tahaj\u00f3 jegyet adunk aj\u00e1nd\u00e9kba. Ezen k\u00edv\u00fcl biztos\u00edtjuk a k\u00fclt\u00e9ri gyermek \u00e9lm\u00e9nymedence haszn\u00e1lat\u00e1t, ahogy a fedett uszod\u00e1t \u00e9s szaun\u00e1t, a fitness termet \u00e9s a tekep\u00e1ly\u00e1t is, de bel\u00e9p\u00e9st biztos\u00edtunk a sz\u00e1lloda saj\u00e1t strandj\u00e1ra is. A Bubbles Club anim\u00e1torai \u00e9s kedves kis s\u00e1rk\u00e1nyai id\u00e9n is nagyon v\u00e1rj\u00e1k a gyerekeket a sz\u00e1llod\u00e1ba.<\/p>\n<p><a href=\"https:\/\/www.danubiushotels.com\/hu\/mozaik\/wp-content\/uploads\/2023\/03\/17618369_m-1.jpg\"><img loading=\"lazy\" decoding=\"async\" class=\"size-full wp-image-12134\" src=\"https:\/\/www.danubiushotels.com\/hu\/mozaik\/wp-content\/uploads\/2023\/03\/17618369_m-1.jpg\" alt=\"\" width=\"2508\" height=\"1672\" srcset=\"https:\/\/www.danubiushotels.com\/hu\/mozaik\/wp-content\/uploads\/2023\/03\/17618369_m-1.jpg 2508w, https:\/\/www.danubiushotels.com\/hu\/mozaik\/wp-content\/uploads\/2023\/03\/17618369_m-1-300x200.jpg 300w, https:\/\/www.danubiushotels.com\/hu\/mozaik\/wp-content\/uploads\/2023\/03\/17618369_m-1-1024x683.jpg 1024w, https:\/\/www.danubiushotels.com\/hu\/mozaik\/wp-content\/uploads\/2023\/03\/17618369_m-1-768x512.jpg 768w, https:\/\/www.danubiushotels.com\/hu\/mozaik\/wp-content\/uploads\/2023\/03\/17618369_m-1-1536x1024.jpg 1536w, https:\/\/www.danubiushotels.com\/hu\/mozaik\/wp-content\/uploads\/2023\/03\/17618369_m-1-2048x1365.jpg 2048w\" sizes=\"(max-width: 2508px) 100vw, 2508px\" \/><\/a><\/p>\n<p>A <a href=\"https:\/\/www.danubiushotels.com\/hu\/szallodak-balatonfured\/hotel-annabella\">Danubius Hotel Annabella<\/a> is hasonl\u00f3 aj\u00e1nlattal v\u00e1rja vend\u00e9geit. A foglal\u00e1s mell\u00e9 az Annabell\u00e1ban is szem\u00e9lyenk\u00e9nt 1 db 60 perces s\u00e9tahaj\u00f3z\u00e1s j\u00e1r aj\u00e1nd\u00e9kba. Itt f\u00e9lpanzi\u00f3s ell\u00e1t\u00e1s biztos\u00edtott, gazdag b\u00fcf\u00e9reggelivel \u00e9s b\u00fcf\u00e9vacsor\u00e1val, valamint korl\u00e1tlan \u00e9s ingyenes alkoholmentes italfogyaszt\u00e1ssal. Szeretettel aj\u00e1nljuk vend\u00e9geink figyelm\u00e9be a k\u00fcls\u0151-bels\u0151 medence \u00e9s szauna haszn\u00e1lat\u00e1t.<\/p>\n<p>A tavaszi-ny\u00e1ri szezont izgalmas programokkal nyitja meg a IX. Concours d\u2019 Elegance veter\u00e1n aut\u00f3 sz\u00e9ps\u00e9gverseny Balatonf\u00fcreden, m\u00e1jus.12. &#8211; 14. k\u00f6z\u00f6tt, de a Balatoni Hal \u00e9s Bor\u00fcnnep is rengeteg sz\u00ednes \u00e9lm\u00e9nnyel v\u00e1rja az \u00e9rdekl\u0151d\u0151ket m\u00e1jus 26-29. k\u00f6z\u00f6tt.<\/p>\n<p><a href=\"https:\/\/www.danubiushotels.com\/hu\/mozaik\/wp-content\/uploads\/2023\/03\/Balatonfured_02.jpg\"><img loading=\"lazy\" decoding=\"async\" class=\"aligncenter size-full wp-image-12135\" src=\"https:\/\/www.danubiushotels.com\/hu\/mozaik\/wp-content\/uploads\/2023\/03\/Balatonfured_02.jpg\" alt=\"\" width=\"1600\" height=\"1067\" srcset=\"https:\/\/www.danubiushotels.com\/hu\/mozaik\/wp-content\/uploads\/2023\/03\/Balatonfured_02.jpg 1600w, https:\/\/www.danubiushotels.com\/hu\/mozaik\/wp-content\/uploads\/2023\/03\/Balatonfured_02-300x200.jpg 300w, https:\/\/www.danubiushotels.com\/hu\/mozaik\/wp-content\/uploads\/2023\/03\/Balatonfured_02-1024x683.jpg 1024w, https:\/\/www.danubiushotels.com\/hu\/mozaik\/wp-content\/uploads\/2023\/03\/Balatonfured_02-768x512.jpg 768w, https:\/\/www.danubiushotels.com\/hu\/mozaik\/wp-content\/uploads\/2023\/03\/Balatonfured_02-1536x1024.jpg 1536w\" sizes=\"(max-width: 1600px) 100vw, 1600px\" \/><\/a><br \/>\nTov\u00e1bbi izgalmas kultur\u00e1lis \u00e9s gasztro esem\u00e9nyt tartogat a vid\u00e9k szerelmeseinek eg\u00e9sz \u00e9vben a Veszpr\u00e9m-Balaton Kultur\u00e1lis F\u0151v\u00e1ros programsorozat is. <a href=\"https:\/\/veszprembalaton2023.hu\/\">Tov\u00e1bbi r\u00e9szletek &gt;<\/a><\/p>\n","protected":false},"excerpt":{"rendered":"<p>Balatoni sz\u00e1llod\u00e1ink 2023. \u00e1prilis 20-t\u00f3l \u00fajra v\u00e1rj\u00e1k a felt\u00f6lt\u0151dni v\u00e1gy\u00f3kat! A Danubius Hotel Annabella \u00e9s az all inclusive Danubius Hotel Marina \u2013 id\u00e9n is minden k\u00e9nyelmet biztos\u00edt, ami a felh\u0151tlen pihen\u00e9shez sz\u00fcks\u00e9ges, k\u00f6zponti elhelyezked\u00e9ssel \u00e9s saj\u00e1t stranddal v\u00e1rjuk vend\u00e9geinket. C\u00e9lunk, hogy a hozz\u00e1nk l\u00e1togat\u00f3knak maxim\u00e1lis kikapcsol\u00f3d\u00e1sban legyen r\u00e9sz\u00fck. Ez\u00e9rt szeretettel aj\u00e1nljuk figyelm\u00fckbe szezonnyit\u00f3 aj\u00e1nlatainkat, amelyek [&hellip;]<\/p>\n","protected":false},"author":15,"featured_media":12136,"comment_status":"closed","ping_status":"open","sticky":false,"template":"","format":"standard","meta":{"_acf_changed":false,"_et_pb_use_builder":"","_et_pb_old_content":"","_et_gb_content_width":"","inline_featured_image":false,"footnotes":""},"categories":[4,1175],"tags":[],"class_list":["post-12132","post","type-post","status-publish","format-standard","has-post-thumbnail","hentry","category-hirek","category-szallodavilag"],"acf":[],"yoast_head":"<!-- This site is optimized with the Yoast SEO plugin v27.4 - https:\/\/yoast.com\/product\/yoast-seo-wordpress\/ -->\n<title>Szezonnyit\u00e1s Balatonf\u00fcreden - Danubius Mozaik<\/title>\n<meta name=\"robots\" content=\"noindex, follow, max-snippet:-1, max-image-preview:large, max-video-preview:-1\" \/>\n<meta property=\"og:locale\" content=\"hu_HU\" \/>\n<meta property=\"og:type\" content=\"article\" \/>\n<meta property=\"og:title\" content=\"Szezonnyit\u00e1s Balatonf\u00fcreden - Danubius Mozaik\" \/>\n<meta property=\"og:description\" content=\"Balatoni sz\u00e1llod\u00e1ink 2023. \u00e1prilis 20-t\u00f3l \u00fajra v\u00e1rj\u00e1k a felt\u00f6lt\u0151dni v\u00e1gy\u00f3kat! A Danubius Hotel Annabella \u00e9s az all inclusive Danubius Hotel Marina \u2013 id\u00e9n is minden k\u00e9nyelmet biztos\u00edt, ami a felh\u0151tlen pihen\u00e9shez sz\u00fcks\u00e9ges, k\u00f6zponti elhelyezked\u00e9ssel \u00e9s saj\u00e1t stranddal v\u00e1rjuk vend\u00e9geinket. C\u00e9lunk, hogy a hozz\u00e1nk l\u00e1togat\u00f3knak maxim\u00e1lis kikapcsol\u00f3d\u00e1sban legyen r\u00e9sz\u00fck. Ez\u00e9rt szeretettel aj\u00e1nljuk figyelm\u00fckbe szezonnyit\u00f3 aj\u00e1nlatainkat, amelyek [&hellip;]\" \/>\n<meta property=\"og:url\" content=\"https:\/\/mozaik.icnetworkhu.com\/szezonnyitas-balatonfureden\" \/>\n<meta property=\"og:site_name\" content=\"Danubius Mozaik\" \/>\n<meta property=\"article:published_time\" content=\"2023-03-07T15:21:34+00:00\" \/>\n<meta property=\"article:modified_time\" content=\"2024-09-09T11:59:48+00:00\" \/>\n<meta property=\"og:image\" content=\"https:\/\/mozaik.icnetworkhu.com\/wp-content\/uploads\/2023\/03\/IMG20220705200218-1-scaled.jpg\" \/>\n\t<meta property=\"og:image:width\" content=\"2560\" \/>\n\t<meta property=\"og:image:height\" content=\"1920\" \/>\n\t<meta property=\"og:image:type\" content=\"image\/jpeg\" \/>\n<meta name=\"author\" content=\"Pencz Dorottya\" \/>\n<meta name=\"twitter:card\" content=\"summary_large_image\" \/>\n<meta name=\"twitter:label1\" content=\"Szerz\u0151:\" \/>\n\t<meta name=\"twitter:data1\" content=\"Pencz Dorottya\" \/>\n\t<meta name=\"twitter:label2\" content=\"Becs\u00fclt olvas\u00e1si id\u0151\" \/>\n\t<meta name=\"twitter:data2\" content=\"2 perc\" \/>\n<script type=\"application\/ld+json\" class=\"yoast-schema-graph\">{\"@context\":\"https:\\\/\\\/schema.org\",\"@graph\":[{\"@type\":\"Article\",\"@id\":\"https:\\\/\\\/mozaik.icnetworkhu.com\\\/szezonnyitas-balatonfureden#article\",\"isPartOf\":{\"@id\":\"https:\\\/\\\/mozaik.icnetworkhu.com\\\/szezonnyitas-balatonfureden\"},\"author\":{\"name\":\"Pencz Dorottya\",\"@id\":\"https:\\\/\\\/www.danubiushotels.com\\\/hu\\\/mozaik\\\/#\\\/schema\\\/person\\\/14b0b0c2ea10c762d30500b64e1d685d\"},\"headline\":\"Szezonnyit\u00e1s Balatonf\u00fcreden\",\"datePublished\":\"2023-03-07T15:21:34+00:00\",\"dateModified\":\"2024-09-09T11:59:48+00:00\",\"mainEntityOfPage\":{\"@id\":\"https:\\\/\\\/mozaik.icnetworkhu.com\\\/szezonnyitas-balatonfureden\"},\"wordCount\":356,\"image\":{\"@id\":\"https:\\\/\\\/mozaik.icnetworkhu.com\\\/szezonnyitas-balatonfureden#primaryimage\"},\"thumbnailUrl\":\"https:\\\/\\\/www.danubiushotels.com\\\/hu\\\/mozaik\\\/wp-content\\\/uploads\\\/2023\\\/03\\\/IMG20220705200218-1-scaled.jpg\",\"articleSection\":[\"H\u00edrek\",\"Sz\u00e1llodavil\u00e1g\"],\"inLanguage\":\"hu\"},{\"@type\":\"WebPage\",\"@id\":\"https:\\\/\\\/mozaik.icnetworkhu.com\\\/szezonnyitas-balatonfureden\",\"url\":\"https:\\\/\\\/mozaik.icnetworkhu.com\\\/szezonnyitas-balatonfureden\",\"name\":\"Szezonnyit\u00e1s Balatonf\u00fcreden - Danubius Mozaik\",\"isPartOf\":{\"@id\":\"https:\\\/\\\/www.danubiushotels.com\\\/hu\\\/mozaik\\\/#website\"},\"primaryImageOfPage\":{\"@id\":\"https:\\\/\\\/mozaik.icnetworkhu.com\\\/szezonnyitas-balatonfureden#primaryimage\"},\"image\":{\"@id\":\"https:\\\/\\\/mozaik.icnetworkhu.com\\\/szezonnyitas-balatonfureden#primaryimage\"},\"thumbnailUrl\":\"https:\\\/\\\/www.danubiushotels.com\\\/hu\\\/mozaik\\\/wp-content\\\/uploads\\\/2023\\\/03\\\/IMG20220705200218-1-scaled.jpg\",\"datePublished\":\"2023-03-07T15:21:34+00:00\",\"dateModified\":\"2024-09-09T11:59:48+00:00\",\"author\":{\"@id\":\"https:\\\/\\\/www.danubiushotels.com\\\/hu\\\/mozaik\\\/#\\\/schema\\\/person\\\/14b0b0c2ea10c762d30500b64e1d685d\"},\"breadcrumb\":{\"@id\":\"https:\\\/\\\/mozaik.icnetworkhu.com\\\/szezonnyitas-balatonfureden#breadcrumb\"},\"inLanguage\":\"hu\",\"potentialAction\":[{\"@type\":\"ReadAction\",\"target\":[\"https:\\\/\\\/mozaik.icnetworkhu.com\\\/szezonnyitas-balatonfureden\"]}]},{\"@type\":\"ImageObject\",\"inLanguage\":\"hu\",\"@id\":\"https:\\\/\\\/mozaik.icnetworkhu.com\\\/szezonnyitas-balatonfureden#primaryimage\",\"url\":\"https:\\\/\\\/www.danubiushotels.com\\\/hu\\\/mozaik\\\/wp-content\\\/uploads\\\/2023\\\/03\\\/IMG20220705200218-1-scaled.jpg\",\"contentUrl\":\"https:\\\/\\\/www.danubiushotels.com\\\/hu\\\/mozaik\\\/wp-content\\\/uploads\\\/2023\\\/03\\\/IMG20220705200218-1-scaled.jpg\",\"width\":2560,\"height\":1920},{\"@type\":\"BreadcrumbList\",\"@id\":\"https:\\\/\\\/mozaik.icnetworkhu.com\\\/szezonnyitas-balatonfureden#breadcrumb\",\"itemListElement\":[{\"@type\":\"ListItem\",\"position\":1,\"name\":\"Home\",\"item\":\"https:\\\/\\\/www.danubiushotels.com\\\/hu\\\/mozaik\\\/\"},{\"@type\":\"ListItem\",\"position\":2,\"name\":\"Szezonnyit\u00e1s Balatonf\u00fcreden\"}]},{\"@type\":\"WebSite\",\"@id\":\"https:\\\/\\\/www.danubiushotels.com\\\/hu\\\/mozaik\\\/#website\",\"url\":\"https:\\\/\\\/www.danubiushotels.com\\\/hu\\\/mozaik\\\/\",\"name\":\"Danubius Mozaik\",\"description\":\"Mindig van alkalom a pihen\u00e9sre...\",\"potentialAction\":[{\"@type\":\"SearchAction\",\"target\":{\"@type\":\"EntryPoint\",\"urlTemplate\":\"https:\\\/\\\/www.danubiushotels.com\\\/hu\\\/mozaik\\\/?s={search_term_string}\"},\"query-input\":{\"@type\":\"PropertyValueSpecification\",\"valueRequired\":true,\"valueName\":\"search_term_string\"}}],\"inLanguage\":\"hu\"},{\"@type\":\"Person\",\"@id\":\"https:\\\/\\\/www.danubiushotels.com\\\/hu\\\/mozaik\\\/#\\\/schema\\\/person\\\/14b0b0c2ea10c762d30500b64e1d685d\",\"name\":\"Pencz Dorottya\",\"image\":{\"@type\":\"ImageObject\",\"inLanguage\":\"hu\",\"@id\":\"https:\\\/\\\/secure.gravatar.com\\\/avatar\\\/4f8d852ffd557188675000c0865dc845f775386e26ee67bd8041eb3d017638fc?s=96&d=mm&r=g\",\"url\":\"https:\\\/\\\/secure.gravatar.com\\\/avatar\\\/4f8d852ffd557188675000c0865dc845f775386e26ee67bd8041eb3d017638fc?s=96&d=mm&r=g\",\"contentUrl\":\"https:\\\/\\\/secure.gravatar.com\\\/avatar\\\/4f8d852ffd557188675000c0865dc845f775386e26ee67bd8041eb3d017638fc?s=96&d=mm&r=g\",\"caption\":\"Pencz Dorottya\"},\"url\":\"https:\\\/\\\/www.danubiushotels.com\\\/hu\\\/mozaik\\\/author\\\/dorottyapencz\"}]}<\/script>\n<!-- \/ Yoast SEO plugin. -->","yoast_head_json":{"title":"Szezonnyit\u00e1s Balatonf\u00fcreden - Danubius Mozaik","robots":{"index":"noindex","follow":"follow","max-snippet":"max-snippet:-1","max-image-preview":"max-image-preview:large","max-video-preview":"max-video-preview:-1"},"og_locale":"hu_HU","og_type":"article","og_title":"Szezonnyit\u00e1s Balatonf\u00fcreden - Danubius Mozaik","og_description":"Balatoni sz\u00e1llod\u00e1ink 2023. \u00e1prilis 20-t\u00f3l \u00fajra v\u00e1rj\u00e1k a felt\u00f6lt\u0151dni v\u00e1gy\u00f3kat! A Danubius Hotel Annabella \u00e9s az all inclusive Danubius Hotel Marina \u2013 id\u00e9n is minden k\u00e9nyelmet biztos\u00edt, ami a felh\u0151tlen pihen\u00e9shez sz\u00fcks\u00e9ges, k\u00f6zponti elhelyezked\u00e9ssel \u00e9s saj\u00e1t stranddal v\u00e1rjuk vend\u00e9geinket. C\u00e9lunk, hogy a hozz\u00e1nk l\u00e1togat\u00f3knak maxim\u00e1lis kikapcsol\u00f3d\u00e1sban legyen r\u00e9sz\u00fck. Ez\u00e9rt szeretettel aj\u00e1nljuk figyelm\u00fckbe szezonnyit\u00f3 aj\u00e1nlatainkat, amelyek [&hellip;]","og_url":"https:\/\/mozaik.icnetworkhu.com\/szezonnyitas-balatonfureden","og_site_name":"Danubius Mozaik","article_published_time":"2023-03-07T15:21:34+00:00","article_modified_time":"2024-09-09T11:59:48+00:00","og_image":[{"width":2560,"height":1920,"url":"https:\/\/mozaik.icnetworkhu.com\/wp-content\/uploads\/2023\/03\/IMG20220705200218-1-scaled.jpg","type":"image\/jpeg"}],"author":"Pencz Dorottya","twitter_card":"summary_large_image","twitter_misc":{"Szerz\u0151:":"Pencz Dorottya","Becs\u00fclt olvas\u00e1si id\u0151":"2 perc"},"schema":{"@context":"https:\/\/schema.org","@graph":[{"@type":"Article","@id":"https:\/\/mozaik.icnetworkhu.com\/szezonnyitas-balatonfureden#article","isPartOf":{"@id":"https:\/\/mozaik.icnetworkhu.com\/szezonnyitas-balatonfureden"},"author":{"name":"Pencz Dorottya","@id":"https:\/\/www.danubiushotels.com\/hu\/mozaik\/#\/schema\/person\/14b0b0c2ea10c762d30500b64e1d685d"},"headline":"Szezonnyit\u00e1s Balatonf\u00fcreden","datePublished":"2023-03-07T15:21:34+00:00","dateModified":"2024-09-09T11:59:48+00:00","mainEntityOfPage":{"@id":"https:\/\/mozaik.icnetworkhu.com\/szezonnyitas-balatonfureden"},"wordCount":356,"image":{"@id":"https:\/\/mozaik.icnetworkhu.com\/szezonnyitas-balatonfureden#primaryimage"},"thumbnailUrl":"https:\/\/www.danubiushotels.com\/hu\/mozaik\/wp-content\/uploads\/2023\/03\/IMG20220705200218-1-scaled.jpg","articleSection":["H\u00edrek","Sz\u00e1llodavil\u00e1g"],"inLanguage":"hu"},{"@type":"WebPage","@id":"https:\/\/mozaik.icnetworkhu.com\/szezonnyitas-balatonfureden","url":"https:\/\/mozaik.icnetworkhu.com\/szezonnyitas-balatonfureden","name":"Szezonnyit\u00e1s Balatonf\u00fcreden - Danubius Mozaik","isPartOf":{"@id":"https:\/\/www.danubiushotels.com\/hu\/mozaik\/#website"},"primaryImageOfPage":{"@id":"https:\/\/mozaik.icnetworkhu.com\/szezonnyitas-balatonfureden#primaryimage"},"image":{"@id":"https:\/\/mozaik.icnetworkhu.com\/szezonnyitas-balatonfureden#primaryimage"},"thumbnailUrl":"https:\/\/www.danubiushotels.com\/hu\/mozaik\/wp-content\/uploads\/2023\/03\/IMG20220705200218-1-scaled.jpg","datePublished":"2023-03-07T15:21:34+00:00","dateModified":"2024-09-09T11:59:48+00:00","author":{"@id":"https:\/\/www.danubiushotels.com\/hu\/mozaik\/#\/schema\/person\/14b0b0c2ea10c762d30500b64e1d685d"},"breadcrumb":{"@id":"https:\/\/mozaik.icnetworkhu.com\/szezonnyitas-balatonfureden#breadcrumb"},"inLanguage":"hu","potentialAction":[{"@type":"ReadAction","target":["https:\/\/mozaik.icnetworkhu.com\/szezonnyitas-balatonfureden"]}]},{"@type":"ImageObject","inLanguage":"hu","@id":"https:\/\/mozaik.icnetworkhu.com\/szezonnyitas-balatonfureden#primaryimage","url":"https:\/\/www.danubiushotels.com\/hu\/mozaik\/wp-content\/uploads\/2023\/03\/IMG20220705200218-1-scaled.jpg","contentUrl":"https:\/\/www.danubiushotels.com\/hu\/mozaik\/wp-content\/uploads\/2023\/03\/IMG20220705200218-1-scaled.jpg","width":2560,"height":1920},{"@type":"BreadcrumbList","@id":"https:\/\/mozaik.icnetworkhu.com\/szezonnyitas-balatonfureden#breadcrumb","itemListElement":[{"@type":"ListItem","position":1,"name":"Home","item":"https:\/\/www.danubiushotels.com\/hu\/mozaik\/"},{"@type":"ListItem","position":2,"name":"Szezonnyit\u00e1s Balatonf\u00fcreden"}]},{"@type":"WebSite","@id":"https:\/\/www.danubiushotels.com\/hu\/mozaik\/#website","url":"https:\/\/www.danubiushotels.com\/hu\/mozaik\/","name":"Danubius Mozaik","description":"Mindig van alkalom a pihen\u00e9sre...","potentialAction":[{"@type":"SearchAction","target":{"@type":"EntryPoint","urlTemplate":"https:\/\/www.danubiushotels.com\/hu\/mozaik\/?s={search_term_string}"},"query-input":{"@type":"PropertyValueSpecification","valueRequired":true,"valueName":"search_term_string"}}],"inLanguage":"hu"},{"@type":"Person","@id":"https:\/\/www.danubiushotels.com\/hu\/mozaik\/#\/schema\/person\/14b0b0c2ea10c762d30500b64e1d685d","name":"Pencz Dorottya","image":{"@type":"ImageObject","inLanguage":"hu","@id":"https:\/\/secure.gravatar.com\/avatar\/4f8d852ffd557188675000c0865dc845f775386e26ee67bd8041eb3d017638fc?s=96&d=mm&r=g","url":"https:\/\/secure.gravatar.com\/avatar\/4f8d852ffd557188675000c0865dc845f775386e26ee67bd8041eb3d017638fc?s=96&d=mm&r=g","contentUrl":"https:\/\/secure.gravatar.com\/avatar\/4f8d852ffd557188675000c0865dc845f775386e26ee67bd8041eb3d017638fc?s=96&d=mm&r=g","caption":"Pencz Dorottya"},"url":"https:\/\/www.danubiushotels.com\/hu\/mozaik\/author\/dorottyapencz"}]}},"_links":{"self":[{"href":"https:\/\/www.danubiushotels.com\/hu\/mozaik\/wp-json\/wp\/v2\/posts\/12132","targetHints":{"allow":["GET"]}}],"collection":[{"href":"https:\/\/www.danubiushotels.com\/hu\/mozaik\/wp-json\/wp\/v2\/posts"}],"about":[{"href":"https:\/\/www.danubiushotels.com\/hu\/mozaik\/wp-json\/wp\/v2\/types\/post"}],"author":[{"embeddable":true,"href":"https:\/\/www.danubiushotels.com\/hu\/mozaik\/wp-json\/wp\/v2\/users\/15"}],"replies":[{"embeddable":true,"href":"https:\/\/www.danubiushotels.com\/hu\/mozaik\/wp-json\/wp\/v2\/comments?post=12132"}],"version-history":[{"count":2,"href":"https:\/\/www.danubiushotels.com\/hu\/mozaik\/wp-json\/wp\/v2\/posts\/12132\/revisions"}],"predecessor-version":[{"id":12141,"href":"https:\/\/www.danubiushotels.com\/hu\/mozaik\/wp-json\/wp\/v2\/posts\/12132\/revisions\/12141"}],"wp:featuredmedia":[{"embeddable":true,"href":"https:\/\/www.danubiushotels.com\/hu\/mozaik\/wp-json\/wp\/v2\/media\/12136"}],"wp:attachment":[{"href":"https:\/\/www.danubiushotels.com\/hu\/mozaik\/wp-json\/wp\/v2\/media?parent=12132"}],"wp:term":[{"taxonomy":"category","embeddable":true,"href":"https:\/\/www.danubiushotels.com\/hu\/mozaik\/wp-json\/wp\/v2\/categories?post=12132"},{"taxonomy":"post_tag","embeddable":true,"href":"https:\/\/www.danubiushotels.com\/hu\/mozaik\/wp-json\/wp\/v2\/tags?post=12132"}],"curies":[{"name":"wp","href":"https:\/\/api.w.org\/{rel}","templated":true}]}}