{"id":12162,"date":"2023-09-01T15:06:35","date_gmt":"2023-09-01T13:06:35","guid":{"rendered":"https:\/\/www.danubiushotels.com\/hu\/mozaik\/?p=12162"},"modified":"2024-09-09T14:01:08","modified_gmt":"2024-09-09T12:01:08","slug":"junius-elsejevel-uj-taggal-bovul-a-danubius-me-csapata","status":"publish","type":"post","link":"https:\/\/www.danubiushotels.com\/hu\/mozaik\/junius-elsejevel-uj-taggal-bovul-a-danubius-me-csapata","title":{"rendered":"\u0150sszel is v\u00e1rja a Danubius me: B\u00fckf\u00fcrd\u0151n!"},"content":{"rendered":"<p>A <a href=\"https:\/\/www.danubiushotels.com\/hu\/konferencia-es-rendezveny\/plan-events-with-me\" target=\"_blank\" rel=\"noopener\"><strong>Danubius me: <\/strong><\/a>a Danubius Hotels rendezv\u00e9nyekre specializ\u00e1l\u00f3dott saj\u00e1t koncepci\u00f3ja mely egyed\u00fcl\u00e1ll\u00f3 arculattal, szolg\u00e1ltat\u00e1sokkal \u00e9s term\u00e9kekkel van jelen a Danubius kijel\u00f6lt konferencia sz\u00e1llod\u00e1iban.<\/p>\n<p>A<a href=\"https:\/\/www.danubiushotels.com\/hu\/szallodak-bukfurdo\/danubius-hotel-buk\" target=\"_blank\" rel=\"noopener\"><strong> Danubius Hotel B\u00fck****<\/strong><\/a> all inclusive wellness sz\u00e1llod\u00e1nk eddig is t\u00f6k\u00e9letes helysz\u00ednt biztos\u00edtott konferenci\u00e1k, ki\u00e1ll\u00edt\u00e1sok, tr\u00e9ningek \u00e9s csapat\u00e9p\u00edt\u0151k szervez\u00e9s\u00e9re, \u00e1m a <a href=\"https:\/\/www.danubiushotels.com\/hu\/konferencia-es-rendezveny\/plan-events-with-me\" target=\"_blank\" rel=\"noopener\"><strong>Danubius me:<\/strong><\/a> -hez val\u00f3 csatlakoz\u00e1s \u00faj szintre emeli a rendezv\u00e9nyek sz\u00ednvonal\u00e1t.<\/p>\n<p><a href=\"https:\/\/www.danubiushotels.com\/hu\/mozaik\/wp-content\/uploads\/2023\/06\/ZX_15537-scaled.jpg\"><img loading=\"lazy\" decoding=\"async\" class=\"aligncenter size-large wp-image-12165\" src=\"https:\/\/www.danubiushotels.com\/hu\/mozaik\/wp-content\/uploads\/2023\/06\/ZX_15537-1024x683.jpg\" alt=\"\" width=\"720\" height=\"480\" srcset=\"https:\/\/www.danubiushotels.com\/hu\/mozaik\/wp-content\/uploads\/2023\/06\/ZX_15537-1024x683.jpg 1024w, https:\/\/www.danubiushotels.com\/hu\/mozaik\/wp-content\/uploads\/2023\/06\/ZX_15537-300x200.jpg 300w, https:\/\/www.danubiushotels.com\/hu\/mozaik\/wp-content\/uploads\/2023\/06\/ZX_15537-768x512.jpg 768w, https:\/\/www.danubiushotels.com\/hu\/mozaik\/wp-content\/uploads\/2023\/06\/ZX_15537-1536x1024.jpg 1536w, https:\/\/www.danubiushotels.com\/hu\/mozaik\/wp-content\/uploads\/2023\/06\/ZX_15537-2048x1365.jpg 2048w\" sizes=\"(max-width: 720px) 100vw, 720px\" \/><\/a><\/p>\n<p>A\u00a0 hotelben az elm\u00falt h\u00f3napokban korszer\u0171s\u00edtett\u00e9k a rendezv\u00e9nytechnik\u00e1t, \u00e9s kialak\u00edt\u00e1sra ker\u00fclt 3 \u00faj k\u00e1v\u00e9sz\u00fcnet is Vibe, Flow \u00e9s Mood n\u00e9ven. C\u00e9ges partnereink t\u00f6bbf\u00e9lek\u00e9ppen vari\u00e1lhat\u00f3, term\u00e9szetesen f\u00e9nnyel rendelkez\u0151 termeink k\u00f6z\u00fcl v\u00e1laszthatnak, a teljesk\u00f6r\u0171 szervez\u00e9st pedig a me: szak\u00e9rt\u0151 csapat\u00e1ra b\u00edzhatj\u00e1k. <a href=\"https:\/\/www.danubiushotels.com\/hu\/szallodak-bukfurdo\/danubius-hotel-buk\/rendezveny\" target=\"_blank\" rel=\"noopener\">Tekintse meg rendezv\u00e9nytermeinket&gt;&gt;<\/a><\/p>\n<p><a href=\"https:\/\/www.danubiushotels.com\/hu\/mozaik\/wp-content\/uploads\/2023\/06\/ZX_15786-scaled.jpg\"><img loading=\"lazy\" decoding=\"async\" class=\"aligncenter size-large wp-image-12167\" src=\"https:\/\/www.danubiushotels.com\/hu\/mozaik\/wp-content\/uploads\/2023\/06\/ZX_15786-1024x683.jpg\" alt=\"\" width=\"720\" height=\"480\" srcset=\"https:\/\/www.danubiushotels.com\/hu\/mozaik\/wp-content\/uploads\/2023\/06\/ZX_15786-1024x683.jpg 1024w, https:\/\/www.danubiushotels.com\/hu\/mozaik\/wp-content\/uploads\/2023\/06\/ZX_15786-300x200.jpg 300w, https:\/\/www.danubiushotels.com\/hu\/mozaik\/wp-content\/uploads\/2023\/06\/ZX_15786-768x512.jpg 768w, https:\/\/www.danubiushotels.com\/hu\/mozaik\/wp-content\/uploads\/2023\/06\/ZX_15786-1536x1024.jpg 1536w, https:\/\/www.danubiushotels.com\/hu\/mozaik\/wp-content\/uploads\/2023\/06\/ZX_15786-2048x1365.jpg 2048w\" sizes=\"(max-width: 720px) 100vw, 720px\" \/><\/a><\/p>\n<p>\u00c9telk\u00edn\u00e1latunkat tekintve is alkalmazkodunk vend\u00e9geinkhez. \u00c9tterm\u00fcnkben lakt\u00f3z-, toj\u00e1smentes, veget\u00e1ri\u00e1nus \u00e9s veg\u00e1n fog\u00e1sokat is k\u00edn\u00e1lunk.<\/p>\n<p><a href=\"https:\/\/www.danubiushotels.com\/hu\/mozaik\/wp-content\/uploads\/2023\/06\/ZX_15606-2.jpg\"><img loading=\"lazy\" decoding=\"async\" class=\"aligncenter size-large wp-image-12174\" src=\"https:\/\/www.danubiushotels.com\/hu\/mozaik\/wp-content\/uploads\/2023\/06\/ZX_15606-2-1024x682.jpg\" alt=\"\" width=\"720\" height=\"480\" srcset=\"https:\/\/www.danubiushotels.com\/hu\/mozaik\/wp-content\/uploads\/2023\/06\/ZX_15606-2-1024x682.jpg 1024w, https:\/\/www.danubiushotels.com\/hu\/mozaik\/wp-content\/uploads\/2023\/06\/ZX_15606-2-300x200.jpg 300w, https:\/\/www.danubiushotels.com\/hu\/mozaik\/wp-content\/uploads\/2023\/06\/ZX_15606-2-768x512.jpg 768w, https:\/\/www.danubiushotels.com\/hu\/mozaik\/wp-content\/uploads\/2023\/06\/ZX_15606-2-1536x1024.jpg 1536w, https:\/\/www.danubiushotels.com\/hu\/mozaik\/wp-content\/uploads\/2023\/06\/ZX_15606-2-2048x1365.jpg 2048w\" sizes=\"(max-width: 720px) 100vw, 720px\" \/><\/a><\/p>\n<p>Egy f\u00e1raszt\u00f3 nap ut\u00e1n pedig alkalom ny\u00edlik a pihen\u00e9sre is. Wellness r\u00e9szleg\u00fcnk meg\u00fajult szaunavil\u00e1ggal, sz\u00e1mos \u00e9lm\u00e9ny \u00e9s \u00fasz\u00f3medenc\u00e9vel biztos\u00edtja vend\u00e9geink maxim\u00e1lis relax\u00e1ci\u00f3j\u00e1t. T\u00e1gas parkunk \u00e9s teniszp\u00e1ly\u00e1nk pedig az akt\u00edv kikapcsol\u00f3d\u00e1shoz is hozz\u00e1j\u00e1rul.<\/p>\n<p><a href=\"https:\/\/www.danubiushotels.com\/hu\/mozaik\/wp-content\/uploads\/2023\/06\/DH_Buk_szaunavilag-011-1.jpg\"><img loading=\"lazy\" decoding=\"async\" class=\"aligncenter size-large wp-image-12177\" src=\"https:\/\/www.danubiushotels.com\/hu\/mozaik\/wp-content\/uploads\/2023\/06\/DH_Buk_szaunavilag-011-1-1024x681.jpg\" alt=\"\" width=\"720\" height=\"479\" srcset=\"https:\/\/www.danubiushotels.com\/hu\/mozaik\/wp-content\/uploads\/2023\/06\/DH_Buk_szaunavilag-011-1-1024x681.jpg 1024w, https:\/\/www.danubiushotels.com\/hu\/mozaik\/wp-content\/uploads\/2023\/06\/DH_Buk_szaunavilag-011-1-300x200.jpg 300w, https:\/\/www.danubiushotels.com\/hu\/mozaik\/wp-content\/uploads\/2023\/06\/DH_Buk_szaunavilag-011-1-768x511.jpg 768w, https:\/\/www.danubiushotels.com\/hu\/mozaik\/wp-content\/uploads\/2023\/06\/DH_Buk_szaunavilag-011-1-1536x1022.jpg 1536w, https:\/\/www.danubiushotels.com\/hu\/mozaik\/wp-content\/uploads\/2023\/06\/DH_Buk_szaunavilag-011-1-2048x1362.jpg 2048w\" sizes=\"(max-width: 720px) 100vw, 720px\" \/><\/a><\/p>\n<h3><strong>B\u00fcki k\u00f6z\u00f6ss\u00e9g\u00e9p\u00edt\u0151 programlehet\u0151s\u00e9gek<\/strong><\/h3>\n<p>K\u00f6z\u00f6ss\u00e9gfejleszt\u0151 programsorozatunk keretein bel\u00fcl a csoportot kisebb csapatokra bontjuk, majd forg\u00f3sz\u00ednpad szer\u0171en vehetnek r\u00e9szt az aktivit\u00e1sokban. Egy helysz\u00ednen a rendelkez\u00e9sre \u00e1ll\u00f3 id\u0151 20-25 perc \u2013 l\u00e9tsz\u00e1mt\u00f3l f\u00fcgg\u0151en. Menetlevelet vezet\u00fcnk, melyet r\u00f6gvest a program z\u00e1r\u00e1sa ut\u00e1n ki\u00e9rt\u00e9kel\u00fcnk, \u00e9s eredm\u00e9nyt hirdet\u00fcnk a verseng\u0151 csapatok k\u00f6z\u00f6tt.<\/p>\n<p>A r\u00e9sztvev\u0151ket l\u00e9tsz\u00e1mt\u00f3l f\u00fcgg\u0151en osztjuk n\u00e9gy vagy \u00f6t kisebb csoportra.\u00a0 A feladatokat a csoportok tagjainak k\u00f6z\u00f6sen egy\u00fcttm\u0171k\u00f6dve kell megoldaniuk. A f\u00f3kusz teh\u00e1t a k\u00f6z\u00f6s feladat\/probl\u00e9mamegold\u00e1son lesz.<\/p>\n<p>N\u00e9gy csoport eset\u00e9n a lenti aktivit\u00e1sokb\u00f3l egyet kih\u00fazunk.<\/p>\n<p><strong>K\u00fclt\u00e9ri programelemek <\/strong><\/p>\n<ol>\n<li><strong>Gokartverseny<\/strong>: teker\u0151s gokartokkal adott p\u00e1ly\u00e1n kell min\u00e9l gyorsabban v\u00e9gig tekerni.<\/li>\n<li><strong>eMonsteRoller<\/strong> akad\u00e1lyp\u00e1lya: haladj v\u00e9gig eMonsteRollerrel a p\u00e1ly\u00e1n \u00e9pp annyi id\u0151 alatt, mint a csapatod legels\u0151 tagja!<\/li>\n<li><strong>Golf-party<\/strong>: ezt a sportot val\u00f3sz\u00edn\u0171leg nem kell bemutatni \u2013 mi k\u00f6z\u00f6ss\u00e9gibb\u00e9 \u00e9s k\u00f6nnyedebb\u00e9 tessz\u00fck \u2013 egy\u00fcttm\u0171k\u00f6d\u00e9st fejleszt\u0151 feladatt\u00e1 alak\u00edtjuk speci\u00e1lis szab\u00e1lyokkal.<\/li>\n<\/ol>\n<p><strong>Belt\u00e9ri programelemek <\/strong><\/p>\n<ol>\n<li><strong>Tangram<\/strong>: \u0151si k\u00ednai logikai j\u00e1t\u00e9k, melyb\u0151l minden csoporttag kap egy-egy darabot. Ki tudja a legt\u00f6bb alakzatot kirakni a legr\u00f6videbb id\u0151 alatt pontosan minden elem felhaszn\u00e1l\u00e1s\u00e1val?!<\/li>\n<li><strong>Ki\u00e9 a zebra?<\/strong>: Logikai j\u00e1t\u00e9k, mely nem ig\u00e9nyel fizikai aktivit\u00e1st, ann\u00e1l ink\u00e1bb a sz\u00fcrke\u00e1llom\u00e1ny megmozgat\u00e1s\u00e1t.<\/li>\n<li><strong>Aknamez\u0151<\/strong>: A pontb\u00f3l B pontba kell \u00fagy \u00e1tjutnia a csapat fel\u00e9nek bek\u00f6t\u00f6tt szemmel, hogy a m\u00e1sik fele hang\u00fczenetekkel ir\u00e1ny\u00edtja az \u0151ket. Az \u201eaknamez\u0151\u201d term\u00e9szetesen akad\u00e1lyokkal tark\u00edtott, s a v\u00e9g\u00e9n egy\u00fcttesen m\u00e9g egy k\u00fcl\u00f6nleges feladatot is el kell v\u00e9gezni.<\/li>\n<li><strong>Sakkcsapda<\/strong>: tal\u00e1lj\u00e1tok meg az elrejtett \u00fatvonalat az el\u0151ttetek elter\u00fcl\u0151 sakkt\u00e1bl\u00e1n, melyen mindenkinek hib\u00e1tlanul\u00a0v\u00e9gig kell haladnia . Ha valaki hib\u00e1zik, a teljes csoport el\u00f6lr\u0151l kezdi a j\u00e1t\u00e9kot. Megold\u00e1s k\u00f6zben nem lehet besz\u00e9lni! Ez egy egy\u00fcttm\u0171k\u00f6d\u00e9si j\u00e1t\u00e9k, amely fejleszti a metakommunik\u00e1ci\u00f3t.<\/li>\n<li><strong>\u00d3ri\u00e1s jenga<\/strong>: a m\u00e1r j\u00f3l ismert j\u00e1t\u00e9k \u00f3ri\u00e1si m\u00e9ret\u0171 elemekkel \u2013 j\u00f3 m\u00f3ka nem csak gyerekeknek.<\/li>\n<\/ol>\n<p>&nbsp;<\/p>\n<p>&nbsp;<\/p>\n<p>&nbsp;<\/p>\n","protected":false},"excerpt":{"rendered":"<p>A Danubius me: a Danubius Hotels rendezv\u00e9nyekre specializ\u00e1l\u00f3dott saj\u00e1t koncepci\u00f3ja mely egyed\u00fcl\u00e1ll\u00f3 arculattal, szolg\u00e1ltat\u00e1sokkal \u00e9s term\u00e9kekkel van jelen a Danubius kijel\u00f6lt konferencia sz\u00e1llod\u00e1iban. A Danubius Hotel B\u00fck**** all inclusive wellness sz\u00e1llod\u00e1nk eddig is t\u00f6k\u00e9letes helysz\u00ednt biztos\u00edtott konferenci\u00e1k, ki\u00e1ll\u00edt\u00e1sok, tr\u00e9ningek \u00e9s csapat\u00e9p\u00edt\u0151k szervez\u00e9s\u00e9re, \u00e1m a Danubius me: -hez val\u00f3 csatlakoz\u00e1s \u00faj szintre emeli a rendezv\u00e9nyek sz\u00ednvonal\u00e1t. [&hellip;]<\/p>\n","protected":false},"author":15,"featured_media":12188,"comment_status":"closed","ping_status":"open","sticky":false,"template":"","format":"standard","meta":{"_acf_changed":false,"_et_pb_use_builder":"","_et_pb_old_content":"","_et_gb_content_width":"","inline_featured_image":false,"footnotes":""},"categories":[1178,4,1175],"tags":[],"class_list":["post-12162","post","type-post","status-publish","format-standard","has-post-thumbnail","hentry","category-csapatepites","category-hirek","category-szallodavilag"],"acf":[],"yoast_head":"<!-- This site is optimized with the Yoast SEO plugin v27.4 - https:\/\/yoast.com\/product\/yoast-seo-wordpress\/ -->\n<title>\u0150sszel is v\u00e1rja a Danubius me: B\u00fckf\u00fcrd\u0151n! - Danubius Mozaik<\/title>\n<meta name=\"description\" content=\"Danubius me: szolg\u00e1ltat\u00e1sunk m\u00e1r B\u00fckf\u00fcrd\u0151n is el\u00e9rhet\u0151!\" \/>\n<meta name=\"robots\" content=\"noindex, follow, max-snippet:-1, max-image-preview:large, max-video-preview:-1\" \/>\n<meta property=\"og:locale\" content=\"hu_HU\" \/>\n<meta property=\"og:type\" content=\"article\" \/>\n<meta property=\"og:title\" content=\"\u0150sszel is v\u00e1rja a Danubius me: B\u00fckf\u00fcrd\u0151n! - Danubius Mozaik\" \/>\n<meta property=\"og:description\" content=\"Danubius me: szolg\u00e1ltat\u00e1sunk m\u00e1r B\u00fckf\u00fcrd\u0151n is el\u00e9rhet\u0151!\" \/>\n<meta property=\"og:url\" content=\"https:\/\/mozaik.icnetworkhu.com\/junius-elsejevel-uj-taggal-bovul-a-danubius-me-csapata\" \/>\n<meta property=\"og:site_name\" content=\"Danubius Mozaik\" \/>\n<meta property=\"article:published_time\" content=\"2023-09-01T13:06:35+00:00\" \/>\n<meta property=\"article:modified_time\" content=\"2024-09-09T12:01:08+00:00\" \/>\n<meta property=\"og:image\" content=\"https:\/\/mozaik.icnetworkhu.com\/wp-content\/uploads\/2023\/05\/ZX_15350.jpg\" \/>\n\t<meta property=\"og:image:width\" content=\"1295\" \/>\n\t<meta property=\"og:image:height\" content=\"909\" \/>\n\t<meta property=\"og:image:type\" content=\"image\/jpeg\" \/>\n<meta name=\"author\" content=\"Pencz Dorottya\" \/>\n<meta name=\"twitter:card\" content=\"summary_large_image\" \/>\n<meta name=\"twitter:label1\" content=\"Szerz\u0151:\" \/>\n\t<meta name=\"twitter:data1\" content=\"Pencz Dorottya\" \/>\n\t<meta name=\"twitter:label2\" content=\"Becs\u00fclt olvas\u00e1si id\u0151\" \/>\n\t<meta name=\"twitter:data2\" content=\"4 perc\" \/>\n<script type=\"application\/ld+json\" class=\"yoast-schema-graph\">{\"@context\":\"https:\\\/\\\/schema.org\",\"@graph\":[{\"@type\":\"Article\",\"@id\":\"https:\\\/\\\/mozaik.icnetworkhu.com\\\/junius-elsejevel-uj-taggal-bovul-a-danubius-me-csapata#article\",\"isPartOf\":{\"@id\":\"https:\\\/\\\/mozaik.icnetworkhu.com\\\/junius-elsejevel-uj-taggal-bovul-a-danubius-me-csapata\"},\"author\":{\"name\":\"Pencz Dorottya\",\"@id\":\"https:\\\/\\\/www.danubiushotels.com\\\/hu\\\/mozaik\\\/#\\\/schema\\\/person\\\/14b0b0c2ea10c762d30500b64e1d685d\"},\"headline\":\"\u0150sszel is v\u00e1rja a Danubius me: B\u00fckf\u00fcrd\u0151n!\",\"datePublished\":\"2023-09-01T13:06:35+00:00\",\"dateModified\":\"2024-09-09T12:01:08+00:00\",\"mainEntityOfPage\":{\"@id\":\"https:\\\/\\\/mozaik.icnetworkhu.com\\\/junius-elsejevel-uj-taggal-bovul-a-danubius-me-csapata\"},\"wordCount\":680,\"image\":{\"@id\":\"https:\\\/\\\/mozaik.icnetworkhu.com\\\/junius-elsejevel-uj-taggal-bovul-a-danubius-me-csapata#primaryimage\"},\"thumbnailUrl\":\"https:\\\/\\\/www.danubiushotels.com\\\/hu\\\/mozaik\\\/wp-content\\\/uploads\\\/2023\\\/05\\\/ZX_15350.jpg\",\"articleSection\":[\"Csapat\u00e9p\u00edt\u00e9s\",\"H\u00edrek\",\"Sz\u00e1llodavil\u00e1g\"],\"inLanguage\":\"hu\"},{\"@type\":\"WebPage\",\"@id\":\"https:\\\/\\\/mozaik.icnetworkhu.com\\\/junius-elsejevel-uj-taggal-bovul-a-danubius-me-csapata\",\"url\":\"https:\\\/\\\/mozaik.icnetworkhu.com\\\/junius-elsejevel-uj-taggal-bovul-a-danubius-me-csapata\",\"name\":\"\u0150sszel is v\u00e1rja a Danubius me: B\u00fckf\u00fcrd\u0151n! - Danubius Mozaik\",\"isPartOf\":{\"@id\":\"https:\\\/\\\/www.danubiushotels.com\\\/hu\\\/mozaik\\\/#website\"},\"primaryImageOfPage\":{\"@id\":\"https:\\\/\\\/mozaik.icnetworkhu.com\\\/junius-elsejevel-uj-taggal-bovul-a-danubius-me-csapata#primaryimage\"},\"image\":{\"@id\":\"https:\\\/\\\/mozaik.icnetworkhu.com\\\/junius-elsejevel-uj-taggal-bovul-a-danubius-me-csapata#primaryimage\"},\"thumbnailUrl\":\"https:\\\/\\\/www.danubiushotels.com\\\/hu\\\/mozaik\\\/wp-content\\\/uploads\\\/2023\\\/05\\\/ZX_15350.jpg\",\"datePublished\":\"2023-09-01T13:06:35+00:00\",\"dateModified\":\"2024-09-09T12:01:08+00:00\",\"author\":{\"@id\":\"https:\\\/\\\/www.danubiushotels.com\\\/hu\\\/mozaik\\\/#\\\/schema\\\/person\\\/14b0b0c2ea10c762d30500b64e1d685d\"},\"description\":\"Danubius me: szolg\u00e1ltat\u00e1sunk m\u00e1r B\u00fckf\u00fcrd\u0151n is el\u00e9rhet\u0151!\",\"breadcrumb\":{\"@id\":\"https:\\\/\\\/mozaik.icnetworkhu.com\\\/junius-elsejevel-uj-taggal-bovul-a-danubius-me-csapata#breadcrumb\"},\"inLanguage\":\"hu\",\"potentialAction\":[{\"@type\":\"ReadAction\",\"target\":[\"https:\\\/\\\/mozaik.icnetworkhu.com\\\/junius-elsejevel-uj-taggal-bovul-a-danubius-me-csapata\"]}]},{\"@type\":\"ImageObject\",\"inLanguage\":\"hu\",\"@id\":\"https:\\\/\\\/mozaik.icnetworkhu.com\\\/junius-elsejevel-uj-taggal-bovul-a-danubius-me-csapata#primaryimage\",\"url\":\"https:\\\/\\\/www.danubiushotels.com\\\/hu\\\/mozaik\\\/wp-content\\\/uploads\\\/2023\\\/05\\\/ZX_15350.jpg\",\"contentUrl\":\"https:\\\/\\\/www.danubiushotels.com\\\/hu\\\/mozaik\\\/wp-content\\\/uploads\\\/2023\\\/05\\\/ZX_15350.jpg\",\"width\":1295,\"height\":909},{\"@type\":\"BreadcrumbList\",\"@id\":\"https:\\\/\\\/mozaik.icnetworkhu.com\\\/junius-elsejevel-uj-taggal-bovul-a-danubius-me-csapata#breadcrumb\",\"itemListElement\":[{\"@type\":\"ListItem\",\"position\":1,\"name\":\"Home\",\"item\":\"https:\\\/\\\/www.danubiushotels.com\\\/hu\\\/mozaik\\\/\"},{\"@type\":\"ListItem\",\"position\":2,\"name\":\"\u0150sszel is v\u00e1rja a Danubius me: B\u00fckf\u00fcrd\u0151n!\"}]},{\"@type\":\"WebSite\",\"@id\":\"https:\\\/\\\/www.danubiushotels.com\\\/hu\\\/mozaik\\\/#website\",\"url\":\"https:\\\/\\\/www.danubiushotels.com\\\/hu\\\/mozaik\\\/\",\"name\":\"Danubius Mozaik\",\"description\":\"Mindig van alkalom a pihen\u00e9sre...\",\"potentialAction\":[{\"@type\":\"SearchAction\",\"target\":{\"@type\":\"EntryPoint\",\"urlTemplate\":\"https:\\\/\\\/www.danubiushotels.com\\\/hu\\\/mozaik\\\/?s={search_term_string}\"},\"query-input\":{\"@type\":\"PropertyValueSpecification\",\"valueRequired\":true,\"valueName\":\"search_term_string\"}}],\"inLanguage\":\"hu\"},{\"@type\":\"Person\",\"@id\":\"https:\\\/\\\/www.danubiushotels.com\\\/hu\\\/mozaik\\\/#\\\/schema\\\/person\\\/14b0b0c2ea10c762d30500b64e1d685d\",\"name\":\"Pencz Dorottya\",\"image\":{\"@type\":\"ImageObject\",\"inLanguage\":\"hu\",\"@id\":\"https:\\\/\\\/secure.gravatar.com\\\/avatar\\\/4f8d852ffd557188675000c0865dc845f775386e26ee67bd8041eb3d017638fc?s=96&d=mm&r=g\",\"url\":\"https:\\\/\\\/secure.gravatar.com\\\/avatar\\\/4f8d852ffd557188675000c0865dc845f775386e26ee67bd8041eb3d017638fc?s=96&d=mm&r=g\",\"contentUrl\":\"https:\\\/\\\/secure.gravatar.com\\\/avatar\\\/4f8d852ffd557188675000c0865dc845f775386e26ee67bd8041eb3d017638fc?s=96&d=mm&r=g\",\"caption\":\"Pencz Dorottya\"},\"url\":\"https:\\\/\\\/www.danubiushotels.com\\\/hu\\\/mozaik\\\/author\\\/dorottyapencz\"}]}<\/script>\n<!-- \/ Yoast SEO plugin. -->","yoast_head_json":{"title":"\u0150sszel is v\u00e1rja a Danubius me: B\u00fckf\u00fcrd\u0151n! - Danubius Mozaik","description":"Danubius me: szolg\u00e1ltat\u00e1sunk m\u00e1r B\u00fckf\u00fcrd\u0151n is el\u00e9rhet\u0151!","robots":{"index":"noindex","follow":"follow","max-snippet":"max-snippet:-1","max-image-preview":"max-image-preview:large","max-video-preview":"max-video-preview:-1"},"og_locale":"hu_HU","og_type":"article","og_title":"\u0150sszel is v\u00e1rja a Danubius me: B\u00fckf\u00fcrd\u0151n! - Danubius Mozaik","og_description":"Danubius me: szolg\u00e1ltat\u00e1sunk m\u00e1r B\u00fckf\u00fcrd\u0151n is el\u00e9rhet\u0151!","og_url":"https:\/\/mozaik.icnetworkhu.com\/junius-elsejevel-uj-taggal-bovul-a-danubius-me-csapata","og_site_name":"Danubius Mozaik","article_published_time":"2023-09-01T13:06:35+00:00","article_modified_time":"2024-09-09T12:01:08+00:00","og_image":[{"width":1295,"height":909,"url":"https:\/\/mozaik.icnetworkhu.com\/wp-content\/uploads\/2023\/05\/ZX_15350.jpg","type":"image\/jpeg"}],"author":"Pencz Dorottya","twitter_card":"summary_large_image","twitter_misc":{"Szerz\u0151:":"Pencz Dorottya","Becs\u00fclt olvas\u00e1si id\u0151":"4 perc"},"schema":{"@context":"https:\/\/schema.org","@graph":[{"@type":"Article","@id":"https:\/\/mozaik.icnetworkhu.com\/junius-elsejevel-uj-taggal-bovul-a-danubius-me-csapata#article","isPartOf":{"@id":"https:\/\/mozaik.icnetworkhu.com\/junius-elsejevel-uj-taggal-bovul-a-danubius-me-csapata"},"author":{"name":"Pencz Dorottya","@id":"https:\/\/www.danubiushotels.com\/hu\/mozaik\/#\/schema\/person\/14b0b0c2ea10c762d30500b64e1d685d"},"headline":"\u0150sszel is v\u00e1rja a Danubius me: B\u00fckf\u00fcrd\u0151n!","datePublished":"2023-09-01T13:06:35+00:00","dateModified":"2024-09-09T12:01:08+00:00","mainEntityOfPage":{"@id":"https:\/\/mozaik.icnetworkhu.com\/junius-elsejevel-uj-taggal-bovul-a-danubius-me-csapata"},"wordCount":680,"image":{"@id":"https:\/\/mozaik.icnetworkhu.com\/junius-elsejevel-uj-taggal-bovul-a-danubius-me-csapata#primaryimage"},"thumbnailUrl":"https:\/\/www.danubiushotels.com\/hu\/mozaik\/wp-content\/uploads\/2023\/05\/ZX_15350.jpg","articleSection":["Csapat\u00e9p\u00edt\u00e9s","H\u00edrek","Sz\u00e1llodavil\u00e1g"],"inLanguage":"hu"},{"@type":"WebPage","@id":"https:\/\/mozaik.icnetworkhu.com\/junius-elsejevel-uj-taggal-bovul-a-danubius-me-csapata","url":"https:\/\/mozaik.icnetworkhu.com\/junius-elsejevel-uj-taggal-bovul-a-danubius-me-csapata","name":"\u0150sszel is v\u00e1rja a Danubius me: B\u00fckf\u00fcrd\u0151n! - Danubius Mozaik","isPartOf":{"@id":"https:\/\/www.danubiushotels.com\/hu\/mozaik\/#website"},"primaryImageOfPage":{"@id":"https:\/\/mozaik.icnetworkhu.com\/junius-elsejevel-uj-taggal-bovul-a-danubius-me-csapata#primaryimage"},"image":{"@id":"https:\/\/mozaik.icnetworkhu.com\/junius-elsejevel-uj-taggal-bovul-a-danubius-me-csapata#primaryimage"},"thumbnailUrl":"https:\/\/www.danubiushotels.com\/hu\/mozaik\/wp-content\/uploads\/2023\/05\/ZX_15350.jpg","datePublished":"2023-09-01T13:06:35+00:00","dateModified":"2024-09-09T12:01:08+00:00","author":{"@id":"https:\/\/www.danubiushotels.com\/hu\/mozaik\/#\/schema\/person\/14b0b0c2ea10c762d30500b64e1d685d"},"description":"Danubius me: szolg\u00e1ltat\u00e1sunk m\u00e1r B\u00fckf\u00fcrd\u0151n is el\u00e9rhet\u0151!","breadcrumb":{"@id":"https:\/\/mozaik.icnetworkhu.com\/junius-elsejevel-uj-taggal-bovul-a-danubius-me-csapata#breadcrumb"},"inLanguage":"hu","potentialAction":[{"@type":"ReadAction","target":["https:\/\/mozaik.icnetworkhu.com\/junius-elsejevel-uj-taggal-bovul-a-danubius-me-csapata"]}]},{"@type":"ImageObject","inLanguage":"hu","@id":"https:\/\/mozaik.icnetworkhu.com\/junius-elsejevel-uj-taggal-bovul-a-danubius-me-csapata#primaryimage","url":"https:\/\/www.danubiushotels.com\/hu\/mozaik\/wp-content\/uploads\/2023\/05\/ZX_15350.jpg","contentUrl":"https:\/\/www.danubiushotels.com\/hu\/mozaik\/wp-content\/uploads\/2023\/05\/ZX_15350.jpg","width":1295,"height":909},{"@type":"BreadcrumbList","@id":"https:\/\/mozaik.icnetworkhu.com\/junius-elsejevel-uj-taggal-bovul-a-danubius-me-csapata#breadcrumb","itemListElement":[{"@type":"ListItem","position":1,"name":"Home","item":"https:\/\/www.danubiushotels.com\/hu\/mozaik\/"},{"@type":"ListItem","position":2,"name":"\u0150sszel is v\u00e1rja a Danubius me: B\u00fckf\u00fcrd\u0151n!"}]},{"@type":"WebSite","@id":"https:\/\/www.danubiushotels.com\/hu\/mozaik\/#website","url":"https:\/\/www.danubiushotels.com\/hu\/mozaik\/","name":"Danubius Mozaik","description":"Mindig van alkalom a pihen\u00e9sre...","potentialAction":[{"@type":"SearchAction","target":{"@type":"EntryPoint","urlTemplate":"https:\/\/www.danubiushotels.com\/hu\/mozaik\/?s={search_term_string}"},"query-input":{"@type":"PropertyValueSpecification","valueRequired":true,"valueName":"search_term_string"}}],"inLanguage":"hu"},{"@type":"Person","@id":"https:\/\/www.danubiushotels.com\/hu\/mozaik\/#\/schema\/person\/14b0b0c2ea10c762d30500b64e1d685d","name":"Pencz Dorottya","image":{"@type":"ImageObject","inLanguage":"hu","@id":"https:\/\/secure.gravatar.com\/avatar\/4f8d852ffd557188675000c0865dc845f775386e26ee67bd8041eb3d017638fc?s=96&d=mm&r=g","url":"https:\/\/secure.gravatar.com\/avatar\/4f8d852ffd557188675000c0865dc845f775386e26ee67bd8041eb3d017638fc?s=96&d=mm&r=g","contentUrl":"https:\/\/secure.gravatar.com\/avatar\/4f8d852ffd557188675000c0865dc845f775386e26ee67bd8041eb3d017638fc?s=96&d=mm&r=g","caption":"Pencz Dorottya"},"url":"https:\/\/www.danubiushotels.com\/hu\/mozaik\/author\/dorottyapencz"}]}},"_links":{"self":[{"href":"https:\/\/www.danubiushotels.com\/hu\/mozaik\/wp-json\/wp\/v2\/posts\/12162","targetHints":{"allow":["GET"]}}],"collection":[{"href":"https:\/\/www.danubiushotels.com\/hu\/mozaik\/wp-json\/wp\/v2\/posts"}],"about":[{"href":"https:\/\/www.danubiushotels.com\/hu\/mozaik\/wp-json\/wp\/v2\/types\/post"}],"author":[{"embeddable":true,"href":"https:\/\/www.danubiushotels.com\/hu\/mozaik\/wp-json\/wp\/v2\/users\/15"}],"replies":[{"embeddable":true,"href":"https:\/\/www.danubiushotels.com\/hu\/mozaik\/wp-json\/wp\/v2\/comments?post=12162"}],"version-history":[{"count":4,"href":"https:\/\/www.danubiushotels.com\/hu\/mozaik\/wp-json\/wp\/v2\/posts\/12162\/revisions"}],"predecessor-version":[{"id":12309,"href":"https:\/\/www.danubiushotels.com\/hu\/mozaik\/wp-json\/wp\/v2\/posts\/12162\/revisions\/12309"}],"wp:featuredmedia":[{"embeddable":true,"href":"https:\/\/www.danubiushotels.com\/hu\/mozaik\/wp-json\/wp\/v2\/media\/12188"}],"wp:attachment":[{"href":"https:\/\/www.danubiushotels.com\/hu\/mozaik\/wp-json\/wp\/v2\/media?parent=12162"}],"wp:term":[{"taxonomy":"category","embeddable":true,"href":"https:\/\/www.danubiushotels.com\/hu\/mozaik\/wp-json\/wp\/v2\/categories?post=12162"},{"taxonomy":"post_tag","embeddable":true,"href":"https:\/\/www.danubiushotels.com\/hu\/mozaik\/wp-json\/wp\/v2\/tags?post=12162"}],"curies":[{"name":"wp","href":"https:\/\/api.w.org\/{rel}","templated":true}]}}