{"id":12190,"date":"2023-06-14T15:46:32","date_gmt":"2023-06-14T13:46:32","guid":{"rendered":"https:\/\/www.danubiushotels.com\/hu\/mozaik\/?p=12190"},"modified":"2024-09-09T14:00:13","modified_gmt":"2024-09-09T12:00:13","slug":"nyari-gasztro-kalandok-a-duna-partjan","status":"publish","type":"post","link":"https:\/\/www.danubiushotels.com\/hu\/mozaik\/nyari-gasztro-kalandok-a-duna-partjan","title":{"rendered":"Ny\u00e1ri gasztro kalandok a Duna partj\u00e1n"},"content":{"rendered":"<p>Hatalmas, naps\u00fct\u00e9ses terasz, Duna-parti hangulat, z\u00f6ld k\u00f6rnyezet, finom \u00e9telek \u00e9s h\u0171s\u00edt\u0151 italok. Ezek jellemzik a <strong>Danubius Hotel Helia<\/strong> meg\u00fajult terasz\u00e1t, ahol a m\u00e9g \u00e9lvezetesebb ny\u00e1resti hangulatr\u00f3l Dj gondoskodik kellemes lounge zen\u00e9vel minden p\u00e9nteken \u00e9s szombaton 18:00 \u00e9s 22:00 k\u00f6z\u00f6tt. H\u00edvja meg hozz\u00e1nk partner\u00e9t, \u00fczlett\u00e1rs\u00e1t egy k\u00f6tetlen vacsor\u00e1ra \u00e9s <strong><a href=\"https:\/\/yellowbistrobar.hu\/\">foglaljon asztalt online&gt;&gt;<\/a><\/strong><\/p>\n<p><a href=\"https:\/\/www.danubiushotels.com\/hu\/mozaik\/wp-content\/uploads\/2023\/06\/MG_1898_end-scaled.jpg\"><img loading=\"lazy\" decoding=\"async\" class=\"aligncenter size-large wp-image-12191\" src=\"https:\/\/www.danubiushotels.com\/hu\/mozaik\/wp-content\/uploads\/2023\/06\/MG_1898_end-1024x683.jpg\" alt=\"\" width=\"720\" height=\"480\" srcset=\"https:\/\/www.danubiushotels.com\/hu\/mozaik\/wp-content\/uploads\/2023\/06\/MG_1898_end-1024x683.jpg 1024w, https:\/\/www.danubiushotels.com\/hu\/mozaik\/wp-content\/uploads\/2023\/06\/MG_1898_end-300x200.jpg 300w, https:\/\/www.danubiushotels.com\/hu\/mozaik\/wp-content\/uploads\/2023\/06\/MG_1898_end-768x512.jpg 768w, https:\/\/www.danubiushotels.com\/hu\/mozaik\/wp-content\/uploads\/2023\/06\/MG_1898_end-1536x1024.jpg 1536w, https:\/\/www.danubiushotels.com\/hu\/mozaik\/wp-content\/uploads\/2023\/06\/MG_1898_end-2048x1365.jpg 2048w\" sizes=\"(max-width: 720px) 100vw, 720px\" \/><\/a><\/p>\n<p>A terasznyit\u00e1ssal egy\u00fctt az \u00e9tel- \u00e9s italk\u00edn\u00e1lat is meg\u00fajult. Az \u00faj \u00e9tlap \u00f6ssze\u00e1ll\u00edt\u00e1s\u00e1nak f\u0151 h\u00edv\u00f3szavai a streetfood, a szezonalit\u00e1s \u00e9s a trendis\u00e9g voltak. \u00cdgy ker\u00fcltek r\u00e1 a burrit\u00f3k (h\u00fasos \u00e9s veget\u00e1ri\u00e1nus), halas \u00e9telek (halas t\u00e1l, r\u00e1kfas\u00edrt fokhagym\u00e1s r\u00e1kny\u00e1rssal), a magyaros \u00edzek kedvel\u0151inek a l\u00e1ngos, desszertnek pedig a churrost aj\u00e1nljuk.<\/p>\n<p><a href=\"https:\/\/www.danubiushotels.com\/hu\/mozaik\/wp-content\/uploads\/2023\/06\/Helia_terasz-019-1.jpg\"><img loading=\"lazy\" decoding=\"async\" class=\"aligncenter size-large wp-image-12198\" src=\"https:\/\/www.danubiushotels.com\/hu\/mozaik\/wp-content\/uploads\/2023\/06\/Helia_terasz-019-1-1024x681.jpg\" alt=\"\" width=\"720\" height=\"479\" srcset=\"https:\/\/www.danubiushotels.com\/hu\/mozaik\/wp-content\/uploads\/2023\/06\/Helia_terasz-019-1-1024x681.jpg 1024w, https:\/\/www.danubiushotels.com\/hu\/mozaik\/wp-content\/uploads\/2023\/06\/Helia_terasz-019-1-300x200.jpg 300w, https:\/\/www.danubiushotels.com\/hu\/mozaik\/wp-content\/uploads\/2023\/06\/Helia_terasz-019-1-768x511.jpg 768w, https:\/\/www.danubiushotels.com\/hu\/mozaik\/wp-content\/uploads\/2023\/06\/Helia_terasz-019-1-1536x1022.jpg 1536w, https:\/\/www.danubiushotels.com\/hu\/mozaik\/wp-content\/uploads\/2023\/06\/Helia_terasz-019-1-2048x1362.jpg 2048w\" sizes=\"(max-width: 720px) 100vw, 720px\" \/><\/a><\/p>\n<p>Az \u00e9telekkel harmoniz\u00e1lva az italk\u00edn\u00e1lt is friss\u00edt\u0151 \u00e9s ny\u00e1rias. Ha egy megbesz\u00e9l\u00e9s mellett elkortyolna egy finom alkoholmentes h\u0171s\u00edt\u0151t, akkor aj\u00e1nljuk a rebarbara &amp; eper limon\u00e1d\u00e9t, a grapefruit &amp; rozmaring spritzert, a citrom &amp; menta refreshert vagy a detox watert: kakukkf\u0171 \u00e9s gy\u00f6mb\u00e9r \u00edzes\u00edt\u00e9ssel.<\/p>\n<p><a href=\"https:\/\/www.danubiushotels.com\/hu\/mozaik\/wp-content\/uploads\/2023\/06\/Helia_terasz-036.jpg\"><img loading=\"lazy\" decoding=\"async\" class=\"aligncenter size-large wp-image-12200\" src=\"https:\/\/www.danubiushotels.com\/hu\/mozaik\/wp-content\/uploads\/2023\/06\/Helia_terasz-036-1024x681.jpg\" alt=\"\" width=\"720\" height=\"479\" srcset=\"https:\/\/www.danubiushotels.com\/hu\/mozaik\/wp-content\/uploads\/2023\/06\/Helia_terasz-036-1024x681.jpg 1024w, https:\/\/www.danubiushotels.com\/hu\/mozaik\/wp-content\/uploads\/2023\/06\/Helia_terasz-036-300x200.jpg 300w, https:\/\/www.danubiushotels.com\/hu\/mozaik\/wp-content\/uploads\/2023\/06\/Helia_terasz-036-768x511.jpg 768w, https:\/\/www.danubiushotels.com\/hu\/mozaik\/wp-content\/uploads\/2023\/06\/Helia_terasz-036-1536x1022.jpg 1536w, https:\/\/www.danubiushotels.com\/hu\/mozaik\/wp-content\/uploads\/2023\/06\/Helia_terasz-036-2048x1362.jpg 2048w\" sizes=\"(max-width: 720px) 100vw, 720px\" \/><\/a><\/p>\n<p>Amennyiben pedig egy hossz\u00fa munk\u00e1val t\u00f6lt\u00f6tt nap ut\u00e1ni kikapcsol\u00f3d\u00e1sra v\u00e1gyik v\u00e1logasson klasszikus ny\u00e1ri kokt\u00e9ljaink k\u00f6z\u00fcl!<\/p>\n<p><a href=\"https:\/\/www.danubiushotels.com\/hu\/mozaik\/wp-content\/uploads\/2023\/06\/Helia_terasz-050-1.jpg\"><img loading=\"lazy\" decoding=\"async\" class=\"aligncenter size-large wp-image-12197\" src=\"https:\/\/www.danubiushotels.com\/hu\/mozaik\/wp-content\/uploads\/2023\/06\/Helia_terasz-050-1-1024x681.jpg\" alt=\"\" width=\"720\" height=\"479\" srcset=\"https:\/\/www.danubiushotels.com\/hu\/mozaik\/wp-content\/uploads\/2023\/06\/Helia_terasz-050-1-1024x681.jpg 1024w, https:\/\/www.danubiushotels.com\/hu\/mozaik\/wp-content\/uploads\/2023\/06\/Helia_terasz-050-1-300x200.jpg 300w, https:\/\/www.danubiushotels.com\/hu\/mozaik\/wp-content\/uploads\/2023\/06\/Helia_terasz-050-1-768x511.jpg 768w, https:\/\/www.danubiushotels.com\/hu\/mozaik\/wp-content\/uploads\/2023\/06\/Helia_terasz-050-1-1536x1022.jpg 1536w, https:\/\/www.danubiushotels.com\/hu\/mozaik\/wp-content\/uploads\/2023\/06\/Helia_terasz-050-1-2048x1362.jpg 2048w\" sizes=\"(max-width: 720px) 100vw, 720px\" \/><\/a><\/p>\n","protected":false},"excerpt":{"rendered":"<p>Hatalmas, naps\u00fct\u00e9ses terasz, Duna-parti hangulat, z\u00f6ld k\u00f6rnyezet, finom \u00e9telek \u00e9s h\u0171s\u00edt\u0151 italok. Ezek jellemzik a Danubius Hotel Helia meg\u00fajult terasz\u00e1t, ahol a m\u00e9g \u00e9lvezetesebb ny\u00e1resti hangulatr\u00f3l Dj gondoskodik kellemes lounge zen\u00e9vel minden p\u00e9nteken \u00e9s szombaton 18:00 \u00e9s 22:00 k\u00f6z\u00f6tt. H\u00edvja meg hozz\u00e1nk partner\u00e9t, \u00fczlett\u00e1rs\u00e1t egy k\u00f6tetlen vacsor\u00e1ra \u00e9s foglaljon asztalt online&gt;&gt; A terasznyit\u00e1ssal egy\u00fctt az [&hellip;]<\/p>\n","protected":false},"author":15,"featured_media":12195,"comment_status":"closed","ping_status":"open","sticky":false,"template":"","format":"standard","meta":{"_acf_changed":false,"_et_pb_use_builder":"","_et_pb_old_content":"","_et_gb_content_width":"","inline_featured_image":false,"footnotes":""},"categories":[1176,4],"tags":[],"class_list":["post-12190","post","type-post","status-publish","format-standard","has-post-thumbnail","hentry","category-gasztro","category-hirek"],"acf":[],"yoast_head":"<!-- This site is optimized with the Yoast SEO plugin v27.4 - https:\/\/yoast.com\/product\/yoast-seo-wordpress\/ -->\n<title>Ny\u00e1ri gasztro kalandok a Duna partj\u00e1n - Danubius Mozaik<\/title>\n<meta name=\"robots\" content=\"noindex, follow, max-snippet:-1, max-image-preview:large, max-video-preview:-1\" \/>\n<meta property=\"og:locale\" content=\"hu_HU\" \/>\n<meta property=\"og:type\" content=\"article\" \/>\n<meta property=\"og:title\" content=\"Ny\u00e1ri gasztro kalandok a Duna partj\u00e1n - Danubius Mozaik\" \/>\n<meta property=\"og:description\" content=\"Hatalmas, naps\u00fct\u00e9ses terasz, Duna-parti hangulat, z\u00f6ld k\u00f6rnyezet, finom \u00e9telek \u00e9s h\u0171s\u00edt\u0151 italok. Ezek jellemzik a Danubius Hotel Helia meg\u00fajult terasz\u00e1t, ahol a m\u00e9g \u00e9lvezetesebb ny\u00e1resti hangulatr\u00f3l Dj gondoskodik kellemes lounge zen\u00e9vel minden p\u00e9nteken \u00e9s szombaton 18:00 \u00e9s 22:00 k\u00f6z\u00f6tt. H\u00edvja meg hozz\u00e1nk partner\u00e9t, \u00fczlett\u00e1rs\u00e1t egy k\u00f6tetlen vacsor\u00e1ra \u00e9s foglaljon asztalt online&gt;&gt; A terasznyit\u00e1ssal egy\u00fctt az [&hellip;]\" \/>\n<meta property=\"og:url\" content=\"https:\/\/mozaik.icnetworkhu.com\/nyari-gasztro-kalandok-a-duna-partjan\" \/>\n<meta property=\"og:site_name\" content=\"Danubius Mozaik\" \/>\n<meta property=\"article:published_time\" content=\"2023-06-14T13:46:32+00:00\" \/>\n<meta property=\"article:modified_time\" content=\"2024-09-09T12:00:13+00:00\" \/>\n<meta property=\"og:image\" content=\"https:\/\/mozaik.icnetworkhu.com\/wp-content\/uploads\/2023\/06\/Helia_terasz-035-1024x719.jpg\" \/>\n\t<meta property=\"og:image:width\" content=\"1024\" \/>\n\t<meta property=\"og:image:height\" content=\"719\" \/>\n\t<meta property=\"og:image:type\" content=\"image\/jpeg\" \/>\n<meta name=\"author\" content=\"Pencz Dorottya\" \/>\n<meta name=\"twitter:card\" content=\"summary_large_image\" \/>\n<meta name=\"twitter:label1\" content=\"Szerz\u0151:\" \/>\n\t<meta name=\"twitter:data1\" content=\"Pencz Dorottya\" \/>\n\t<meta name=\"twitter:label2\" content=\"Becs\u00fclt olvas\u00e1si id\u0151\" \/>\n\t<meta name=\"twitter:data2\" content=\"2 perc\" \/>\n<script type=\"application\/ld+json\" class=\"yoast-schema-graph\">{\"@context\":\"https:\\\/\\\/schema.org\",\"@graph\":[{\"@type\":\"Article\",\"@id\":\"https:\\\/\\\/mozaik.icnetworkhu.com\\\/nyari-gasztro-kalandok-a-duna-partjan#article\",\"isPartOf\":{\"@id\":\"https:\\\/\\\/mozaik.icnetworkhu.com\\\/nyari-gasztro-kalandok-a-duna-partjan\"},\"author\":{\"name\":\"Pencz Dorottya\",\"@id\":\"https:\\\/\\\/www.danubiushotels.com\\\/hu\\\/mozaik\\\/#\\\/schema\\\/person\\\/14b0b0c2ea10c762d30500b64e1d685d\"},\"headline\":\"Ny\u00e1ri gasztro kalandok a Duna partj\u00e1n\",\"datePublished\":\"2023-06-14T13:46:32+00:00\",\"dateModified\":\"2024-09-09T12:00:13+00:00\",\"mainEntityOfPage\":{\"@id\":\"https:\\\/\\\/mozaik.icnetworkhu.com\\\/nyari-gasztro-kalandok-a-duna-partjan\"},\"wordCount\":244,\"image\":{\"@id\":\"https:\\\/\\\/mozaik.icnetworkhu.com\\\/nyari-gasztro-kalandok-a-duna-partjan#primaryimage\"},\"thumbnailUrl\":\"https:\\\/\\\/www.danubiushotels.com\\\/hu\\\/mozaik\\\/wp-content\\\/uploads\\\/2023\\\/06\\\/Helia_terasz-035.jpg\",\"articleSection\":[\"Gasztro\",\"H\u00edrek\"],\"inLanguage\":\"hu\"},{\"@type\":\"WebPage\",\"@id\":\"https:\\\/\\\/mozaik.icnetworkhu.com\\\/nyari-gasztro-kalandok-a-duna-partjan\",\"url\":\"https:\\\/\\\/mozaik.icnetworkhu.com\\\/nyari-gasztro-kalandok-a-duna-partjan\",\"name\":\"Ny\u00e1ri gasztro kalandok a Duna partj\u00e1n - Danubius Mozaik\",\"isPartOf\":{\"@id\":\"https:\\\/\\\/www.danubiushotels.com\\\/hu\\\/mozaik\\\/#website\"},\"primaryImageOfPage\":{\"@id\":\"https:\\\/\\\/mozaik.icnetworkhu.com\\\/nyari-gasztro-kalandok-a-duna-partjan#primaryimage\"},\"image\":{\"@id\":\"https:\\\/\\\/mozaik.icnetworkhu.com\\\/nyari-gasztro-kalandok-a-duna-partjan#primaryimage\"},\"thumbnailUrl\":\"https:\\\/\\\/www.danubiushotels.com\\\/hu\\\/mozaik\\\/wp-content\\\/uploads\\\/2023\\\/06\\\/Helia_terasz-035.jpg\",\"datePublished\":\"2023-06-14T13:46:32+00:00\",\"dateModified\":\"2024-09-09T12:00:13+00:00\",\"author\":{\"@id\":\"https:\\\/\\\/www.danubiushotels.com\\\/hu\\\/mozaik\\\/#\\\/schema\\\/person\\\/14b0b0c2ea10c762d30500b64e1d685d\"},\"breadcrumb\":{\"@id\":\"https:\\\/\\\/mozaik.icnetworkhu.com\\\/nyari-gasztro-kalandok-a-duna-partjan#breadcrumb\"},\"inLanguage\":\"hu\",\"potentialAction\":[{\"@type\":\"ReadAction\",\"target\":[\"https:\\\/\\\/mozaik.icnetworkhu.com\\\/nyari-gasztro-kalandok-a-duna-partjan\"]}]},{\"@type\":\"ImageObject\",\"inLanguage\":\"hu\",\"@id\":\"https:\\\/\\\/mozaik.icnetworkhu.com\\\/nyari-gasztro-kalandok-a-duna-partjan#primaryimage\",\"url\":\"https:\\\/\\\/www.danubiushotels.com\\\/hu\\\/mozaik\\\/wp-content\\\/uploads\\\/2023\\\/06\\\/Helia_terasz-035.jpg\",\"contentUrl\":\"https:\\\/\\\/www.danubiushotels.com\\\/hu\\\/mozaik\\\/wp-content\\\/uploads\\\/2023\\\/06\\\/Helia_terasz-035.jpg\",\"width\":2121,\"height\":1489},{\"@type\":\"BreadcrumbList\",\"@id\":\"https:\\\/\\\/mozaik.icnetworkhu.com\\\/nyari-gasztro-kalandok-a-duna-partjan#breadcrumb\",\"itemListElement\":[{\"@type\":\"ListItem\",\"position\":1,\"name\":\"Home\",\"item\":\"https:\\\/\\\/www.danubiushotels.com\\\/hu\\\/mozaik\\\/\"},{\"@type\":\"ListItem\",\"position\":2,\"name\":\"Ny\u00e1ri gasztro kalandok a Duna partj\u00e1n\"}]},{\"@type\":\"WebSite\",\"@id\":\"https:\\\/\\\/www.danubiushotels.com\\\/hu\\\/mozaik\\\/#website\",\"url\":\"https:\\\/\\\/www.danubiushotels.com\\\/hu\\\/mozaik\\\/\",\"name\":\"Danubius Mozaik\",\"description\":\"Mindig van alkalom a pihen\u00e9sre...\",\"potentialAction\":[{\"@type\":\"SearchAction\",\"target\":{\"@type\":\"EntryPoint\",\"urlTemplate\":\"https:\\\/\\\/www.danubiushotels.com\\\/hu\\\/mozaik\\\/?s={search_term_string}\"},\"query-input\":{\"@type\":\"PropertyValueSpecification\",\"valueRequired\":true,\"valueName\":\"search_term_string\"}}],\"inLanguage\":\"hu\"},{\"@type\":\"Person\",\"@id\":\"https:\\\/\\\/www.danubiushotels.com\\\/hu\\\/mozaik\\\/#\\\/schema\\\/person\\\/14b0b0c2ea10c762d30500b64e1d685d\",\"name\":\"Pencz Dorottya\",\"image\":{\"@type\":\"ImageObject\",\"inLanguage\":\"hu\",\"@id\":\"https:\\\/\\\/secure.gravatar.com\\\/avatar\\\/4f8d852ffd557188675000c0865dc845f775386e26ee67bd8041eb3d017638fc?s=96&d=mm&r=g\",\"url\":\"https:\\\/\\\/secure.gravatar.com\\\/avatar\\\/4f8d852ffd557188675000c0865dc845f775386e26ee67bd8041eb3d017638fc?s=96&d=mm&r=g\",\"contentUrl\":\"https:\\\/\\\/secure.gravatar.com\\\/avatar\\\/4f8d852ffd557188675000c0865dc845f775386e26ee67bd8041eb3d017638fc?s=96&d=mm&r=g\",\"caption\":\"Pencz Dorottya\"},\"url\":\"https:\\\/\\\/www.danubiushotels.com\\\/hu\\\/mozaik\\\/author\\\/dorottyapencz\"}]}<\/script>\n<!-- \/ Yoast SEO plugin. -->","yoast_head_json":{"title":"Ny\u00e1ri gasztro kalandok a Duna partj\u00e1n - Danubius Mozaik","robots":{"index":"noindex","follow":"follow","max-snippet":"max-snippet:-1","max-image-preview":"max-image-preview:large","max-video-preview":"max-video-preview:-1"},"og_locale":"hu_HU","og_type":"article","og_title":"Ny\u00e1ri gasztro kalandok a Duna partj\u00e1n - Danubius Mozaik","og_description":"Hatalmas, naps\u00fct\u00e9ses terasz, Duna-parti hangulat, z\u00f6ld k\u00f6rnyezet, finom \u00e9telek \u00e9s h\u0171s\u00edt\u0151 italok. Ezek jellemzik a Danubius Hotel Helia meg\u00fajult terasz\u00e1t, ahol a m\u00e9g \u00e9lvezetesebb ny\u00e1resti hangulatr\u00f3l Dj gondoskodik kellemes lounge zen\u00e9vel minden p\u00e9nteken \u00e9s szombaton 18:00 \u00e9s 22:00 k\u00f6z\u00f6tt. H\u00edvja meg hozz\u00e1nk partner\u00e9t, \u00fczlett\u00e1rs\u00e1t egy k\u00f6tetlen vacsor\u00e1ra \u00e9s foglaljon asztalt online&gt;&gt; A terasznyit\u00e1ssal egy\u00fctt az [&hellip;]","og_url":"https:\/\/mozaik.icnetworkhu.com\/nyari-gasztro-kalandok-a-duna-partjan","og_site_name":"Danubius Mozaik","article_published_time":"2023-06-14T13:46:32+00:00","article_modified_time":"2024-09-09T12:00:13+00:00","og_image":[{"width":1024,"height":719,"url":"https:\/\/mozaik.icnetworkhu.com\/wp-content\/uploads\/2023\/06\/Helia_terasz-035-1024x719.jpg","type":"image\/jpeg"}],"author":"Pencz Dorottya","twitter_card":"summary_large_image","twitter_misc":{"Szerz\u0151:":"Pencz Dorottya","Becs\u00fclt olvas\u00e1si id\u0151":"2 perc"},"schema":{"@context":"https:\/\/schema.org","@graph":[{"@type":"Article","@id":"https:\/\/mozaik.icnetworkhu.com\/nyari-gasztro-kalandok-a-duna-partjan#article","isPartOf":{"@id":"https:\/\/mozaik.icnetworkhu.com\/nyari-gasztro-kalandok-a-duna-partjan"},"author":{"name":"Pencz Dorottya","@id":"https:\/\/www.danubiushotels.com\/hu\/mozaik\/#\/schema\/person\/14b0b0c2ea10c762d30500b64e1d685d"},"headline":"Ny\u00e1ri gasztro kalandok a Duna partj\u00e1n","datePublished":"2023-06-14T13:46:32+00:00","dateModified":"2024-09-09T12:00:13+00:00","mainEntityOfPage":{"@id":"https:\/\/mozaik.icnetworkhu.com\/nyari-gasztro-kalandok-a-duna-partjan"},"wordCount":244,"image":{"@id":"https:\/\/mozaik.icnetworkhu.com\/nyari-gasztro-kalandok-a-duna-partjan#primaryimage"},"thumbnailUrl":"https:\/\/www.danubiushotels.com\/hu\/mozaik\/wp-content\/uploads\/2023\/06\/Helia_terasz-035.jpg","articleSection":["Gasztro","H\u00edrek"],"inLanguage":"hu"},{"@type":"WebPage","@id":"https:\/\/mozaik.icnetworkhu.com\/nyari-gasztro-kalandok-a-duna-partjan","url":"https:\/\/mozaik.icnetworkhu.com\/nyari-gasztro-kalandok-a-duna-partjan","name":"Ny\u00e1ri gasztro kalandok a Duna partj\u00e1n - Danubius Mozaik","isPartOf":{"@id":"https:\/\/www.danubiushotels.com\/hu\/mozaik\/#website"},"primaryImageOfPage":{"@id":"https:\/\/mozaik.icnetworkhu.com\/nyari-gasztro-kalandok-a-duna-partjan#primaryimage"},"image":{"@id":"https:\/\/mozaik.icnetworkhu.com\/nyari-gasztro-kalandok-a-duna-partjan#primaryimage"},"thumbnailUrl":"https:\/\/www.danubiushotels.com\/hu\/mozaik\/wp-content\/uploads\/2023\/06\/Helia_terasz-035.jpg","datePublished":"2023-06-14T13:46:32+00:00","dateModified":"2024-09-09T12:00:13+00:00","author":{"@id":"https:\/\/www.danubiushotels.com\/hu\/mozaik\/#\/schema\/person\/14b0b0c2ea10c762d30500b64e1d685d"},"breadcrumb":{"@id":"https:\/\/mozaik.icnetworkhu.com\/nyari-gasztro-kalandok-a-duna-partjan#breadcrumb"},"inLanguage":"hu","potentialAction":[{"@type":"ReadAction","target":["https:\/\/mozaik.icnetworkhu.com\/nyari-gasztro-kalandok-a-duna-partjan"]}]},{"@type":"ImageObject","inLanguage":"hu","@id":"https:\/\/mozaik.icnetworkhu.com\/nyari-gasztro-kalandok-a-duna-partjan#primaryimage","url":"https:\/\/www.danubiushotels.com\/hu\/mozaik\/wp-content\/uploads\/2023\/06\/Helia_terasz-035.jpg","contentUrl":"https:\/\/www.danubiushotels.com\/hu\/mozaik\/wp-content\/uploads\/2023\/06\/Helia_terasz-035.jpg","width":2121,"height":1489},{"@type":"BreadcrumbList","@id":"https:\/\/mozaik.icnetworkhu.com\/nyari-gasztro-kalandok-a-duna-partjan#breadcrumb","itemListElement":[{"@type":"ListItem","position":1,"name":"Home","item":"https:\/\/www.danubiushotels.com\/hu\/mozaik\/"},{"@type":"ListItem","position":2,"name":"Ny\u00e1ri gasztro kalandok a Duna partj\u00e1n"}]},{"@type":"WebSite","@id":"https:\/\/www.danubiushotels.com\/hu\/mozaik\/#website","url":"https:\/\/www.danubiushotels.com\/hu\/mozaik\/","name":"Danubius Mozaik","description":"Mindig van alkalom a pihen\u00e9sre...","potentialAction":[{"@type":"SearchAction","target":{"@type":"EntryPoint","urlTemplate":"https:\/\/www.danubiushotels.com\/hu\/mozaik\/?s={search_term_string}"},"query-input":{"@type":"PropertyValueSpecification","valueRequired":true,"valueName":"search_term_string"}}],"inLanguage":"hu"},{"@type":"Person","@id":"https:\/\/www.danubiushotels.com\/hu\/mozaik\/#\/schema\/person\/14b0b0c2ea10c762d30500b64e1d685d","name":"Pencz Dorottya","image":{"@type":"ImageObject","inLanguage":"hu","@id":"https:\/\/secure.gravatar.com\/avatar\/4f8d852ffd557188675000c0865dc845f775386e26ee67bd8041eb3d017638fc?s=96&d=mm&r=g","url":"https:\/\/secure.gravatar.com\/avatar\/4f8d852ffd557188675000c0865dc845f775386e26ee67bd8041eb3d017638fc?s=96&d=mm&r=g","contentUrl":"https:\/\/secure.gravatar.com\/avatar\/4f8d852ffd557188675000c0865dc845f775386e26ee67bd8041eb3d017638fc?s=96&d=mm&r=g","caption":"Pencz Dorottya"},"url":"https:\/\/www.danubiushotels.com\/hu\/mozaik\/author\/dorottyapencz"}]}},"_links":{"self":[{"href":"https:\/\/www.danubiushotels.com\/hu\/mozaik\/wp-json\/wp\/v2\/posts\/12190","targetHints":{"allow":["GET"]}}],"collection":[{"href":"https:\/\/www.danubiushotels.com\/hu\/mozaik\/wp-json\/wp\/v2\/posts"}],"about":[{"href":"https:\/\/www.danubiushotels.com\/hu\/mozaik\/wp-json\/wp\/v2\/types\/post"}],"author":[{"embeddable":true,"href":"https:\/\/www.danubiushotels.com\/hu\/mozaik\/wp-json\/wp\/v2\/users\/15"}],"replies":[{"embeddable":true,"href":"https:\/\/www.danubiushotels.com\/hu\/mozaik\/wp-json\/wp\/v2\/comments?post=12190"}],"version-history":[{"count":4,"href":"https:\/\/www.danubiushotels.com\/hu\/mozaik\/wp-json\/wp\/v2\/posts\/12190\/revisions"}],"predecessor-version":[{"id":12232,"href":"https:\/\/www.danubiushotels.com\/hu\/mozaik\/wp-json\/wp\/v2\/posts\/12190\/revisions\/12232"}],"wp:featuredmedia":[{"embeddable":true,"href":"https:\/\/www.danubiushotels.com\/hu\/mozaik\/wp-json\/wp\/v2\/media\/12195"}],"wp:attachment":[{"href":"https:\/\/www.danubiushotels.com\/hu\/mozaik\/wp-json\/wp\/v2\/media?parent=12190"}],"wp:term":[{"taxonomy":"category","embeddable":true,"href":"https:\/\/www.danubiushotels.com\/hu\/mozaik\/wp-json\/wp\/v2\/categories?post=12190"},{"taxonomy":"post_tag","embeddable":true,"href":"https:\/\/www.danubiushotels.com\/hu\/mozaik\/wp-json\/wp\/v2\/tags?post=12190"}],"curies":[{"name":"wp","href":"https:\/\/api.w.org\/{rel}","templated":true}]}}