{"id":12241,"date":"2023-06-19T16:24:08","date_gmt":"2023-06-19T14:24:08","guid":{"rendered":"https:\/\/www.danubiushotels.com\/hu\/mozaik\/?p=12241"},"modified":"2024-09-09T14:00:57","modified_gmt":"2024-09-09T12:00:57","slug":"balatonfured-tele-elmenyekkel","status":"publish","type":"post","link":"https:\/\/www.danubiushotels.com\/hu\/mozaik\/balatonfured-tele-elmenyekkel","title":{"rendered":"Balatonf\u00fcred tele \u00e9lm\u00e9nyekkel!"},"content":{"rendered":"<p>Induljon a ny\u00e1ri pihen\u00e9s a Balaton partj\u00e1n! Balatonf\u00fcred, az \u00e9szaki part egyik leghangulatosabb v\u00e1rosa eg\u00e9sz ny\u00e1ron <a href=\"https:\/\/www.danubiushotels.com\/hu\/desztinaciok\/balatonfured\/programkatalogus\"><strong>izgalmas programokkal<\/strong><\/a>\u00a0v\u00e1rja az \u00e9rdekl\u0151d\u0151ket: koncertek, fesztiv\u00e1lok, bor, zene \u00e9s levendulasz\u00fcret.<\/p>\n<p><a href=\"https:\/\/www.danubiushotels.com\/hu\/mozaik\/wp-content\/uploads\/2023\/06\/Balatonfured_04.jpg\"><img loading=\"lazy\" decoding=\"async\" class=\"aligncenter size-large wp-image-12260\" src=\"https:\/\/www.danubiushotels.com\/hu\/mozaik\/wp-content\/uploads\/2023\/06\/Balatonfured_04-1024x683.jpg\" alt=\"\" width=\"720\" height=\"480\" srcset=\"https:\/\/www.danubiushotels.com\/hu\/mozaik\/wp-content\/uploads\/2023\/06\/Balatonfured_04-1024x683.jpg 1024w, https:\/\/www.danubiushotels.com\/hu\/mozaik\/wp-content\/uploads\/2023\/06\/Balatonfured_04-300x200.jpg 300w, https:\/\/www.danubiushotels.com\/hu\/mozaik\/wp-content\/uploads\/2023\/06\/Balatonfured_04-768x512.jpg 768w, https:\/\/www.danubiushotels.com\/hu\/mozaik\/wp-content\/uploads\/2023\/06\/Balatonfured_04-1536x1024.jpg 1536w, https:\/\/www.danubiushotels.com\/hu\/mozaik\/wp-content\/uploads\/2023\/06\/Balatonfured_04.jpg 1600w\" sizes=\"(max-width: 720px) 100vw, 720px\" \/><\/a><\/p>\n<p><a href=\"https:\/\/www.danubiushotels.com\/hu\/szallodak-balatonfured\/hotel-marina\"><b>Danubius Hotel Marina &#8211; All Inclusive<\/b><\/a>\u00a0\u00e9s a\u00a0<a href=\"https:\/\/www.danubiushotels.com\/hu\/szallodak-balatonfured\/hotel-annabella\"><b>Danubius Hotel Annabella<\/b><\/a> sz\u00e1llod\u00e1inkban mindent megtal\u00e1l az ide\u00e1lis csal\u00e1di kikapcsol\u00f3d\u00e1shoz, ugyanakkor t\u00f6k\u00e9letes helysz\u00ednei szakmai rendezv\u00e9nyeknek, tov\u00e1bbk\u00e9pz\u00e9seknek \u00e9s csapat\u00e9p\u00edt\u0151 programoknak.<\/p>\n<h3>Ha pedig valami k\u00fcl\u00f6nleges k\u00f6z\u00f6s \u00e9lm\u00e9nyt is szerezne csapat\u00e1nak, v\u00e1logasson outdoor programaj\u00e1nl\u00f3nkb\u00f3l!<\/h3>\n<h4>A magyar tenger kal\u00f3zai<\/h4>\n<p>6-12 szem\u00e9lyes vitorl\u00e1sokkal sebesen siklunk a magyar tenger hull\u00e1main. Izgalmas versenyfut\u00e1s az id\u0151vel<br \/>\n\u00e9s egym\u00e1ssal, h\u00e1tt\u00e9rben a gy\u00f6ny\u00f6r\u0171 Tihanyi-f\u00e9lszigettel<\/p>\n<p style=\"text-align: center;\"><a href=\"https:\/\/www.danubiushotels.com\/hu\/mozaik\/wp-content\/uploads\/2023\/06\/8509969-1.jpg\"><img loading=\"lazy\" decoding=\"async\" class=\"alignnone size-large wp-image-12245\" src=\"https:\/\/www.danubiushotels.com\/hu\/mozaik\/wp-content\/uploads\/2023\/06\/8509969-1-1024x1024.jpg\" alt=\"\" width=\"720\" height=\"720\" srcset=\"https:\/\/www.danubiushotels.com\/hu\/mozaik\/wp-content\/uploads\/2023\/06\/8509969-1-1024x1024.jpg 1024w, https:\/\/www.danubiushotels.com\/hu\/mozaik\/wp-content\/uploads\/2023\/06\/8509969-1-300x300.jpg 300w, https:\/\/www.danubiushotels.com\/hu\/mozaik\/wp-content\/uploads\/2023\/06\/8509969-1-150x150.jpg 150w, https:\/\/www.danubiushotels.com\/hu\/mozaik\/wp-content\/uploads\/2023\/06\/8509969-1-768x768.jpg 768w, https:\/\/www.danubiushotels.com\/hu\/mozaik\/wp-content\/uploads\/2023\/06\/8509969-1-1536x1536.jpg 1536w, https:\/\/www.danubiushotels.com\/hu\/mozaik\/wp-content\/uploads\/2023\/06\/8509969-1-160x160.jpg 160w, https:\/\/www.danubiushotels.com\/hu\/mozaik\/wp-content\/uploads\/2023\/06\/8509969-1-320x320.jpg 320w, https:\/\/www.danubiushotels.com\/hu\/mozaik\/wp-content\/uploads\/2023\/06\/8509969-1.jpg 1600w\" sizes=\"(max-width: 720px) 100vw, 720px\" \/><\/a><\/p>\n<h4>H\u00edv a Balaton &#8211; S\u00e9tahaj\u00f3z\u00e1s<\/h4>\n<p><strong>Balaton:<\/strong> 130 szem\u00e9lyes luxusig\u00e9nyeket is kiel\u00e9g\u00edt\u0151 nosztalgiahaj\u00f3. Z\u00e1rt, klimatiz\u00e1lt r\u00e9sz\u00e9ben 50 f\u0151t, nyitott r\u00e9sz\u00e9ben 80 f\u0151t tudnak k\u00e9nyelmesen elhelyezni. A haj\u00f3 j\u00f3l felszerelt b\u00e1rja biztos\u00edtja a vend\u00e9gek magas sz\u00ednvonal\u00fa kiszolg\u00e1l\u00e1s\u00e1t.<br \/>\n<strong>J\u00f3kai:<\/strong> 50 szem\u00e9lyes hangulatos nosztalgiahaj\u00f3 z\u00e1rt utast\u00e9rrel \u00e9s fedett s\u00e9tafed\u00e9lzettel rendelkezik<\/p>\n<p><a href=\"https:\/\/www.danubiushotels.com\/hu\/mozaik\/wp-content\/uploads\/2023\/06\/Balatonfured_16.jpg\"><img loading=\"lazy\" decoding=\"async\" class=\"aligncenter size-large wp-image-12246\" src=\"https:\/\/www.danubiushotels.com\/hu\/mozaik\/wp-content\/uploads\/2023\/06\/Balatonfured_16-1024x683.jpg\" alt=\"\" width=\"720\" height=\"480\" srcset=\"https:\/\/www.danubiushotels.com\/hu\/mozaik\/wp-content\/uploads\/2023\/06\/Balatonfured_16-1024x683.jpg 1024w, https:\/\/www.danubiushotels.com\/hu\/mozaik\/wp-content\/uploads\/2023\/06\/Balatonfured_16-300x200.jpg 300w, https:\/\/www.danubiushotels.com\/hu\/mozaik\/wp-content\/uploads\/2023\/06\/Balatonfured_16-768x512.jpg 768w, https:\/\/www.danubiushotels.com\/hu\/mozaik\/wp-content\/uploads\/2023\/06\/Balatonfured_16-1536x1024.jpg 1536w, https:\/\/www.danubiushotels.com\/hu\/mozaik\/wp-content\/uploads\/2023\/06\/Balatonfured_16.jpg 1600w\" sizes=\"(max-width: 720px) 100vw, 720px\" \/><\/a><\/p>\n<h4>S\u00e1rk\u00e1nyhaj\u00f3z\u00e1s &#8211; egy v\u00e9rbeli csapatsport<\/h4>\n<p>Profi edz\u0151k seg\u00edts\u00e9g\u00e9vel a csapatoknak a v\u00e1lasztott t\u00e1vot a megadott id\u0151n bel\u00fcl kell teljes\u00edteni. Nagyobb l\u00e9tsz\u00e1m eset\u00e9n s\u00e1rk\u00e1nyhaj\u00f3 kateg\u00f3ri\u00e1ban ak\u00e1r h\u00e1zi versenyt is szervez\u00fcnk, melynek r\u00e9v\u00e9n k\u00f6nnyen kider\u00edthet\u0151, hogy mely r\u00e9szlegen vannak a legnagyobb s\u00e1rk\u00e1nyok a c\u00e9gn\u00e9l.<\/p>\n<p><img decoding=\"async\" class=\"aligncenter\" src=\"https:\/\/osztalykirandulas.hu\/app\/uploads\/2017\/03\/Balatonf%C3%BCred4-800x600.jpg\" alt=\"S\u00e1rk\u00e1nyhaj\u00f3z\u00e1s Balatonf\u00fcred | Osztalykirandulasok\" \/><\/p>\n<h4>Padl\u00f3g\u00e1z! &#8211; Gokart, Quad<\/h4>\n<p>Sz\u00f3rakoz\u00e1s, csapat\u00e9p\u00edt\u00e9s j\u00f3 \u00e9s rossz id\u0151ben! Nyomat\u00e9kos gokartok, er\u0151s crosscartok \u00e9s felejthetetlen \u00e9lm\u00e9nyt ny\u00fajt\u00f3 quadok, aszfaltos \u00e9s f\u00f6ldes p\u00e1ly\u00e1kon!<\/p>\n<p><a href=\"https:\/\/www.danubiushotels.com\/hu\/mozaik\/wp-content\/uploads\/2023\/06\/gokart-1.jpg\"><img loading=\"lazy\" decoding=\"async\" class=\"aligncenter size-large wp-image-12257\" src=\"https:\/\/www.danubiushotels.com\/hu\/mozaik\/wp-content\/uploads\/2023\/06\/gokart-1-1024x683.jpg\" alt=\"\" width=\"720\" height=\"480\" srcset=\"https:\/\/www.danubiushotels.com\/hu\/mozaik\/wp-content\/uploads\/2023\/06\/gokart-1-1024x683.jpg 1024w, https:\/\/www.danubiushotels.com\/hu\/mozaik\/wp-content\/uploads\/2023\/06\/gokart-1-300x200.jpg 300w, https:\/\/www.danubiushotels.com\/hu\/mozaik\/wp-content\/uploads\/2023\/06\/gokart-1-768x512.jpg 768w, https:\/\/www.danubiushotels.com\/hu\/mozaik\/wp-content\/uploads\/2023\/06\/gokart-1.jpg 1200w\" sizes=\"(max-width: 720px) 100vw, 720px\" \/><\/a><\/p>\n<h4>Bork\u00f3stol\u00e1s a Koczor pinc\u00e9szetben<\/h4>\n<p>A Koczor Pinc\u00e9szet \u00e9s Vend\u00e9gfogad\u00f3 Balatonf\u00fcred egyik legszebb ter\u00fclet\u00e9n helyezkedik el, a v\u00e1rosk\u00f6zpontt\u00f3l mind\u00f6ssze 3 km-re, sz\u0151l\u0151skertek \u00f6lel\u00e9s\u00e9ben. A teraszr\u00f3l a Balaton \u00e9s a Tihanyi-f\u00e9lsziget l\u00e1tv\u00e1ny\u00e1ban gy\u00f6ny\u00f6rk\u00f6dhetnek a vend\u00e9gek.<\/p>\n<p><a href=\"https:\/\/www.danubiushotels.com\/hu\/mozaik\/wp-content\/uploads\/2023\/06\/164786497_s.jpg\"><img loading=\"lazy\" decoding=\"async\" class=\"aligncenter size-full wp-image-12255\" src=\"https:\/\/www.danubiushotels.com\/hu\/mozaik\/wp-content\/uploads\/2023\/06\/164786497_s.jpg\" alt=\"\" width=\"848\" height=\"565\" srcset=\"https:\/\/www.danubiushotels.com\/hu\/mozaik\/wp-content\/uploads\/2023\/06\/164786497_s.jpg 848w, https:\/\/www.danubiushotels.com\/hu\/mozaik\/wp-content\/uploads\/2023\/06\/164786497_s-300x200.jpg 300w, https:\/\/www.danubiushotels.com\/hu\/mozaik\/wp-content\/uploads\/2023\/06\/164786497_s-768x512.jpg 768w\" sizes=\"(max-width: 848px) 100vw, 848px\" \/><\/a><\/p>\n<h4>Zakatol\u00e1s kisvonattal<\/h4>\n<p>Felejthetetlen \u00e9lm\u00e9ny kicsiknek \u00e9s nagyoknak egyar\u00e1nt. A 9 km-es v\u00e1rosn\u00e9z\u0151 t\u00far\u00e1n megtekinthetik a reformkori v\u00e1rosr\u00e9szt, a legfontosabb m\u0171eml\u00e9keket \u00e9s nevezetess\u00e9geket, a nagy t\u00f6rt\u00e9nelmi m\u00falttal rendelkez\u0151 \u00f3v\u00e1rost, a v\u00e1ros \u00e9let\u00e9nek f\u0151 sz\u00ednter\u00e9t a Balaton parti v\u00e1rosr\u00e9sz\u00e9t \u00e9s a sz\u00e1llodasort.<\/p>\n<p><a href=\"https:\/\/www.danubiushotels.com\/hu\/mozaik\/wp-content\/uploads\/2023\/06\/Dotto-Balatonfured-scaled.jpg\"><img loading=\"lazy\" decoding=\"async\" class=\"aligncenter size-large wp-image-12258\" src=\"https:\/\/www.danubiushotels.com\/hu\/mozaik\/wp-content\/uploads\/2023\/06\/Dotto-Balatonfured-1024x735.jpg\" alt=\"\" width=\"720\" height=\"517\" srcset=\"https:\/\/www.danubiushotels.com\/hu\/mozaik\/wp-content\/uploads\/2023\/06\/Dotto-Balatonfured-1024x735.jpg 1024w, https:\/\/www.danubiushotels.com\/hu\/mozaik\/wp-content\/uploads\/2023\/06\/Dotto-Balatonfured-300x215.jpg 300w, https:\/\/www.danubiushotels.com\/hu\/mozaik\/wp-content\/uploads\/2023\/06\/Dotto-Balatonfured-768x551.jpg 768w, https:\/\/www.danubiushotels.com\/hu\/mozaik\/wp-content\/uploads\/2023\/06\/Dotto-Balatonfured-1536x1102.jpg 1536w, https:\/\/www.danubiushotels.com\/hu\/mozaik\/wp-content\/uploads\/2023\/06\/Dotto-Balatonfured-2048x1469.jpg 2048w\" sizes=\"(max-width: 720px) 100vw, 720px\" \/><\/a><\/p>\n<p>&nbsp;<\/p>\n","protected":false},"excerpt":{"rendered":"<p>Induljon a ny\u00e1ri pihen\u00e9s a Balaton partj\u00e1n! Balatonf\u00fcred, az \u00e9szaki part egyik leghangulatosabb v\u00e1rosa eg\u00e9sz ny\u00e1ron izgalmas programokkal\u00a0v\u00e1rja az \u00e9rdekl\u0151d\u0151ket: koncertek, fesztiv\u00e1lok, bor, zene \u00e9s levendulasz\u00fcret. Danubius Hotel Marina &#8211; All Inclusive\u00a0\u00e9s a\u00a0Danubius Hotel Annabella sz\u00e1llod\u00e1inkban mindent megtal\u00e1l az ide\u00e1lis csal\u00e1di kikapcsol\u00f3d\u00e1shoz, ugyanakkor t\u00f6k\u00e9letes helysz\u00ednei szakmai rendezv\u00e9nyeknek, tov\u00e1bbk\u00e9pz\u00e9seknek \u00e9s csapat\u00e9p\u00edt\u0151 programoknak. Ha pedig valami k\u00fcl\u00f6nleges [&hellip;]<\/p>\n","protected":false},"author":15,"featured_media":12247,"comment_status":"closed","ping_status":"open","sticky":false,"template":"","format":"standard","meta":{"_acf_changed":false,"_et_pb_use_builder":"","_et_pb_old_content":"","_et_gb_content_width":"","inline_featured_image":false,"footnotes":""},"categories":[1178,4,1175],"tags":[],"class_list":["post-12241","post","type-post","status-publish","format-standard","has-post-thumbnail","hentry","category-csapatepites","category-hirek","category-szallodavilag"],"acf":[],"yoast_head":"<!-- This site is optimized with the Yoast SEO plugin v27.4 - https:\/\/yoast.com\/product\/yoast-seo-wordpress\/ -->\n<title>Balatonf\u00fcred tele \u00e9lm\u00e9nyekkel! - Danubius Mozaik<\/title>\n<meta name=\"robots\" content=\"noindex, follow, max-snippet:-1, max-image-preview:large, max-video-preview:-1\" \/>\n<meta property=\"og:locale\" content=\"hu_HU\" \/>\n<meta property=\"og:type\" content=\"article\" \/>\n<meta property=\"og:title\" content=\"Balatonf\u00fcred tele \u00e9lm\u00e9nyekkel! - Danubius Mozaik\" \/>\n<meta property=\"og:description\" content=\"Induljon a ny\u00e1ri pihen\u00e9s a Balaton partj\u00e1n! Balatonf\u00fcred, az \u00e9szaki part egyik leghangulatosabb v\u00e1rosa eg\u00e9sz ny\u00e1ron izgalmas programokkal\u00a0v\u00e1rja az \u00e9rdekl\u0151d\u0151ket: koncertek, fesztiv\u00e1lok, bor, zene \u00e9s levendulasz\u00fcret. Danubius Hotel Marina &#8211; All Inclusive\u00a0\u00e9s a\u00a0Danubius Hotel Annabella sz\u00e1llod\u00e1inkban mindent megtal\u00e1l az ide\u00e1lis csal\u00e1di kikapcsol\u00f3d\u00e1shoz, ugyanakkor t\u00f6k\u00e9letes helysz\u00ednei szakmai rendezv\u00e9nyeknek, tov\u00e1bbk\u00e9pz\u00e9seknek \u00e9s csapat\u00e9p\u00edt\u0151 programoknak. Ha pedig valami k\u00fcl\u00f6nleges [&hellip;]\" \/>\n<meta property=\"og:url\" content=\"https:\/\/mozaik.icnetworkhu.com\/balatonfured-tele-elmenyekkel\" \/>\n<meta property=\"og:site_name\" content=\"Danubius Mozaik\" \/>\n<meta property=\"article:published_time\" content=\"2023-06-19T14:24:08+00:00\" \/>\n<meta property=\"article:modified_time\" content=\"2024-09-09T12:00:57+00:00\" \/>\n<meta property=\"og:image\" content=\"https:\/\/mozaik.icnetworkhu.com\/wp-content\/uploads\/2023\/06\/Balatonfured_47.jpg\" \/>\n\t<meta property=\"og:image:width\" content=\"1600\" \/>\n\t<meta property=\"og:image:height\" content=\"1067\" \/>\n\t<meta property=\"og:image:type\" content=\"image\/jpeg\" \/>\n<meta name=\"author\" content=\"Pencz Dorottya\" \/>\n<meta name=\"twitter:card\" content=\"summary_large_image\" \/>\n<meta name=\"twitter:label1\" content=\"Szerz\u0151:\" \/>\n\t<meta name=\"twitter:data1\" content=\"Pencz Dorottya\" \/>\n\t<meta name=\"twitter:label2\" content=\"Becs\u00fclt olvas\u00e1si id\u0151\" \/>\n\t<meta name=\"twitter:data2\" content=\"3 perc\" \/>\n<script type=\"application\/ld+json\" class=\"yoast-schema-graph\">{\"@context\":\"https:\\\/\\\/schema.org\",\"@graph\":[{\"@type\":\"Article\",\"@id\":\"https:\\\/\\\/mozaik.icnetworkhu.com\\\/balatonfured-tele-elmenyekkel#article\",\"isPartOf\":{\"@id\":\"https:\\\/\\\/mozaik.icnetworkhu.com\\\/balatonfured-tele-elmenyekkel\"},\"author\":{\"name\":\"Pencz Dorottya\",\"@id\":\"https:\\\/\\\/www.danubiushotels.com\\\/hu\\\/mozaik\\\/#\\\/schema\\\/person\\\/14b0b0c2ea10c762d30500b64e1d685d\"},\"headline\":\"Balatonf\u00fcred tele \u00e9lm\u00e9nyekkel!\",\"datePublished\":\"2023-06-19T14:24:08+00:00\",\"dateModified\":\"2024-09-09T12:00:57+00:00\",\"mainEntityOfPage\":{\"@id\":\"https:\\\/\\\/mozaik.icnetworkhu.com\\\/balatonfured-tele-elmenyekkel\"},\"wordCount\":451,\"image\":{\"@id\":\"https:\\\/\\\/mozaik.icnetworkhu.com\\\/balatonfured-tele-elmenyekkel#primaryimage\"},\"thumbnailUrl\":\"https:\\\/\\\/www.danubiushotels.com\\\/hu\\\/mozaik\\\/wp-content\\\/uploads\\\/2023\\\/06\\\/Balatonfured_47.jpg\",\"articleSection\":[\"Csapat\u00e9p\u00edt\u00e9s\",\"H\u00edrek\",\"Sz\u00e1llodavil\u00e1g\"],\"inLanguage\":\"hu\"},{\"@type\":\"WebPage\",\"@id\":\"https:\\\/\\\/mozaik.icnetworkhu.com\\\/balatonfured-tele-elmenyekkel\",\"url\":\"https:\\\/\\\/mozaik.icnetworkhu.com\\\/balatonfured-tele-elmenyekkel\",\"name\":\"Balatonf\u00fcred tele \u00e9lm\u00e9nyekkel! - Danubius Mozaik\",\"isPartOf\":{\"@id\":\"https:\\\/\\\/www.danubiushotels.com\\\/hu\\\/mozaik\\\/#website\"},\"primaryImageOfPage\":{\"@id\":\"https:\\\/\\\/mozaik.icnetworkhu.com\\\/balatonfured-tele-elmenyekkel#primaryimage\"},\"image\":{\"@id\":\"https:\\\/\\\/mozaik.icnetworkhu.com\\\/balatonfured-tele-elmenyekkel#primaryimage\"},\"thumbnailUrl\":\"https:\\\/\\\/www.danubiushotels.com\\\/hu\\\/mozaik\\\/wp-content\\\/uploads\\\/2023\\\/06\\\/Balatonfured_47.jpg\",\"datePublished\":\"2023-06-19T14:24:08+00:00\",\"dateModified\":\"2024-09-09T12:00:57+00:00\",\"author\":{\"@id\":\"https:\\\/\\\/www.danubiushotels.com\\\/hu\\\/mozaik\\\/#\\\/schema\\\/person\\\/14b0b0c2ea10c762d30500b64e1d685d\"},\"breadcrumb\":{\"@id\":\"https:\\\/\\\/mozaik.icnetworkhu.com\\\/balatonfured-tele-elmenyekkel#breadcrumb\"},\"inLanguage\":\"hu\",\"potentialAction\":[{\"@type\":\"ReadAction\",\"target\":[\"https:\\\/\\\/mozaik.icnetworkhu.com\\\/balatonfured-tele-elmenyekkel\"]}]},{\"@type\":\"ImageObject\",\"inLanguage\":\"hu\",\"@id\":\"https:\\\/\\\/mozaik.icnetworkhu.com\\\/balatonfured-tele-elmenyekkel#primaryimage\",\"url\":\"https:\\\/\\\/www.danubiushotels.com\\\/hu\\\/mozaik\\\/wp-content\\\/uploads\\\/2023\\\/06\\\/Balatonfured_47.jpg\",\"contentUrl\":\"https:\\\/\\\/www.danubiushotels.com\\\/hu\\\/mozaik\\\/wp-content\\\/uploads\\\/2023\\\/06\\\/Balatonfured_47.jpg\",\"width\":1600,\"height\":1067},{\"@type\":\"BreadcrumbList\",\"@id\":\"https:\\\/\\\/mozaik.icnetworkhu.com\\\/balatonfured-tele-elmenyekkel#breadcrumb\",\"itemListElement\":[{\"@type\":\"ListItem\",\"position\":1,\"name\":\"Home\",\"item\":\"https:\\\/\\\/www.danubiushotels.com\\\/hu\\\/mozaik\\\/\"},{\"@type\":\"ListItem\",\"position\":2,\"name\":\"Balatonf\u00fcred tele \u00e9lm\u00e9nyekkel!\"}]},{\"@type\":\"WebSite\",\"@id\":\"https:\\\/\\\/www.danubiushotels.com\\\/hu\\\/mozaik\\\/#website\",\"url\":\"https:\\\/\\\/www.danubiushotels.com\\\/hu\\\/mozaik\\\/\",\"name\":\"Danubius Mozaik\",\"description\":\"Mindig van alkalom a pihen\u00e9sre...\",\"potentialAction\":[{\"@type\":\"SearchAction\",\"target\":{\"@type\":\"EntryPoint\",\"urlTemplate\":\"https:\\\/\\\/www.danubiushotels.com\\\/hu\\\/mozaik\\\/?s={search_term_string}\"},\"query-input\":{\"@type\":\"PropertyValueSpecification\",\"valueRequired\":true,\"valueName\":\"search_term_string\"}}],\"inLanguage\":\"hu\"},{\"@type\":\"Person\",\"@id\":\"https:\\\/\\\/www.danubiushotels.com\\\/hu\\\/mozaik\\\/#\\\/schema\\\/person\\\/14b0b0c2ea10c762d30500b64e1d685d\",\"name\":\"Pencz Dorottya\",\"image\":{\"@type\":\"ImageObject\",\"inLanguage\":\"hu\",\"@id\":\"https:\\\/\\\/secure.gravatar.com\\\/avatar\\\/4f8d852ffd557188675000c0865dc845f775386e26ee67bd8041eb3d017638fc?s=96&d=mm&r=g\",\"url\":\"https:\\\/\\\/secure.gravatar.com\\\/avatar\\\/4f8d852ffd557188675000c0865dc845f775386e26ee67bd8041eb3d017638fc?s=96&d=mm&r=g\",\"contentUrl\":\"https:\\\/\\\/secure.gravatar.com\\\/avatar\\\/4f8d852ffd557188675000c0865dc845f775386e26ee67bd8041eb3d017638fc?s=96&d=mm&r=g\",\"caption\":\"Pencz Dorottya\"},\"url\":\"https:\\\/\\\/www.danubiushotels.com\\\/hu\\\/mozaik\\\/author\\\/dorottyapencz\"}]}<\/script>\n<!-- \/ Yoast SEO plugin. -->","yoast_head_json":{"title":"Balatonf\u00fcred tele \u00e9lm\u00e9nyekkel! - Danubius Mozaik","robots":{"index":"noindex","follow":"follow","max-snippet":"max-snippet:-1","max-image-preview":"max-image-preview:large","max-video-preview":"max-video-preview:-1"},"og_locale":"hu_HU","og_type":"article","og_title":"Balatonf\u00fcred tele \u00e9lm\u00e9nyekkel! - Danubius Mozaik","og_description":"Induljon a ny\u00e1ri pihen\u00e9s a Balaton partj\u00e1n! Balatonf\u00fcred, az \u00e9szaki part egyik leghangulatosabb v\u00e1rosa eg\u00e9sz ny\u00e1ron izgalmas programokkal\u00a0v\u00e1rja az \u00e9rdekl\u0151d\u0151ket: koncertek, fesztiv\u00e1lok, bor, zene \u00e9s levendulasz\u00fcret. Danubius Hotel Marina &#8211; All Inclusive\u00a0\u00e9s a\u00a0Danubius Hotel Annabella sz\u00e1llod\u00e1inkban mindent megtal\u00e1l az ide\u00e1lis csal\u00e1di kikapcsol\u00f3d\u00e1shoz, ugyanakkor t\u00f6k\u00e9letes helysz\u00ednei szakmai rendezv\u00e9nyeknek, tov\u00e1bbk\u00e9pz\u00e9seknek \u00e9s csapat\u00e9p\u00edt\u0151 programoknak. Ha pedig valami k\u00fcl\u00f6nleges [&hellip;]","og_url":"https:\/\/mozaik.icnetworkhu.com\/balatonfured-tele-elmenyekkel","og_site_name":"Danubius Mozaik","article_published_time":"2023-06-19T14:24:08+00:00","article_modified_time":"2024-09-09T12:00:57+00:00","og_image":[{"width":1600,"height":1067,"url":"https:\/\/mozaik.icnetworkhu.com\/wp-content\/uploads\/2023\/06\/Balatonfured_47.jpg","type":"image\/jpeg"}],"author":"Pencz Dorottya","twitter_card":"summary_large_image","twitter_misc":{"Szerz\u0151:":"Pencz Dorottya","Becs\u00fclt olvas\u00e1si id\u0151":"3 perc"},"schema":{"@context":"https:\/\/schema.org","@graph":[{"@type":"Article","@id":"https:\/\/mozaik.icnetworkhu.com\/balatonfured-tele-elmenyekkel#article","isPartOf":{"@id":"https:\/\/mozaik.icnetworkhu.com\/balatonfured-tele-elmenyekkel"},"author":{"name":"Pencz Dorottya","@id":"https:\/\/www.danubiushotels.com\/hu\/mozaik\/#\/schema\/person\/14b0b0c2ea10c762d30500b64e1d685d"},"headline":"Balatonf\u00fcred tele \u00e9lm\u00e9nyekkel!","datePublished":"2023-06-19T14:24:08+00:00","dateModified":"2024-09-09T12:00:57+00:00","mainEntityOfPage":{"@id":"https:\/\/mozaik.icnetworkhu.com\/balatonfured-tele-elmenyekkel"},"wordCount":451,"image":{"@id":"https:\/\/mozaik.icnetworkhu.com\/balatonfured-tele-elmenyekkel#primaryimage"},"thumbnailUrl":"https:\/\/www.danubiushotels.com\/hu\/mozaik\/wp-content\/uploads\/2023\/06\/Balatonfured_47.jpg","articleSection":["Csapat\u00e9p\u00edt\u00e9s","H\u00edrek","Sz\u00e1llodavil\u00e1g"],"inLanguage":"hu"},{"@type":"WebPage","@id":"https:\/\/mozaik.icnetworkhu.com\/balatonfured-tele-elmenyekkel","url":"https:\/\/mozaik.icnetworkhu.com\/balatonfured-tele-elmenyekkel","name":"Balatonf\u00fcred tele \u00e9lm\u00e9nyekkel! - Danubius Mozaik","isPartOf":{"@id":"https:\/\/www.danubiushotels.com\/hu\/mozaik\/#website"},"primaryImageOfPage":{"@id":"https:\/\/mozaik.icnetworkhu.com\/balatonfured-tele-elmenyekkel#primaryimage"},"image":{"@id":"https:\/\/mozaik.icnetworkhu.com\/balatonfured-tele-elmenyekkel#primaryimage"},"thumbnailUrl":"https:\/\/www.danubiushotels.com\/hu\/mozaik\/wp-content\/uploads\/2023\/06\/Balatonfured_47.jpg","datePublished":"2023-06-19T14:24:08+00:00","dateModified":"2024-09-09T12:00:57+00:00","author":{"@id":"https:\/\/www.danubiushotels.com\/hu\/mozaik\/#\/schema\/person\/14b0b0c2ea10c762d30500b64e1d685d"},"breadcrumb":{"@id":"https:\/\/mozaik.icnetworkhu.com\/balatonfured-tele-elmenyekkel#breadcrumb"},"inLanguage":"hu","potentialAction":[{"@type":"ReadAction","target":["https:\/\/mozaik.icnetworkhu.com\/balatonfured-tele-elmenyekkel"]}]},{"@type":"ImageObject","inLanguage":"hu","@id":"https:\/\/mozaik.icnetworkhu.com\/balatonfured-tele-elmenyekkel#primaryimage","url":"https:\/\/www.danubiushotels.com\/hu\/mozaik\/wp-content\/uploads\/2023\/06\/Balatonfured_47.jpg","contentUrl":"https:\/\/www.danubiushotels.com\/hu\/mozaik\/wp-content\/uploads\/2023\/06\/Balatonfured_47.jpg","width":1600,"height":1067},{"@type":"BreadcrumbList","@id":"https:\/\/mozaik.icnetworkhu.com\/balatonfured-tele-elmenyekkel#breadcrumb","itemListElement":[{"@type":"ListItem","position":1,"name":"Home","item":"https:\/\/www.danubiushotels.com\/hu\/mozaik\/"},{"@type":"ListItem","position":2,"name":"Balatonf\u00fcred tele \u00e9lm\u00e9nyekkel!"}]},{"@type":"WebSite","@id":"https:\/\/www.danubiushotels.com\/hu\/mozaik\/#website","url":"https:\/\/www.danubiushotels.com\/hu\/mozaik\/","name":"Danubius Mozaik","description":"Mindig van alkalom a pihen\u00e9sre...","potentialAction":[{"@type":"SearchAction","target":{"@type":"EntryPoint","urlTemplate":"https:\/\/www.danubiushotels.com\/hu\/mozaik\/?s={search_term_string}"},"query-input":{"@type":"PropertyValueSpecification","valueRequired":true,"valueName":"search_term_string"}}],"inLanguage":"hu"},{"@type":"Person","@id":"https:\/\/www.danubiushotels.com\/hu\/mozaik\/#\/schema\/person\/14b0b0c2ea10c762d30500b64e1d685d","name":"Pencz Dorottya","image":{"@type":"ImageObject","inLanguage":"hu","@id":"https:\/\/secure.gravatar.com\/avatar\/4f8d852ffd557188675000c0865dc845f775386e26ee67bd8041eb3d017638fc?s=96&d=mm&r=g","url":"https:\/\/secure.gravatar.com\/avatar\/4f8d852ffd557188675000c0865dc845f775386e26ee67bd8041eb3d017638fc?s=96&d=mm&r=g","contentUrl":"https:\/\/secure.gravatar.com\/avatar\/4f8d852ffd557188675000c0865dc845f775386e26ee67bd8041eb3d017638fc?s=96&d=mm&r=g","caption":"Pencz Dorottya"},"url":"https:\/\/www.danubiushotels.com\/hu\/mozaik\/author\/dorottyapencz"}]}},"_links":{"self":[{"href":"https:\/\/www.danubiushotels.com\/hu\/mozaik\/wp-json\/wp\/v2\/posts\/12241","targetHints":{"allow":["GET"]}}],"collection":[{"href":"https:\/\/www.danubiushotels.com\/hu\/mozaik\/wp-json\/wp\/v2\/posts"}],"about":[{"href":"https:\/\/www.danubiushotels.com\/hu\/mozaik\/wp-json\/wp\/v2\/types\/post"}],"author":[{"embeddable":true,"href":"https:\/\/www.danubiushotels.com\/hu\/mozaik\/wp-json\/wp\/v2\/users\/15"}],"replies":[{"embeddable":true,"href":"https:\/\/www.danubiushotels.com\/hu\/mozaik\/wp-json\/wp\/v2\/comments?post=12241"}],"version-history":[{"count":4,"href":"https:\/\/www.danubiushotels.com\/hu\/mozaik\/wp-json\/wp\/v2\/posts\/12241\/revisions"}],"predecessor-version":[{"id":12264,"href":"https:\/\/www.danubiushotels.com\/hu\/mozaik\/wp-json\/wp\/v2\/posts\/12241\/revisions\/12264"}],"wp:featuredmedia":[{"embeddable":true,"href":"https:\/\/www.danubiushotels.com\/hu\/mozaik\/wp-json\/wp\/v2\/media\/12247"}],"wp:attachment":[{"href":"https:\/\/www.danubiushotels.com\/hu\/mozaik\/wp-json\/wp\/v2\/media?parent=12241"}],"wp:term":[{"taxonomy":"category","embeddable":true,"href":"https:\/\/www.danubiushotels.com\/hu\/mozaik\/wp-json\/wp\/v2\/categories?post=12241"},{"taxonomy":"post_tag","embeddable":true,"href":"https:\/\/www.danubiushotels.com\/hu\/mozaik\/wp-json\/wp\/v2\/tags?post=12241"}],"curies":[{"name":"wp","href":"https:\/\/api.w.org\/{rel}","templated":true}]}}