{"id":12269,"date":"2023-09-05T12:18:20","date_gmt":"2023-09-05T10:18:20","guid":{"rendered":"https:\/\/www.danubiushotels.com\/hu\/mozaik\/?p=12269"},"modified":"2024-09-09T14:01:21","modified_gmt":"2024-09-09T12:01:21","slug":"osszel-is-kulonleges-ajanlatokat-kinal-a-yellow-terasz-foodturckja","status":"publish","type":"post","link":"https:\/\/www.danubiushotels.com\/hu\/mozaik\/osszel-is-kulonleges-ajanlatokat-kinal-a-yellow-terasz-foodturckja","title":{"rendered":"\u0150sszel is k\u00fcl\u00f6nleges aj\u00e1nlatokat k\u00edn\u00e1l a Yellow terasz foodturckja"},"content":{"rendered":"<p>Aki id\u00e9n ny\u00e1ron nem evett egy j\u00f3t a Danubius Hotel Helia <a href=\"https:\/\/yellowbistrobar.hu\/\">Duna-parti terasz\u00e1n<\/a> az \u0151sszel m\u00e9g bep\u00f3tolhatja. A k\u00fcl\u00f6nleges kulin\u00e1ris \u00e9lm\u00e9nyek mellett hangulatos k\u00f6rnyezet teszi felejthetetlenn\u00e9 az \u00e9lm\u00e9nyt a h\u0171v\u00f6sebb napokon is.<\/p>\n<p><strong>Ny\u00e1rra egy foodtruckkal b\u0151v\u00fclt k\u00fclt\u00e9ri helyis\u00e9g\u00fcnk, \u00edgy a laza street food feeling\u00e9rt el\u00e9g csak kil\u00e9pni a Helia h\u00e1ts\u00f3 ajtaj\u00e1n.<\/strong><\/p>\n<p><a href=\"https:\/\/www.danubiushotels.com\/hu\/mozaik\/wp-content\/uploads\/2023\/08\/Yellow_food_truck-003-scaled.jpg\"><img loading=\"lazy\" decoding=\"async\" class=\"aligncenter size-large wp-image-12293\" src=\"https:\/\/www.danubiushotels.com\/hu\/mozaik\/wp-content\/uploads\/2023\/08\/Yellow_food_truck-003-1024x681.jpg\" alt=\"\" width=\"720\" height=\"479\" srcset=\"https:\/\/www.danubiushotels.com\/hu\/mozaik\/wp-content\/uploads\/2023\/08\/Yellow_food_truck-003-1024x681.jpg 1024w, https:\/\/www.danubiushotels.com\/hu\/mozaik\/wp-content\/uploads\/2023\/08\/Yellow_food_truck-003-300x200.jpg 300w, https:\/\/www.danubiushotels.com\/hu\/mozaik\/wp-content\/uploads\/2023\/08\/Yellow_food_truck-003-768x511.jpg 768w, https:\/\/www.danubiushotels.com\/hu\/mozaik\/wp-content\/uploads\/2023\/08\/Yellow_food_truck-003-1536x1022.jpg 1536w, https:\/\/www.danubiushotels.com\/hu\/mozaik\/wp-content\/uploads\/2023\/08\/Yellow_food_truck-003-2048x1362.jpg 2048w\" sizes=\"(max-width: 720px) 100vw, 720px\" \/><\/a><\/p>\n<p>A gasztrokocsi szeptember v\u00e9g\u00e9ig, <strong>meg\u00fajult \u0151szi k\u00edn\u00e1lattal<\/strong> v\u00e1rja vend\u00e9geit. Az \u00e9tlap olyan \u00faj \u00e9s visszat\u00e9r\u0151 \u00e9teleket vonultat fel, mint a Hot dog Chicago st\u00edlusban, a kemenc\u00e9ben s\u00fclt l\u00e1gy sajt, vagy \u00e9ppen a h\u00e1zias \u00edzeket id\u00e9z\u0151 friss lecs\u00f3 piros l\u00e1basban. Mi is lenne hangulatosabb, mint az \u0151szi naps\u00fct\u00e9sben az ezer sz\u00ednben j\u00e1tsz\u00f3 margitszigeti kil\u00e1t\u00e1s?<\/p>\n<p><a href=\"https:\/\/www.danubiushotels.com\/hu\/mozaik\/wp-content\/uploads\/2023\/08\/Yellow_food_truck-020-scaled.jpg\"><img loading=\"lazy\" decoding=\"async\" class=\"aligncenter size-large wp-image-12294\" src=\"https:\/\/www.danubiushotels.com\/hu\/mozaik\/wp-content\/uploads\/2023\/08\/Yellow_food_truck-020-1024x681.jpg\" alt=\"\" width=\"720\" height=\"479\" srcset=\"https:\/\/www.danubiushotels.com\/hu\/mozaik\/wp-content\/uploads\/2023\/08\/Yellow_food_truck-020-1024x681.jpg 1024w, https:\/\/www.danubiushotels.com\/hu\/mozaik\/wp-content\/uploads\/2023\/08\/Yellow_food_truck-020-300x200.jpg 300w, https:\/\/www.danubiushotels.com\/hu\/mozaik\/wp-content\/uploads\/2023\/08\/Yellow_food_truck-020-768x511.jpg 768w, https:\/\/www.danubiushotels.com\/hu\/mozaik\/wp-content\/uploads\/2023\/08\/Yellow_food_truck-020-1536x1022.jpg 1536w, https:\/\/www.danubiushotels.com\/hu\/mozaik\/wp-content\/uploads\/2023\/08\/Yellow_food_truck-020-2048x1363.jpg 2048w\" sizes=\"(max-width: 720px) 100vw, 720px\" \/><\/a><\/p>\n<p>R\u00e1ad\u00e1sul az itallap is k\u00fcl\u00f6nleges \u00fajdons\u00e1gokkal b\u0151v\u00fclt: k\u00f3stolja meg Caipirinha vagy Yellow Chili kokt\u00e9lunkat!<\/p>\n<p>\u00cdzletes \u00e9teleink \u00e9s k\u00fcl\u00f6nleges kokt\u00e9ljaink mellett h\u00e9tv\u00e9g\u00e9n lounge zen\u00e9t j\u00e1tsz\u00f3 DJ-k gondoskodnak a kellemes kora\u0151szi hangulatr\u00f3l, \u00edgy n\u00e1lunk egyedi k\u00f6rnyezetben vacsor\u00e1zhat partner\u00e9vel vagy \u00fczlett\u00e1rs\u00e1val.<\/p>\n<p><a href=\"https:\/\/www.danubiushotels.com\/hu\/mozaik\/wp-content\/uploads\/2023\/08\/Yellow_food_truck-025-scaled.jpg\"><img loading=\"lazy\" decoding=\"async\" class=\"aligncenter size-large wp-image-12295\" src=\"https:\/\/www.danubiushotels.com\/hu\/mozaik\/wp-content\/uploads\/2023\/08\/Yellow_food_truck-025-1024x681.jpg\" alt=\"\" width=\"720\" height=\"479\" srcset=\"https:\/\/www.danubiushotels.com\/hu\/mozaik\/wp-content\/uploads\/2023\/08\/Yellow_food_truck-025-1024x681.jpg 1024w, https:\/\/www.danubiushotels.com\/hu\/mozaik\/wp-content\/uploads\/2023\/08\/Yellow_food_truck-025-300x200.jpg 300w, https:\/\/www.danubiushotels.com\/hu\/mozaik\/wp-content\/uploads\/2023\/08\/Yellow_food_truck-025-768x511.jpg 768w, https:\/\/www.danubiushotels.com\/hu\/mozaik\/wp-content\/uploads\/2023\/08\/Yellow_food_truck-025-1536x1022.jpg 1536w, https:\/\/www.danubiushotels.com\/hu\/mozaik\/wp-content\/uploads\/2023\/08\/Yellow_food_truck-025-2048x1363.jpg 2048w\" sizes=\"(max-width: 720px) 100vw, 720px\" \/><\/a><\/p>\n","protected":false},"excerpt":{"rendered":"<p>Aki id\u00e9n ny\u00e1ron nem evett egy j\u00f3t a Danubius Hotel Helia Duna-parti terasz\u00e1n az \u0151sszel m\u00e9g bep\u00f3tolhatja. A k\u00fcl\u00f6nleges kulin\u00e1ris \u00e9lm\u00e9nyek mellett hangulatos k\u00f6rnyezet teszi felejthetetlenn\u00e9 az \u00e9lm\u00e9nyt a h\u0171v\u00f6sebb napokon is. Ny\u00e1rra egy foodtruckkal b\u0151v\u00fclt k\u00fclt\u00e9ri helyis\u00e9g\u00fcnk, \u00edgy a laza street food feeling\u00e9rt el\u00e9g csak kil\u00e9pni a Helia h\u00e1ts\u00f3 ajtaj\u00e1n. A gasztrokocsi szeptember v\u00e9g\u00e9ig, [&hellip;]<\/p>\n","protected":false},"author":15,"featured_media":12293,"comment_status":"closed","ping_status":"open","sticky":false,"template":"","format":"standard","meta":{"_acf_changed":false,"_et_pb_use_builder":"","_et_pb_old_content":"","_et_gb_content_width":"","inline_featured_image":false,"footnotes":""},"categories":[1176,4],"tags":[],"class_list":["post-12269","post","type-post","status-publish","format-standard","has-post-thumbnail","hentry","category-gasztro","category-hirek"],"acf":[],"yoast_head":"<!-- This site is optimized with the Yoast SEO plugin v27.4 - https:\/\/yoast.com\/product\/yoast-seo-wordpress\/ -->\n<title>\u0150sszel is k\u00fcl\u00f6nleges aj\u00e1nlatokat k\u00edn\u00e1l a Yellow terasz foodturckja - Danubius Mozaik<\/title>\n<meta name=\"robots\" content=\"noindex, follow, max-snippet:-1, max-image-preview:large, max-video-preview:-1\" \/>\n<meta property=\"og:locale\" content=\"hu_HU\" \/>\n<meta property=\"og:type\" content=\"article\" \/>\n<meta property=\"og:title\" content=\"\u0150sszel is k\u00fcl\u00f6nleges aj\u00e1nlatokat k\u00edn\u00e1l a Yellow terasz foodturckja - Danubius Mozaik\" \/>\n<meta property=\"og:description\" content=\"Aki id\u00e9n ny\u00e1ron nem evett egy j\u00f3t a Danubius Hotel Helia Duna-parti terasz\u00e1n az \u0151sszel m\u00e9g bep\u00f3tolhatja. A k\u00fcl\u00f6nleges kulin\u00e1ris \u00e9lm\u00e9nyek mellett hangulatos k\u00f6rnyezet teszi felejthetetlenn\u00e9 az \u00e9lm\u00e9nyt a h\u0171v\u00f6sebb napokon is. Ny\u00e1rra egy foodtruckkal b\u0151v\u00fclt k\u00fclt\u00e9ri helyis\u00e9g\u00fcnk, \u00edgy a laza street food feeling\u00e9rt el\u00e9g csak kil\u00e9pni a Helia h\u00e1ts\u00f3 ajtaj\u00e1n. A gasztrokocsi szeptember v\u00e9g\u00e9ig, [&hellip;]\" \/>\n<meta property=\"og:url\" content=\"https:\/\/mozaik.icnetworkhu.com\/osszel-is-kulonleges-ajanlatokat-kinal-a-yellow-terasz-foodturckja\" \/>\n<meta property=\"og:site_name\" content=\"Danubius Mozaik\" \/>\n<meta property=\"article:published_time\" content=\"2023-09-05T10:18:20+00:00\" \/>\n<meta property=\"article:modified_time\" content=\"2024-09-09T12:01:21+00:00\" \/>\n<meta property=\"og:image\" content=\"https:\/\/mozaik.icnetworkhu.com\/wp-content\/uploads\/2023\/08\/Yellow_food_truck-003-scaled.jpg\" \/>\n\t<meta property=\"og:image:width\" content=\"2560\" \/>\n\t<meta property=\"og:image:height\" content=\"1703\" \/>\n\t<meta property=\"og:image:type\" content=\"image\/jpeg\" \/>\n<meta name=\"author\" content=\"Pencz Dorottya\" \/>\n<meta name=\"twitter:card\" content=\"summary_large_image\" \/>\n<meta name=\"twitter:label1\" content=\"Szerz\u0151:\" \/>\n\t<meta name=\"twitter:data1\" content=\"Pencz Dorottya\" \/>\n\t<meta name=\"twitter:label2\" content=\"Becs\u00fclt olvas\u00e1si id\u0151\" \/>\n\t<meta name=\"twitter:data2\" content=\"2 perc\" \/>\n<script type=\"application\/ld+json\" class=\"yoast-schema-graph\">{\"@context\":\"https:\\\/\\\/schema.org\",\"@graph\":[{\"@type\":\"Article\",\"@id\":\"https:\\\/\\\/mozaik.icnetworkhu.com\\\/osszel-is-kulonleges-ajanlatokat-kinal-a-yellow-terasz-foodturckja#article\",\"isPartOf\":{\"@id\":\"https:\\\/\\\/mozaik.icnetworkhu.com\\\/osszel-is-kulonleges-ajanlatokat-kinal-a-yellow-terasz-foodturckja\"},\"author\":{\"name\":\"Pencz Dorottya\",\"@id\":\"https:\\\/\\\/www.danubiushotels.com\\\/hu\\\/mozaik\\\/#\\\/schema\\\/person\\\/14b0b0c2ea10c762d30500b64e1d685d\"},\"headline\":\"\u0150sszel is k\u00fcl\u00f6nleges aj\u00e1nlatokat k\u00edn\u00e1l a Yellow terasz foodturckja\",\"datePublished\":\"2023-09-05T10:18:20+00:00\",\"dateModified\":\"2024-09-09T12:01:21+00:00\",\"mainEntityOfPage\":{\"@id\":\"https:\\\/\\\/mozaik.icnetworkhu.com\\\/osszel-is-kulonleges-ajanlatokat-kinal-a-yellow-terasz-foodturckja\"},\"wordCount\":228,\"image\":{\"@id\":\"https:\\\/\\\/mozaik.icnetworkhu.com\\\/osszel-is-kulonleges-ajanlatokat-kinal-a-yellow-terasz-foodturckja#primaryimage\"},\"thumbnailUrl\":\"https:\\\/\\\/www.danubiushotels.com\\\/hu\\\/mozaik\\\/wp-content\\\/uploads\\\/2023\\\/08\\\/Yellow_food_truck-003-scaled.jpg\",\"articleSection\":[\"Gasztro\",\"H\u00edrek\"],\"inLanguage\":\"hu\"},{\"@type\":\"WebPage\",\"@id\":\"https:\\\/\\\/mozaik.icnetworkhu.com\\\/osszel-is-kulonleges-ajanlatokat-kinal-a-yellow-terasz-foodturckja\",\"url\":\"https:\\\/\\\/mozaik.icnetworkhu.com\\\/osszel-is-kulonleges-ajanlatokat-kinal-a-yellow-terasz-foodturckja\",\"name\":\"\u0150sszel is k\u00fcl\u00f6nleges aj\u00e1nlatokat k\u00edn\u00e1l a Yellow terasz foodturckja - Danubius Mozaik\",\"isPartOf\":{\"@id\":\"https:\\\/\\\/www.danubiushotels.com\\\/hu\\\/mozaik\\\/#website\"},\"primaryImageOfPage\":{\"@id\":\"https:\\\/\\\/mozaik.icnetworkhu.com\\\/osszel-is-kulonleges-ajanlatokat-kinal-a-yellow-terasz-foodturckja#primaryimage\"},\"image\":{\"@id\":\"https:\\\/\\\/mozaik.icnetworkhu.com\\\/osszel-is-kulonleges-ajanlatokat-kinal-a-yellow-terasz-foodturckja#primaryimage\"},\"thumbnailUrl\":\"https:\\\/\\\/www.danubiushotels.com\\\/hu\\\/mozaik\\\/wp-content\\\/uploads\\\/2023\\\/08\\\/Yellow_food_truck-003-scaled.jpg\",\"datePublished\":\"2023-09-05T10:18:20+00:00\",\"dateModified\":\"2024-09-09T12:01:21+00:00\",\"author\":{\"@id\":\"https:\\\/\\\/www.danubiushotels.com\\\/hu\\\/mozaik\\\/#\\\/schema\\\/person\\\/14b0b0c2ea10c762d30500b64e1d685d\"},\"breadcrumb\":{\"@id\":\"https:\\\/\\\/mozaik.icnetworkhu.com\\\/osszel-is-kulonleges-ajanlatokat-kinal-a-yellow-terasz-foodturckja#breadcrumb\"},\"inLanguage\":\"hu\",\"potentialAction\":[{\"@type\":\"ReadAction\",\"target\":[\"https:\\\/\\\/mozaik.icnetworkhu.com\\\/osszel-is-kulonleges-ajanlatokat-kinal-a-yellow-terasz-foodturckja\"]}]},{\"@type\":\"ImageObject\",\"inLanguage\":\"hu\",\"@id\":\"https:\\\/\\\/mozaik.icnetworkhu.com\\\/osszel-is-kulonleges-ajanlatokat-kinal-a-yellow-terasz-foodturckja#primaryimage\",\"url\":\"https:\\\/\\\/www.danubiushotels.com\\\/hu\\\/mozaik\\\/wp-content\\\/uploads\\\/2023\\\/08\\\/Yellow_food_truck-003-scaled.jpg\",\"contentUrl\":\"https:\\\/\\\/www.danubiushotels.com\\\/hu\\\/mozaik\\\/wp-content\\\/uploads\\\/2023\\\/08\\\/Yellow_food_truck-003-scaled.jpg\",\"width\":2560,\"height\":1703},{\"@type\":\"BreadcrumbList\",\"@id\":\"https:\\\/\\\/mozaik.icnetworkhu.com\\\/osszel-is-kulonleges-ajanlatokat-kinal-a-yellow-terasz-foodturckja#breadcrumb\",\"itemListElement\":[{\"@type\":\"ListItem\",\"position\":1,\"name\":\"Home\",\"item\":\"https:\\\/\\\/www.danubiushotels.com\\\/hu\\\/mozaik\\\/\"},{\"@type\":\"ListItem\",\"position\":2,\"name\":\"\u0150sszel is k\u00fcl\u00f6nleges aj\u00e1nlatokat k\u00edn\u00e1l a Yellow terasz foodturckja\"}]},{\"@type\":\"WebSite\",\"@id\":\"https:\\\/\\\/www.danubiushotels.com\\\/hu\\\/mozaik\\\/#website\",\"url\":\"https:\\\/\\\/www.danubiushotels.com\\\/hu\\\/mozaik\\\/\",\"name\":\"Danubius Mozaik\",\"description\":\"Mindig van alkalom a pihen\u00e9sre...\",\"potentialAction\":[{\"@type\":\"SearchAction\",\"target\":{\"@type\":\"EntryPoint\",\"urlTemplate\":\"https:\\\/\\\/www.danubiushotels.com\\\/hu\\\/mozaik\\\/?s={search_term_string}\"},\"query-input\":{\"@type\":\"PropertyValueSpecification\",\"valueRequired\":true,\"valueName\":\"search_term_string\"}}],\"inLanguage\":\"hu\"},{\"@type\":\"Person\",\"@id\":\"https:\\\/\\\/www.danubiushotels.com\\\/hu\\\/mozaik\\\/#\\\/schema\\\/person\\\/14b0b0c2ea10c762d30500b64e1d685d\",\"name\":\"Pencz Dorottya\",\"image\":{\"@type\":\"ImageObject\",\"inLanguage\":\"hu\",\"@id\":\"https:\\\/\\\/secure.gravatar.com\\\/avatar\\\/4f8d852ffd557188675000c0865dc845f775386e26ee67bd8041eb3d017638fc?s=96&d=mm&r=g\",\"url\":\"https:\\\/\\\/secure.gravatar.com\\\/avatar\\\/4f8d852ffd557188675000c0865dc845f775386e26ee67bd8041eb3d017638fc?s=96&d=mm&r=g\",\"contentUrl\":\"https:\\\/\\\/secure.gravatar.com\\\/avatar\\\/4f8d852ffd557188675000c0865dc845f775386e26ee67bd8041eb3d017638fc?s=96&d=mm&r=g\",\"caption\":\"Pencz Dorottya\"},\"url\":\"https:\\\/\\\/www.danubiushotels.com\\\/hu\\\/mozaik\\\/author\\\/dorottyapencz\"}]}<\/script>\n<!-- \/ Yoast SEO plugin. -->","yoast_head_json":{"title":"\u0150sszel is k\u00fcl\u00f6nleges aj\u00e1nlatokat k\u00edn\u00e1l a Yellow terasz foodturckja - Danubius Mozaik","robots":{"index":"noindex","follow":"follow","max-snippet":"max-snippet:-1","max-image-preview":"max-image-preview:large","max-video-preview":"max-video-preview:-1"},"og_locale":"hu_HU","og_type":"article","og_title":"\u0150sszel is k\u00fcl\u00f6nleges aj\u00e1nlatokat k\u00edn\u00e1l a Yellow terasz foodturckja - Danubius Mozaik","og_description":"Aki id\u00e9n ny\u00e1ron nem evett egy j\u00f3t a Danubius Hotel Helia Duna-parti terasz\u00e1n az \u0151sszel m\u00e9g bep\u00f3tolhatja. A k\u00fcl\u00f6nleges kulin\u00e1ris \u00e9lm\u00e9nyek mellett hangulatos k\u00f6rnyezet teszi felejthetetlenn\u00e9 az \u00e9lm\u00e9nyt a h\u0171v\u00f6sebb napokon is. Ny\u00e1rra egy foodtruckkal b\u0151v\u00fclt k\u00fclt\u00e9ri helyis\u00e9g\u00fcnk, \u00edgy a laza street food feeling\u00e9rt el\u00e9g csak kil\u00e9pni a Helia h\u00e1ts\u00f3 ajtaj\u00e1n. A gasztrokocsi szeptember v\u00e9g\u00e9ig, [&hellip;]","og_url":"https:\/\/mozaik.icnetworkhu.com\/osszel-is-kulonleges-ajanlatokat-kinal-a-yellow-terasz-foodturckja","og_site_name":"Danubius Mozaik","article_published_time":"2023-09-05T10:18:20+00:00","article_modified_time":"2024-09-09T12:01:21+00:00","og_image":[{"width":2560,"height":1703,"url":"https:\/\/mozaik.icnetworkhu.com\/wp-content\/uploads\/2023\/08\/Yellow_food_truck-003-scaled.jpg","type":"image\/jpeg"}],"author":"Pencz Dorottya","twitter_card":"summary_large_image","twitter_misc":{"Szerz\u0151:":"Pencz Dorottya","Becs\u00fclt olvas\u00e1si id\u0151":"2 perc"},"schema":{"@context":"https:\/\/schema.org","@graph":[{"@type":"Article","@id":"https:\/\/mozaik.icnetworkhu.com\/osszel-is-kulonleges-ajanlatokat-kinal-a-yellow-terasz-foodturckja#article","isPartOf":{"@id":"https:\/\/mozaik.icnetworkhu.com\/osszel-is-kulonleges-ajanlatokat-kinal-a-yellow-terasz-foodturckja"},"author":{"name":"Pencz Dorottya","@id":"https:\/\/www.danubiushotels.com\/hu\/mozaik\/#\/schema\/person\/14b0b0c2ea10c762d30500b64e1d685d"},"headline":"\u0150sszel is k\u00fcl\u00f6nleges aj\u00e1nlatokat k\u00edn\u00e1l a Yellow terasz foodturckja","datePublished":"2023-09-05T10:18:20+00:00","dateModified":"2024-09-09T12:01:21+00:00","mainEntityOfPage":{"@id":"https:\/\/mozaik.icnetworkhu.com\/osszel-is-kulonleges-ajanlatokat-kinal-a-yellow-terasz-foodturckja"},"wordCount":228,"image":{"@id":"https:\/\/mozaik.icnetworkhu.com\/osszel-is-kulonleges-ajanlatokat-kinal-a-yellow-terasz-foodturckja#primaryimage"},"thumbnailUrl":"https:\/\/www.danubiushotels.com\/hu\/mozaik\/wp-content\/uploads\/2023\/08\/Yellow_food_truck-003-scaled.jpg","articleSection":["Gasztro","H\u00edrek"],"inLanguage":"hu"},{"@type":"WebPage","@id":"https:\/\/mozaik.icnetworkhu.com\/osszel-is-kulonleges-ajanlatokat-kinal-a-yellow-terasz-foodturckja","url":"https:\/\/mozaik.icnetworkhu.com\/osszel-is-kulonleges-ajanlatokat-kinal-a-yellow-terasz-foodturckja","name":"\u0150sszel is k\u00fcl\u00f6nleges aj\u00e1nlatokat k\u00edn\u00e1l a Yellow terasz foodturckja - Danubius Mozaik","isPartOf":{"@id":"https:\/\/www.danubiushotels.com\/hu\/mozaik\/#website"},"primaryImageOfPage":{"@id":"https:\/\/mozaik.icnetworkhu.com\/osszel-is-kulonleges-ajanlatokat-kinal-a-yellow-terasz-foodturckja#primaryimage"},"image":{"@id":"https:\/\/mozaik.icnetworkhu.com\/osszel-is-kulonleges-ajanlatokat-kinal-a-yellow-terasz-foodturckja#primaryimage"},"thumbnailUrl":"https:\/\/www.danubiushotels.com\/hu\/mozaik\/wp-content\/uploads\/2023\/08\/Yellow_food_truck-003-scaled.jpg","datePublished":"2023-09-05T10:18:20+00:00","dateModified":"2024-09-09T12:01:21+00:00","author":{"@id":"https:\/\/www.danubiushotels.com\/hu\/mozaik\/#\/schema\/person\/14b0b0c2ea10c762d30500b64e1d685d"},"breadcrumb":{"@id":"https:\/\/mozaik.icnetworkhu.com\/osszel-is-kulonleges-ajanlatokat-kinal-a-yellow-terasz-foodturckja#breadcrumb"},"inLanguage":"hu","potentialAction":[{"@type":"ReadAction","target":["https:\/\/mozaik.icnetworkhu.com\/osszel-is-kulonleges-ajanlatokat-kinal-a-yellow-terasz-foodturckja"]}]},{"@type":"ImageObject","inLanguage":"hu","@id":"https:\/\/mozaik.icnetworkhu.com\/osszel-is-kulonleges-ajanlatokat-kinal-a-yellow-terasz-foodturckja#primaryimage","url":"https:\/\/www.danubiushotels.com\/hu\/mozaik\/wp-content\/uploads\/2023\/08\/Yellow_food_truck-003-scaled.jpg","contentUrl":"https:\/\/www.danubiushotels.com\/hu\/mozaik\/wp-content\/uploads\/2023\/08\/Yellow_food_truck-003-scaled.jpg","width":2560,"height":1703},{"@type":"BreadcrumbList","@id":"https:\/\/mozaik.icnetworkhu.com\/osszel-is-kulonleges-ajanlatokat-kinal-a-yellow-terasz-foodturckja#breadcrumb","itemListElement":[{"@type":"ListItem","position":1,"name":"Home","item":"https:\/\/www.danubiushotels.com\/hu\/mozaik\/"},{"@type":"ListItem","position":2,"name":"\u0150sszel is k\u00fcl\u00f6nleges aj\u00e1nlatokat k\u00edn\u00e1l a Yellow terasz foodturckja"}]},{"@type":"WebSite","@id":"https:\/\/www.danubiushotels.com\/hu\/mozaik\/#website","url":"https:\/\/www.danubiushotels.com\/hu\/mozaik\/","name":"Danubius Mozaik","description":"Mindig van alkalom a pihen\u00e9sre...","potentialAction":[{"@type":"SearchAction","target":{"@type":"EntryPoint","urlTemplate":"https:\/\/www.danubiushotels.com\/hu\/mozaik\/?s={search_term_string}"},"query-input":{"@type":"PropertyValueSpecification","valueRequired":true,"valueName":"search_term_string"}}],"inLanguage":"hu"},{"@type":"Person","@id":"https:\/\/www.danubiushotels.com\/hu\/mozaik\/#\/schema\/person\/14b0b0c2ea10c762d30500b64e1d685d","name":"Pencz Dorottya","image":{"@type":"ImageObject","inLanguage":"hu","@id":"https:\/\/secure.gravatar.com\/avatar\/4f8d852ffd557188675000c0865dc845f775386e26ee67bd8041eb3d017638fc?s=96&d=mm&r=g","url":"https:\/\/secure.gravatar.com\/avatar\/4f8d852ffd557188675000c0865dc845f775386e26ee67bd8041eb3d017638fc?s=96&d=mm&r=g","contentUrl":"https:\/\/secure.gravatar.com\/avatar\/4f8d852ffd557188675000c0865dc845f775386e26ee67bd8041eb3d017638fc?s=96&d=mm&r=g","caption":"Pencz Dorottya"},"url":"https:\/\/www.danubiushotels.com\/hu\/mozaik\/author\/dorottyapencz"}]}},"_links":{"self":[{"href":"https:\/\/www.danubiushotels.com\/hu\/mozaik\/wp-json\/wp\/v2\/posts\/12269","targetHints":{"allow":["GET"]}}],"collection":[{"href":"https:\/\/www.danubiushotels.com\/hu\/mozaik\/wp-json\/wp\/v2\/posts"}],"about":[{"href":"https:\/\/www.danubiushotels.com\/hu\/mozaik\/wp-json\/wp\/v2\/types\/post"}],"author":[{"embeddable":true,"href":"https:\/\/www.danubiushotels.com\/hu\/mozaik\/wp-json\/wp\/v2\/users\/15"}],"replies":[{"embeddable":true,"href":"https:\/\/www.danubiushotels.com\/hu\/mozaik\/wp-json\/wp\/v2\/comments?post=12269"}],"version-history":[{"count":3,"href":"https:\/\/www.danubiushotels.com\/hu\/mozaik\/wp-json\/wp\/v2\/posts\/12269\/revisions"}],"predecessor-version":[{"id":12303,"href":"https:\/\/www.danubiushotels.com\/hu\/mozaik\/wp-json\/wp\/v2\/posts\/12269\/revisions\/12303"}],"wp:featuredmedia":[{"embeddable":true,"href":"https:\/\/www.danubiushotels.com\/hu\/mozaik\/wp-json\/wp\/v2\/media\/12293"}],"wp:attachment":[{"href":"https:\/\/www.danubiushotels.com\/hu\/mozaik\/wp-json\/wp\/v2\/media?parent=12269"}],"wp:term":[{"taxonomy":"category","embeddable":true,"href":"https:\/\/www.danubiushotels.com\/hu\/mozaik\/wp-json\/wp\/v2\/categories?post=12269"},{"taxonomy":"post_tag","embeddable":true,"href":"https:\/\/www.danubiushotels.com\/hu\/mozaik\/wp-json\/wp\/v2\/tags?post=12269"}],"curies":[{"name":"wp","href":"https:\/\/api.w.org\/{rel}","templated":true}]}}