{"id":12275,"date":"2023-09-05T15:42:25","date_gmt":"2023-09-05T13:42:25","guid":{"rendered":"https:\/\/www.danubiushotels.com\/hu\/mozaik\/?p=12275"},"modified":"2024-09-09T14:01:43","modified_gmt":"2024-09-09T12:01:43","slug":"kultura-es-kikapcsolodas-egyidoben-gyorben","status":"publish","type":"post","link":"https:\/\/www.danubiushotels.com\/hu\/mozaik\/kultura-es-kikapcsolodas-egyidoben-gyorben","title":{"rendered":"Kult\u00fara \u00e9s kikapcsol\u00f3d\u00e1s egyid\u0151ben, Gy\u0151rben"},"content":{"rendered":"<p>Gy\u0151r Magyorsz\u00e1g m\u00e1sodik, m\u0171eml\u00e9kekben leggazdagabb vid\u00e9ki v\u00e1rosa. A t\u00f6rt\u00e9nelmi korokat id\u00e9z\u0151 templomok, palot\u00e1k, m\u00fazeumok, sz\u0171k utc\u00e1k belv\u00e1rosi s\u00e9t\u00e1ra invit\u00e1lj\u00e1k a l\u00e1togat\u00f3t. A v\u00e1ros felfedez\u00e9s\u00e9hez ny\u00fajt sz\u00ednvonalas seg\u00edts\u00e9get a \u201e<a href=\"https:\/\/www.gyeregyorbe.hu\/\">Gyere Gy\u0151rbe!<\/a>\u201d t\u00faravezet\u0151 csapata, akik t\u00f6bb, mint 10 \u00e9ve szerveznek tematikus, v\u00e1rosfelfedez\u0151 t\u00far\u00e1kat sz\u00e1mos t\u00e9m\u00e1ban, legyen sz\u00f3 bar\u00e1ti vagy c\u00e9ges programr\u00f3l, v\u00e1rosfelfedez\u0151 j\u00e1t\u00e9kr\u00f3l, csapat\u00e9p\u00edt\u0151, kultur\u00e1lis programr\u00f3l vagy haj\u00f3s naplemente t\u00far\u00e1r\u00f3l.<\/p>\n<p><a href=\"https:\/\/www.danubiushotels.com\/hu\/mozaik\/wp-content\/uploads\/2023\/08\/DJI_0085.jpg\"><img loading=\"lazy\" decoding=\"async\" class=\"aligncenter size-large wp-image-12282\" src=\"https:\/\/www.danubiushotels.com\/hu\/mozaik\/wp-content\/uploads\/2023\/08\/DJI_0085-1024x682.jpg\" alt=\"\" width=\"720\" height=\"480\" srcset=\"https:\/\/www.danubiushotels.com\/hu\/mozaik\/wp-content\/uploads\/2023\/08\/DJI_0085-1024x682.jpg 1024w, https:\/\/www.danubiushotels.com\/hu\/mozaik\/wp-content\/uploads\/2023\/08\/DJI_0085-300x200.jpg 300w, https:\/\/www.danubiushotels.com\/hu\/mozaik\/wp-content\/uploads\/2023\/08\/DJI_0085-768x512.jpg 768w, https:\/\/www.danubiushotels.com\/hu\/mozaik\/wp-content\/uploads\/2023\/08\/DJI_0085.jpg 1280w\" sizes=\"(max-width: 720px) 100vw, 720px\" \/><\/a><\/p>\n<p>Izgalmas programnak \u00edg\u00e9rkezik, a t\u00f6bb, mint sz\u00e1z\u00e9ves <a href=\"https:\/\/www.danubiushotels.com\/hu\/szallodak-gyor\/hotel-raba\">Danubius Hotel R\u00e1ba<\/a> \u00e9s a Gyere Gy\u0151rbe! egy\u00fcttm\u0171k\u00f6d\u00e9s\u00e9b\u0151l megsz\u00fcletett <strong>\u201e<a href=\"https:\/\/www.gyeregyorbe.hu\/varosnezo-setaink\/aktualis-programunk\/rabarangolas-vendegsegben-a-mult-szazad-szemtanujanal\">R\u00e1barangol\u00e1sok<\/a>\u201d<\/strong> elnevez\u00e9s\u0171 v\u00e1ros- \u00e9s sz\u00e1llodan\u00e9z\u0151 program. A m\u00faltid\u00e9z\u0151 s\u00e9ta sor\u00e1n a r\u00e9sztvev\u0151k nem csak a v\u00e1ros, hanem a sz\u00e1lloda t\u00f6rt\u00e9net\u00e9vel, legend\u00e1ival is megismerkedhetnek, \u00e9s betekint\u00e9st nyerhetnek olyan ajt\u00f3k m\u00f6g\u00e9, amik eddig rejtve voltak a l\u00e1togat\u00f3k el\u0151tt.<strong> A t\u00far\u00e1t \u0151sszel k\u00e9t alkalommal, szeptember 23-\u00e1n \u00e9s okt\u00f3ber 21-\u00e9n rendezik meg.<\/strong><\/p>\n<p><a href=\"https:\/\/www.danubiushotels.com\/hu\/mozaik\/wp-content\/uploads\/2023\/08\/Royal-kep-1.jpg\"><img loading=\"lazy\" decoding=\"async\" class=\"aligncenter size-large wp-image-12283\" src=\"https:\/\/www.danubiushotels.com\/hu\/mozaik\/wp-content\/uploads\/2023\/08\/Royal-kep-1-1024x683.jpg\" alt=\"\" width=\"720\" height=\"480\" srcset=\"https:\/\/www.danubiushotels.com\/hu\/mozaik\/wp-content\/uploads\/2023\/08\/Royal-kep-1-1024x683.jpg 1024w, https:\/\/www.danubiushotels.com\/hu\/mozaik\/wp-content\/uploads\/2023\/08\/Royal-kep-1-300x200.jpg 300w, https:\/\/www.danubiushotels.com\/hu\/mozaik\/wp-content\/uploads\/2023\/08\/Royal-kep-1-768x512.jpg 768w, https:\/\/www.danubiushotels.com\/hu\/mozaik\/wp-content\/uploads\/2023\/08\/Royal-kep-1-1536x1024.jpg 1536w, https:\/\/www.danubiushotels.com\/hu\/mozaik\/wp-content\/uploads\/2023\/08\/Royal-kep-1-2048x1366.jpg 2048w\" sizes=\"(max-width: 720px) 100vw, 720px\" \/><\/a><\/p>\n<p>B\u00e1r Gy\u0151rt els\u0151sorban nem a gy\u00f3gyvize miatt ismerj\u00fck, de egy gy\u0151ri kikapcsol\u00f3d\u00e1s lehet ak\u00e1r wellness pihen\u00e9s is! Gy\u0151r belv\u00e1ros\u00e1nak egyik legszebb r\u00e9sz\u00e9n, a Mosoni- Duna \u00e9s a R\u00e1ba tal\u00e1lkoz\u00e1s\u00e1n\u00e1l fekv\u0151 f\u00e9lszigeten nyitotta meg \u00fajra kapuit j\u00faniusban a fel\u00faj\u00edtott <strong><a href=\"https:\/\/rabaquelle.hu\/\">R\u00e1ba Quelle<\/a><\/strong>. A V\u00edzi \u00c9lm\u00e9nypark \u00e9s Gy\u00f3gyf\u00fcrd\u0151 Magyarorsz\u00e1g legmodernebb cs\u00faszdaparkj\u00e1val, legnagyobb tematikus parkj\u00e1val, 21 \u00e9lm\u00e9ny- \u00e9s gy\u00f3gymedenc\u00e9vel, exkluz\u00edv jap\u00e1n szaunavil\u00e1ggal v\u00e1rja a v\u00e1rosba l\u00e1togat\u00f3kat.<\/p>\n<p><a href=\"https:\/\/www.danubiushotels.com\/hu\/mozaik\/wp-content\/uploads\/2023\/09\/rabaquelle.jpg\"><img loading=\"lazy\" decoding=\"async\" class=\"aligncenter size-large wp-image-12288\" src=\"https:\/\/www.danubiushotels.com\/hu\/mozaik\/wp-content\/uploads\/2023\/09\/rabaquelle-1024x683.jpg\" alt=\"\" width=\"720\" height=\"480\" srcset=\"https:\/\/www.danubiushotels.com\/hu\/mozaik\/wp-content\/uploads\/2023\/09\/rabaquelle-1024x683.jpg 1024w, https:\/\/www.danubiushotels.com\/hu\/mozaik\/wp-content\/uploads\/2023\/09\/rabaquelle-300x200.jpg 300w, https:\/\/www.danubiushotels.com\/hu\/mozaik\/wp-content\/uploads\/2023\/09\/rabaquelle-768x512.jpg 768w, https:\/\/www.danubiushotels.com\/hu\/mozaik\/wp-content\/uploads\/2023\/09\/rabaquelle.jpg 1200w\" sizes=\"(max-width: 720px) 100vw, 720px\" \/><\/a><\/p>\n<p>A <a href=\"https:\/\/www.danubiushotels.com\/hu\/szallodak-gyor\/hotel-raba\/ajanlatok\">Danubius Hotel R\u00e1ba<\/a> sz\u00e1llod\u00e1nk pedig meg\u00fajult szob\u00e1kkal, t\u00f6bb l\u00e9gter\u0171, modern apartmanokkal, csal\u00e1di szob\u00e1kkal v\u00e1rja vend\u00e9geit!<\/p>\n<p><a href=\"https:\/\/www.danubiushotels.com\/hu\/mozaik\/wp-content\/uploads\/2023\/08\/DHR_SP2_1-scaled.jpg\"><img loading=\"lazy\" decoding=\"async\" class=\"aligncenter size-large wp-image-12287\" src=\"https:\/\/www.danubiushotels.com\/hu\/mozaik\/wp-content\/uploads\/2023\/08\/DHR_SP2_1-1024x683.jpg\" alt=\"\" width=\"720\" height=\"480\" srcset=\"https:\/\/www.danubiushotels.com\/hu\/mozaik\/wp-content\/uploads\/2023\/08\/DHR_SP2_1-1024x683.jpg 1024w, https:\/\/www.danubiushotels.com\/hu\/mozaik\/wp-content\/uploads\/2023\/08\/DHR_SP2_1-300x200.jpg 300w, https:\/\/www.danubiushotels.com\/hu\/mozaik\/wp-content\/uploads\/2023\/08\/DHR_SP2_1-768x512.jpg 768w, https:\/\/www.danubiushotels.com\/hu\/mozaik\/wp-content\/uploads\/2023\/08\/DHR_SP2_1-1536x1024.jpg 1536w, https:\/\/www.danubiushotels.com\/hu\/mozaik\/wp-content\/uploads\/2023\/08\/DHR_SP2_1-2048x1365.jpg 2048w\" sizes=\"(max-width: 720px) 100vw, 720px\" \/><\/a><\/p>\n<p>&nbsp;<\/p>\n","protected":false},"excerpt":{"rendered":"<p>Gy\u0151r Magyorsz\u00e1g m\u00e1sodik, m\u0171eml\u00e9kekben leggazdagabb vid\u00e9ki v\u00e1rosa. A t\u00f6rt\u00e9nelmi korokat id\u00e9z\u0151 templomok, palot\u00e1k, m\u00fazeumok, sz\u0171k utc\u00e1k belv\u00e1rosi s\u00e9t\u00e1ra invit\u00e1lj\u00e1k a l\u00e1togat\u00f3t. A v\u00e1ros felfedez\u00e9s\u00e9hez ny\u00fajt sz\u00ednvonalas seg\u00edts\u00e9get a \u201eGyere Gy\u0151rbe!\u201d t\u00faravezet\u0151 csapata, akik t\u00f6bb, mint 10 \u00e9ve szerveznek tematikus, v\u00e1rosfelfedez\u0151 t\u00far\u00e1kat sz\u00e1mos t\u00e9m\u00e1ban, legyen sz\u00f3 bar\u00e1ti vagy c\u00e9ges programr\u00f3l, v\u00e1rosfelfedez\u0151 j\u00e1t\u00e9kr\u00f3l, csapat\u00e9p\u00edt\u0151, kultur\u00e1lis programr\u00f3l vagy [&hellip;]<\/p>\n","protected":false},"author":15,"featured_media":12282,"comment_status":"closed","ping_status":"open","sticky":false,"template":"","format":"standard","meta":{"_acf_changed":false,"_et_pb_use_builder":"","_et_pb_old_content":"","_et_gb_content_width":"","inline_featured_image":false,"footnotes":""},"categories":[4,1175],"tags":[],"class_list":["post-12275","post","type-post","status-publish","format-standard","has-post-thumbnail","hentry","category-hirek","category-szallodavilag"],"acf":[],"yoast_head":"<!-- This site is optimized with the Yoast SEO plugin v27.4 - https:\/\/yoast.com\/product\/yoast-seo-wordpress\/ -->\n<title>Kult\u00fara \u00e9s kikapcsol\u00f3d\u00e1s egyid\u0151ben, Gy\u0151rben - Danubius Mozaik<\/title>\n<meta name=\"robots\" content=\"noindex, follow, max-snippet:-1, max-image-preview:large, max-video-preview:-1\" \/>\n<meta property=\"og:locale\" content=\"hu_HU\" \/>\n<meta property=\"og:type\" content=\"article\" \/>\n<meta property=\"og:title\" content=\"Kult\u00fara \u00e9s kikapcsol\u00f3d\u00e1s egyid\u0151ben, Gy\u0151rben - Danubius Mozaik\" \/>\n<meta property=\"og:description\" content=\"Gy\u0151r Magyorsz\u00e1g m\u00e1sodik, m\u0171eml\u00e9kekben leggazdagabb vid\u00e9ki v\u00e1rosa. A t\u00f6rt\u00e9nelmi korokat id\u00e9z\u0151 templomok, palot\u00e1k, m\u00fazeumok, sz\u0171k utc\u00e1k belv\u00e1rosi s\u00e9t\u00e1ra invit\u00e1lj\u00e1k a l\u00e1togat\u00f3t. A v\u00e1ros felfedez\u00e9s\u00e9hez ny\u00fajt sz\u00ednvonalas seg\u00edts\u00e9get a \u201eGyere Gy\u0151rbe!\u201d t\u00faravezet\u0151 csapata, akik t\u00f6bb, mint 10 \u00e9ve szerveznek tematikus, v\u00e1rosfelfedez\u0151 t\u00far\u00e1kat sz\u00e1mos t\u00e9m\u00e1ban, legyen sz\u00f3 bar\u00e1ti vagy c\u00e9ges programr\u00f3l, v\u00e1rosfelfedez\u0151 j\u00e1t\u00e9kr\u00f3l, csapat\u00e9p\u00edt\u0151, kultur\u00e1lis programr\u00f3l vagy [&hellip;]\" \/>\n<meta property=\"og:url\" content=\"https:\/\/mozaik.icnetworkhu.com\/kultura-es-kikapcsolodas-egyidoben-gyorben\" \/>\n<meta property=\"og:site_name\" content=\"Danubius Mozaik\" \/>\n<meta property=\"article:published_time\" content=\"2023-09-05T13:42:25+00:00\" \/>\n<meta property=\"article:modified_time\" content=\"2024-09-09T12:01:43+00:00\" \/>\n<meta property=\"og:image\" content=\"https:\/\/mozaik.icnetworkhu.com\/wp-content\/uploads\/2023\/08\/DJI_0085.jpg\" \/>\n\t<meta property=\"og:image:width\" content=\"1280\" \/>\n\t<meta property=\"og:image:height\" content=\"853\" \/>\n\t<meta property=\"og:image:type\" content=\"image\/jpeg\" \/>\n<meta name=\"author\" content=\"Pencz Dorottya\" \/>\n<meta name=\"twitter:card\" content=\"summary_large_image\" \/>\n<meta name=\"twitter:label1\" content=\"Szerz\u0151:\" \/>\n\t<meta name=\"twitter:data1\" content=\"Pencz Dorottya\" \/>\n\t<meta name=\"twitter:label2\" content=\"Becs\u00fclt olvas\u00e1si id\u0151\" \/>\n\t<meta name=\"twitter:data2\" content=\"2 perc\" \/>\n<script type=\"application\/ld+json\" class=\"yoast-schema-graph\">{\"@context\":\"https:\\\/\\\/schema.org\",\"@graph\":[{\"@type\":\"Article\",\"@id\":\"https:\\\/\\\/mozaik.icnetworkhu.com\\\/kultura-es-kikapcsolodas-egyidoben-gyorben#article\",\"isPartOf\":{\"@id\":\"https:\\\/\\\/mozaik.icnetworkhu.com\\\/kultura-es-kikapcsolodas-egyidoben-gyorben\"},\"author\":{\"name\":\"Pencz Dorottya\",\"@id\":\"https:\\\/\\\/www.danubiushotels.com\\\/hu\\\/mozaik\\\/#\\\/schema\\\/person\\\/14b0b0c2ea10c762d30500b64e1d685d\"},\"headline\":\"Kult\u00fara \u00e9s kikapcsol\u00f3d\u00e1s egyid\u0151ben, Gy\u0151rben\",\"datePublished\":\"2023-09-05T13:42:25+00:00\",\"dateModified\":\"2024-09-09T12:01:43+00:00\",\"mainEntityOfPage\":{\"@id\":\"https:\\\/\\\/mozaik.icnetworkhu.com\\\/kultura-es-kikapcsolodas-egyidoben-gyorben\"},\"wordCount\":358,\"image\":{\"@id\":\"https:\\\/\\\/mozaik.icnetworkhu.com\\\/kultura-es-kikapcsolodas-egyidoben-gyorben#primaryimage\"},\"thumbnailUrl\":\"https:\\\/\\\/www.danubiushotels.com\\\/hu\\\/mozaik\\\/wp-content\\\/uploads\\\/2023\\\/08\\\/DJI_0085.jpg\",\"articleSection\":[\"H\u00edrek\",\"Sz\u00e1llodavil\u00e1g\"],\"inLanguage\":\"hu\"},{\"@type\":\"WebPage\",\"@id\":\"https:\\\/\\\/mozaik.icnetworkhu.com\\\/kultura-es-kikapcsolodas-egyidoben-gyorben\",\"url\":\"https:\\\/\\\/mozaik.icnetworkhu.com\\\/kultura-es-kikapcsolodas-egyidoben-gyorben\",\"name\":\"Kult\u00fara \u00e9s kikapcsol\u00f3d\u00e1s egyid\u0151ben, Gy\u0151rben - Danubius Mozaik\",\"isPartOf\":{\"@id\":\"https:\\\/\\\/www.danubiushotels.com\\\/hu\\\/mozaik\\\/#website\"},\"primaryImageOfPage\":{\"@id\":\"https:\\\/\\\/mozaik.icnetworkhu.com\\\/kultura-es-kikapcsolodas-egyidoben-gyorben#primaryimage\"},\"image\":{\"@id\":\"https:\\\/\\\/mozaik.icnetworkhu.com\\\/kultura-es-kikapcsolodas-egyidoben-gyorben#primaryimage\"},\"thumbnailUrl\":\"https:\\\/\\\/www.danubiushotels.com\\\/hu\\\/mozaik\\\/wp-content\\\/uploads\\\/2023\\\/08\\\/DJI_0085.jpg\",\"datePublished\":\"2023-09-05T13:42:25+00:00\",\"dateModified\":\"2024-09-09T12:01:43+00:00\",\"author\":{\"@id\":\"https:\\\/\\\/www.danubiushotels.com\\\/hu\\\/mozaik\\\/#\\\/schema\\\/person\\\/14b0b0c2ea10c762d30500b64e1d685d\"},\"breadcrumb\":{\"@id\":\"https:\\\/\\\/mozaik.icnetworkhu.com\\\/kultura-es-kikapcsolodas-egyidoben-gyorben#breadcrumb\"},\"inLanguage\":\"hu\",\"potentialAction\":[{\"@type\":\"ReadAction\",\"target\":[\"https:\\\/\\\/mozaik.icnetworkhu.com\\\/kultura-es-kikapcsolodas-egyidoben-gyorben\"]}]},{\"@type\":\"ImageObject\",\"inLanguage\":\"hu\",\"@id\":\"https:\\\/\\\/mozaik.icnetworkhu.com\\\/kultura-es-kikapcsolodas-egyidoben-gyorben#primaryimage\",\"url\":\"https:\\\/\\\/www.danubiushotels.com\\\/hu\\\/mozaik\\\/wp-content\\\/uploads\\\/2023\\\/08\\\/DJI_0085.jpg\",\"contentUrl\":\"https:\\\/\\\/www.danubiushotels.com\\\/hu\\\/mozaik\\\/wp-content\\\/uploads\\\/2023\\\/08\\\/DJI_0085.jpg\",\"width\":1280,\"height\":853},{\"@type\":\"BreadcrumbList\",\"@id\":\"https:\\\/\\\/mozaik.icnetworkhu.com\\\/kultura-es-kikapcsolodas-egyidoben-gyorben#breadcrumb\",\"itemListElement\":[{\"@type\":\"ListItem\",\"position\":1,\"name\":\"Home\",\"item\":\"https:\\\/\\\/www.danubiushotels.com\\\/hu\\\/mozaik\\\/\"},{\"@type\":\"ListItem\",\"position\":2,\"name\":\"Kult\u00fara \u00e9s kikapcsol\u00f3d\u00e1s egyid\u0151ben, Gy\u0151rben\"}]},{\"@type\":\"WebSite\",\"@id\":\"https:\\\/\\\/www.danubiushotels.com\\\/hu\\\/mozaik\\\/#website\",\"url\":\"https:\\\/\\\/www.danubiushotels.com\\\/hu\\\/mozaik\\\/\",\"name\":\"Danubius Mozaik\",\"description\":\"Mindig van alkalom a pihen\u00e9sre...\",\"potentialAction\":[{\"@type\":\"SearchAction\",\"target\":{\"@type\":\"EntryPoint\",\"urlTemplate\":\"https:\\\/\\\/www.danubiushotels.com\\\/hu\\\/mozaik\\\/?s={search_term_string}\"},\"query-input\":{\"@type\":\"PropertyValueSpecification\",\"valueRequired\":true,\"valueName\":\"search_term_string\"}}],\"inLanguage\":\"hu\"},{\"@type\":\"Person\",\"@id\":\"https:\\\/\\\/www.danubiushotels.com\\\/hu\\\/mozaik\\\/#\\\/schema\\\/person\\\/14b0b0c2ea10c762d30500b64e1d685d\",\"name\":\"Pencz Dorottya\",\"image\":{\"@type\":\"ImageObject\",\"inLanguage\":\"hu\",\"@id\":\"https:\\\/\\\/secure.gravatar.com\\\/avatar\\\/4f8d852ffd557188675000c0865dc845f775386e26ee67bd8041eb3d017638fc?s=96&d=mm&r=g\",\"url\":\"https:\\\/\\\/secure.gravatar.com\\\/avatar\\\/4f8d852ffd557188675000c0865dc845f775386e26ee67bd8041eb3d017638fc?s=96&d=mm&r=g\",\"contentUrl\":\"https:\\\/\\\/secure.gravatar.com\\\/avatar\\\/4f8d852ffd557188675000c0865dc845f775386e26ee67bd8041eb3d017638fc?s=96&d=mm&r=g\",\"caption\":\"Pencz Dorottya\"},\"url\":\"https:\\\/\\\/www.danubiushotels.com\\\/hu\\\/mozaik\\\/author\\\/dorottyapencz\"}]}<\/script>\n<!-- \/ Yoast SEO plugin. -->","yoast_head_json":{"title":"Kult\u00fara \u00e9s kikapcsol\u00f3d\u00e1s egyid\u0151ben, Gy\u0151rben - Danubius Mozaik","robots":{"index":"noindex","follow":"follow","max-snippet":"max-snippet:-1","max-image-preview":"max-image-preview:large","max-video-preview":"max-video-preview:-1"},"og_locale":"hu_HU","og_type":"article","og_title":"Kult\u00fara \u00e9s kikapcsol\u00f3d\u00e1s egyid\u0151ben, Gy\u0151rben - Danubius Mozaik","og_description":"Gy\u0151r Magyorsz\u00e1g m\u00e1sodik, m\u0171eml\u00e9kekben leggazdagabb vid\u00e9ki v\u00e1rosa. A t\u00f6rt\u00e9nelmi korokat id\u00e9z\u0151 templomok, palot\u00e1k, m\u00fazeumok, sz\u0171k utc\u00e1k belv\u00e1rosi s\u00e9t\u00e1ra invit\u00e1lj\u00e1k a l\u00e1togat\u00f3t. A v\u00e1ros felfedez\u00e9s\u00e9hez ny\u00fajt sz\u00ednvonalas seg\u00edts\u00e9get a \u201eGyere Gy\u0151rbe!\u201d t\u00faravezet\u0151 csapata, akik t\u00f6bb, mint 10 \u00e9ve szerveznek tematikus, v\u00e1rosfelfedez\u0151 t\u00far\u00e1kat sz\u00e1mos t\u00e9m\u00e1ban, legyen sz\u00f3 bar\u00e1ti vagy c\u00e9ges programr\u00f3l, v\u00e1rosfelfedez\u0151 j\u00e1t\u00e9kr\u00f3l, csapat\u00e9p\u00edt\u0151, kultur\u00e1lis programr\u00f3l vagy [&hellip;]","og_url":"https:\/\/mozaik.icnetworkhu.com\/kultura-es-kikapcsolodas-egyidoben-gyorben","og_site_name":"Danubius Mozaik","article_published_time":"2023-09-05T13:42:25+00:00","article_modified_time":"2024-09-09T12:01:43+00:00","og_image":[{"width":1280,"height":853,"url":"https:\/\/mozaik.icnetworkhu.com\/wp-content\/uploads\/2023\/08\/DJI_0085.jpg","type":"image\/jpeg"}],"author":"Pencz Dorottya","twitter_card":"summary_large_image","twitter_misc":{"Szerz\u0151:":"Pencz Dorottya","Becs\u00fclt olvas\u00e1si id\u0151":"2 perc"},"schema":{"@context":"https:\/\/schema.org","@graph":[{"@type":"Article","@id":"https:\/\/mozaik.icnetworkhu.com\/kultura-es-kikapcsolodas-egyidoben-gyorben#article","isPartOf":{"@id":"https:\/\/mozaik.icnetworkhu.com\/kultura-es-kikapcsolodas-egyidoben-gyorben"},"author":{"name":"Pencz Dorottya","@id":"https:\/\/www.danubiushotels.com\/hu\/mozaik\/#\/schema\/person\/14b0b0c2ea10c762d30500b64e1d685d"},"headline":"Kult\u00fara \u00e9s kikapcsol\u00f3d\u00e1s egyid\u0151ben, Gy\u0151rben","datePublished":"2023-09-05T13:42:25+00:00","dateModified":"2024-09-09T12:01:43+00:00","mainEntityOfPage":{"@id":"https:\/\/mozaik.icnetworkhu.com\/kultura-es-kikapcsolodas-egyidoben-gyorben"},"wordCount":358,"image":{"@id":"https:\/\/mozaik.icnetworkhu.com\/kultura-es-kikapcsolodas-egyidoben-gyorben#primaryimage"},"thumbnailUrl":"https:\/\/www.danubiushotels.com\/hu\/mozaik\/wp-content\/uploads\/2023\/08\/DJI_0085.jpg","articleSection":["H\u00edrek","Sz\u00e1llodavil\u00e1g"],"inLanguage":"hu"},{"@type":"WebPage","@id":"https:\/\/mozaik.icnetworkhu.com\/kultura-es-kikapcsolodas-egyidoben-gyorben","url":"https:\/\/mozaik.icnetworkhu.com\/kultura-es-kikapcsolodas-egyidoben-gyorben","name":"Kult\u00fara \u00e9s kikapcsol\u00f3d\u00e1s egyid\u0151ben, Gy\u0151rben - Danubius Mozaik","isPartOf":{"@id":"https:\/\/www.danubiushotels.com\/hu\/mozaik\/#website"},"primaryImageOfPage":{"@id":"https:\/\/mozaik.icnetworkhu.com\/kultura-es-kikapcsolodas-egyidoben-gyorben#primaryimage"},"image":{"@id":"https:\/\/mozaik.icnetworkhu.com\/kultura-es-kikapcsolodas-egyidoben-gyorben#primaryimage"},"thumbnailUrl":"https:\/\/www.danubiushotels.com\/hu\/mozaik\/wp-content\/uploads\/2023\/08\/DJI_0085.jpg","datePublished":"2023-09-05T13:42:25+00:00","dateModified":"2024-09-09T12:01:43+00:00","author":{"@id":"https:\/\/www.danubiushotels.com\/hu\/mozaik\/#\/schema\/person\/14b0b0c2ea10c762d30500b64e1d685d"},"breadcrumb":{"@id":"https:\/\/mozaik.icnetworkhu.com\/kultura-es-kikapcsolodas-egyidoben-gyorben#breadcrumb"},"inLanguage":"hu","potentialAction":[{"@type":"ReadAction","target":["https:\/\/mozaik.icnetworkhu.com\/kultura-es-kikapcsolodas-egyidoben-gyorben"]}]},{"@type":"ImageObject","inLanguage":"hu","@id":"https:\/\/mozaik.icnetworkhu.com\/kultura-es-kikapcsolodas-egyidoben-gyorben#primaryimage","url":"https:\/\/www.danubiushotels.com\/hu\/mozaik\/wp-content\/uploads\/2023\/08\/DJI_0085.jpg","contentUrl":"https:\/\/www.danubiushotels.com\/hu\/mozaik\/wp-content\/uploads\/2023\/08\/DJI_0085.jpg","width":1280,"height":853},{"@type":"BreadcrumbList","@id":"https:\/\/mozaik.icnetworkhu.com\/kultura-es-kikapcsolodas-egyidoben-gyorben#breadcrumb","itemListElement":[{"@type":"ListItem","position":1,"name":"Home","item":"https:\/\/www.danubiushotels.com\/hu\/mozaik\/"},{"@type":"ListItem","position":2,"name":"Kult\u00fara \u00e9s kikapcsol\u00f3d\u00e1s egyid\u0151ben, Gy\u0151rben"}]},{"@type":"WebSite","@id":"https:\/\/www.danubiushotels.com\/hu\/mozaik\/#website","url":"https:\/\/www.danubiushotels.com\/hu\/mozaik\/","name":"Danubius Mozaik","description":"Mindig van alkalom a pihen\u00e9sre...","potentialAction":[{"@type":"SearchAction","target":{"@type":"EntryPoint","urlTemplate":"https:\/\/www.danubiushotels.com\/hu\/mozaik\/?s={search_term_string}"},"query-input":{"@type":"PropertyValueSpecification","valueRequired":true,"valueName":"search_term_string"}}],"inLanguage":"hu"},{"@type":"Person","@id":"https:\/\/www.danubiushotels.com\/hu\/mozaik\/#\/schema\/person\/14b0b0c2ea10c762d30500b64e1d685d","name":"Pencz Dorottya","image":{"@type":"ImageObject","inLanguage":"hu","@id":"https:\/\/secure.gravatar.com\/avatar\/4f8d852ffd557188675000c0865dc845f775386e26ee67bd8041eb3d017638fc?s=96&d=mm&r=g","url":"https:\/\/secure.gravatar.com\/avatar\/4f8d852ffd557188675000c0865dc845f775386e26ee67bd8041eb3d017638fc?s=96&d=mm&r=g","contentUrl":"https:\/\/secure.gravatar.com\/avatar\/4f8d852ffd557188675000c0865dc845f775386e26ee67bd8041eb3d017638fc?s=96&d=mm&r=g","caption":"Pencz Dorottya"},"url":"https:\/\/www.danubiushotels.com\/hu\/mozaik\/author\/dorottyapencz"}]}},"_links":{"self":[{"href":"https:\/\/www.danubiushotels.com\/hu\/mozaik\/wp-json\/wp\/v2\/posts\/12275","targetHints":{"allow":["GET"]}}],"collection":[{"href":"https:\/\/www.danubiushotels.com\/hu\/mozaik\/wp-json\/wp\/v2\/posts"}],"about":[{"href":"https:\/\/www.danubiushotels.com\/hu\/mozaik\/wp-json\/wp\/v2\/types\/post"}],"author":[{"embeddable":true,"href":"https:\/\/www.danubiushotels.com\/hu\/mozaik\/wp-json\/wp\/v2\/users\/15"}],"replies":[{"embeddable":true,"href":"https:\/\/www.danubiushotels.com\/hu\/mozaik\/wp-json\/wp\/v2\/comments?post=12275"}],"version-history":[{"count":2,"href":"https:\/\/www.danubiushotels.com\/hu\/mozaik\/wp-json\/wp\/v2\/posts\/12275\/revisions"}],"predecessor-version":[{"id":12289,"href":"https:\/\/www.danubiushotels.com\/hu\/mozaik\/wp-json\/wp\/v2\/posts\/12275\/revisions\/12289"}],"wp:featuredmedia":[{"embeddable":true,"href":"https:\/\/www.danubiushotels.com\/hu\/mozaik\/wp-json\/wp\/v2\/media\/12282"}],"wp:attachment":[{"href":"https:\/\/www.danubiushotels.com\/hu\/mozaik\/wp-json\/wp\/v2\/media?parent=12275"}],"wp:term":[{"taxonomy":"category","embeddable":true,"href":"https:\/\/www.danubiushotels.com\/hu\/mozaik\/wp-json\/wp\/v2\/categories?post=12275"},{"taxonomy":"post_tag","embeddable":true,"href":"https:\/\/www.danubiushotels.com\/hu\/mozaik\/wp-json\/wp\/v2\/tags?post=12275"}],"curies":[{"name":"wp","href":"https:\/\/api.w.org\/{rel}","templated":true}]}}