{"id":12277,"date":"2023-09-05T16:52:46","date_gmt":"2023-09-05T14:52:46","guid":{"rendered":"https:\/\/www.danubiushotels.com\/hu\/mozaik\/?p=12277"},"modified":"2024-09-09T13:58:01","modified_gmt":"2024-09-09T11:58:01","slug":"karacsonyi-parti-evzaro-rendezvenyek-elofoglalasi-akcio-az-ensana-szallodakban","status":"publish","type":"post","link":"https:\/\/www.danubiushotels.com\/hu\/mozaik\/karacsonyi-parti-evzaro-rendezvenyek-elofoglalasi-akcio-az-ensana-szallodakban","title":{"rendered":"Kar\u00e1csonyi parti, \u00e9vz\u00e1r\u00f3 rendezv\u00e9nyek \u2013 el\u0151foglal\u00e1si akci\u00f3 az Ensana sz\u00e1llod\u00e1kban"},"content":{"rendered":"<p>Neh\u00e9z a m\u00e9g kellemesen meleg nappalok \u00e9s az egyre sz\u00ednesebb\u00e9 v\u00e1l\u00f3 falevelek k\u00f6zt s\u00e9t\u00e1lva az \u00e9v utols\u00f3 h\u00f3napj\u00e1ra gondolni. Pedig, meg\u00e9ri id\u0151ben tervezni a csillog\u00f3 d\u00edszekkel dekor\u00e1lt kar\u00e1csonyi id\u0151szakot!<\/p>\n<p style=\"text-align: left;\">A felejthetetlen \u00e9lm\u00e9nyek id\u00e9n is garant\u00e1ltak, ha a<strong> c\u00e9ges kar\u00e1csonyi partij\u00e1t<\/strong> b\u00e1rmelyik <a href=\"https:\/\/www.ensanahotels.com\/hu\/desztinacio\/magyarorszag\">Ensana sz\u00e1llod\u00e1ban<\/a> tartja meg, mert mi hisz\u00fcnk az \u00e9vz\u00e1r\u00f3 bulik var\u00e1zs\u00e1ban, hogy a k\u00f6z\u00f6s \u00fcnnepl\u00e9s jav\u00edtja a munkat\u00e1rsak hangulat\u00e1t, \u00e9s pozit\u00edvan hat a v\u00e1llalati kult\u00far\u00e1ra.<\/p>\n<p><a href=\"https:\/\/www.danubiushotels.com\/hu\/mozaik\/wp-content\/uploads\/2023\/09\/175969626_l_normal_none-scaled.jpg\"><img loading=\"lazy\" decoding=\"async\" class=\"size-large wp-image-12300 aligncenter\" src=\"https:\/\/www.danubiushotels.com\/hu\/mozaik\/wp-content\/uploads\/2023\/09\/175969626_l_normal_none-1024x683.jpg\" alt=\"\" width=\"720\" height=\"480\" srcset=\"https:\/\/www.danubiushotels.com\/hu\/mozaik\/wp-content\/uploads\/2023\/09\/175969626_l_normal_none-1024x683.jpg 1024w, https:\/\/www.danubiushotels.com\/hu\/mozaik\/wp-content\/uploads\/2023\/09\/175969626_l_normal_none-300x200.jpg 300w, https:\/\/www.danubiushotels.com\/hu\/mozaik\/wp-content\/uploads\/2023\/09\/175969626_l_normal_none-768x512.jpg 768w, https:\/\/www.danubiushotels.com\/hu\/mozaik\/wp-content\/uploads\/2023\/09\/175969626_l_normal_none-1536x1024.jpg 1536w, https:\/\/www.danubiushotels.com\/hu\/mozaik\/wp-content\/uploads\/2023\/09\/175969626_l_normal_none-2048x1366.jpg 2048w\" sizes=\"(max-width: 720px) 100vw, 720px\" \/><\/a><\/p>\n<p>Az Ensana hotelekben seg\u00edt\u00fcnk megid\u00e9zni a kar\u00e1csony var\u00e1zslatos hangulat\u00e1t: idilli k\u00f6rnyezetben teret adunk a vid\u00e1ms\u00e1gnak, emellett finom \u00e9telekkel \u00e9s italokkal seg\u00edtj\u00fck feloldani az \u00e9v v\u00e9gi hajr\u00e1 kimer\u00edt\u0151 er\u0151fesz\u00edt\u00e9seit.<br \/>\n<strong>K\u00e9rje egyedi aj\u00e1nlatunkat <a href=\"https:\/\/www.ensanahotels.com\/hu\/desztinacio\/magyarorszag\/heviz\">h\u00e9v\u00edzi<\/a> vagy <a href=\"https:\/\/www.ensanahotels.com\/hu\/desztinacio\/magyarorszag\/budapest\">margitszigeti<\/a> sz\u00e1llod\u00e1inkt\u00f3l!<\/strong><\/p>\n<p><a href=\"https:\/\/www.danubiushotels.com\/hu\/mozaik\/wp-content\/uploads\/2023\/08\/AND_5809-scaled.jpg\"><img loading=\"lazy\" decoding=\"async\" class=\"aligncenter size-large wp-image-12280\" src=\"https:\/\/www.danubiushotels.com\/hu\/mozaik\/wp-content\/uploads\/2023\/08\/AND_5809-1024x684.jpg\" alt=\"\" width=\"720\" height=\"481\" srcset=\"https:\/\/www.danubiushotels.com\/hu\/mozaik\/wp-content\/uploads\/2023\/08\/AND_5809-1024x684.jpg 1024w, https:\/\/www.danubiushotels.com\/hu\/mozaik\/wp-content\/uploads\/2023\/08\/AND_5809-300x200.jpg 300w, https:\/\/www.danubiushotels.com\/hu\/mozaik\/wp-content\/uploads\/2023\/08\/AND_5809-768x513.jpg 768w, https:\/\/www.danubiushotels.com\/hu\/mozaik\/wp-content\/uploads\/2023\/08\/AND_5809-1536x1025.jpg 1536w, https:\/\/www.danubiushotels.com\/hu\/mozaik\/wp-content\/uploads\/2023\/08\/AND_5809-2048x1367.jpg 2048w\" sizes=\"(max-width: 720px) 100vw, 720px\" \/><\/a><\/p>\n<p><strong><em>El\u0151foglal\u00e1si akci\u00f3!<\/em><\/strong><\/p>\n<p><strong><em>Foglalja le 2023. november 6. el\u0151tt a kar\u00e1csonyi c\u00e9ges vacsor\u00e1t, \u00e9s az \u00fcdv\u00f6zl\u0151 italt aj\u00e1nd\u00e9kba adjuk a r\u00e9szvev\u0151knek.<\/em><\/strong><\/p>\n<p><strong><em>Prom\u00f3ci\u00f3s k\u00f3d: XMASENSANA<\/em><\/strong><\/p>\n<p><em>\u00a0<\/em>*A prom\u00f3ci\u00f3ban r\u00e9szt vev\u0151 sz\u00e1llod\u00e1ink: Thermal Margitsziget, Grand Margitsziget \u00e9s Thermal H\u00e9v\u00edz Ensana Health Spa hotelek<\/p>\n<p>&nbsp;<\/p>\n<p><strong>Kapcsolat:\u00a0 <\/strong><\/p>\n<p>Margitszigeti sz\u00e1llod\u00e1k: <a href=\"mailto:mice.th@hu.ensanahotels..com\">mice.th@hu.ensanahotels..com<\/a>, Tel.: +36 1\u00a0889 4725<\/p>\n<p>Thermal H\u00e9v\u00edz: <a href=\"mailto:mice.he@hu.ensanahotels.com\">mice.he@hu.ensanahotels.com<\/a>, Tel.: +36 83\u00a0889\u00a0432<\/p>\n<p>&nbsp;<\/p>\n<p>&nbsp;<\/p>\n","protected":false},"excerpt":{"rendered":"<p>Neh\u00e9z a m\u00e9g kellemesen meleg nappalok \u00e9s az egyre sz\u00ednesebb\u00e9 v\u00e1l\u00f3 falevelek k\u00f6zt s\u00e9t\u00e1lva az \u00e9v utols\u00f3 h\u00f3napj\u00e1ra gondolni. Pedig, meg\u00e9ri id\u0151ben tervezni a csillog\u00f3 d\u00edszekkel dekor\u00e1lt kar\u00e1csonyi id\u0151szakot! A felejthetetlen \u00e9lm\u00e9nyek id\u00e9n is garant\u00e1ltak, ha a c\u00e9ges kar\u00e1csonyi partij\u00e1t b\u00e1rmelyik Ensana sz\u00e1llod\u00e1ban tartja meg, mert mi hisz\u00fcnk az \u00e9vz\u00e1r\u00f3 bulik var\u00e1zs\u00e1ban, hogy a k\u00f6z\u00f6s [&hellip;]<\/p>\n","protected":false},"author":15,"featured_media":12299,"comment_status":"closed","ping_status":"open","sticky":false,"template":"","format":"standard","meta":{"_acf_changed":false,"_et_pb_use_builder":"","_et_pb_old_content":"","_et_gb_content_width":"","inline_featured_image":false,"footnotes":""},"categories":[1178,4,1175],"tags":[],"class_list":["post-12277","post","type-post","status-publish","format-standard","has-post-thumbnail","hentry","category-csapatepites","category-hirek","category-szallodavilag"],"acf":[],"yoast_head":"<!-- This site is optimized with the Yoast SEO plugin v27.4 - https:\/\/yoast.com\/product\/yoast-seo-wordpress\/ -->\n<title>Kar\u00e1csonyi parti, \u00e9vz\u00e1r\u00f3 rendezv\u00e9nyek \u2013 el\u0151foglal\u00e1si akci\u00f3 az Ensana sz\u00e1llod\u00e1kban - Danubius Mozaik<\/title>\n<meta name=\"robots\" content=\"noindex, follow, max-snippet:-1, max-image-preview:large, max-video-preview:-1\" \/>\n<meta property=\"og:locale\" content=\"hu_HU\" \/>\n<meta property=\"og:type\" content=\"article\" \/>\n<meta property=\"og:title\" content=\"Kar\u00e1csonyi parti, \u00e9vz\u00e1r\u00f3 rendezv\u00e9nyek \u2013 el\u0151foglal\u00e1si akci\u00f3 az Ensana sz\u00e1llod\u00e1kban - Danubius Mozaik\" \/>\n<meta property=\"og:description\" content=\"Neh\u00e9z a m\u00e9g kellemesen meleg nappalok \u00e9s az egyre sz\u00ednesebb\u00e9 v\u00e1l\u00f3 falevelek k\u00f6zt s\u00e9t\u00e1lva az \u00e9v utols\u00f3 h\u00f3napj\u00e1ra gondolni. Pedig, meg\u00e9ri id\u0151ben tervezni a csillog\u00f3 d\u00edszekkel dekor\u00e1lt kar\u00e1csonyi id\u0151szakot! A felejthetetlen \u00e9lm\u00e9nyek id\u00e9n is garant\u00e1ltak, ha a c\u00e9ges kar\u00e1csonyi partij\u00e1t b\u00e1rmelyik Ensana sz\u00e1llod\u00e1ban tartja meg, mert mi hisz\u00fcnk az \u00e9vz\u00e1r\u00f3 bulik var\u00e1zs\u00e1ban, hogy a k\u00f6z\u00f6s [&hellip;]\" \/>\n<meta property=\"og:url\" content=\"https:\/\/mozaik.icnetworkhu.com\/karacsonyi-parti-evzaro-rendezvenyek-elofoglalasi-akcio-az-ensana-szallodakban\" \/>\n<meta property=\"og:site_name\" content=\"Danubius Mozaik\" \/>\n<meta property=\"article:published_time\" content=\"2023-09-05T14:52:46+00:00\" \/>\n<meta property=\"article:modified_time\" content=\"2024-09-09T11:58:01+00:00\" \/>\n<meta property=\"og:image\" content=\"https:\/\/mozaik.icnetworkhu.com\/wp-content\/uploads\/2023\/09\/176080404_fb-image_normal_none.jpg\" \/>\n\t<meta property=\"og:image:width\" content=\"1200\" \/>\n\t<meta property=\"og:image:height\" content=\"1200\" \/>\n\t<meta property=\"og:image:type\" content=\"image\/jpeg\" \/>\n<meta name=\"author\" content=\"Pencz Dorottya\" \/>\n<meta name=\"twitter:card\" content=\"summary_large_image\" \/>\n<meta name=\"twitter:label1\" content=\"Szerz\u0151:\" \/>\n\t<meta name=\"twitter:data1\" content=\"Pencz Dorottya\" \/>\n\t<meta name=\"twitter:label2\" content=\"Becs\u00fclt olvas\u00e1si id\u0151\" \/>\n\t<meta name=\"twitter:data2\" content=\"2 perc\" \/>\n<script type=\"application\/ld+json\" class=\"yoast-schema-graph\">{\"@context\":\"https:\\\/\\\/schema.org\",\"@graph\":[{\"@type\":\"Article\",\"@id\":\"https:\\\/\\\/mozaik.icnetworkhu.com\\\/karacsonyi-parti-evzaro-rendezvenyek-elofoglalasi-akcio-az-ensana-szallodakban#article\",\"isPartOf\":{\"@id\":\"https:\\\/\\\/mozaik.icnetworkhu.com\\\/karacsonyi-parti-evzaro-rendezvenyek-elofoglalasi-akcio-az-ensana-szallodakban\"},\"author\":{\"name\":\"Pencz Dorottya\",\"@id\":\"https:\\\/\\\/www.danubiushotels.com\\\/hu\\\/mozaik\\\/#\\\/schema\\\/person\\\/14b0b0c2ea10c762d30500b64e1d685d\"},\"headline\":\"Kar\u00e1csonyi parti, \u00e9vz\u00e1r\u00f3 rendezv\u00e9nyek \u2013 el\u0151foglal\u00e1si akci\u00f3 az Ensana sz\u00e1llod\u00e1kban\",\"datePublished\":\"2023-09-05T14:52:46+00:00\",\"dateModified\":\"2024-09-09T11:58:01+00:00\",\"mainEntityOfPage\":{\"@id\":\"https:\\\/\\\/mozaik.icnetworkhu.com\\\/karacsonyi-parti-evzaro-rendezvenyek-elofoglalasi-akcio-az-ensana-szallodakban\"},\"wordCount\":260,\"image\":{\"@id\":\"https:\\\/\\\/mozaik.icnetworkhu.com\\\/karacsonyi-parti-evzaro-rendezvenyek-elofoglalasi-akcio-az-ensana-szallodakban#primaryimage\"},\"thumbnailUrl\":\"https:\\\/\\\/www.danubiushotels.com\\\/hu\\\/mozaik\\\/wp-content\\\/uploads\\\/2023\\\/09\\\/176080404_fb-image_normal_none.jpg\",\"articleSection\":[\"Csapat\u00e9p\u00edt\u00e9s\",\"H\u00edrek\",\"Sz\u00e1llodavil\u00e1g\"],\"inLanguage\":\"hu\"},{\"@type\":\"WebPage\",\"@id\":\"https:\\\/\\\/mozaik.icnetworkhu.com\\\/karacsonyi-parti-evzaro-rendezvenyek-elofoglalasi-akcio-az-ensana-szallodakban\",\"url\":\"https:\\\/\\\/mozaik.icnetworkhu.com\\\/karacsonyi-parti-evzaro-rendezvenyek-elofoglalasi-akcio-az-ensana-szallodakban\",\"name\":\"Kar\u00e1csonyi parti, \u00e9vz\u00e1r\u00f3 rendezv\u00e9nyek \u2013 el\u0151foglal\u00e1si akci\u00f3 az Ensana sz\u00e1llod\u00e1kban - Danubius Mozaik\",\"isPartOf\":{\"@id\":\"https:\\\/\\\/www.danubiushotels.com\\\/hu\\\/mozaik\\\/#website\"},\"primaryImageOfPage\":{\"@id\":\"https:\\\/\\\/mozaik.icnetworkhu.com\\\/karacsonyi-parti-evzaro-rendezvenyek-elofoglalasi-akcio-az-ensana-szallodakban#primaryimage\"},\"image\":{\"@id\":\"https:\\\/\\\/mozaik.icnetworkhu.com\\\/karacsonyi-parti-evzaro-rendezvenyek-elofoglalasi-akcio-az-ensana-szallodakban#primaryimage\"},\"thumbnailUrl\":\"https:\\\/\\\/www.danubiushotels.com\\\/hu\\\/mozaik\\\/wp-content\\\/uploads\\\/2023\\\/09\\\/176080404_fb-image_normal_none.jpg\",\"datePublished\":\"2023-09-05T14:52:46+00:00\",\"dateModified\":\"2024-09-09T11:58:01+00:00\",\"author\":{\"@id\":\"https:\\\/\\\/www.danubiushotels.com\\\/hu\\\/mozaik\\\/#\\\/schema\\\/person\\\/14b0b0c2ea10c762d30500b64e1d685d\"},\"breadcrumb\":{\"@id\":\"https:\\\/\\\/mozaik.icnetworkhu.com\\\/karacsonyi-parti-evzaro-rendezvenyek-elofoglalasi-akcio-az-ensana-szallodakban#breadcrumb\"},\"inLanguage\":\"hu\",\"potentialAction\":[{\"@type\":\"ReadAction\",\"target\":[\"https:\\\/\\\/mozaik.icnetworkhu.com\\\/karacsonyi-parti-evzaro-rendezvenyek-elofoglalasi-akcio-az-ensana-szallodakban\"]}]},{\"@type\":\"ImageObject\",\"inLanguage\":\"hu\",\"@id\":\"https:\\\/\\\/mozaik.icnetworkhu.com\\\/karacsonyi-parti-evzaro-rendezvenyek-elofoglalasi-akcio-az-ensana-szallodakban#primaryimage\",\"url\":\"https:\\\/\\\/www.danubiushotels.com\\\/hu\\\/mozaik\\\/wp-content\\\/uploads\\\/2023\\\/09\\\/176080404_fb-image_normal_none.jpg\",\"contentUrl\":\"https:\\\/\\\/www.danubiushotels.com\\\/hu\\\/mozaik\\\/wp-content\\\/uploads\\\/2023\\\/09\\\/176080404_fb-image_normal_none.jpg\",\"width\":1200,\"height\":1200},{\"@type\":\"BreadcrumbList\",\"@id\":\"https:\\\/\\\/mozaik.icnetworkhu.com\\\/karacsonyi-parti-evzaro-rendezvenyek-elofoglalasi-akcio-az-ensana-szallodakban#breadcrumb\",\"itemListElement\":[{\"@type\":\"ListItem\",\"position\":1,\"name\":\"Home\",\"item\":\"https:\\\/\\\/www.danubiushotels.com\\\/hu\\\/mozaik\\\/\"},{\"@type\":\"ListItem\",\"position\":2,\"name\":\"Kar\u00e1csonyi parti, \u00e9vz\u00e1r\u00f3 rendezv\u00e9nyek \u2013 el\u0151foglal\u00e1si akci\u00f3 az Ensana sz\u00e1llod\u00e1kban\"}]},{\"@type\":\"WebSite\",\"@id\":\"https:\\\/\\\/www.danubiushotels.com\\\/hu\\\/mozaik\\\/#website\",\"url\":\"https:\\\/\\\/www.danubiushotels.com\\\/hu\\\/mozaik\\\/\",\"name\":\"Danubius Mozaik\",\"description\":\"Mindig van alkalom a pihen\u00e9sre...\",\"potentialAction\":[{\"@type\":\"SearchAction\",\"target\":{\"@type\":\"EntryPoint\",\"urlTemplate\":\"https:\\\/\\\/www.danubiushotels.com\\\/hu\\\/mozaik\\\/?s={search_term_string}\"},\"query-input\":{\"@type\":\"PropertyValueSpecification\",\"valueRequired\":true,\"valueName\":\"search_term_string\"}}],\"inLanguage\":\"hu\"},{\"@type\":\"Person\",\"@id\":\"https:\\\/\\\/www.danubiushotels.com\\\/hu\\\/mozaik\\\/#\\\/schema\\\/person\\\/14b0b0c2ea10c762d30500b64e1d685d\",\"name\":\"Pencz Dorottya\",\"image\":{\"@type\":\"ImageObject\",\"inLanguage\":\"hu\",\"@id\":\"https:\\\/\\\/secure.gravatar.com\\\/avatar\\\/4f8d852ffd557188675000c0865dc845f775386e26ee67bd8041eb3d017638fc?s=96&d=mm&r=g\",\"url\":\"https:\\\/\\\/secure.gravatar.com\\\/avatar\\\/4f8d852ffd557188675000c0865dc845f775386e26ee67bd8041eb3d017638fc?s=96&d=mm&r=g\",\"contentUrl\":\"https:\\\/\\\/secure.gravatar.com\\\/avatar\\\/4f8d852ffd557188675000c0865dc845f775386e26ee67bd8041eb3d017638fc?s=96&d=mm&r=g\",\"caption\":\"Pencz Dorottya\"},\"url\":\"https:\\\/\\\/www.danubiushotels.com\\\/hu\\\/mozaik\\\/author\\\/dorottyapencz\"}]}<\/script>\n<!-- \/ Yoast SEO plugin. -->","yoast_head_json":{"title":"Kar\u00e1csonyi parti, \u00e9vz\u00e1r\u00f3 rendezv\u00e9nyek \u2013 el\u0151foglal\u00e1si akci\u00f3 az Ensana sz\u00e1llod\u00e1kban - Danubius Mozaik","robots":{"index":"noindex","follow":"follow","max-snippet":"max-snippet:-1","max-image-preview":"max-image-preview:large","max-video-preview":"max-video-preview:-1"},"og_locale":"hu_HU","og_type":"article","og_title":"Kar\u00e1csonyi parti, \u00e9vz\u00e1r\u00f3 rendezv\u00e9nyek \u2013 el\u0151foglal\u00e1si akci\u00f3 az Ensana sz\u00e1llod\u00e1kban - Danubius Mozaik","og_description":"Neh\u00e9z a m\u00e9g kellemesen meleg nappalok \u00e9s az egyre sz\u00ednesebb\u00e9 v\u00e1l\u00f3 falevelek k\u00f6zt s\u00e9t\u00e1lva az \u00e9v utols\u00f3 h\u00f3napj\u00e1ra gondolni. Pedig, meg\u00e9ri id\u0151ben tervezni a csillog\u00f3 d\u00edszekkel dekor\u00e1lt kar\u00e1csonyi id\u0151szakot! A felejthetetlen \u00e9lm\u00e9nyek id\u00e9n is garant\u00e1ltak, ha a c\u00e9ges kar\u00e1csonyi partij\u00e1t b\u00e1rmelyik Ensana sz\u00e1llod\u00e1ban tartja meg, mert mi hisz\u00fcnk az \u00e9vz\u00e1r\u00f3 bulik var\u00e1zs\u00e1ban, hogy a k\u00f6z\u00f6s [&hellip;]","og_url":"https:\/\/mozaik.icnetworkhu.com\/karacsonyi-parti-evzaro-rendezvenyek-elofoglalasi-akcio-az-ensana-szallodakban","og_site_name":"Danubius Mozaik","article_published_time":"2023-09-05T14:52:46+00:00","article_modified_time":"2024-09-09T11:58:01+00:00","og_image":[{"width":1200,"height":1200,"url":"https:\/\/mozaik.icnetworkhu.com\/wp-content\/uploads\/2023\/09\/176080404_fb-image_normal_none.jpg","type":"image\/jpeg"}],"author":"Pencz Dorottya","twitter_card":"summary_large_image","twitter_misc":{"Szerz\u0151:":"Pencz Dorottya","Becs\u00fclt olvas\u00e1si id\u0151":"2 perc"},"schema":{"@context":"https:\/\/schema.org","@graph":[{"@type":"Article","@id":"https:\/\/mozaik.icnetworkhu.com\/karacsonyi-parti-evzaro-rendezvenyek-elofoglalasi-akcio-az-ensana-szallodakban#article","isPartOf":{"@id":"https:\/\/mozaik.icnetworkhu.com\/karacsonyi-parti-evzaro-rendezvenyek-elofoglalasi-akcio-az-ensana-szallodakban"},"author":{"name":"Pencz Dorottya","@id":"https:\/\/www.danubiushotels.com\/hu\/mozaik\/#\/schema\/person\/14b0b0c2ea10c762d30500b64e1d685d"},"headline":"Kar\u00e1csonyi parti, \u00e9vz\u00e1r\u00f3 rendezv\u00e9nyek \u2013 el\u0151foglal\u00e1si akci\u00f3 az Ensana sz\u00e1llod\u00e1kban","datePublished":"2023-09-05T14:52:46+00:00","dateModified":"2024-09-09T11:58:01+00:00","mainEntityOfPage":{"@id":"https:\/\/mozaik.icnetworkhu.com\/karacsonyi-parti-evzaro-rendezvenyek-elofoglalasi-akcio-az-ensana-szallodakban"},"wordCount":260,"image":{"@id":"https:\/\/mozaik.icnetworkhu.com\/karacsonyi-parti-evzaro-rendezvenyek-elofoglalasi-akcio-az-ensana-szallodakban#primaryimage"},"thumbnailUrl":"https:\/\/www.danubiushotels.com\/hu\/mozaik\/wp-content\/uploads\/2023\/09\/176080404_fb-image_normal_none.jpg","articleSection":["Csapat\u00e9p\u00edt\u00e9s","H\u00edrek","Sz\u00e1llodavil\u00e1g"],"inLanguage":"hu"},{"@type":"WebPage","@id":"https:\/\/mozaik.icnetworkhu.com\/karacsonyi-parti-evzaro-rendezvenyek-elofoglalasi-akcio-az-ensana-szallodakban","url":"https:\/\/mozaik.icnetworkhu.com\/karacsonyi-parti-evzaro-rendezvenyek-elofoglalasi-akcio-az-ensana-szallodakban","name":"Kar\u00e1csonyi parti, \u00e9vz\u00e1r\u00f3 rendezv\u00e9nyek \u2013 el\u0151foglal\u00e1si akci\u00f3 az Ensana sz\u00e1llod\u00e1kban - Danubius Mozaik","isPartOf":{"@id":"https:\/\/www.danubiushotels.com\/hu\/mozaik\/#website"},"primaryImageOfPage":{"@id":"https:\/\/mozaik.icnetworkhu.com\/karacsonyi-parti-evzaro-rendezvenyek-elofoglalasi-akcio-az-ensana-szallodakban#primaryimage"},"image":{"@id":"https:\/\/mozaik.icnetworkhu.com\/karacsonyi-parti-evzaro-rendezvenyek-elofoglalasi-akcio-az-ensana-szallodakban#primaryimage"},"thumbnailUrl":"https:\/\/www.danubiushotels.com\/hu\/mozaik\/wp-content\/uploads\/2023\/09\/176080404_fb-image_normal_none.jpg","datePublished":"2023-09-05T14:52:46+00:00","dateModified":"2024-09-09T11:58:01+00:00","author":{"@id":"https:\/\/www.danubiushotels.com\/hu\/mozaik\/#\/schema\/person\/14b0b0c2ea10c762d30500b64e1d685d"},"breadcrumb":{"@id":"https:\/\/mozaik.icnetworkhu.com\/karacsonyi-parti-evzaro-rendezvenyek-elofoglalasi-akcio-az-ensana-szallodakban#breadcrumb"},"inLanguage":"hu","potentialAction":[{"@type":"ReadAction","target":["https:\/\/mozaik.icnetworkhu.com\/karacsonyi-parti-evzaro-rendezvenyek-elofoglalasi-akcio-az-ensana-szallodakban"]}]},{"@type":"ImageObject","inLanguage":"hu","@id":"https:\/\/mozaik.icnetworkhu.com\/karacsonyi-parti-evzaro-rendezvenyek-elofoglalasi-akcio-az-ensana-szallodakban#primaryimage","url":"https:\/\/www.danubiushotels.com\/hu\/mozaik\/wp-content\/uploads\/2023\/09\/176080404_fb-image_normal_none.jpg","contentUrl":"https:\/\/www.danubiushotels.com\/hu\/mozaik\/wp-content\/uploads\/2023\/09\/176080404_fb-image_normal_none.jpg","width":1200,"height":1200},{"@type":"BreadcrumbList","@id":"https:\/\/mozaik.icnetworkhu.com\/karacsonyi-parti-evzaro-rendezvenyek-elofoglalasi-akcio-az-ensana-szallodakban#breadcrumb","itemListElement":[{"@type":"ListItem","position":1,"name":"Home","item":"https:\/\/www.danubiushotels.com\/hu\/mozaik\/"},{"@type":"ListItem","position":2,"name":"Kar\u00e1csonyi parti, \u00e9vz\u00e1r\u00f3 rendezv\u00e9nyek \u2013 el\u0151foglal\u00e1si akci\u00f3 az Ensana sz\u00e1llod\u00e1kban"}]},{"@type":"WebSite","@id":"https:\/\/www.danubiushotels.com\/hu\/mozaik\/#website","url":"https:\/\/www.danubiushotels.com\/hu\/mozaik\/","name":"Danubius Mozaik","description":"Mindig van alkalom a pihen\u00e9sre...","potentialAction":[{"@type":"SearchAction","target":{"@type":"EntryPoint","urlTemplate":"https:\/\/www.danubiushotels.com\/hu\/mozaik\/?s={search_term_string}"},"query-input":{"@type":"PropertyValueSpecification","valueRequired":true,"valueName":"search_term_string"}}],"inLanguage":"hu"},{"@type":"Person","@id":"https:\/\/www.danubiushotels.com\/hu\/mozaik\/#\/schema\/person\/14b0b0c2ea10c762d30500b64e1d685d","name":"Pencz Dorottya","image":{"@type":"ImageObject","inLanguage":"hu","@id":"https:\/\/secure.gravatar.com\/avatar\/4f8d852ffd557188675000c0865dc845f775386e26ee67bd8041eb3d017638fc?s=96&d=mm&r=g","url":"https:\/\/secure.gravatar.com\/avatar\/4f8d852ffd557188675000c0865dc845f775386e26ee67bd8041eb3d017638fc?s=96&d=mm&r=g","contentUrl":"https:\/\/secure.gravatar.com\/avatar\/4f8d852ffd557188675000c0865dc845f775386e26ee67bd8041eb3d017638fc?s=96&d=mm&r=g","caption":"Pencz Dorottya"},"url":"https:\/\/www.danubiushotels.com\/hu\/mozaik\/author\/dorottyapencz"}]}},"_links":{"self":[{"href":"https:\/\/www.danubiushotels.com\/hu\/mozaik\/wp-json\/wp\/v2\/posts\/12277","targetHints":{"allow":["GET"]}}],"collection":[{"href":"https:\/\/www.danubiushotels.com\/hu\/mozaik\/wp-json\/wp\/v2\/posts"}],"about":[{"href":"https:\/\/www.danubiushotels.com\/hu\/mozaik\/wp-json\/wp\/v2\/types\/post"}],"author":[{"embeddable":true,"href":"https:\/\/www.danubiushotels.com\/hu\/mozaik\/wp-json\/wp\/v2\/users\/15"}],"replies":[{"embeddable":true,"href":"https:\/\/www.danubiushotels.com\/hu\/mozaik\/wp-json\/wp\/v2\/comments?post=12277"}],"version-history":[{"count":4,"href":"https:\/\/www.danubiushotels.com\/hu\/mozaik\/wp-json\/wp\/v2\/posts\/12277\/revisions"}],"predecessor-version":[{"id":13041,"href":"https:\/\/www.danubiushotels.com\/hu\/mozaik\/wp-json\/wp\/v2\/posts\/12277\/revisions\/13041"}],"wp:featuredmedia":[{"embeddable":true,"href":"https:\/\/www.danubiushotels.com\/hu\/mozaik\/wp-json\/wp\/v2\/media\/12299"}],"wp:attachment":[{"href":"https:\/\/www.danubiushotels.com\/hu\/mozaik\/wp-json\/wp\/v2\/media?parent=12277"}],"wp:term":[{"taxonomy":"category","embeddable":true,"href":"https:\/\/www.danubiushotels.com\/hu\/mozaik\/wp-json\/wp\/v2\/categories?post=12277"},{"taxonomy":"post_tag","embeddable":true,"href":"https:\/\/www.danubiushotels.com\/hu\/mozaik\/wp-json\/wp\/v2\/tags?post=12277"}],"curies":[{"name":"wp","href":"https:\/\/api.w.org\/{rel}","templated":true}]}}