{"id":12327,"date":"2023-12-07T11:13:45","date_gmt":"2023-12-07T09:13:45","guid":{"rendered":"https:\/\/www.danubiushotels.com\/hu\/mozaik\/?p=12327"},"modified":"2024-09-09T13:56:35","modified_gmt":"2024-09-09T11:56:35","slug":"karacsonyi-rendezvenyek-exkluziv-spa-ajanlatok-es-inycsiklando-vacsorak-a-danubius-hotel-helia-ban","status":"publish","type":"post","link":"https:\/\/www.danubiushotels.com\/hu\/mozaik\/karacsonyi-rendezvenyek-exkluziv-spa-ajanlatok-es-inycsiklando-vacsorak-a-danubius-hotel-helia-ban","title":{"rendered":"Kar\u00e1csonyi rendezv\u00e9nyek, exkluz\u00edv spa aj\u00e1nlatok \u00e9s \u00ednycsikland\u00f3 vacsor\u00e1k a Danubius Hotel Heliaban"},"content":{"rendered":"<p>A <a href=\"https:\/\/www.danubiushotels.com\/hu\/szallodak-budapest\/danubius-hotel-helia\" target=\"_blank\" rel=\"noopener\">Danubius Hotel Helia<\/a> id\u00e9n is \u00f6r\u00f6mmel ad otthont az \u00fcnnepi id\u0151szakban rendezv\u00e9nyeinek. Rendezze meg n\u00e1lunk kar\u00e1csonyi c\u00e9ges party-j\u00e1t, \u00e9v v\u00e9gi rendezv\u00e9ny\u00e9t. T\u00e1gas terekkel \u00e9s \u00ednycsikland\u00f3 men\u00fcvel v\u00e1rjuk \u00d6n\u00f6ket.<\/p>\n<p>Amit garant\u00e1lunk:<\/p>\n<ul>\n<li>ak\u00e1r 180 f\u0151s g\u00e1lavacsora megrendez\u00e9se<\/li>\n<li>ak\u00e1r 300 f\u0151s b\u00fcf\u00e9vacsora megrendez\u00e9se<\/li>\n<li>min\u0151s\u00e9gi technikai h\u00e1tt\u00e9r<\/li>\n<li>szervez\u00e9s terh\u00e9nek \u00e1tv\u00e1llal\u00e1sa<\/li>\n<\/ul>\n<p>Gondolkodjon el\u0151re \u00e9s foglaljon m\u00e1r most a <a href=\"mailto:meetings@danubiushotels.hu\">meetings@danubiushotels.hu<\/a> e-mail c\u00edmen. \u00dcnnepeljen n\u00e1lunk, \u00e9s \u00edg\u00e9rj\u00fck, profi csapatunkban nem fog csal\u00f3dni.<\/p>\n<p><a href=\"https:\/\/www.danubiushotels.com\/hu\/mozaik\/wp-content\/uploads\/2023\/11\/MG_1425-scaled.jpg\"><img loading=\"lazy\" decoding=\"async\" class=\"size-large wp-image-12339 aligncenter\" src=\"https:\/\/www.danubiushotels.com\/hu\/mozaik\/wp-content\/uploads\/2023\/11\/MG_1425-1024x683.jpg\" alt=\"\" width=\"720\" height=\"480\" srcset=\"https:\/\/www.danubiushotels.com\/hu\/mozaik\/wp-content\/uploads\/2023\/11\/MG_1425-1024x683.jpg 1024w, https:\/\/www.danubiushotels.com\/hu\/mozaik\/wp-content\/uploads\/2023\/11\/MG_1425-300x200.jpg 300w, https:\/\/www.danubiushotels.com\/hu\/mozaik\/wp-content\/uploads\/2023\/11\/MG_1425-768x512.jpg 768w, https:\/\/www.danubiushotels.com\/hu\/mozaik\/wp-content\/uploads\/2023\/11\/MG_1425-1536x1024.jpg 1536w, https:\/\/www.danubiushotels.com\/hu\/mozaik\/wp-content\/uploads\/2023\/11\/MG_1425-2048x1365.jpg 2048w\" sizes=\"(max-width: 720px) 100vw, 720px\" \/><\/a><\/p>\n<p>\u2026\u00e9s az \u00fcnnepi aj\u00e1nlatok m\u00e9g nem \u00e9rtek v\u00e9get. \u00c9ljen p\u00e1ratlan a <a href=\"https:\/\/www.heliaspafitness.hu\/\">Helia Spa &amp; Fitness Center<\/a> adventi aj\u00e1nlat\u00e1nak lehet\u0151s\u00e9g\u00e9vel \u00e9s lepje meg saj\u00e1t mag\u00e1t vagy szeretteit egy k\u00e9nyeztet\u0151 wellness kezel\u00e9ssel.<\/p>\n<p>A Helia Spa &amp; Fitness Center k\u00fcl\u00f6nleges adventi aj\u00e1nlatai t\u00f6k\u00e9letesek az egynapos wellness teljes meg\u00e9l\u00e9s\u00e9re, amellett, hogy aj\u00e1nd\u00e9kk\u00e9nt is megv\u00e1s\u00e1rolhat\u00f3k.<\/p>\n<p>H\u00e1rom k\u00fcl\u00f6nb\u00f6z\u0151 egynapos adventi csomag v\u00e1laszthat\u00f3 kedvezm\u00e9nyes \u00e1ron november 24. \u00e9s janu\u00e1r 7. k\u00f6z\u00f6tt:<\/p>\n<ul>\n<li>A <a href=\"https:\/\/fitnesswebshop.danubiushotels.com\/hu\/webshop\/helia_spa_and_fitness_center\/masszazsok_es_day_spa_programok\/fehercsokis_day_spa\" target=\"_blank\" rel=\"noopener\"><strong><em>Feh\u00e9rcsokol\u00e1d\u00e9s Day Spa<\/em><\/strong><\/a> csomag az eg\u00e9sz napos spa&amp; fitness bel\u00e9p\u0151 mellett 60 perces feh\u00e9rcsokol\u00e1d\u00e9s t\u00e1pl\u00e1l\u00f3 kezel\u00e9st tartalmaz.<\/li>\n<li>Az <a href=\"https:\/\/fitnesswebshop.danubiushotels.com\/hu\/webshop\/helia_spa_and_fitness_center\/masszazsok_es_day_spa_programok\/extra_day_spa_program\" target=\"_blank\" rel=\"noopener\"><em><strong>Extra Day Spa<\/strong><\/em><\/a> aj\u00e1nlat a medenc\u00e9k, a fitness terem \u00e9s a szaun\u00e1k haszn\u00e1lat\u00e1t is mag\u00e1ban foglal\u00f3 bel\u00e9p\u0151 mellett 60 perces v\u00e1laszthat\u00f3 testkezel\u00e9st \u00e9s egy 45 perces relax\u00e1l\u00f3 s\u00f3barlang programot is.<\/li>\n<li><a href=\"https:\/\/fitnesswebshop.danubiushotels.com\/hu\/webshop\/helia_spa_and_fitness_center\/masszazsok_es_day_spa_programok\/adventi_relax_masszazs_50_perc\" target=\"_blank\" rel=\"noopener\"><strong><em>Adventi 50 perces massz\u00e1zs Day Spa<\/em><\/strong><\/a> csomag kereti k\u00f6z\u00f6tt a k\u00f6nnyen \u00e9s gyorsan besz\u00edv\u00f3d\u00f3, paraffin \u00e9s sz\u00ednez\u00e9kmentes olajok hat\u00e1s\u00e1ra massz\u00e1zs k\u00f6zben garant\u00e1lt a \u201emer\u00fcl\u00e9s\u201d ak\u00e1r a friss\u00edt\u0151 k\u00f3kusz \u00e9s a selymesen finom csokol\u00e1d\u00e9 m\u00e1mor\u00edt\u00f3an \u00e9des \u201eillat\u00f3ce\u00e1nban\u201d; kezel\u00e9s v\u00e9g\u00e9re pedig a b\u0151r b\u00e1rsonyos \u00e9s rugalmas lesz.<\/li>\n<\/ul>\n<p>A massz\u00e1zsokhoz haszn\u00e1lt selymes ill\u00f3olajok \u00e9s arom\u00e1s hat\u00f3anyagok m\u00e1r az \u00fcnnep meleg\u00e9t id\u00e9zik.<\/p>\n<p>Az illatos massz\u00e1zsok kedvel\u0151inek a narancs-fah\u00e9j vagy k\u00f3kusz-csokol\u00e1d\u00e9 massz\u00e1zsolajjal t\u00f6rt\u00e9n\u0151 50 perces adventi massz\u00e1zst aj\u00e1nlj\u00e1k, mely t\u00f6k\u00e9letes kieg\u00e9sz\u00edt\u0151je b\u00e1rmely bel\u00e9p\u0151nek.<\/p>\n<p>Az aj\u00e1nd\u00e9kutalv\u00e1ny form\u00e1j\u00e1ban is beszerezhet\u0151 adventi csomagok a v\u00e1s\u00e1rl\u00e1st\u00f3l sz\u00e1m\u00edtott h\u00e1rom h\u00f3napig haszn\u00e1lhat\u00f3k fel.<\/p>\n<p><a href=\"https:\/\/www.danubiushotels.com\/hu\/mozaik\/wp-content\/uploads\/2023\/11\/helia-day-spa-768x768-1.png\"><img loading=\"lazy\" decoding=\"async\" class=\"aligncenter size-full wp-image-12384\" src=\"https:\/\/www.danubiushotels.com\/hu\/mozaik\/wp-content\/uploads\/2023\/11\/helia-day-spa-768x768-1.png\" alt=\"\" width=\"768\" height=\"768\" srcset=\"https:\/\/www.danubiushotels.com\/hu\/mozaik\/wp-content\/uploads\/2023\/11\/helia-day-spa-768x768-1.png 768w, https:\/\/www.danubiushotels.com\/hu\/mozaik\/wp-content\/uploads\/2023\/11\/helia-day-spa-768x768-1-300x300.png 300w, https:\/\/www.danubiushotels.com\/hu\/mozaik\/wp-content\/uploads\/2023\/11\/helia-day-spa-768x768-1-150x150.png 150w, https:\/\/www.danubiushotels.com\/hu\/mozaik\/wp-content\/uploads\/2023\/11\/helia-day-spa-768x768-1-160x160.png 160w, https:\/\/www.danubiushotels.com\/hu\/mozaik\/wp-content\/uploads\/2023\/11\/helia-day-spa-768x768-1-320x320.png 320w\" sizes=\"(max-width: 768px) 100vw, 768px\" \/><\/a><\/p>\n<p>Amikor pedig a k\u00e9nyeztet\u0151 kezel\u00e9s v\u00e9get \u00e9rt, t\u00e9rjen be egy p\u00e1ratlan adventi vacsor\u00e1ra. A <a href=\"https:\/\/yellowbistrobar.hu\/\" target=\"_blank\" rel=\"noopener\">Yellow Bistro&amp;B\u00e1r<\/a> feledhetetlen men\u00fcsorral v\u00e1rja az \u00fcnnepi id\u0151szakban. Az aj\u00e1nlatok k\u00f6zt szerepel p\u00e9ld\u00e1ul a t\u00e1rkonyos vadraguleves burgonyagomb\u00f3ccal, panko morzs\u00e1ban s\u00fclt ropog\u00f3s t\u00e9li z\u00f6lds\u00e9gek, grillezett c\u00e9kla steakkel \u00e9s \u00e9desburgonya p\u00fcr\u00e9vel, harcsapaprik\u00e1s juht\u00far\u00f3s sztrapacsk\u00e1val vagy a hagyom\u00e1nyos t\u00f6lt\u00f6tt k\u00e1poszta. Desszertjeink k\u00f6z\u00f6tt pedig id\u00e9n is mennyei falatokat tal\u00e1l, mint a bejgli torta vagy a szilv\u00e1s morzsas\u00fcti.<\/p>\n<p><a href=\"https:\/\/www.danubiushotels.com\/hu\/mozaik\/wp-content\/uploads\/2023\/12\/bejgli_torta-scaled.jpeg\"><img loading=\"lazy\" decoding=\"async\" class=\"aligncenter size-large wp-image-12391\" src=\"https:\/\/www.danubiushotels.com\/hu\/mozaik\/wp-content\/uploads\/2023\/12\/bejgli_torta-1024x780.jpeg\" alt=\"\" width=\"720\" height=\"548\" srcset=\"https:\/\/www.danubiushotels.com\/hu\/mozaik\/wp-content\/uploads\/2023\/12\/bejgli_torta-1024x780.jpeg 1024w, https:\/\/www.danubiushotels.com\/hu\/mozaik\/wp-content\/uploads\/2023\/12\/bejgli_torta-300x229.jpeg 300w, https:\/\/www.danubiushotels.com\/hu\/mozaik\/wp-content\/uploads\/2023\/12\/bejgli_torta-768x585.jpeg 768w, https:\/\/www.danubiushotels.com\/hu\/mozaik\/wp-content\/uploads\/2023\/12\/bejgli_torta-1536x1170.jpeg 1536w, https:\/\/www.danubiushotels.com\/hu\/mozaik\/wp-content\/uploads\/2023\/12\/bejgli_torta-2048x1560.jpeg 2048w\" sizes=\"(max-width: 720px) 100vw, 720px\" \/><\/a><\/p>\n<p>Szeretettel v\u00e1rjuk, \u00e9s b\u00edzunk benne, hogy \u00d6nt is vend\u00e9g\u00fcl l\u00e1thatjuk az idei \u00fcnnepi id\u0151szakban!<\/p>\n","protected":false},"excerpt":{"rendered":"<p>A Danubius Hotel Helia id\u00e9n is \u00f6r\u00f6mmel ad otthont az \u00fcnnepi id\u0151szakban rendezv\u00e9nyeinek. Rendezze meg n\u00e1lunk kar\u00e1csonyi c\u00e9ges party-j\u00e1t, \u00e9v v\u00e9gi rendezv\u00e9ny\u00e9t. T\u00e1gas terekkel \u00e9s \u00ednycsikland\u00f3 men\u00fcvel v\u00e1rjuk \u00d6n\u00f6ket. Amit garant\u00e1lunk: ak\u00e1r 180 f\u0151s g\u00e1lavacsora megrendez\u00e9se ak\u00e1r 300 f\u0151s b\u00fcf\u00e9vacsora megrendez\u00e9se min\u0151s\u00e9gi technikai h\u00e1tt\u00e9r szervez\u00e9s terh\u00e9nek \u00e1tv\u00e1llal\u00e1sa Gondolkodjon el\u0151re \u00e9s foglaljon m\u00e1r most a meetings@danubiushotels.hu [&hellip;]<\/p>\n","protected":false},"author":17,"featured_media":12414,"comment_status":"closed","ping_status":"open","sticky":false,"template":"","format":"standard","meta":{"_acf_changed":false,"_et_pb_use_builder":"","_et_pb_old_content":"","_et_gb_content_width":"","inline_featured_image":false,"footnotes":""},"categories":[1178,4,1175],"tags":[],"class_list":["post-12327","post","type-post","status-publish","format-standard","has-post-thumbnail","hentry","category-csapatepites","category-hirek","category-szallodavilag"],"acf":[],"yoast_head":"<!-- This site is optimized with the Yoast SEO plugin v27.4 - https:\/\/yoast.com\/product\/yoast-seo-wordpress\/ -->\n<title>Kar\u00e1csonyi rendezv\u00e9nyek, exkluz\u00edv spa aj\u00e1nlatok \u00e9s \u00ednycsikland\u00f3 vacsor\u00e1k a Danubius Hotel Heliaban - Danubius Mozaik<\/title>\n<meta name=\"robots\" content=\"noindex, follow, max-snippet:-1, max-image-preview:large, max-video-preview:-1\" \/>\n<meta property=\"og:locale\" content=\"hu_HU\" \/>\n<meta property=\"og:type\" content=\"article\" \/>\n<meta property=\"og:title\" content=\"Kar\u00e1csonyi rendezv\u00e9nyek, exkluz\u00edv spa aj\u00e1nlatok \u00e9s \u00ednycsikland\u00f3 vacsor\u00e1k a Danubius Hotel Heliaban - Danubius Mozaik\" \/>\n<meta property=\"og:description\" content=\"A Danubius Hotel Helia id\u00e9n is \u00f6r\u00f6mmel ad otthont az \u00fcnnepi id\u0151szakban rendezv\u00e9nyeinek. Rendezze meg n\u00e1lunk kar\u00e1csonyi c\u00e9ges party-j\u00e1t, \u00e9v v\u00e9gi rendezv\u00e9ny\u00e9t. T\u00e1gas terekkel \u00e9s \u00ednycsikland\u00f3 men\u00fcvel v\u00e1rjuk \u00d6n\u00f6ket. Amit garant\u00e1lunk: ak\u00e1r 180 f\u0151s g\u00e1lavacsora megrendez\u00e9se ak\u00e1r 300 f\u0151s b\u00fcf\u00e9vacsora megrendez\u00e9se min\u0151s\u00e9gi technikai h\u00e1tt\u00e9r szervez\u00e9s terh\u00e9nek \u00e1tv\u00e1llal\u00e1sa Gondolkodjon el\u0151re \u00e9s foglaljon m\u00e1r most a meetings@danubiushotels.hu [&hellip;]\" \/>\n<meta property=\"og:url\" content=\"https:\/\/mozaik.icnetworkhu.com\/karacsonyi-rendezvenyek-exkluziv-spa-ajanlatok-es-inycsiklando-vacsorak-a-danubius-hotel-helia-ban\" \/>\n<meta property=\"og:site_name\" content=\"Danubius Mozaik\" \/>\n<meta property=\"article:published_time\" content=\"2023-12-07T09:13:45+00:00\" \/>\n<meta property=\"article:modified_time\" content=\"2024-09-09T11:56:35+00:00\" \/>\n<meta property=\"og:image\" content=\"https:\/\/mozaik.icnetworkhu.com\/wp-content\/uploads\/2023\/12\/MG_0924_logo-scaled.jpg\" \/>\n\t<meta property=\"og:image:width\" content=\"2560\" \/>\n\t<meta property=\"og:image:height\" content=\"1706\" \/>\n\t<meta property=\"og:image:type\" content=\"image\/jpeg\" \/>\n<meta name=\"author\" content=\"gyakornok\" \/>\n<meta name=\"twitter:card\" content=\"summary_large_image\" \/>\n<meta name=\"twitter:label1\" content=\"Szerz\u0151:\" \/>\n\t<meta name=\"twitter:data1\" content=\"gyakornok\" \/>\n\t<meta name=\"twitter:label2\" content=\"Becs\u00fclt olvas\u00e1si id\u0151\" \/>\n\t<meta name=\"twitter:data2\" content=\"3 perc\" \/>\n<script type=\"application\/ld+json\" class=\"yoast-schema-graph\">{\"@context\":\"https:\\\/\\\/schema.org\",\"@graph\":[{\"@type\":\"Article\",\"@id\":\"https:\\\/\\\/mozaik.icnetworkhu.com\\\/karacsonyi-rendezvenyek-exkluziv-spa-ajanlatok-es-inycsiklando-vacsorak-a-danubius-hotel-helia-ban#article\",\"isPartOf\":{\"@id\":\"https:\\\/\\\/mozaik.icnetworkhu.com\\\/karacsonyi-rendezvenyek-exkluziv-spa-ajanlatok-es-inycsiklando-vacsorak-a-danubius-hotel-helia-ban\"},\"author\":{\"name\":\"gyakornok\",\"@id\":\"https:\\\/\\\/www.danubiushotels.com\\\/hu\\\/mozaik\\\/#\\\/schema\\\/person\\\/6eaafe26c4e1c4bf7c919b2545c5d73d\"},\"headline\":\"Kar\u00e1csonyi rendezv\u00e9nyek, exkluz\u00edv spa aj\u00e1nlatok \u00e9s \u00ednycsikland\u00f3 vacsor\u00e1k a Danubius Hotel Heliaban\",\"datePublished\":\"2023-12-07T09:13:45+00:00\",\"dateModified\":\"2024-09-09T11:56:35+00:00\",\"mainEntityOfPage\":{\"@id\":\"https:\\\/\\\/mozaik.icnetworkhu.com\\\/karacsonyi-rendezvenyek-exkluziv-spa-ajanlatok-es-inycsiklando-vacsorak-a-danubius-hotel-helia-ban\"},\"wordCount\":579,\"image\":{\"@id\":\"https:\\\/\\\/mozaik.icnetworkhu.com\\\/karacsonyi-rendezvenyek-exkluziv-spa-ajanlatok-es-inycsiklando-vacsorak-a-danubius-hotel-helia-ban#primaryimage\"},\"thumbnailUrl\":\"https:\\\/\\\/www.danubiushotels.com\\\/hu\\\/mozaik\\\/wp-content\\\/uploads\\\/2023\\\/12\\\/MG_0924_logo-scaled.jpg\",\"articleSection\":[\"Csapat\u00e9p\u00edt\u00e9s\",\"H\u00edrek\",\"Sz\u00e1llodavil\u00e1g\"],\"inLanguage\":\"hu\"},{\"@type\":\"WebPage\",\"@id\":\"https:\\\/\\\/mozaik.icnetworkhu.com\\\/karacsonyi-rendezvenyek-exkluziv-spa-ajanlatok-es-inycsiklando-vacsorak-a-danubius-hotel-helia-ban\",\"url\":\"https:\\\/\\\/mozaik.icnetworkhu.com\\\/karacsonyi-rendezvenyek-exkluziv-spa-ajanlatok-es-inycsiklando-vacsorak-a-danubius-hotel-helia-ban\",\"name\":\"Kar\u00e1csonyi rendezv\u00e9nyek, exkluz\u00edv spa aj\u00e1nlatok \u00e9s \u00ednycsikland\u00f3 vacsor\u00e1k a Danubius Hotel Heliaban - Danubius Mozaik\",\"isPartOf\":{\"@id\":\"https:\\\/\\\/www.danubiushotels.com\\\/hu\\\/mozaik\\\/#website\"},\"primaryImageOfPage\":{\"@id\":\"https:\\\/\\\/mozaik.icnetworkhu.com\\\/karacsonyi-rendezvenyek-exkluziv-spa-ajanlatok-es-inycsiklando-vacsorak-a-danubius-hotel-helia-ban#primaryimage\"},\"image\":{\"@id\":\"https:\\\/\\\/mozaik.icnetworkhu.com\\\/karacsonyi-rendezvenyek-exkluziv-spa-ajanlatok-es-inycsiklando-vacsorak-a-danubius-hotel-helia-ban#primaryimage\"},\"thumbnailUrl\":\"https:\\\/\\\/www.danubiushotels.com\\\/hu\\\/mozaik\\\/wp-content\\\/uploads\\\/2023\\\/12\\\/MG_0924_logo-scaled.jpg\",\"datePublished\":\"2023-12-07T09:13:45+00:00\",\"dateModified\":\"2024-09-09T11:56:35+00:00\",\"author\":{\"@id\":\"https:\\\/\\\/www.danubiushotels.com\\\/hu\\\/mozaik\\\/#\\\/schema\\\/person\\\/6eaafe26c4e1c4bf7c919b2545c5d73d\"},\"breadcrumb\":{\"@id\":\"https:\\\/\\\/mozaik.icnetworkhu.com\\\/karacsonyi-rendezvenyek-exkluziv-spa-ajanlatok-es-inycsiklando-vacsorak-a-danubius-hotel-helia-ban#breadcrumb\"},\"inLanguage\":\"hu\",\"potentialAction\":[{\"@type\":\"ReadAction\",\"target\":[\"https:\\\/\\\/mozaik.icnetworkhu.com\\\/karacsonyi-rendezvenyek-exkluziv-spa-ajanlatok-es-inycsiklando-vacsorak-a-danubius-hotel-helia-ban\"]}]},{\"@type\":\"ImageObject\",\"inLanguage\":\"hu\",\"@id\":\"https:\\\/\\\/mozaik.icnetworkhu.com\\\/karacsonyi-rendezvenyek-exkluziv-spa-ajanlatok-es-inycsiklando-vacsorak-a-danubius-hotel-helia-ban#primaryimage\",\"url\":\"https:\\\/\\\/www.danubiushotels.com\\\/hu\\\/mozaik\\\/wp-content\\\/uploads\\\/2023\\\/12\\\/MG_0924_logo-scaled.jpg\",\"contentUrl\":\"https:\\\/\\\/www.danubiushotels.com\\\/hu\\\/mozaik\\\/wp-content\\\/uploads\\\/2023\\\/12\\\/MG_0924_logo-scaled.jpg\",\"width\":2560,\"height\":1706},{\"@type\":\"BreadcrumbList\",\"@id\":\"https:\\\/\\\/mozaik.icnetworkhu.com\\\/karacsonyi-rendezvenyek-exkluziv-spa-ajanlatok-es-inycsiklando-vacsorak-a-danubius-hotel-helia-ban#breadcrumb\",\"itemListElement\":[{\"@type\":\"ListItem\",\"position\":1,\"name\":\"Home\",\"item\":\"https:\\\/\\\/www.danubiushotels.com\\\/hu\\\/mozaik\\\/\"},{\"@type\":\"ListItem\",\"position\":2,\"name\":\"Kar\u00e1csonyi rendezv\u00e9nyek, exkluz\u00edv spa aj\u00e1nlatok \u00e9s \u00ednycsikland\u00f3 vacsor\u00e1k a Danubius Hotel Heliaban\"}]},{\"@type\":\"WebSite\",\"@id\":\"https:\\\/\\\/www.danubiushotels.com\\\/hu\\\/mozaik\\\/#website\",\"url\":\"https:\\\/\\\/www.danubiushotels.com\\\/hu\\\/mozaik\\\/\",\"name\":\"Danubius Mozaik\",\"description\":\"Mindig van alkalom a pihen\u00e9sre...\",\"potentialAction\":[{\"@type\":\"SearchAction\",\"target\":{\"@type\":\"EntryPoint\",\"urlTemplate\":\"https:\\\/\\\/www.danubiushotels.com\\\/hu\\\/mozaik\\\/?s={search_term_string}\"},\"query-input\":{\"@type\":\"PropertyValueSpecification\",\"valueRequired\":true,\"valueName\":\"search_term_string\"}}],\"inLanguage\":\"hu\"},{\"@type\":\"Person\",\"@id\":\"https:\\\/\\\/www.danubiushotels.com\\\/hu\\\/mozaik\\\/#\\\/schema\\\/person\\\/6eaafe26c4e1c4bf7c919b2545c5d73d\",\"name\":\"gyakornok\",\"image\":{\"@type\":\"ImageObject\",\"inLanguage\":\"hu\",\"@id\":\"https:\\\/\\\/secure.gravatar.com\\\/avatar\\\/da3068366145ef5432ff0d51d952fd8fb208e1321039ed229b00110a37b3658e?s=96&d=mm&r=g\",\"url\":\"https:\\\/\\\/secure.gravatar.com\\\/avatar\\\/da3068366145ef5432ff0d51d952fd8fb208e1321039ed229b00110a37b3658e?s=96&d=mm&r=g\",\"contentUrl\":\"https:\\\/\\\/secure.gravatar.com\\\/avatar\\\/da3068366145ef5432ff0d51d952fd8fb208e1321039ed229b00110a37b3658e?s=96&d=mm&r=g\",\"caption\":\"gyakornok\"},\"url\":\"https:\\\/\\\/www.danubiushotels.com\\\/hu\\\/mozaik\\\/author\\\/gyakornok\"}]}<\/script>\n<!-- \/ Yoast SEO plugin. -->","yoast_head_json":{"title":"Kar\u00e1csonyi rendezv\u00e9nyek, exkluz\u00edv spa aj\u00e1nlatok \u00e9s \u00ednycsikland\u00f3 vacsor\u00e1k a Danubius Hotel Heliaban - Danubius Mozaik","robots":{"index":"noindex","follow":"follow","max-snippet":"max-snippet:-1","max-image-preview":"max-image-preview:large","max-video-preview":"max-video-preview:-1"},"og_locale":"hu_HU","og_type":"article","og_title":"Kar\u00e1csonyi rendezv\u00e9nyek, exkluz\u00edv spa aj\u00e1nlatok \u00e9s \u00ednycsikland\u00f3 vacsor\u00e1k a Danubius Hotel Heliaban - Danubius Mozaik","og_description":"A Danubius Hotel Helia id\u00e9n is \u00f6r\u00f6mmel ad otthont az \u00fcnnepi id\u0151szakban rendezv\u00e9nyeinek. Rendezze meg n\u00e1lunk kar\u00e1csonyi c\u00e9ges party-j\u00e1t, \u00e9v v\u00e9gi rendezv\u00e9ny\u00e9t. T\u00e1gas terekkel \u00e9s \u00ednycsikland\u00f3 men\u00fcvel v\u00e1rjuk \u00d6n\u00f6ket. Amit garant\u00e1lunk: ak\u00e1r 180 f\u0151s g\u00e1lavacsora megrendez\u00e9se ak\u00e1r 300 f\u0151s b\u00fcf\u00e9vacsora megrendez\u00e9se min\u0151s\u00e9gi technikai h\u00e1tt\u00e9r szervez\u00e9s terh\u00e9nek \u00e1tv\u00e1llal\u00e1sa Gondolkodjon el\u0151re \u00e9s foglaljon m\u00e1r most a meetings@danubiushotels.hu [&hellip;]","og_url":"https:\/\/mozaik.icnetworkhu.com\/karacsonyi-rendezvenyek-exkluziv-spa-ajanlatok-es-inycsiklando-vacsorak-a-danubius-hotel-helia-ban","og_site_name":"Danubius Mozaik","article_published_time":"2023-12-07T09:13:45+00:00","article_modified_time":"2024-09-09T11:56:35+00:00","og_image":[{"width":2560,"height":1706,"url":"https:\/\/mozaik.icnetworkhu.com\/wp-content\/uploads\/2023\/12\/MG_0924_logo-scaled.jpg","type":"image\/jpeg"}],"author":"gyakornok","twitter_card":"summary_large_image","twitter_misc":{"Szerz\u0151:":"gyakornok","Becs\u00fclt olvas\u00e1si id\u0151":"3 perc"},"schema":{"@context":"https:\/\/schema.org","@graph":[{"@type":"Article","@id":"https:\/\/mozaik.icnetworkhu.com\/karacsonyi-rendezvenyek-exkluziv-spa-ajanlatok-es-inycsiklando-vacsorak-a-danubius-hotel-helia-ban#article","isPartOf":{"@id":"https:\/\/mozaik.icnetworkhu.com\/karacsonyi-rendezvenyek-exkluziv-spa-ajanlatok-es-inycsiklando-vacsorak-a-danubius-hotel-helia-ban"},"author":{"name":"gyakornok","@id":"https:\/\/www.danubiushotels.com\/hu\/mozaik\/#\/schema\/person\/6eaafe26c4e1c4bf7c919b2545c5d73d"},"headline":"Kar\u00e1csonyi rendezv\u00e9nyek, exkluz\u00edv spa aj\u00e1nlatok \u00e9s \u00ednycsikland\u00f3 vacsor\u00e1k a Danubius Hotel Heliaban","datePublished":"2023-12-07T09:13:45+00:00","dateModified":"2024-09-09T11:56:35+00:00","mainEntityOfPage":{"@id":"https:\/\/mozaik.icnetworkhu.com\/karacsonyi-rendezvenyek-exkluziv-spa-ajanlatok-es-inycsiklando-vacsorak-a-danubius-hotel-helia-ban"},"wordCount":579,"image":{"@id":"https:\/\/mozaik.icnetworkhu.com\/karacsonyi-rendezvenyek-exkluziv-spa-ajanlatok-es-inycsiklando-vacsorak-a-danubius-hotel-helia-ban#primaryimage"},"thumbnailUrl":"https:\/\/www.danubiushotels.com\/hu\/mozaik\/wp-content\/uploads\/2023\/12\/MG_0924_logo-scaled.jpg","articleSection":["Csapat\u00e9p\u00edt\u00e9s","H\u00edrek","Sz\u00e1llodavil\u00e1g"],"inLanguage":"hu"},{"@type":"WebPage","@id":"https:\/\/mozaik.icnetworkhu.com\/karacsonyi-rendezvenyek-exkluziv-spa-ajanlatok-es-inycsiklando-vacsorak-a-danubius-hotel-helia-ban","url":"https:\/\/mozaik.icnetworkhu.com\/karacsonyi-rendezvenyek-exkluziv-spa-ajanlatok-es-inycsiklando-vacsorak-a-danubius-hotel-helia-ban","name":"Kar\u00e1csonyi rendezv\u00e9nyek, exkluz\u00edv spa aj\u00e1nlatok \u00e9s \u00ednycsikland\u00f3 vacsor\u00e1k a Danubius Hotel Heliaban - Danubius Mozaik","isPartOf":{"@id":"https:\/\/www.danubiushotels.com\/hu\/mozaik\/#website"},"primaryImageOfPage":{"@id":"https:\/\/mozaik.icnetworkhu.com\/karacsonyi-rendezvenyek-exkluziv-spa-ajanlatok-es-inycsiklando-vacsorak-a-danubius-hotel-helia-ban#primaryimage"},"image":{"@id":"https:\/\/mozaik.icnetworkhu.com\/karacsonyi-rendezvenyek-exkluziv-spa-ajanlatok-es-inycsiklando-vacsorak-a-danubius-hotel-helia-ban#primaryimage"},"thumbnailUrl":"https:\/\/www.danubiushotels.com\/hu\/mozaik\/wp-content\/uploads\/2023\/12\/MG_0924_logo-scaled.jpg","datePublished":"2023-12-07T09:13:45+00:00","dateModified":"2024-09-09T11:56:35+00:00","author":{"@id":"https:\/\/www.danubiushotels.com\/hu\/mozaik\/#\/schema\/person\/6eaafe26c4e1c4bf7c919b2545c5d73d"},"breadcrumb":{"@id":"https:\/\/mozaik.icnetworkhu.com\/karacsonyi-rendezvenyek-exkluziv-spa-ajanlatok-es-inycsiklando-vacsorak-a-danubius-hotel-helia-ban#breadcrumb"},"inLanguage":"hu","potentialAction":[{"@type":"ReadAction","target":["https:\/\/mozaik.icnetworkhu.com\/karacsonyi-rendezvenyek-exkluziv-spa-ajanlatok-es-inycsiklando-vacsorak-a-danubius-hotel-helia-ban"]}]},{"@type":"ImageObject","inLanguage":"hu","@id":"https:\/\/mozaik.icnetworkhu.com\/karacsonyi-rendezvenyek-exkluziv-spa-ajanlatok-es-inycsiklando-vacsorak-a-danubius-hotel-helia-ban#primaryimage","url":"https:\/\/www.danubiushotels.com\/hu\/mozaik\/wp-content\/uploads\/2023\/12\/MG_0924_logo-scaled.jpg","contentUrl":"https:\/\/www.danubiushotels.com\/hu\/mozaik\/wp-content\/uploads\/2023\/12\/MG_0924_logo-scaled.jpg","width":2560,"height":1706},{"@type":"BreadcrumbList","@id":"https:\/\/mozaik.icnetworkhu.com\/karacsonyi-rendezvenyek-exkluziv-spa-ajanlatok-es-inycsiklando-vacsorak-a-danubius-hotel-helia-ban#breadcrumb","itemListElement":[{"@type":"ListItem","position":1,"name":"Home","item":"https:\/\/www.danubiushotels.com\/hu\/mozaik\/"},{"@type":"ListItem","position":2,"name":"Kar\u00e1csonyi rendezv\u00e9nyek, exkluz\u00edv spa aj\u00e1nlatok \u00e9s \u00ednycsikland\u00f3 vacsor\u00e1k a Danubius Hotel Heliaban"}]},{"@type":"WebSite","@id":"https:\/\/www.danubiushotels.com\/hu\/mozaik\/#website","url":"https:\/\/www.danubiushotels.com\/hu\/mozaik\/","name":"Danubius Mozaik","description":"Mindig van alkalom a pihen\u00e9sre...","potentialAction":[{"@type":"SearchAction","target":{"@type":"EntryPoint","urlTemplate":"https:\/\/www.danubiushotels.com\/hu\/mozaik\/?s={search_term_string}"},"query-input":{"@type":"PropertyValueSpecification","valueRequired":true,"valueName":"search_term_string"}}],"inLanguage":"hu"},{"@type":"Person","@id":"https:\/\/www.danubiushotels.com\/hu\/mozaik\/#\/schema\/person\/6eaafe26c4e1c4bf7c919b2545c5d73d","name":"gyakornok","image":{"@type":"ImageObject","inLanguage":"hu","@id":"https:\/\/secure.gravatar.com\/avatar\/da3068366145ef5432ff0d51d952fd8fb208e1321039ed229b00110a37b3658e?s=96&d=mm&r=g","url":"https:\/\/secure.gravatar.com\/avatar\/da3068366145ef5432ff0d51d952fd8fb208e1321039ed229b00110a37b3658e?s=96&d=mm&r=g","contentUrl":"https:\/\/secure.gravatar.com\/avatar\/da3068366145ef5432ff0d51d952fd8fb208e1321039ed229b00110a37b3658e?s=96&d=mm&r=g","caption":"gyakornok"},"url":"https:\/\/www.danubiushotels.com\/hu\/mozaik\/author\/gyakornok"}]}},"_links":{"self":[{"href":"https:\/\/www.danubiushotels.com\/hu\/mozaik\/wp-json\/wp\/v2\/posts\/12327","targetHints":{"allow":["GET"]}}],"collection":[{"href":"https:\/\/www.danubiushotels.com\/hu\/mozaik\/wp-json\/wp\/v2\/posts"}],"about":[{"href":"https:\/\/www.danubiushotels.com\/hu\/mozaik\/wp-json\/wp\/v2\/types\/post"}],"author":[{"embeddable":true,"href":"https:\/\/www.danubiushotels.com\/hu\/mozaik\/wp-json\/wp\/v2\/users\/17"}],"replies":[{"embeddable":true,"href":"https:\/\/www.danubiushotels.com\/hu\/mozaik\/wp-json\/wp\/v2\/comments?post=12327"}],"version-history":[{"count":4,"href":"https:\/\/www.danubiushotels.com\/hu\/mozaik\/wp-json\/wp\/v2\/posts\/12327\/revisions"}],"predecessor-version":[{"id":12428,"href":"https:\/\/www.danubiushotels.com\/hu\/mozaik\/wp-json\/wp\/v2\/posts\/12327\/revisions\/12428"}],"wp:featuredmedia":[{"embeddable":true,"href":"https:\/\/www.danubiushotels.com\/hu\/mozaik\/wp-json\/wp\/v2\/media\/12414"}],"wp:attachment":[{"href":"https:\/\/www.danubiushotels.com\/hu\/mozaik\/wp-json\/wp\/v2\/media?parent=12327"}],"wp:term":[{"taxonomy":"category","embeddable":true,"href":"https:\/\/www.danubiushotels.com\/hu\/mozaik\/wp-json\/wp\/v2\/categories?post=12327"},{"taxonomy":"post_tag","embeddable":true,"href":"https:\/\/www.danubiushotels.com\/hu\/mozaik\/wp-json\/wp\/v2\/tags?post=12327"}],"curies":[{"name":"wp","href":"https:\/\/api.w.org\/{rel}","templated":true}]}}