{"id":12336,"date":"2023-12-07T11:12:11","date_gmt":"2023-12-07T09:12:11","guid":{"rendered":"https:\/\/www.danubiushotels.com\/hu\/mozaik\/?p=12336"},"modified":"2024-09-09T13:56:54","modified_gmt":"2024-09-09T11:56:54","slug":"advent-gyorben","status":"publish","type":"post","link":"https:\/\/www.danubiushotels.com\/hu\/mozaik\/advent-gyorben","title":{"rendered":"Advent Gy\u0151rben"},"content":{"rendered":"<p>Hogy milyen az adventi id\u0151szak Gy\u0151rben? P\u00e1ratlan \u00e9s var\u00e1zslatos\u2026de ha nek\u00fcnk nem hisz, higgyen a szem\u00e9nek! Nem sz\u00fcks\u00e9ges B\u00e9csig utaznia, hiszen K\u00f6z\u00e9p-Eur\u00f3pa egyik leghangulatosabb adventi v\u00e1s\u00e1ra v\u00e1rja l\u00e1togat\u00f3it Gy\u0151rben.<\/p>\n<p><a href=\"https:\/\/www.danubiushotels.com\/hu\/mozaik\/wp-content\/uploads\/2023\/12\/var-panorama-tel-3-Nagy.jpg\"><img loading=\"lazy\" decoding=\"async\" class=\"aligncenter size-large wp-image-12389\" src=\"https:\/\/www.danubiushotels.com\/hu\/mozaik\/wp-content\/uploads\/2023\/12\/var-panorama-tel-3-Nagy-1024x683.jpg\" alt=\"\" width=\"720\" height=\"480\" srcset=\"https:\/\/www.danubiushotels.com\/hu\/mozaik\/wp-content\/uploads\/2023\/12\/var-panorama-tel-3-Nagy-1024x683.jpg 1024w, https:\/\/www.danubiushotels.com\/hu\/mozaik\/wp-content\/uploads\/2023\/12\/var-panorama-tel-3-Nagy-300x200.jpg 300w, https:\/\/www.danubiushotels.com\/hu\/mozaik\/wp-content\/uploads\/2023\/12\/var-panorama-tel-3-Nagy-768x512.jpg 768w, https:\/\/www.danubiushotels.com\/hu\/mozaik\/wp-content\/uploads\/2023\/12\/var-panorama-tel-3-Nagy-1536x1024.jpg 1536w, https:\/\/www.danubiushotels.com\/hu\/mozaik\/wp-content\/uploads\/2023\/12\/var-panorama-tel-3-Nagy.jpg 1620w\" sizes=\"(max-width: 720px) 100vw, 720px\" \/><\/a><\/p>\n<p>A foly\u00f3k v\u00e1rosa ism\u00e9t \u00fcnnepi f\u00e9nybe \u00f6lt\u00f6zik: december 1-j\u00e9n megnyitja kapuit az adventi v\u00e1s\u00e1r, amely a t\u00e9rs\u00e9g egyik legsz\u00ednesebb kar\u00e1csonyi v\u00e1s\u00e1ra c\u00edmmel b\u00fcszk\u00e9lkedhet. Az adventi id\u0151szak id\u00e9n is felejthetetlen hangulatot, kiv\u00e1l\u00f3 koncerteket \u00e9s programokat k\u00edn\u00e1l, a belv\u00e1ros d\u00edszf\u00e9nybe \u00f6lt\u00f6zik, forralt bor, forr\u00f3 csokol\u00e1d\u00e9 \u00e9s a s\u00fclt gesztenye illata lengi be az utc\u00e1kat. A Duna kapu t\u00e9ren j\u00e9gp\u00e1lya \u00e9s \u00f3ri\u00e1sker\u00e9k v\u00e1rja a l\u00e1togat\u00f3kat, a gyerekeknek pedig kisvas\u00fattal \u00e9s a d\u00edszes k\u00f6rhint\u00e1val k\u00e9sz\u00fcl a v\u00e1ros.<\/p>\n<p>Az adventi k\u00e9sz\u00fcl\u0151d\u00e9s testet \u00e9s lelket \u00e1tmelenget\u0151 t\u00e9li finoms\u00e1gai \u00e9s a k\u00e9zm\u0171ves port\u00e9k\u00e1k is megtal\u00e1lhat\u00f3ak lesznek a belv\u00e1rosban, de vend\u00e9geink megk\u00f3stolhatj\u00e1k a\u00a0<a href=\"https:\/\/www.facebook.com\/belgagyor?__tn__=-%5dK*F\">Belga \u00c9tterem \u00e9s S\u00f6r\u00f6z\u0151 Gy\u0151r<\/a>\u00a0adventi fog\u00e1sait is.<\/p>\n<p><a href=\"https:\/\/www.danubiushotels.com\/hu\/mozaik\/wp-content\/uploads\/2023\/11\/01_Karacsony-kulso-Gyor-Raba_2009-scaled.jpg\"><img loading=\"lazy\" decoding=\"async\" class=\"size-large wp-image-12337 aligncenter\" src=\"https:\/\/www.danubiushotels.com\/hu\/mozaik\/wp-content\/uploads\/2023\/11\/01_Karacsony-kulso-Gyor-Raba_2009-1024x683.jpg\" alt=\"\" width=\"720\" height=\"480\" srcset=\"https:\/\/www.danubiushotels.com\/hu\/mozaik\/wp-content\/uploads\/2023\/11\/01_Karacsony-kulso-Gyor-Raba_2009-1024x683.jpg 1024w, https:\/\/www.danubiushotels.com\/hu\/mozaik\/wp-content\/uploads\/2023\/11\/01_Karacsony-kulso-Gyor-Raba_2009-300x200.jpg 300w, https:\/\/www.danubiushotels.com\/hu\/mozaik\/wp-content\/uploads\/2023\/11\/01_Karacsony-kulso-Gyor-Raba_2009-768x512.jpg 768w, https:\/\/www.danubiushotels.com\/hu\/mozaik\/wp-content\/uploads\/2023\/11\/01_Karacsony-kulso-Gyor-Raba_2009-1536x1024.jpg 1536w, https:\/\/www.danubiushotels.com\/hu\/mozaik\/wp-content\/uploads\/2023\/11\/01_Karacsony-kulso-Gyor-Raba_2009-2048x1365.jpg 2048w\" sizes=\"(max-width: 720px) 100vw, 720px\" \/><\/a><\/p>\n<p>A <a href=\"https:\/\/www.danubiushotels.com\/hu\/szallodak-gyor\/hotel-raba\" target=\"_blank\" rel=\"noopener\">Danubius Hotel R\u00e1ba<\/a> hangulatos s\u00f6r\u00f6z\u0151je kiv\u00e1l\u00f3 helysz\u00edne lehet kar\u00e1csonyi c\u00e9ges vacsor\u00e1knak \u00e9s rendezv\u00e9nyeknek, a sz\u00e1llod\u00e1t\u00f3l karny\u00fajt\u00e1snyira tal\u00e1lhat\u00f3 adventi forgatag pedig nagyszer\u0171 sz\u00f3rakoz\u00e1st \u00edg\u00e9r.<\/p>\n<p>Sz\u00e1ll\u00e1ssal \u00e9s kar\u00e1csonyi \u00e9ttermi aj\u00e1nlattal kapcsolatban k\u00e9rj\u00fck, keresse sz\u00e1llodai kapcsolattart\u00f3j\u00e1t!<\/p>\n<p>E-mail c\u00edm: <a href=\"mailto:sales.raba@danubiushotels.com\">sales.raba@danubiushotels.com<\/a><\/p>\n<p>Tel: 06 96\u00a0889\u00a0400<\/p>\n","protected":false},"excerpt":{"rendered":"<p>Hogy milyen az adventi id\u0151szak Gy\u0151rben? P\u00e1ratlan \u00e9s var\u00e1zslatos\u2026de ha nek\u00fcnk nem hisz, higgyen a szem\u00e9nek! Nem sz\u00fcks\u00e9ges B\u00e9csig utaznia, hiszen K\u00f6z\u00e9p-Eur\u00f3pa egyik leghangulatosabb adventi v\u00e1s\u00e1ra v\u00e1rja l\u00e1togat\u00f3it Gy\u0151rben. A foly\u00f3k v\u00e1rosa ism\u00e9t \u00fcnnepi f\u00e9nybe \u00f6lt\u00f6zik: december 1-j\u00e9n megnyitja kapuit az adventi v\u00e1s\u00e1r, amely a t\u00e9rs\u00e9g egyik legsz\u00ednesebb kar\u00e1csonyi v\u00e1s\u00e1ra c\u00edmmel b\u00fcszk\u00e9lkedhet. Az adventi id\u0151szak [&hellip;]<\/p>\n","protected":false},"author":17,"featured_media":12389,"comment_status":"closed","ping_status":"open","sticky":false,"template":"","format":"standard","meta":{"_acf_changed":false,"_et_pb_use_builder":"","_et_pb_old_content":"","_et_gb_content_width":"","inline_featured_image":false,"footnotes":""},"categories":[1178,4,1175],"tags":[],"class_list":["post-12336","post","type-post","status-publish","format-standard","has-post-thumbnail","hentry","category-csapatepites","category-hirek","category-szallodavilag"],"acf":[],"yoast_head":"<!-- This site is optimized with the Yoast SEO plugin v27.4 - https:\/\/yoast.com\/product\/yoast-seo-wordpress\/ -->\n<title>Advent Gy\u0151rben - Danubius Mozaik<\/title>\n<meta name=\"robots\" content=\"noindex, follow, max-snippet:-1, max-image-preview:large, max-video-preview:-1\" \/>\n<meta property=\"og:locale\" content=\"hu_HU\" \/>\n<meta property=\"og:type\" content=\"article\" \/>\n<meta property=\"og:title\" content=\"Advent Gy\u0151rben - Danubius Mozaik\" \/>\n<meta property=\"og:description\" content=\"Hogy milyen az adventi id\u0151szak Gy\u0151rben? P\u00e1ratlan \u00e9s var\u00e1zslatos\u2026de ha nek\u00fcnk nem hisz, higgyen a szem\u00e9nek! Nem sz\u00fcks\u00e9ges B\u00e9csig utaznia, hiszen K\u00f6z\u00e9p-Eur\u00f3pa egyik leghangulatosabb adventi v\u00e1s\u00e1ra v\u00e1rja l\u00e1togat\u00f3it Gy\u0151rben. A foly\u00f3k v\u00e1rosa ism\u00e9t \u00fcnnepi f\u00e9nybe \u00f6lt\u00f6zik: december 1-j\u00e9n megnyitja kapuit az adventi v\u00e1s\u00e1r, amely a t\u00e9rs\u00e9g egyik legsz\u00ednesebb kar\u00e1csonyi v\u00e1s\u00e1ra c\u00edmmel b\u00fcszk\u00e9lkedhet. Az adventi id\u0151szak [&hellip;]\" \/>\n<meta property=\"og:url\" content=\"https:\/\/mozaik.icnetworkhu.com\/advent-gyorben\" \/>\n<meta property=\"og:site_name\" content=\"Danubius Mozaik\" \/>\n<meta property=\"article:published_time\" content=\"2023-12-07T09:12:11+00:00\" \/>\n<meta property=\"article:modified_time\" content=\"2024-09-09T11:56:54+00:00\" \/>\n<meta property=\"og:image\" content=\"https:\/\/mozaik.icnetworkhu.com\/wp-content\/uploads\/2023\/12\/var-panorama-tel-3-Nagy.jpg\" \/>\n\t<meta property=\"og:image:width\" content=\"1620\" \/>\n\t<meta property=\"og:image:height\" content=\"1080\" \/>\n\t<meta property=\"og:image:type\" content=\"image\/jpeg\" \/>\n<meta name=\"author\" content=\"gyakornok\" \/>\n<meta name=\"twitter:card\" content=\"summary_large_image\" \/>\n<meta name=\"twitter:label1\" content=\"Szerz\u0151:\" \/>\n\t<meta name=\"twitter:data1\" content=\"gyakornok\" \/>\n\t<meta name=\"twitter:label2\" content=\"Becs\u00fclt olvas\u00e1si id\u0151\" \/>\n\t<meta name=\"twitter:data2\" content=\"2 perc\" \/>\n<script type=\"application\/ld+json\" class=\"yoast-schema-graph\">{\"@context\":\"https:\\\/\\\/schema.org\",\"@graph\":[{\"@type\":\"Article\",\"@id\":\"https:\\\/\\\/mozaik.icnetworkhu.com\\\/advent-gyorben#article\",\"isPartOf\":{\"@id\":\"https:\\\/\\\/mozaik.icnetworkhu.com\\\/advent-gyorben\"},\"author\":{\"name\":\"gyakornok\",\"@id\":\"https:\\\/\\\/www.danubiushotels.com\\\/hu\\\/mozaik\\\/#\\\/schema\\\/person\\\/6eaafe26c4e1c4bf7c919b2545c5d73d\"},\"headline\":\"Advent Gy\u0151rben\",\"datePublished\":\"2023-12-07T09:12:11+00:00\",\"dateModified\":\"2024-09-09T11:56:54+00:00\",\"mainEntityOfPage\":{\"@id\":\"https:\\\/\\\/mozaik.icnetworkhu.com\\\/advent-gyorben\"},\"wordCount\":288,\"image\":{\"@id\":\"https:\\\/\\\/mozaik.icnetworkhu.com\\\/advent-gyorben#primaryimage\"},\"thumbnailUrl\":\"https:\\\/\\\/www.danubiushotels.com\\\/hu\\\/mozaik\\\/wp-content\\\/uploads\\\/2023\\\/12\\\/var-panorama-tel-3-Nagy.jpg\",\"articleSection\":[\"Csapat\u00e9p\u00edt\u00e9s\",\"H\u00edrek\",\"Sz\u00e1llodavil\u00e1g\"],\"inLanguage\":\"hu\"},{\"@type\":\"WebPage\",\"@id\":\"https:\\\/\\\/mozaik.icnetworkhu.com\\\/advent-gyorben\",\"url\":\"https:\\\/\\\/mozaik.icnetworkhu.com\\\/advent-gyorben\",\"name\":\"Advent Gy\u0151rben - Danubius Mozaik\",\"isPartOf\":{\"@id\":\"https:\\\/\\\/www.danubiushotels.com\\\/hu\\\/mozaik\\\/#website\"},\"primaryImageOfPage\":{\"@id\":\"https:\\\/\\\/mozaik.icnetworkhu.com\\\/advent-gyorben#primaryimage\"},\"image\":{\"@id\":\"https:\\\/\\\/mozaik.icnetworkhu.com\\\/advent-gyorben#primaryimage\"},\"thumbnailUrl\":\"https:\\\/\\\/www.danubiushotels.com\\\/hu\\\/mozaik\\\/wp-content\\\/uploads\\\/2023\\\/12\\\/var-panorama-tel-3-Nagy.jpg\",\"datePublished\":\"2023-12-07T09:12:11+00:00\",\"dateModified\":\"2024-09-09T11:56:54+00:00\",\"author\":{\"@id\":\"https:\\\/\\\/www.danubiushotels.com\\\/hu\\\/mozaik\\\/#\\\/schema\\\/person\\\/6eaafe26c4e1c4bf7c919b2545c5d73d\"},\"breadcrumb\":{\"@id\":\"https:\\\/\\\/mozaik.icnetworkhu.com\\\/advent-gyorben#breadcrumb\"},\"inLanguage\":\"hu\",\"potentialAction\":[{\"@type\":\"ReadAction\",\"target\":[\"https:\\\/\\\/mozaik.icnetworkhu.com\\\/advent-gyorben\"]}]},{\"@type\":\"ImageObject\",\"inLanguage\":\"hu\",\"@id\":\"https:\\\/\\\/mozaik.icnetworkhu.com\\\/advent-gyorben#primaryimage\",\"url\":\"https:\\\/\\\/www.danubiushotels.com\\\/hu\\\/mozaik\\\/wp-content\\\/uploads\\\/2023\\\/12\\\/var-panorama-tel-3-Nagy.jpg\",\"contentUrl\":\"https:\\\/\\\/www.danubiushotels.com\\\/hu\\\/mozaik\\\/wp-content\\\/uploads\\\/2023\\\/12\\\/var-panorama-tel-3-Nagy.jpg\",\"width\":1620,\"height\":1080},{\"@type\":\"BreadcrumbList\",\"@id\":\"https:\\\/\\\/mozaik.icnetworkhu.com\\\/advent-gyorben#breadcrumb\",\"itemListElement\":[{\"@type\":\"ListItem\",\"position\":1,\"name\":\"Home\",\"item\":\"https:\\\/\\\/www.danubiushotels.com\\\/hu\\\/mozaik\\\/\"},{\"@type\":\"ListItem\",\"position\":2,\"name\":\"Advent Gy\u0151rben\"}]},{\"@type\":\"WebSite\",\"@id\":\"https:\\\/\\\/www.danubiushotels.com\\\/hu\\\/mozaik\\\/#website\",\"url\":\"https:\\\/\\\/www.danubiushotels.com\\\/hu\\\/mozaik\\\/\",\"name\":\"Danubius Mozaik\",\"description\":\"Mindig van alkalom a pihen\u00e9sre...\",\"potentialAction\":[{\"@type\":\"SearchAction\",\"target\":{\"@type\":\"EntryPoint\",\"urlTemplate\":\"https:\\\/\\\/www.danubiushotels.com\\\/hu\\\/mozaik\\\/?s={search_term_string}\"},\"query-input\":{\"@type\":\"PropertyValueSpecification\",\"valueRequired\":true,\"valueName\":\"search_term_string\"}}],\"inLanguage\":\"hu\"},{\"@type\":\"Person\",\"@id\":\"https:\\\/\\\/www.danubiushotels.com\\\/hu\\\/mozaik\\\/#\\\/schema\\\/person\\\/6eaafe26c4e1c4bf7c919b2545c5d73d\",\"name\":\"gyakornok\",\"image\":{\"@type\":\"ImageObject\",\"inLanguage\":\"hu\",\"@id\":\"https:\\\/\\\/secure.gravatar.com\\\/avatar\\\/da3068366145ef5432ff0d51d952fd8fb208e1321039ed229b00110a37b3658e?s=96&d=mm&r=g\",\"url\":\"https:\\\/\\\/secure.gravatar.com\\\/avatar\\\/da3068366145ef5432ff0d51d952fd8fb208e1321039ed229b00110a37b3658e?s=96&d=mm&r=g\",\"contentUrl\":\"https:\\\/\\\/secure.gravatar.com\\\/avatar\\\/da3068366145ef5432ff0d51d952fd8fb208e1321039ed229b00110a37b3658e?s=96&d=mm&r=g\",\"caption\":\"gyakornok\"},\"url\":\"https:\\\/\\\/www.danubiushotels.com\\\/hu\\\/mozaik\\\/author\\\/gyakornok\"}]}<\/script>\n<!-- \/ Yoast SEO plugin. -->","yoast_head_json":{"title":"Advent Gy\u0151rben - Danubius Mozaik","robots":{"index":"noindex","follow":"follow","max-snippet":"max-snippet:-1","max-image-preview":"max-image-preview:large","max-video-preview":"max-video-preview:-1"},"og_locale":"hu_HU","og_type":"article","og_title":"Advent Gy\u0151rben - Danubius Mozaik","og_description":"Hogy milyen az adventi id\u0151szak Gy\u0151rben? P\u00e1ratlan \u00e9s var\u00e1zslatos\u2026de ha nek\u00fcnk nem hisz, higgyen a szem\u00e9nek! Nem sz\u00fcks\u00e9ges B\u00e9csig utaznia, hiszen K\u00f6z\u00e9p-Eur\u00f3pa egyik leghangulatosabb adventi v\u00e1s\u00e1ra v\u00e1rja l\u00e1togat\u00f3it Gy\u0151rben. A foly\u00f3k v\u00e1rosa ism\u00e9t \u00fcnnepi f\u00e9nybe \u00f6lt\u00f6zik: december 1-j\u00e9n megnyitja kapuit az adventi v\u00e1s\u00e1r, amely a t\u00e9rs\u00e9g egyik legsz\u00ednesebb kar\u00e1csonyi v\u00e1s\u00e1ra c\u00edmmel b\u00fcszk\u00e9lkedhet. Az adventi id\u0151szak [&hellip;]","og_url":"https:\/\/mozaik.icnetworkhu.com\/advent-gyorben","og_site_name":"Danubius Mozaik","article_published_time":"2023-12-07T09:12:11+00:00","article_modified_time":"2024-09-09T11:56:54+00:00","og_image":[{"width":1620,"height":1080,"url":"https:\/\/mozaik.icnetworkhu.com\/wp-content\/uploads\/2023\/12\/var-panorama-tel-3-Nagy.jpg","type":"image\/jpeg"}],"author":"gyakornok","twitter_card":"summary_large_image","twitter_misc":{"Szerz\u0151:":"gyakornok","Becs\u00fclt olvas\u00e1si id\u0151":"2 perc"},"schema":{"@context":"https:\/\/schema.org","@graph":[{"@type":"Article","@id":"https:\/\/mozaik.icnetworkhu.com\/advent-gyorben#article","isPartOf":{"@id":"https:\/\/mozaik.icnetworkhu.com\/advent-gyorben"},"author":{"name":"gyakornok","@id":"https:\/\/www.danubiushotels.com\/hu\/mozaik\/#\/schema\/person\/6eaafe26c4e1c4bf7c919b2545c5d73d"},"headline":"Advent Gy\u0151rben","datePublished":"2023-12-07T09:12:11+00:00","dateModified":"2024-09-09T11:56:54+00:00","mainEntityOfPage":{"@id":"https:\/\/mozaik.icnetworkhu.com\/advent-gyorben"},"wordCount":288,"image":{"@id":"https:\/\/mozaik.icnetworkhu.com\/advent-gyorben#primaryimage"},"thumbnailUrl":"https:\/\/www.danubiushotels.com\/hu\/mozaik\/wp-content\/uploads\/2023\/12\/var-panorama-tel-3-Nagy.jpg","articleSection":["Csapat\u00e9p\u00edt\u00e9s","H\u00edrek","Sz\u00e1llodavil\u00e1g"],"inLanguage":"hu"},{"@type":"WebPage","@id":"https:\/\/mozaik.icnetworkhu.com\/advent-gyorben","url":"https:\/\/mozaik.icnetworkhu.com\/advent-gyorben","name":"Advent Gy\u0151rben - Danubius Mozaik","isPartOf":{"@id":"https:\/\/www.danubiushotels.com\/hu\/mozaik\/#website"},"primaryImageOfPage":{"@id":"https:\/\/mozaik.icnetworkhu.com\/advent-gyorben#primaryimage"},"image":{"@id":"https:\/\/mozaik.icnetworkhu.com\/advent-gyorben#primaryimage"},"thumbnailUrl":"https:\/\/www.danubiushotels.com\/hu\/mozaik\/wp-content\/uploads\/2023\/12\/var-panorama-tel-3-Nagy.jpg","datePublished":"2023-12-07T09:12:11+00:00","dateModified":"2024-09-09T11:56:54+00:00","author":{"@id":"https:\/\/www.danubiushotels.com\/hu\/mozaik\/#\/schema\/person\/6eaafe26c4e1c4bf7c919b2545c5d73d"},"breadcrumb":{"@id":"https:\/\/mozaik.icnetworkhu.com\/advent-gyorben#breadcrumb"},"inLanguage":"hu","potentialAction":[{"@type":"ReadAction","target":["https:\/\/mozaik.icnetworkhu.com\/advent-gyorben"]}]},{"@type":"ImageObject","inLanguage":"hu","@id":"https:\/\/mozaik.icnetworkhu.com\/advent-gyorben#primaryimage","url":"https:\/\/www.danubiushotels.com\/hu\/mozaik\/wp-content\/uploads\/2023\/12\/var-panorama-tel-3-Nagy.jpg","contentUrl":"https:\/\/www.danubiushotels.com\/hu\/mozaik\/wp-content\/uploads\/2023\/12\/var-panorama-tel-3-Nagy.jpg","width":1620,"height":1080},{"@type":"BreadcrumbList","@id":"https:\/\/mozaik.icnetworkhu.com\/advent-gyorben#breadcrumb","itemListElement":[{"@type":"ListItem","position":1,"name":"Home","item":"https:\/\/www.danubiushotels.com\/hu\/mozaik\/"},{"@type":"ListItem","position":2,"name":"Advent Gy\u0151rben"}]},{"@type":"WebSite","@id":"https:\/\/www.danubiushotels.com\/hu\/mozaik\/#website","url":"https:\/\/www.danubiushotels.com\/hu\/mozaik\/","name":"Danubius Mozaik","description":"Mindig van alkalom a pihen\u00e9sre...","potentialAction":[{"@type":"SearchAction","target":{"@type":"EntryPoint","urlTemplate":"https:\/\/www.danubiushotels.com\/hu\/mozaik\/?s={search_term_string}"},"query-input":{"@type":"PropertyValueSpecification","valueRequired":true,"valueName":"search_term_string"}}],"inLanguage":"hu"},{"@type":"Person","@id":"https:\/\/www.danubiushotels.com\/hu\/mozaik\/#\/schema\/person\/6eaafe26c4e1c4bf7c919b2545c5d73d","name":"gyakornok","image":{"@type":"ImageObject","inLanguage":"hu","@id":"https:\/\/secure.gravatar.com\/avatar\/da3068366145ef5432ff0d51d952fd8fb208e1321039ed229b00110a37b3658e?s=96&d=mm&r=g","url":"https:\/\/secure.gravatar.com\/avatar\/da3068366145ef5432ff0d51d952fd8fb208e1321039ed229b00110a37b3658e?s=96&d=mm&r=g","contentUrl":"https:\/\/secure.gravatar.com\/avatar\/da3068366145ef5432ff0d51d952fd8fb208e1321039ed229b00110a37b3658e?s=96&d=mm&r=g","caption":"gyakornok"},"url":"https:\/\/www.danubiushotels.com\/hu\/mozaik\/author\/gyakornok"}]}},"_links":{"self":[{"href":"https:\/\/www.danubiushotels.com\/hu\/mozaik\/wp-json\/wp\/v2\/posts\/12336","targetHints":{"allow":["GET"]}}],"collection":[{"href":"https:\/\/www.danubiushotels.com\/hu\/mozaik\/wp-json\/wp\/v2\/posts"}],"about":[{"href":"https:\/\/www.danubiushotels.com\/hu\/mozaik\/wp-json\/wp\/v2\/types\/post"}],"author":[{"embeddable":true,"href":"https:\/\/www.danubiushotels.com\/hu\/mozaik\/wp-json\/wp\/v2\/users\/17"}],"replies":[{"embeddable":true,"href":"https:\/\/www.danubiushotels.com\/hu\/mozaik\/wp-json\/wp\/v2\/comments?post=12336"}],"version-history":[{"count":4,"href":"https:\/\/www.danubiushotels.com\/hu\/mozaik\/wp-json\/wp\/v2\/posts\/12336\/revisions"}],"predecessor-version":[{"id":12400,"href":"https:\/\/www.danubiushotels.com\/hu\/mozaik\/wp-json\/wp\/v2\/posts\/12336\/revisions\/12400"}],"wp:featuredmedia":[{"embeddable":true,"href":"https:\/\/www.danubiushotels.com\/hu\/mozaik\/wp-json\/wp\/v2\/media\/12389"}],"wp:attachment":[{"href":"https:\/\/www.danubiushotels.com\/hu\/mozaik\/wp-json\/wp\/v2\/media?parent=12336"}],"wp:term":[{"taxonomy":"category","embeddable":true,"href":"https:\/\/www.danubiushotels.com\/hu\/mozaik\/wp-json\/wp\/v2\/categories?post=12336"},{"taxonomy":"post_tag","embeddable":true,"href":"https:\/\/www.danubiushotels.com\/hu\/mozaik\/wp-json\/wp\/v2\/tags?post=12336"}],"curies":[{"name":"wp","href":"https:\/\/api.w.org\/{rel}","templated":true}]}}