{"id":12341,"date":"2023-12-07T11:11:50","date_gmt":"2023-12-07T09:11:50","guid":{"rendered":"https:\/\/www.danubiushotels.com\/hu\/mozaik\/?p=12341"},"modified":"2024-09-09T13:57:03","modified_gmt":"2024-09-09T11:57:03","slug":"elvezze-a-megujult-kenyelmet","status":"publish","type":"post","link":"https:\/\/www.danubiushotels.com\/hu\/mozaik\/elvezze-a-megujult-kenyelmet","title":{"rendered":"\u00c9lvezze a meg\u00fajult k\u00e9nyelmet B\u00fckf\u00fcrd\u0151n!"},"content":{"rendered":"<p>A csal\u00e1dok k\u00f6r\u00e9ben kedvelt b\u00fckf\u00fcrd\u0151i sz\u00e1llod\u00e1nk fel\u00faj\u00edt\u00e1sa \u00fajabb szakasz\u00e1hoz \u00e9rkezett. A tavaly meg\u00fajult wellness- \u00e9s szaunahelyis\u00e9gek, valamint h\u00e1rom emelet fel\u00faj\u00edt\u00e1sa ut\u00e1n id\u00e9n novembert\u0151l folytat\u00f3dnak a munk\u00e1latok. A <a href=\"https:\/\/www.danubiushotels.com\/hu\/szallodak-bukfurdo\/danubius-hotel-buk\" target=\"_blank\" rel=\"noopener\">Danubius Hotel B\u00fckben<\/a> a kor\u00e1bban kialak\u00edtott \u00faj st\u00edlushoz illeszkedve ez\u00fattal a m\u00e1sodik emeleti szob\u00e1k \u00fajulnak meg. \u00d6sszesen<strong> 38 helyis\u00e9g kap \u00faj k\u00fcls\u0151t<\/strong>, illetve k\u00e9t szoba \u00f6sszenyit\u00e1s\u00e1val egy<strong> \u00faj lakoszt\u00e1lyt is kialak\u00edtunk,<\/strong> amely k\u00e9nyelmes elhelyez\u00e9st biztos\u00edt majd a n\u00e1lunk pihen\u0151 csal\u00e1doknak. Sz\u00e1llod\u00e1nkban \u00edgy \u00f6sszesen m\u00e1r n\u00e9gy lakoszt\u00e1ly lesz ig\u00e9nybe vehet\u0151.<\/p>\n<p>Wellness r\u00e9szleg\u00fcnk is tov\u00e1bb sz\u00e9p\u00fcl. <strong>Korszer\u0171s\u00edtj\u00fck massz\u00e1zshelyis\u00e9geinket<\/strong>: kialak\u00edt\u00e1sra ker\u00fcl egy p\u00e1ros massz\u00e1zsszoba, thai massz\u00e1zst\u00e9r, illetve egy s\u00f3barlang is. Ezen k\u00edv\u00fcl a vizes blokkok \u00e9s a f\u00e9rfi-n\u0151i \u00f6lt\u00f6z\u0151k is meg\u00fajulnak majd.<\/p>\n<p><a href=\"https:\/\/www.danubiushotels.com\/hu\/mozaik\/wp-content\/uploads\/2023\/11\/Buk-Wellness-area_Massage-Room_Vista_02.jpg\"><img loading=\"lazy\" decoding=\"async\" class=\"size-large wp-image-12342 aligncenter\" src=\"https:\/\/www.danubiushotels.com\/hu\/mozaik\/wp-content\/uploads\/2023\/11\/Buk-Wellness-area_Massage-Room_Vista_02-1024x724.jpg\" alt=\"\" width=\"720\" height=\"509\" srcset=\"https:\/\/www.danubiushotels.com\/hu\/mozaik\/wp-content\/uploads\/2023\/11\/Buk-Wellness-area_Massage-Room_Vista_02-1024x724.jpg 1024w, https:\/\/www.danubiushotels.com\/hu\/mozaik\/wp-content\/uploads\/2023\/11\/Buk-Wellness-area_Massage-Room_Vista_02-300x212.jpg 300w, https:\/\/www.danubiushotels.com\/hu\/mozaik\/wp-content\/uploads\/2023\/11\/Buk-Wellness-area_Massage-Room_Vista_02-768x543.jpg 768w, https:\/\/www.danubiushotels.com\/hu\/mozaik\/wp-content\/uploads\/2023\/11\/Buk-Wellness-area_Massage-Room_Vista_02-1536x1086.jpg 1536w, https:\/\/www.danubiushotels.com\/hu\/mozaik\/wp-content\/uploads\/2023\/11\/Buk-Wellness-area_Massage-Room_Vista_02-2048x1448.jpg 2048w\" sizes=\"(max-width: 720px) 100vw, 720px\" \/><\/a><\/p>\n<p>A teljes spa ter\u00fclet \u00f6sszevon\u00e1sra ker\u00fcl \u00e9s a f\u00f6ldszintre k\u00f6lt\u00f6zik. \u00cdgy valamennyi wellness-szolg\u00e1ltat\u00e1sunk egy helysz\u00ednen lesz majd megtal\u00e1lhat\u00f3.<\/p>\n<p><a href=\"https:\/\/www.danubiushotels.com\/hu\/mozaik\/wp-content\/uploads\/2023\/11\/Buk-Wellness-area_Vista_01.jpg\"><img loading=\"lazy\" decoding=\"async\" class=\"size-large wp-image-12343 aligncenter\" src=\"https:\/\/www.danubiushotels.com\/hu\/mozaik\/wp-content\/uploads\/2023\/11\/Buk-Wellness-area_Vista_01-1024x723.jpg\" alt=\"\" width=\"720\" height=\"508\" srcset=\"https:\/\/www.danubiushotels.com\/hu\/mozaik\/wp-content\/uploads\/2023\/11\/Buk-Wellness-area_Vista_01-1024x723.jpg 1024w, https:\/\/www.danubiushotels.com\/hu\/mozaik\/wp-content\/uploads\/2023\/11\/Buk-Wellness-area_Vista_01-300x212.jpg 300w, https:\/\/www.danubiushotels.com\/hu\/mozaik\/wp-content\/uploads\/2023\/11\/Buk-Wellness-area_Vista_01-768x542.jpg 768w, https:\/\/www.danubiushotels.com\/hu\/mozaik\/wp-content\/uploads\/2023\/11\/Buk-Wellness-area_Vista_01-1536x1085.jpg 1536w, https:\/\/www.danubiushotels.com\/hu\/mozaik\/wp-content\/uploads\/2023\/11\/Buk-Wellness-area_Vista_01-2048x1447.jpg 2048w\" sizes=\"(max-width: 720px) 100vw, 720px\" \/><\/a><\/p>\n<p>Az uszoda-wellness bej\u00e1rata mellett a wellness recepci\u00f3 is meg\u00fajult k\u00fcls\u0151t kap majd.<\/p>\n<p>A fel\u00faj\u00edt\u00e1s v\u00e1rhat\u00f3an 2024 m\u00e1rcius v\u00e9g\u00e9ig tart.<\/p>\n<p>B\u00edzunk benne, hogy a rekonstrukci\u00f3 ut\u00e1n vend\u00e9geink el\u00e9gedetten t\u00e1voznak t\u0151l\u00fcnk, a B\u00fck\u00f6n t\u00f6lt\u00f6tt napok ut\u00e1n.<\/p>\n","protected":false},"excerpt":{"rendered":"<p>A csal\u00e1dok k\u00f6r\u00e9ben kedvelt b\u00fckf\u00fcrd\u0151i sz\u00e1llod\u00e1nk fel\u00faj\u00edt\u00e1sa \u00fajabb szakasz\u00e1hoz \u00e9rkezett. A tavaly meg\u00fajult wellness- \u00e9s szaunahelyis\u00e9gek, valamint h\u00e1rom emelet fel\u00faj\u00edt\u00e1sa ut\u00e1n id\u00e9n novembert\u0151l folytat\u00f3dnak a munk\u00e1latok. A Danubius Hotel B\u00fckben a kor\u00e1bban kialak\u00edtott \u00faj st\u00edlushoz illeszkedve ez\u00fattal a m\u00e1sodik emeleti szob\u00e1k \u00fajulnak meg. \u00d6sszesen 38 helyis\u00e9g kap \u00faj k\u00fcls\u0151t, illetve k\u00e9t szoba \u00f6sszenyit\u00e1s\u00e1val egy \u00faj [&hellip;]<\/p>\n","protected":false},"author":17,"featured_media":12342,"comment_status":"closed","ping_status":"open","sticky":false,"template":"","format":"standard","meta":{"_acf_changed":false,"_et_pb_use_builder":"","_et_pb_old_content":"","_et_gb_content_width":"","inline_featured_image":false,"footnotes":""},"categories":[4,1175],"tags":[],"class_list":["post-12341","post","type-post","status-publish","format-standard","has-post-thumbnail","hentry","category-hirek","category-szallodavilag"],"acf":[],"yoast_head":"<!-- This site is optimized with the Yoast SEO plugin v27.4 - https:\/\/yoast.com\/product\/yoast-seo-wordpress\/ -->\n<title>\u00c9lvezze a meg\u00fajult k\u00e9nyelmet B\u00fckf\u00fcrd\u0151n! - Danubius Mozaik<\/title>\n<meta name=\"robots\" content=\"noindex, follow, max-snippet:-1, max-image-preview:large, max-video-preview:-1\" \/>\n<meta property=\"og:locale\" content=\"hu_HU\" \/>\n<meta property=\"og:type\" content=\"article\" \/>\n<meta property=\"og:title\" content=\"\u00c9lvezze a meg\u00fajult k\u00e9nyelmet B\u00fckf\u00fcrd\u0151n! - Danubius Mozaik\" \/>\n<meta property=\"og:description\" content=\"A csal\u00e1dok k\u00f6r\u00e9ben kedvelt b\u00fckf\u00fcrd\u0151i sz\u00e1llod\u00e1nk fel\u00faj\u00edt\u00e1sa \u00fajabb szakasz\u00e1hoz \u00e9rkezett. A tavaly meg\u00fajult wellness- \u00e9s szaunahelyis\u00e9gek, valamint h\u00e1rom emelet fel\u00faj\u00edt\u00e1sa ut\u00e1n id\u00e9n novembert\u0151l folytat\u00f3dnak a munk\u00e1latok. A Danubius Hotel B\u00fckben a kor\u00e1bban kialak\u00edtott \u00faj st\u00edlushoz illeszkedve ez\u00fattal a m\u00e1sodik emeleti szob\u00e1k \u00fajulnak meg. \u00d6sszesen 38 helyis\u00e9g kap \u00faj k\u00fcls\u0151t, illetve k\u00e9t szoba \u00f6sszenyit\u00e1s\u00e1val egy \u00faj [&hellip;]\" \/>\n<meta property=\"og:url\" content=\"https:\/\/mozaik.icnetworkhu.com\/elvezze-a-megujult-kenyelmet\" \/>\n<meta property=\"og:site_name\" content=\"Danubius Mozaik\" \/>\n<meta property=\"article:published_time\" content=\"2023-12-07T09:11:50+00:00\" \/>\n<meta property=\"article:modified_time\" content=\"2024-09-09T11:57:03+00:00\" \/>\n<meta property=\"og:image\" content=\"https:\/\/mozaik.icnetworkhu.com\/wp-content\/uploads\/2023\/11\/Buk-Wellness-area_Massage-Room_Vista_02-1024x724.jpg\" \/>\n\t<meta property=\"og:image:width\" content=\"1024\" \/>\n\t<meta property=\"og:image:height\" content=\"724\" \/>\n\t<meta property=\"og:image:type\" content=\"image\/jpeg\" \/>\n<meta name=\"author\" content=\"gyakornok\" \/>\n<meta name=\"twitter:card\" content=\"summary_large_image\" \/>\n<meta name=\"twitter:label1\" content=\"Szerz\u0151:\" \/>\n\t<meta name=\"twitter:data1\" content=\"gyakornok\" \/>\n\t<meta name=\"twitter:label2\" content=\"Becs\u00fclt olvas\u00e1si id\u0151\" \/>\n\t<meta name=\"twitter:data2\" content=\"2 perc\" \/>\n<script type=\"application\/ld+json\" class=\"yoast-schema-graph\">{\"@context\":\"https:\\\/\\\/schema.org\",\"@graph\":[{\"@type\":\"Article\",\"@id\":\"https:\\\/\\\/mozaik.icnetworkhu.com\\\/elvezze-a-megujult-kenyelmet#article\",\"isPartOf\":{\"@id\":\"https:\\\/\\\/mozaik.icnetworkhu.com\\\/elvezze-a-megujult-kenyelmet\"},\"author\":{\"name\":\"gyakornok\",\"@id\":\"https:\\\/\\\/www.danubiushotels.com\\\/hu\\\/mozaik\\\/#\\\/schema\\\/person\\\/6eaafe26c4e1c4bf7c919b2545c5d73d\"},\"headline\":\"\u00c9lvezze a meg\u00fajult k\u00e9nyelmet B\u00fckf\u00fcrd\u0151n!\",\"datePublished\":\"2023-12-07T09:11:50+00:00\",\"dateModified\":\"2024-09-09T11:57:03+00:00\",\"mainEntityOfPage\":{\"@id\":\"https:\\\/\\\/mozaik.icnetworkhu.com\\\/elvezze-a-megujult-kenyelmet\"},\"wordCount\":274,\"image\":{\"@id\":\"https:\\\/\\\/mozaik.icnetworkhu.com\\\/elvezze-a-megujult-kenyelmet#primaryimage\"},\"thumbnailUrl\":\"https:\\\/\\\/www.danubiushotels.com\\\/hu\\\/mozaik\\\/wp-content\\\/uploads\\\/2023\\\/11\\\/Buk-Wellness-area_Massage-Room_Vista_02.jpg\",\"articleSection\":[\"H\u00edrek\",\"Sz\u00e1llodavil\u00e1g\"],\"inLanguage\":\"hu\"},{\"@type\":\"WebPage\",\"@id\":\"https:\\\/\\\/mozaik.icnetworkhu.com\\\/elvezze-a-megujult-kenyelmet\",\"url\":\"https:\\\/\\\/mozaik.icnetworkhu.com\\\/elvezze-a-megujult-kenyelmet\",\"name\":\"\u00c9lvezze a meg\u00fajult k\u00e9nyelmet B\u00fckf\u00fcrd\u0151n! - Danubius Mozaik\",\"isPartOf\":{\"@id\":\"https:\\\/\\\/www.danubiushotels.com\\\/hu\\\/mozaik\\\/#website\"},\"primaryImageOfPage\":{\"@id\":\"https:\\\/\\\/mozaik.icnetworkhu.com\\\/elvezze-a-megujult-kenyelmet#primaryimage\"},\"image\":{\"@id\":\"https:\\\/\\\/mozaik.icnetworkhu.com\\\/elvezze-a-megujult-kenyelmet#primaryimage\"},\"thumbnailUrl\":\"https:\\\/\\\/www.danubiushotels.com\\\/hu\\\/mozaik\\\/wp-content\\\/uploads\\\/2023\\\/11\\\/Buk-Wellness-area_Massage-Room_Vista_02.jpg\",\"datePublished\":\"2023-12-07T09:11:50+00:00\",\"dateModified\":\"2024-09-09T11:57:03+00:00\",\"author\":{\"@id\":\"https:\\\/\\\/www.danubiushotels.com\\\/hu\\\/mozaik\\\/#\\\/schema\\\/person\\\/6eaafe26c4e1c4bf7c919b2545c5d73d\"},\"breadcrumb\":{\"@id\":\"https:\\\/\\\/mozaik.icnetworkhu.com\\\/elvezze-a-megujult-kenyelmet#breadcrumb\"},\"inLanguage\":\"hu\",\"potentialAction\":[{\"@type\":\"ReadAction\",\"target\":[\"https:\\\/\\\/mozaik.icnetworkhu.com\\\/elvezze-a-megujult-kenyelmet\"]}]},{\"@type\":\"ImageObject\",\"inLanguage\":\"hu\",\"@id\":\"https:\\\/\\\/mozaik.icnetworkhu.com\\\/elvezze-a-megujult-kenyelmet#primaryimage\",\"url\":\"https:\\\/\\\/www.danubiushotels.com\\\/hu\\\/mozaik\\\/wp-content\\\/uploads\\\/2023\\\/11\\\/Buk-Wellness-area_Massage-Room_Vista_02.jpg\",\"contentUrl\":\"https:\\\/\\\/www.danubiushotels.com\\\/hu\\\/mozaik\\\/wp-content\\\/uploads\\\/2023\\\/11\\\/Buk-Wellness-area_Massage-Room_Vista_02.jpg\",\"width\":2500,\"height\":1767},{\"@type\":\"BreadcrumbList\",\"@id\":\"https:\\\/\\\/mozaik.icnetworkhu.com\\\/elvezze-a-megujult-kenyelmet#breadcrumb\",\"itemListElement\":[{\"@type\":\"ListItem\",\"position\":1,\"name\":\"Home\",\"item\":\"https:\\\/\\\/www.danubiushotels.com\\\/hu\\\/mozaik\\\/\"},{\"@type\":\"ListItem\",\"position\":2,\"name\":\"\u00c9lvezze a meg\u00fajult k\u00e9nyelmet B\u00fckf\u00fcrd\u0151n!\"}]},{\"@type\":\"WebSite\",\"@id\":\"https:\\\/\\\/www.danubiushotels.com\\\/hu\\\/mozaik\\\/#website\",\"url\":\"https:\\\/\\\/www.danubiushotels.com\\\/hu\\\/mozaik\\\/\",\"name\":\"Danubius Mozaik\",\"description\":\"Mindig van alkalom a pihen\u00e9sre...\",\"potentialAction\":[{\"@type\":\"SearchAction\",\"target\":{\"@type\":\"EntryPoint\",\"urlTemplate\":\"https:\\\/\\\/www.danubiushotels.com\\\/hu\\\/mozaik\\\/?s={search_term_string}\"},\"query-input\":{\"@type\":\"PropertyValueSpecification\",\"valueRequired\":true,\"valueName\":\"search_term_string\"}}],\"inLanguage\":\"hu\"},{\"@type\":\"Person\",\"@id\":\"https:\\\/\\\/www.danubiushotels.com\\\/hu\\\/mozaik\\\/#\\\/schema\\\/person\\\/6eaafe26c4e1c4bf7c919b2545c5d73d\",\"name\":\"gyakornok\",\"image\":{\"@type\":\"ImageObject\",\"inLanguage\":\"hu\",\"@id\":\"https:\\\/\\\/secure.gravatar.com\\\/avatar\\\/da3068366145ef5432ff0d51d952fd8fb208e1321039ed229b00110a37b3658e?s=96&d=mm&r=g\",\"url\":\"https:\\\/\\\/secure.gravatar.com\\\/avatar\\\/da3068366145ef5432ff0d51d952fd8fb208e1321039ed229b00110a37b3658e?s=96&d=mm&r=g\",\"contentUrl\":\"https:\\\/\\\/secure.gravatar.com\\\/avatar\\\/da3068366145ef5432ff0d51d952fd8fb208e1321039ed229b00110a37b3658e?s=96&d=mm&r=g\",\"caption\":\"gyakornok\"},\"url\":\"https:\\\/\\\/www.danubiushotels.com\\\/hu\\\/mozaik\\\/author\\\/gyakornok\"}]}<\/script>\n<!-- \/ Yoast SEO plugin. -->","yoast_head_json":{"title":"\u00c9lvezze a meg\u00fajult k\u00e9nyelmet B\u00fckf\u00fcrd\u0151n! - Danubius Mozaik","robots":{"index":"noindex","follow":"follow","max-snippet":"max-snippet:-1","max-image-preview":"max-image-preview:large","max-video-preview":"max-video-preview:-1"},"og_locale":"hu_HU","og_type":"article","og_title":"\u00c9lvezze a meg\u00fajult k\u00e9nyelmet B\u00fckf\u00fcrd\u0151n! - Danubius Mozaik","og_description":"A csal\u00e1dok k\u00f6r\u00e9ben kedvelt b\u00fckf\u00fcrd\u0151i sz\u00e1llod\u00e1nk fel\u00faj\u00edt\u00e1sa \u00fajabb szakasz\u00e1hoz \u00e9rkezett. A tavaly meg\u00fajult wellness- \u00e9s szaunahelyis\u00e9gek, valamint h\u00e1rom emelet fel\u00faj\u00edt\u00e1sa ut\u00e1n id\u00e9n novembert\u0151l folytat\u00f3dnak a munk\u00e1latok. A Danubius Hotel B\u00fckben a kor\u00e1bban kialak\u00edtott \u00faj st\u00edlushoz illeszkedve ez\u00fattal a m\u00e1sodik emeleti szob\u00e1k \u00fajulnak meg. \u00d6sszesen 38 helyis\u00e9g kap \u00faj k\u00fcls\u0151t, illetve k\u00e9t szoba \u00f6sszenyit\u00e1s\u00e1val egy \u00faj [&hellip;]","og_url":"https:\/\/mozaik.icnetworkhu.com\/elvezze-a-megujult-kenyelmet","og_site_name":"Danubius Mozaik","article_published_time":"2023-12-07T09:11:50+00:00","article_modified_time":"2024-09-09T11:57:03+00:00","og_image":[{"width":1024,"height":724,"url":"https:\/\/mozaik.icnetworkhu.com\/wp-content\/uploads\/2023\/11\/Buk-Wellness-area_Massage-Room_Vista_02-1024x724.jpg","type":"image\/jpeg"}],"author":"gyakornok","twitter_card":"summary_large_image","twitter_misc":{"Szerz\u0151:":"gyakornok","Becs\u00fclt olvas\u00e1si id\u0151":"2 perc"},"schema":{"@context":"https:\/\/schema.org","@graph":[{"@type":"Article","@id":"https:\/\/mozaik.icnetworkhu.com\/elvezze-a-megujult-kenyelmet#article","isPartOf":{"@id":"https:\/\/mozaik.icnetworkhu.com\/elvezze-a-megujult-kenyelmet"},"author":{"name":"gyakornok","@id":"https:\/\/www.danubiushotels.com\/hu\/mozaik\/#\/schema\/person\/6eaafe26c4e1c4bf7c919b2545c5d73d"},"headline":"\u00c9lvezze a meg\u00fajult k\u00e9nyelmet B\u00fckf\u00fcrd\u0151n!","datePublished":"2023-12-07T09:11:50+00:00","dateModified":"2024-09-09T11:57:03+00:00","mainEntityOfPage":{"@id":"https:\/\/mozaik.icnetworkhu.com\/elvezze-a-megujult-kenyelmet"},"wordCount":274,"image":{"@id":"https:\/\/mozaik.icnetworkhu.com\/elvezze-a-megujult-kenyelmet#primaryimage"},"thumbnailUrl":"https:\/\/www.danubiushotels.com\/hu\/mozaik\/wp-content\/uploads\/2023\/11\/Buk-Wellness-area_Massage-Room_Vista_02.jpg","articleSection":["H\u00edrek","Sz\u00e1llodavil\u00e1g"],"inLanguage":"hu"},{"@type":"WebPage","@id":"https:\/\/mozaik.icnetworkhu.com\/elvezze-a-megujult-kenyelmet","url":"https:\/\/mozaik.icnetworkhu.com\/elvezze-a-megujult-kenyelmet","name":"\u00c9lvezze a meg\u00fajult k\u00e9nyelmet B\u00fckf\u00fcrd\u0151n! - Danubius Mozaik","isPartOf":{"@id":"https:\/\/www.danubiushotels.com\/hu\/mozaik\/#website"},"primaryImageOfPage":{"@id":"https:\/\/mozaik.icnetworkhu.com\/elvezze-a-megujult-kenyelmet#primaryimage"},"image":{"@id":"https:\/\/mozaik.icnetworkhu.com\/elvezze-a-megujult-kenyelmet#primaryimage"},"thumbnailUrl":"https:\/\/www.danubiushotels.com\/hu\/mozaik\/wp-content\/uploads\/2023\/11\/Buk-Wellness-area_Massage-Room_Vista_02.jpg","datePublished":"2023-12-07T09:11:50+00:00","dateModified":"2024-09-09T11:57:03+00:00","author":{"@id":"https:\/\/www.danubiushotels.com\/hu\/mozaik\/#\/schema\/person\/6eaafe26c4e1c4bf7c919b2545c5d73d"},"breadcrumb":{"@id":"https:\/\/mozaik.icnetworkhu.com\/elvezze-a-megujult-kenyelmet#breadcrumb"},"inLanguage":"hu","potentialAction":[{"@type":"ReadAction","target":["https:\/\/mozaik.icnetworkhu.com\/elvezze-a-megujult-kenyelmet"]}]},{"@type":"ImageObject","inLanguage":"hu","@id":"https:\/\/mozaik.icnetworkhu.com\/elvezze-a-megujult-kenyelmet#primaryimage","url":"https:\/\/www.danubiushotels.com\/hu\/mozaik\/wp-content\/uploads\/2023\/11\/Buk-Wellness-area_Massage-Room_Vista_02.jpg","contentUrl":"https:\/\/www.danubiushotels.com\/hu\/mozaik\/wp-content\/uploads\/2023\/11\/Buk-Wellness-area_Massage-Room_Vista_02.jpg","width":2500,"height":1767},{"@type":"BreadcrumbList","@id":"https:\/\/mozaik.icnetworkhu.com\/elvezze-a-megujult-kenyelmet#breadcrumb","itemListElement":[{"@type":"ListItem","position":1,"name":"Home","item":"https:\/\/www.danubiushotels.com\/hu\/mozaik\/"},{"@type":"ListItem","position":2,"name":"\u00c9lvezze a meg\u00fajult k\u00e9nyelmet B\u00fckf\u00fcrd\u0151n!"}]},{"@type":"WebSite","@id":"https:\/\/www.danubiushotels.com\/hu\/mozaik\/#website","url":"https:\/\/www.danubiushotels.com\/hu\/mozaik\/","name":"Danubius Mozaik","description":"Mindig van alkalom a pihen\u00e9sre...","potentialAction":[{"@type":"SearchAction","target":{"@type":"EntryPoint","urlTemplate":"https:\/\/www.danubiushotels.com\/hu\/mozaik\/?s={search_term_string}"},"query-input":{"@type":"PropertyValueSpecification","valueRequired":true,"valueName":"search_term_string"}}],"inLanguage":"hu"},{"@type":"Person","@id":"https:\/\/www.danubiushotels.com\/hu\/mozaik\/#\/schema\/person\/6eaafe26c4e1c4bf7c919b2545c5d73d","name":"gyakornok","image":{"@type":"ImageObject","inLanguage":"hu","@id":"https:\/\/secure.gravatar.com\/avatar\/da3068366145ef5432ff0d51d952fd8fb208e1321039ed229b00110a37b3658e?s=96&d=mm&r=g","url":"https:\/\/secure.gravatar.com\/avatar\/da3068366145ef5432ff0d51d952fd8fb208e1321039ed229b00110a37b3658e?s=96&d=mm&r=g","contentUrl":"https:\/\/secure.gravatar.com\/avatar\/da3068366145ef5432ff0d51d952fd8fb208e1321039ed229b00110a37b3658e?s=96&d=mm&r=g","caption":"gyakornok"},"url":"https:\/\/www.danubiushotels.com\/hu\/mozaik\/author\/gyakornok"}]}},"_links":{"self":[{"href":"https:\/\/www.danubiushotels.com\/hu\/mozaik\/wp-json\/wp\/v2\/posts\/12341","targetHints":{"allow":["GET"]}}],"collection":[{"href":"https:\/\/www.danubiushotels.com\/hu\/mozaik\/wp-json\/wp\/v2\/posts"}],"about":[{"href":"https:\/\/www.danubiushotels.com\/hu\/mozaik\/wp-json\/wp\/v2\/types\/post"}],"author":[{"embeddable":true,"href":"https:\/\/www.danubiushotels.com\/hu\/mozaik\/wp-json\/wp\/v2\/users\/17"}],"replies":[{"embeddable":true,"href":"https:\/\/www.danubiushotels.com\/hu\/mozaik\/wp-json\/wp\/v2\/comments?post=12341"}],"version-history":[{"count":4,"href":"https:\/\/www.danubiushotels.com\/hu\/mozaik\/wp-json\/wp\/v2\/posts\/12341\/revisions"}],"predecessor-version":[{"id":12396,"href":"https:\/\/www.danubiushotels.com\/hu\/mozaik\/wp-json\/wp\/v2\/posts\/12341\/revisions\/12396"}],"wp:featuredmedia":[{"embeddable":true,"href":"https:\/\/www.danubiushotels.com\/hu\/mozaik\/wp-json\/wp\/v2\/media\/12342"}],"wp:attachment":[{"href":"https:\/\/www.danubiushotels.com\/hu\/mozaik\/wp-json\/wp\/v2\/media?parent=12341"}],"wp:term":[{"taxonomy":"category","embeddable":true,"href":"https:\/\/www.danubiushotels.com\/hu\/mozaik\/wp-json\/wp\/v2\/categories?post=12341"},{"taxonomy":"post_tag","embeddable":true,"href":"https:\/\/www.danubiushotels.com\/hu\/mozaik\/wp-json\/wp\/v2\/tags?post=12341"}],"curies":[{"name":"wp","href":"https:\/\/api.w.org\/{rel}","templated":true}]}}