{"id":12361,"date":"2023-12-07T11:10:52","date_gmt":"2023-12-07T09:10:52","guid":{"rendered":"https:\/\/www.danubiushotels.com\/hu\/mozaik\/?p=12361"},"modified":"2024-09-09T13:57:23","modified_gmt":"2024-09-09T11:57:23","slug":"inditsa-az-uj-evet-lenduletesen-a-margitszigeten","status":"publish","type":"post","link":"https:\/\/www.danubiushotels.com\/hu\/mozaik\/inditsa-az-uj-evet-lenduletesen-a-margitszigeten","title":{"rendered":"Ind\u00edtsa lend\u00fcletesen az \u00faj \u00e9vet a Margitszigeten"},"content":{"rendered":"<p><strong>\u00daj \u00e9v, \u00faj lend\u00fclet \u2013 p\u00e1ratlan rendezv\u00e9nyek a Margitszigeten<\/strong><\/p>\n<p><a href=\"https:\/\/www.danubiushotels.com\/hu\/mozaik\/wp-content\/uploads\/2023\/11\/Margitszigeti-szallodak-2-scaled.jpg\"><img loading=\"lazy\" decoding=\"async\" class=\"size-large wp-image-12362 aligncenter\" src=\"https:\/\/www.danubiushotels.com\/hu\/mozaik\/wp-content\/uploads\/2023\/11\/Margitszigeti-szallodak-2-1024x617.jpg\" alt=\"\" width=\"720\" height=\"434\" srcset=\"https:\/\/www.danubiushotels.com\/hu\/mozaik\/wp-content\/uploads\/2023\/11\/Margitszigeti-szallodak-2-1024x617.jpg 1024w, https:\/\/www.danubiushotels.com\/hu\/mozaik\/wp-content\/uploads\/2023\/11\/Margitszigeti-szallodak-2-300x181.jpg 300w, https:\/\/www.danubiushotels.com\/hu\/mozaik\/wp-content\/uploads\/2023\/11\/Margitszigeti-szallodak-2-768x463.jpg 768w, https:\/\/www.danubiushotels.com\/hu\/mozaik\/wp-content\/uploads\/2023\/11\/Margitszigeti-szallodak-2-1536x925.jpg 1536w, https:\/\/www.danubiushotels.com\/hu\/mozaik\/wp-content\/uploads\/2023\/11\/Margitszigeti-szallodak-2-2048x1234.jpg 2048w\" sizes=\"(max-width: 720px) 100vw, 720px\" \/><\/a><\/p>\n<p>Az \u00faj \u00e9v mindig egy \u00faj kezdetet jelent, ezzel egy\u00fctt t\u00f6k\u00e9letes alkalom arra, hogy munkat\u00e1rsainkkal vagy partnereinkkel \u00e1tbesz\u00e9lj\u00fck a k\u00f6z\u00f6s feladatokat. Ak\u00e1r az elm\u00falt \u00e9vet \u00e9rt\u00e9kelj\u00fck a meg\u00e9lt sikerekkel, ak\u00e1r az elk\u00f6vetkez\u0151 id\u0151szak kiemelt feladatait gondoljuk \u00e1t, \u00e9rdemes j\u00f3l megv\u00e1lasztani a helysz\u00ednt.<\/p>\n<p>Keress\u00fcnk egy inspir\u00e1l\u00f3 \u00e9s bar\u00e1ts\u00e1gos k\u00f6rnyezetet, a megszokott irodai falakon k\u00edv\u00fcl. Nem sz\u00fcks\u00e9ges messzire utazni a munkat\u00e1rsakkal, hiszen a k\u00f6zelben is sz\u00e1mos lehet\u0151s\u00e9get tal\u00e1lunk. A Margitszigeten a megfelel\u0151 \u00fajrakezd\u00e9shez, csapat\u00e9p\u00edt\u00e9shez minden felt\u00e9tel adott, kifog\u00e1stalan h\u00e1tteret biztos\u00edtunk b\u00e1rmilyen t\u00edpus\u00fa rendezv\u00e9nyhez.<\/p>\n<p><strong>Rendezv\u00e9nyek az <a href=\"https:\/\/ensanahotels.com\/hu\/szallodak\/thermal-margaret-island\" target=\"_blank\" rel=\"noopener\">Ensana Thermal<\/a> &amp; <a href=\"https:\/\/ensanahotels.com\/hu\/szallodak\/grand-margaret-island\" target=\"_blank\" rel=\"noopener\">Grand Margitsziget<\/a> sz\u00e1llod\u00e1kban<\/strong><\/p>\n<p><a href=\"https:\/\/www.danubiushotels.com\/hu\/mozaik\/wp-content\/uploads\/2023\/11\/Margitszigeti-szallodak-4.jpg\"><img loading=\"lazy\" decoding=\"async\" class=\"size-large wp-image-12363 aligncenter\" src=\"https:\/\/www.danubiushotels.com\/hu\/mozaik\/wp-content\/uploads\/2023\/11\/Margitszigeti-szallodak-4-1024x682.jpg\" alt=\"\" width=\"720\" height=\"480\" srcset=\"https:\/\/www.danubiushotels.com\/hu\/mozaik\/wp-content\/uploads\/2023\/11\/Margitszigeti-szallodak-4-1024x682.jpg 1024w, https:\/\/www.danubiushotels.com\/hu\/mozaik\/wp-content\/uploads\/2023\/11\/Margitszigeti-szallodak-4-300x200.jpg 300w, https:\/\/www.danubiushotels.com\/hu\/mozaik\/wp-content\/uploads\/2023\/11\/Margitszigeti-szallodak-4-768x512.jpg 768w, https:\/\/www.danubiushotels.com\/hu\/mozaik\/wp-content\/uploads\/2023\/11\/Margitszigeti-szallodak-4-1536x1024.jpg 1536w, https:\/\/www.danubiushotels.com\/hu\/mozaik\/wp-content\/uploads\/2023\/11\/Margitszigeti-szallodak-4.jpg 2000w\" sizes=\"(max-width: 720px) 100vw, 720px\" \/><\/a><\/p>\n<p>A k\u00e9t margitszigeti Ensana sz\u00e1lloda a k\u00fcl\u00f6nf\u00e9le c\u00e9ges rendezv\u00e9nyek lebonyol\u00edt\u00e1s\u00e1nak ide\u00e1lis helysz\u00edne lehet. 12 frissen fel\u00faj\u00edtott j\u00f3l kombin\u00e1lhat\u00f3 rendezv\u00e9nyterm\u00fcnk ak\u00e1r 260 f\u0151 elhelyez\u00e9s\u00e9re alkalmas.<\/p>\n<p>Foglaljanak rendezv\u00e9nyt a Thermal &amp; Grand Margitsziget sz\u00e1llod\u00e1kban legal\u00e1bb <strong>50 f\u0151 r\u00e9sz\u00e9re<\/strong>, napi 1 k\u00e1v\u00e9sz\u00fcnettel \u00e9s napi 1 f\u0151\u00e9tkez\u00e9ssel, <strong>\u00e9s 50% kedvezm\u00e9nyt biztos\u00edtunk a konferencia terem b\u00e9rleti d\u00edj\u00e1b\u00f3l.*<\/strong><\/p>\n<p><a href=\"https:\/\/www.danubiushotels.com\/hu\/mozaik\/wp-content\/uploads\/2023\/11\/Margitszigeti-szallodak-8-scaled.jpg\"><img loading=\"lazy\" decoding=\"async\" class=\"size-large wp-image-12364 aligncenter\" src=\"https:\/\/www.danubiushotels.com\/hu\/mozaik\/wp-content\/uploads\/2023\/11\/Margitszigeti-szallodak-8-1024x681.jpg\" alt=\"\" width=\"720\" height=\"479\" srcset=\"https:\/\/www.danubiushotels.com\/hu\/mozaik\/wp-content\/uploads\/2023\/11\/Margitszigeti-szallodak-8-1024x681.jpg 1024w, https:\/\/www.danubiushotels.com\/hu\/mozaik\/wp-content\/uploads\/2023\/11\/Margitszigeti-szallodak-8-300x200.jpg 300w, https:\/\/www.danubiushotels.com\/hu\/mozaik\/wp-content\/uploads\/2023\/11\/Margitszigeti-szallodak-8-768x511.jpg 768w, https:\/\/www.danubiushotels.com\/hu\/mozaik\/wp-content\/uploads\/2023\/11\/Margitszigeti-szallodak-8-1536x1022.jpg 1536w, https:\/\/www.danubiushotels.com\/hu\/mozaik\/wp-content\/uploads\/2023\/11\/Margitszigeti-szallodak-8-2048x1363.jpg 2048w\" sizes=\"(max-width: 720px) 100vw, 720px\" \/><\/a><\/p>\n<p>Amivel a sikeres rendezv\u00e9nyekhez hozz\u00e1 tudunk j\u00e1rulni:<\/p>\n<ul>\n<li>\u00a0pazar term\u00e9szeti k\u00f6rnyezet<\/li>\n<li>\u00a0szakmai alaposs\u00e1ggal k\u00e9sz\u00fclt k\u00e1v\u00e9sz\u00fcnet falatk\u00e1k, amik seg\u00edtenek az eg\u00e9sz napos koncentr\u00e1ci\u00f3 fenntart\u00e1s\u00e1ban<\/li>\n<\/ul>\n<p><a href=\"https:\/\/www.danubiushotels.com\/hu\/mozaik\/wp-content\/uploads\/2023\/11\/Margitszigeti-szallodak-7-scaled.jpg\"><img loading=\"lazy\" decoding=\"async\" class=\"size-large wp-image-12366 aligncenter\" src=\"https:\/\/www.danubiushotels.com\/hu\/mozaik\/wp-content\/uploads\/2023\/11\/Margitszigeti-szallodak-7-1024x683.jpg\" alt=\"\" width=\"720\" height=\"480\" srcset=\"https:\/\/www.danubiushotels.com\/hu\/mozaik\/wp-content\/uploads\/2023\/11\/Margitszigeti-szallodak-7-1024x683.jpg 1024w, https:\/\/www.danubiushotels.com\/hu\/mozaik\/wp-content\/uploads\/2023\/11\/Margitszigeti-szallodak-7-300x200.jpg 300w, https:\/\/www.danubiushotels.com\/hu\/mozaik\/wp-content\/uploads\/2023\/11\/Margitszigeti-szallodak-7-768x512.jpg 768w, https:\/\/www.danubiushotels.com\/hu\/mozaik\/wp-content\/uploads\/2023\/11\/Margitszigeti-szallodak-7-1536x1024.jpg 1536w, https:\/\/www.danubiushotels.com\/hu\/mozaik\/wp-content\/uploads\/2023\/11\/Margitszigeti-szallodak-7-2048x1365.jpg 2048w\" sizes=\"(max-width: 720px) 100vw, 720px\" \/><\/a><\/p>\n<ul>\n<li>\u00a0m\u0171szaki t\u00e1mogat\u00e1s, \u00e9s mell\u00e9 ig\u00e9ny eset\u00e9n a legkorszer\u0171bb audiovizu\u00e1lis technika<\/li>\n<li>\u00a0a sz\u00e1lloda sz\u00ednes f\u00fcrd\u0151r\u00e9szlege, ahol a r\u00e9sztvev\u0151k a hivatalos program ut\u00e1n felt\u00f6lt\u0151dhetnek<\/li>\n<li>\u00a0b\u0151s\u00e9ges \u00e9s v\u00e1ltozatos f\u0151\u00e9tkez\u00e9sek, ahol \u00faj energi\u00e1kat nyerhet az eg\u00e9sz napos programok ut\u00e1n<\/li>\n<\/ul>\n<p>*<i>Az aj\u00e1nlat \u00faj lek\u00e9r\u00e9sekre, 2024. febru\u00e1r 29-ig t\u00f6rt\u00e9n\u0151 megval\u00f3sul\u00e1s eset\u00e9n vonatkozik.<\/i><\/p>\n<p>Margitszigeti sz\u00e1llod\u00e1k: <a href=\"mailto:mice.th@hu.ensanahotels.com\">mice.th@hu.ensanahotels.com<\/a>, Tel.: +36 1\u00a0889 4725<\/p>\n","protected":false},"excerpt":{"rendered":"<p>\u00daj \u00e9v, \u00faj lend\u00fclet \u2013 p\u00e1ratlan rendezv\u00e9nyek a Margitszigeten Az \u00faj \u00e9v mindig egy \u00faj kezdetet jelent, ezzel egy\u00fctt t\u00f6k\u00e9letes alkalom arra, hogy munkat\u00e1rsainkkal vagy partnereinkkel \u00e1tbesz\u00e9lj\u00fck a k\u00f6z\u00f6s feladatokat. Ak\u00e1r az elm\u00falt \u00e9vet \u00e9rt\u00e9kelj\u00fck a meg\u00e9lt sikerekkel, ak\u00e1r az elk\u00f6vetkez\u0151 id\u0151szak kiemelt feladatait gondoljuk \u00e1t, \u00e9rdemes j\u00f3l megv\u00e1lasztani a helysz\u00ednt. Keress\u00fcnk egy inspir\u00e1l\u00f3 \u00e9s [&hellip;]<\/p>\n","protected":false},"author":17,"featured_media":12362,"comment_status":"closed","ping_status":"open","sticky":false,"template":"","format":"standard","meta":{"_acf_changed":false,"_et_pb_use_builder":"","_et_pb_old_content":"","_et_gb_content_width":"","inline_featured_image":false,"footnotes":""},"categories":[1178,4,1175],"tags":[],"class_list":["post-12361","post","type-post","status-publish","format-standard","has-post-thumbnail","hentry","category-csapatepites","category-hirek","category-szallodavilag"],"acf":[],"yoast_head":"<!-- This site is optimized with the Yoast SEO plugin v27.4 - https:\/\/yoast.com\/product\/yoast-seo-wordpress\/ -->\n<title>Ind\u00edtsa lend\u00fcletesen az \u00faj \u00e9vet a Margitszigeten - Danubius Mozaik<\/title>\n<meta name=\"robots\" content=\"noindex, follow, max-snippet:-1, max-image-preview:large, max-video-preview:-1\" \/>\n<meta property=\"og:locale\" content=\"hu_HU\" \/>\n<meta property=\"og:type\" content=\"article\" \/>\n<meta property=\"og:title\" content=\"Ind\u00edtsa lend\u00fcletesen az \u00faj \u00e9vet a Margitszigeten - Danubius Mozaik\" \/>\n<meta property=\"og:description\" content=\"\u00daj \u00e9v, \u00faj lend\u00fclet \u2013 p\u00e1ratlan rendezv\u00e9nyek a Margitszigeten Az \u00faj \u00e9v mindig egy \u00faj kezdetet jelent, ezzel egy\u00fctt t\u00f6k\u00e9letes alkalom arra, hogy munkat\u00e1rsainkkal vagy partnereinkkel \u00e1tbesz\u00e9lj\u00fck a k\u00f6z\u00f6s feladatokat. Ak\u00e1r az elm\u00falt \u00e9vet \u00e9rt\u00e9kelj\u00fck a meg\u00e9lt sikerekkel, ak\u00e1r az elk\u00f6vetkez\u0151 id\u0151szak kiemelt feladatait gondoljuk \u00e1t, \u00e9rdemes j\u00f3l megv\u00e1lasztani a helysz\u00ednt. Keress\u00fcnk egy inspir\u00e1l\u00f3 \u00e9s [&hellip;]\" \/>\n<meta property=\"og:url\" content=\"https:\/\/mozaik.icnetworkhu.com\/inditsa-az-uj-evet-lenduletesen-a-margitszigeten\" \/>\n<meta property=\"og:site_name\" content=\"Danubius Mozaik\" \/>\n<meta property=\"article:published_time\" content=\"2023-12-07T09:10:52+00:00\" \/>\n<meta property=\"article:modified_time\" content=\"2024-09-09T11:57:23+00:00\" \/>\n<meta property=\"og:image\" content=\"https:\/\/mozaik.icnetworkhu.com\/wp-content\/uploads\/2023\/11\/Margitszigeti-szallodak-2-scaled.jpg\" \/>\n\t<meta property=\"og:image:width\" content=\"2560\" \/>\n\t<meta property=\"og:image:height\" content=\"1542\" \/>\n\t<meta property=\"og:image:type\" content=\"image\/jpeg\" \/>\n<meta name=\"author\" content=\"gyakornok\" \/>\n<meta name=\"twitter:card\" content=\"summary_large_image\" \/>\n<meta name=\"twitter:label1\" content=\"Szerz\u0151:\" \/>\n\t<meta name=\"twitter:data1\" content=\"gyakornok\" \/>\n\t<meta name=\"twitter:label2\" content=\"Becs\u00fclt olvas\u00e1si id\u0151\" \/>\n\t<meta name=\"twitter:data2\" content=\"3 perc\" \/>\n<script type=\"application\/ld+json\" class=\"yoast-schema-graph\">{\"@context\":\"https:\\\/\\\/schema.org\",\"@graph\":[{\"@type\":\"Article\",\"@id\":\"https:\\\/\\\/mozaik.icnetworkhu.com\\\/inditsa-az-uj-evet-lenduletesen-a-margitszigeten#article\",\"isPartOf\":{\"@id\":\"https:\\\/\\\/mozaik.icnetworkhu.com\\\/inditsa-az-uj-evet-lenduletesen-a-margitszigeten\"},\"author\":{\"name\":\"gyakornok\",\"@id\":\"https:\\\/\\\/www.danubiushotels.com\\\/hu\\\/mozaik\\\/#\\\/schema\\\/person\\\/6eaafe26c4e1c4bf7c919b2545c5d73d\"},\"headline\":\"Ind\u00edtsa lend\u00fcletesen az \u00faj \u00e9vet a Margitszigeten\",\"datePublished\":\"2023-12-07T09:10:52+00:00\",\"dateModified\":\"2024-09-09T11:57:23+00:00\",\"mainEntityOfPage\":{\"@id\":\"https:\\\/\\\/mozaik.icnetworkhu.com\\\/inditsa-az-uj-evet-lenduletesen-a-margitszigeten\"},\"wordCount\":368,\"image\":{\"@id\":\"https:\\\/\\\/mozaik.icnetworkhu.com\\\/inditsa-az-uj-evet-lenduletesen-a-margitszigeten#primaryimage\"},\"thumbnailUrl\":\"https:\\\/\\\/www.danubiushotels.com\\\/hu\\\/mozaik\\\/wp-content\\\/uploads\\\/2023\\\/11\\\/Margitszigeti-szallodak-2-scaled.jpg\",\"articleSection\":[\"Csapat\u00e9p\u00edt\u00e9s\",\"H\u00edrek\",\"Sz\u00e1llodavil\u00e1g\"],\"inLanguage\":\"hu\"},{\"@type\":\"WebPage\",\"@id\":\"https:\\\/\\\/mozaik.icnetworkhu.com\\\/inditsa-az-uj-evet-lenduletesen-a-margitszigeten\",\"url\":\"https:\\\/\\\/mozaik.icnetworkhu.com\\\/inditsa-az-uj-evet-lenduletesen-a-margitszigeten\",\"name\":\"Ind\u00edtsa lend\u00fcletesen az \u00faj \u00e9vet a Margitszigeten - Danubius Mozaik\",\"isPartOf\":{\"@id\":\"https:\\\/\\\/www.danubiushotels.com\\\/hu\\\/mozaik\\\/#website\"},\"primaryImageOfPage\":{\"@id\":\"https:\\\/\\\/mozaik.icnetworkhu.com\\\/inditsa-az-uj-evet-lenduletesen-a-margitszigeten#primaryimage\"},\"image\":{\"@id\":\"https:\\\/\\\/mozaik.icnetworkhu.com\\\/inditsa-az-uj-evet-lenduletesen-a-margitszigeten#primaryimage\"},\"thumbnailUrl\":\"https:\\\/\\\/www.danubiushotels.com\\\/hu\\\/mozaik\\\/wp-content\\\/uploads\\\/2023\\\/11\\\/Margitszigeti-szallodak-2-scaled.jpg\",\"datePublished\":\"2023-12-07T09:10:52+00:00\",\"dateModified\":\"2024-09-09T11:57:23+00:00\",\"author\":{\"@id\":\"https:\\\/\\\/www.danubiushotels.com\\\/hu\\\/mozaik\\\/#\\\/schema\\\/person\\\/6eaafe26c4e1c4bf7c919b2545c5d73d\"},\"breadcrumb\":{\"@id\":\"https:\\\/\\\/mozaik.icnetworkhu.com\\\/inditsa-az-uj-evet-lenduletesen-a-margitszigeten#breadcrumb\"},\"inLanguage\":\"hu\",\"potentialAction\":[{\"@type\":\"ReadAction\",\"target\":[\"https:\\\/\\\/mozaik.icnetworkhu.com\\\/inditsa-az-uj-evet-lenduletesen-a-margitszigeten\"]}]},{\"@type\":\"ImageObject\",\"inLanguage\":\"hu\",\"@id\":\"https:\\\/\\\/mozaik.icnetworkhu.com\\\/inditsa-az-uj-evet-lenduletesen-a-margitszigeten#primaryimage\",\"url\":\"https:\\\/\\\/www.danubiushotels.com\\\/hu\\\/mozaik\\\/wp-content\\\/uploads\\\/2023\\\/11\\\/Margitszigeti-szallodak-2-scaled.jpg\",\"contentUrl\":\"https:\\\/\\\/www.danubiushotels.com\\\/hu\\\/mozaik\\\/wp-content\\\/uploads\\\/2023\\\/11\\\/Margitszigeti-szallodak-2-scaled.jpg\",\"width\":2560,\"height\":1542},{\"@type\":\"BreadcrumbList\",\"@id\":\"https:\\\/\\\/mozaik.icnetworkhu.com\\\/inditsa-az-uj-evet-lenduletesen-a-margitszigeten#breadcrumb\",\"itemListElement\":[{\"@type\":\"ListItem\",\"position\":1,\"name\":\"Home\",\"item\":\"https:\\\/\\\/www.danubiushotels.com\\\/hu\\\/mozaik\\\/\"},{\"@type\":\"ListItem\",\"position\":2,\"name\":\"Ind\u00edtsa lend\u00fcletesen az \u00faj \u00e9vet a Margitszigeten\"}]},{\"@type\":\"WebSite\",\"@id\":\"https:\\\/\\\/www.danubiushotels.com\\\/hu\\\/mozaik\\\/#website\",\"url\":\"https:\\\/\\\/www.danubiushotels.com\\\/hu\\\/mozaik\\\/\",\"name\":\"Danubius Mozaik\",\"description\":\"Mindig van alkalom a pihen\u00e9sre...\",\"potentialAction\":[{\"@type\":\"SearchAction\",\"target\":{\"@type\":\"EntryPoint\",\"urlTemplate\":\"https:\\\/\\\/www.danubiushotels.com\\\/hu\\\/mozaik\\\/?s={search_term_string}\"},\"query-input\":{\"@type\":\"PropertyValueSpecification\",\"valueRequired\":true,\"valueName\":\"search_term_string\"}}],\"inLanguage\":\"hu\"},{\"@type\":\"Person\",\"@id\":\"https:\\\/\\\/www.danubiushotels.com\\\/hu\\\/mozaik\\\/#\\\/schema\\\/person\\\/6eaafe26c4e1c4bf7c919b2545c5d73d\",\"name\":\"gyakornok\",\"image\":{\"@type\":\"ImageObject\",\"inLanguage\":\"hu\",\"@id\":\"https:\\\/\\\/secure.gravatar.com\\\/avatar\\\/da3068366145ef5432ff0d51d952fd8fb208e1321039ed229b00110a37b3658e?s=96&d=mm&r=g\",\"url\":\"https:\\\/\\\/secure.gravatar.com\\\/avatar\\\/da3068366145ef5432ff0d51d952fd8fb208e1321039ed229b00110a37b3658e?s=96&d=mm&r=g\",\"contentUrl\":\"https:\\\/\\\/secure.gravatar.com\\\/avatar\\\/da3068366145ef5432ff0d51d952fd8fb208e1321039ed229b00110a37b3658e?s=96&d=mm&r=g\",\"caption\":\"gyakornok\"},\"url\":\"https:\\\/\\\/www.danubiushotels.com\\\/hu\\\/mozaik\\\/author\\\/gyakornok\"}]}<\/script>\n<!-- \/ Yoast SEO plugin. -->","yoast_head_json":{"title":"Ind\u00edtsa lend\u00fcletesen az \u00faj \u00e9vet a Margitszigeten - Danubius Mozaik","robots":{"index":"noindex","follow":"follow","max-snippet":"max-snippet:-1","max-image-preview":"max-image-preview:large","max-video-preview":"max-video-preview:-1"},"og_locale":"hu_HU","og_type":"article","og_title":"Ind\u00edtsa lend\u00fcletesen az \u00faj \u00e9vet a Margitszigeten - Danubius Mozaik","og_description":"\u00daj \u00e9v, \u00faj lend\u00fclet \u2013 p\u00e1ratlan rendezv\u00e9nyek a Margitszigeten Az \u00faj \u00e9v mindig egy \u00faj kezdetet jelent, ezzel egy\u00fctt t\u00f6k\u00e9letes alkalom arra, hogy munkat\u00e1rsainkkal vagy partnereinkkel \u00e1tbesz\u00e9lj\u00fck a k\u00f6z\u00f6s feladatokat. Ak\u00e1r az elm\u00falt \u00e9vet \u00e9rt\u00e9kelj\u00fck a meg\u00e9lt sikerekkel, ak\u00e1r az elk\u00f6vetkez\u0151 id\u0151szak kiemelt feladatait gondoljuk \u00e1t, \u00e9rdemes j\u00f3l megv\u00e1lasztani a helysz\u00ednt. Keress\u00fcnk egy inspir\u00e1l\u00f3 \u00e9s [&hellip;]","og_url":"https:\/\/mozaik.icnetworkhu.com\/inditsa-az-uj-evet-lenduletesen-a-margitszigeten","og_site_name":"Danubius Mozaik","article_published_time":"2023-12-07T09:10:52+00:00","article_modified_time":"2024-09-09T11:57:23+00:00","og_image":[{"width":2560,"height":1542,"url":"https:\/\/mozaik.icnetworkhu.com\/wp-content\/uploads\/2023\/11\/Margitszigeti-szallodak-2-scaled.jpg","type":"image\/jpeg"}],"author":"gyakornok","twitter_card":"summary_large_image","twitter_misc":{"Szerz\u0151:":"gyakornok","Becs\u00fclt olvas\u00e1si id\u0151":"3 perc"},"schema":{"@context":"https:\/\/schema.org","@graph":[{"@type":"Article","@id":"https:\/\/mozaik.icnetworkhu.com\/inditsa-az-uj-evet-lenduletesen-a-margitszigeten#article","isPartOf":{"@id":"https:\/\/mozaik.icnetworkhu.com\/inditsa-az-uj-evet-lenduletesen-a-margitszigeten"},"author":{"name":"gyakornok","@id":"https:\/\/www.danubiushotels.com\/hu\/mozaik\/#\/schema\/person\/6eaafe26c4e1c4bf7c919b2545c5d73d"},"headline":"Ind\u00edtsa lend\u00fcletesen az \u00faj \u00e9vet a Margitszigeten","datePublished":"2023-12-07T09:10:52+00:00","dateModified":"2024-09-09T11:57:23+00:00","mainEntityOfPage":{"@id":"https:\/\/mozaik.icnetworkhu.com\/inditsa-az-uj-evet-lenduletesen-a-margitszigeten"},"wordCount":368,"image":{"@id":"https:\/\/mozaik.icnetworkhu.com\/inditsa-az-uj-evet-lenduletesen-a-margitszigeten#primaryimage"},"thumbnailUrl":"https:\/\/www.danubiushotels.com\/hu\/mozaik\/wp-content\/uploads\/2023\/11\/Margitszigeti-szallodak-2-scaled.jpg","articleSection":["Csapat\u00e9p\u00edt\u00e9s","H\u00edrek","Sz\u00e1llodavil\u00e1g"],"inLanguage":"hu"},{"@type":"WebPage","@id":"https:\/\/mozaik.icnetworkhu.com\/inditsa-az-uj-evet-lenduletesen-a-margitszigeten","url":"https:\/\/mozaik.icnetworkhu.com\/inditsa-az-uj-evet-lenduletesen-a-margitszigeten","name":"Ind\u00edtsa lend\u00fcletesen az \u00faj \u00e9vet a Margitszigeten - Danubius Mozaik","isPartOf":{"@id":"https:\/\/www.danubiushotels.com\/hu\/mozaik\/#website"},"primaryImageOfPage":{"@id":"https:\/\/mozaik.icnetworkhu.com\/inditsa-az-uj-evet-lenduletesen-a-margitszigeten#primaryimage"},"image":{"@id":"https:\/\/mozaik.icnetworkhu.com\/inditsa-az-uj-evet-lenduletesen-a-margitszigeten#primaryimage"},"thumbnailUrl":"https:\/\/www.danubiushotels.com\/hu\/mozaik\/wp-content\/uploads\/2023\/11\/Margitszigeti-szallodak-2-scaled.jpg","datePublished":"2023-12-07T09:10:52+00:00","dateModified":"2024-09-09T11:57:23+00:00","author":{"@id":"https:\/\/www.danubiushotels.com\/hu\/mozaik\/#\/schema\/person\/6eaafe26c4e1c4bf7c919b2545c5d73d"},"breadcrumb":{"@id":"https:\/\/mozaik.icnetworkhu.com\/inditsa-az-uj-evet-lenduletesen-a-margitszigeten#breadcrumb"},"inLanguage":"hu","potentialAction":[{"@type":"ReadAction","target":["https:\/\/mozaik.icnetworkhu.com\/inditsa-az-uj-evet-lenduletesen-a-margitszigeten"]}]},{"@type":"ImageObject","inLanguage":"hu","@id":"https:\/\/mozaik.icnetworkhu.com\/inditsa-az-uj-evet-lenduletesen-a-margitszigeten#primaryimage","url":"https:\/\/www.danubiushotels.com\/hu\/mozaik\/wp-content\/uploads\/2023\/11\/Margitszigeti-szallodak-2-scaled.jpg","contentUrl":"https:\/\/www.danubiushotels.com\/hu\/mozaik\/wp-content\/uploads\/2023\/11\/Margitszigeti-szallodak-2-scaled.jpg","width":2560,"height":1542},{"@type":"BreadcrumbList","@id":"https:\/\/mozaik.icnetworkhu.com\/inditsa-az-uj-evet-lenduletesen-a-margitszigeten#breadcrumb","itemListElement":[{"@type":"ListItem","position":1,"name":"Home","item":"https:\/\/www.danubiushotels.com\/hu\/mozaik\/"},{"@type":"ListItem","position":2,"name":"Ind\u00edtsa lend\u00fcletesen az \u00faj \u00e9vet a Margitszigeten"}]},{"@type":"WebSite","@id":"https:\/\/www.danubiushotels.com\/hu\/mozaik\/#website","url":"https:\/\/www.danubiushotels.com\/hu\/mozaik\/","name":"Danubius Mozaik","description":"Mindig van alkalom a pihen\u00e9sre...","potentialAction":[{"@type":"SearchAction","target":{"@type":"EntryPoint","urlTemplate":"https:\/\/www.danubiushotels.com\/hu\/mozaik\/?s={search_term_string}"},"query-input":{"@type":"PropertyValueSpecification","valueRequired":true,"valueName":"search_term_string"}}],"inLanguage":"hu"},{"@type":"Person","@id":"https:\/\/www.danubiushotels.com\/hu\/mozaik\/#\/schema\/person\/6eaafe26c4e1c4bf7c919b2545c5d73d","name":"gyakornok","image":{"@type":"ImageObject","inLanguage":"hu","@id":"https:\/\/secure.gravatar.com\/avatar\/da3068366145ef5432ff0d51d952fd8fb208e1321039ed229b00110a37b3658e?s=96&d=mm&r=g","url":"https:\/\/secure.gravatar.com\/avatar\/da3068366145ef5432ff0d51d952fd8fb208e1321039ed229b00110a37b3658e?s=96&d=mm&r=g","contentUrl":"https:\/\/secure.gravatar.com\/avatar\/da3068366145ef5432ff0d51d952fd8fb208e1321039ed229b00110a37b3658e?s=96&d=mm&r=g","caption":"gyakornok"},"url":"https:\/\/www.danubiushotels.com\/hu\/mozaik\/author\/gyakornok"}]}},"_links":{"self":[{"href":"https:\/\/www.danubiushotels.com\/hu\/mozaik\/wp-json\/wp\/v2\/posts\/12361","targetHints":{"allow":["GET"]}}],"collection":[{"href":"https:\/\/www.danubiushotels.com\/hu\/mozaik\/wp-json\/wp\/v2\/posts"}],"about":[{"href":"https:\/\/www.danubiushotels.com\/hu\/mozaik\/wp-json\/wp\/v2\/types\/post"}],"author":[{"embeddable":true,"href":"https:\/\/www.danubiushotels.com\/hu\/mozaik\/wp-json\/wp\/v2\/users\/17"}],"replies":[{"embeddable":true,"href":"https:\/\/www.danubiushotels.com\/hu\/mozaik\/wp-json\/wp\/v2\/comments?post=12361"}],"version-history":[{"count":4,"href":"https:\/\/www.danubiushotels.com\/hu\/mozaik\/wp-json\/wp\/v2\/posts\/12361\/revisions"}],"predecessor-version":[{"id":12426,"href":"https:\/\/www.danubiushotels.com\/hu\/mozaik\/wp-json\/wp\/v2\/posts\/12361\/revisions\/12426"}],"wp:featuredmedia":[{"embeddable":true,"href":"https:\/\/www.danubiushotels.com\/hu\/mozaik\/wp-json\/wp\/v2\/media\/12362"}],"wp:attachment":[{"href":"https:\/\/www.danubiushotels.com\/hu\/mozaik\/wp-json\/wp\/v2\/media?parent=12361"}],"wp:term":[{"taxonomy":"category","embeddable":true,"href":"https:\/\/www.danubiushotels.com\/hu\/mozaik\/wp-json\/wp\/v2\/categories?post=12361"},{"taxonomy":"post_tag","embeddable":true,"href":"https:\/\/www.danubiushotels.com\/hu\/mozaik\/wp-json\/wp\/v2\/tags?post=12361"}],"curies":[{"name":"wp","href":"https:\/\/api.w.org\/{rel}","templated":true}]}}