{"id":12406,"date":"2025-12-09T11:20:44","date_gmt":"2025-12-09T10:20:44","guid":{"rendered":"https:\/\/www.danubiushotels.com\/hu\/mozaik\/?p=12406"},"modified":"2025-12-10T23:48:06","modified_gmt":"2025-12-10T22:48:06","slug":"ajandekozza-a-pihenes-elmenyet","status":"publish","type":"post","link":"https:\/\/www.danubiushotels.com\/hu\/mozaik\/ajandekozza-a-pihenes-elmenyet","title":{"rendered":"Aj\u00e1nd\u00e9kozza a pihen\u00e9s \u00e9lm\u00e9ny\u00e9t!"},"content":{"rendered":"<p><strong><span data-contrast=\"auto\"><b>Rugalmas aj\u00e1nd\u00e9koz\u00e1si megold\u00e1s partnereknek \u00e9s munkat\u00e1rsaknak: a<\/b>\u00a0<a href=\"https:\/\/www.danubiushotels.com\/hu\/ajandekkartya\/danubius-ajandekkartya\">Danubius Aj\u00e1nd\u00e9kk\u00e1rtya<\/a> minden \u00e9vben n\u00e9pszer\u0171 v\u00e1laszt\u00e1s!<\/span><\/strong><\/p>\n<p>&#8211;<strong> Tetsz\u0151leges \u00f6sszeggel felt\u00f6lthet\u0151<\/strong>\u00a0\u00e9s v\u00e1ltozatos sz\u00e1llodai, gasztron\u00f3miai \u00e9s wellness \u00e9lm\u00e9nyekre bev\u00e1lthat\u00f3<br \/>\n&#8211; <a href=\"https:\/\/www.danubiushotels.com\/hu\/ajandekkartya\/danubius-ajandekkartya\" target=\"_blank\" rel=\"noopener\"><strong>Megv\u00e1s\u00e1rolhat\u00f3 weboldalunkon online<\/strong><\/a> (postai k\u00e9zbes\u00edt\u00e9ssel), vagy <strong>szem\u00e9lyesen sz\u00e1llod\u00e1ink recepci\u00f3in<\/strong> (azonnali \u00e1tv\u00e9tellel)<br \/>\n&#8211; A <strong>\u00a0n\u00e9v\u00e9rt\u00e9k erej\u00e9ig ak\u00e1r t\u00f6bbsz\u00f6r is felhaszn\u00e1lhat\u00f3<\/strong> a <strong>Danubius Hotels \u00e9s az Ensana Health Spa magyarorsz\u00e1gi sz\u00e1llod\u00e1iban<\/strong>, de ak\u00e1r \u00e9ttermeiben, k\u00e1v\u00e9z\u00f3iban \u00e9s fitness termeiben is<\/p>\n<p style=\"text-align: center;\"><a href='https:\/\/www.danubiushotels.com\/hu\/ajandekkartya\/danubius-ajandekkartya' class='small-button smallorange'>Megrendelem<\/a><\/p>\n<p><strong>Belf\u00f6ldi Danubius \u00e9s Ensana sz\u00e1llod\u00e1ink recepci\u00f3in az \u00fcnnepi id\u0151szakban is megv\u00e1s\u00e1rolhat\u00f3!<\/strong><\/p>\n<p><a href=\"https:\/\/www.danubiushotels.com\/hu\/mozaik\/wp-content\/uploads\/2024\/12\/AK-banner-szallodai-elmenyek-ajandekba-MAGAZO.jpg\"><img loading=\"lazy\" decoding=\"async\" class=\"aligncenter size-large wp-image-13329\" src=\"https:\/\/www.danubiushotels.com\/hu\/mozaik\/wp-content\/uploads\/2024\/12\/AK-banner-szallodai-elmenyek-ajandekba-MAGAZO-1024x373.jpg\" alt=\"\" width=\"1024\" height=\"373\" srcset=\"https:\/\/www.danubiushotels.com\/hu\/mozaik\/wp-content\/uploads\/2024\/12\/AK-banner-szallodai-elmenyek-ajandekba-MAGAZO-980x357.jpg 980w, https:\/\/www.danubiushotels.com\/hu\/mozaik\/wp-content\/uploads\/2024\/12\/AK-banner-szallodai-elmenyek-ajandekba-MAGAZO-480x175.jpg 480w\" sizes=\"(min-width: 0px) and (max-width: 480px) 480px, (min-width: 481px) and (max-width: 980px) 980px, (min-width: 981px) 1024px, 100vw\" \/><\/a><\/p>\n<p style=\"text-align: left;\"><a href=\"https:\/\/www.danubiushotels.com\/hu\/ajandekkartya\/danubius-utalvany\"><b><span data-contrast=\"auto\">Danubius Sz\u00e1ll\u00e1sutalv\u00e1ny:<\/span><\/b><\/a><span data-contrast=\"auto\"><br \/>\n&#8211; el\u0151re meghat\u00e1rozott \u00f6sszeg\u0171,<br \/>\n&#8211; kiz\u00e1r\u00f3lag sz\u00e1ll\u00e1sra felhaszn\u00e1lhat\u00f3 utalv\u00e1ny, amely csak abban a Danubius sz\u00e1llod\u00e1ban v\u00e1lthat\u00f3 be, amelyre az utalv\u00e1ny sz\u00f3l. Megb\u00edzhat\u00f3 \u00e9s c\u00e9lzott aj\u00e1nd\u00e9koz\u00e1si lehet\u0151s\u00e9g munkat\u00e1rsak \u00e9s \u00fczleti partnerek sz\u00e1m\u00e1ra.<\/span><\/p>\n<p style=\"text-align: center;\"><span data-contrast=\"auto\"><br \/>\n<\/span><span data-ccp-props=\"{&quot;335551550&quot;:6,&quot;335551620&quot;:6,&quot;335559738&quot;:240,&quot;335559739&quot;:240}\"><a href='https:\/\/www.danubiushotels.com\/hu\/ajandekkartya\/danubius-utalvany' class='small-button smallorange'>Tov\u00e1bb az utalv\u00e1nyokra<\/a><\/span><\/p>\n","protected":false},"excerpt":{"rendered":"<p>Rugalmas aj\u00e1nd\u00e9koz\u00e1si megold\u00e1s partnereknek \u00e9s munkat\u00e1rsaknak: a\u00a0Danubius Aj\u00e1nd\u00e9kk\u00e1rtya minden \u00e9vben n\u00e9pszer\u0171 v\u00e1laszt\u00e1s! &#8211; Tetsz\u0151leges \u00f6sszeggel felt\u00f6lthet\u0151\u00a0\u00e9s v\u00e1ltozatos sz\u00e1llodai, gasztron\u00f3miai \u00e9s wellness \u00e9lm\u00e9nyekre bev\u00e1lthat\u00f3 &#8211; Megv\u00e1s\u00e1rolhat\u00f3 weboldalunkon online (postai k\u00e9zbes\u00edt\u00e9ssel), vagy szem\u00e9lyesen sz\u00e1llod\u00e1ink recepci\u00f3in (azonnali \u00e1tv\u00e9tellel) &#8211; A \u00a0n\u00e9v\u00e9rt\u00e9k erej\u00e9ig ak\u00e1r t\u00f6bbsz\u00f6r is felhaszn\u00e1lhat\u00f3 a Danubius Hotels \u00e9s az Ensana Health Spa magyarorsz\u00e1gi sz\u00e1llod\u00e1iban, de ak\u00e1r [&hellip;]<\/p>\n","protected":false},"author":15,"featured_media":13332,"comment_status":"closed","ping_status":"open","sticky":false,"template":"","format":"standard","meta":{"_acf_changed":false,"_et_pb_use_builder":"","_et_pb_old_content":"","_et_gb_content_width":"","inline_featured_image":false,"footnotes":""},"categories":[4,1175],"tags":[],"class_list":["post-12406","post","type-post","status-publish","format-standard","has-post-thumbnail","hentry","category-hirek","category-szallodavilag"],"acf":[],"yoast_head":"<!-- This site is optimized with the Yoast SEO plugin v27.4 - https:\/\/yoast.com\/product\/yoast-seo-wordpress\/ -->\n<title>Aj\u00e1nd\u00e9kozza a pihen\u00e9s \u00e9lm\u00e9ny\u00e9t! - Danubius Mozaik<\/title>\n<meta name=\"robots\" content=\"noindex, follow, max-snippet:-1, max-image-preview:large, max-video-preview:-1\" \/>\n<meta property=\"og:locale\" content=\"hu_HU\" \/>\n<meta property=\"og:type\" content=\"article\" \/>\n<meta property=\"og:title\" content=\"Aj\u00e1nd\u00e9kozza a pihen\u00e9s \u00e9lm\u00e9ny\u00e9t! - Danubius Mozaik\" \/>\n<meta property=\"og:description\" content=\"Rugalmas aj\u00e1nd\u00e9koz\u00e1si megold\u00e1s partnereknek \u00e9s munkat\u00e1rsaknak: a\u00a0Danubius Aj\u00e1nd\u00e9kk\u00e1rtya minden \u00e9vben n\u00e9pszer\u0171 v\u00e1laszt\u00e1s! &#8211; Tetsz\u0151leges \u00f6sszeggel felt\u00f6lthet\u0151\u00a0\u00e9s v\u00e1ltozatos sz\u00e1llodai, gasztron\u00f3miai \u00e9s wellness \u00e9lm\u00e9nyekre bev\u00e1lthat\u00f3 &#8211; Megv\u00e1s\u00e1rolhat\u00f3 weboldalunkon online (postai k\u00e9zbes\u00edt\u00e9ssel), vagy szem\u00e9lyesen sz\u00e1llod\u00e1ink recepci\u00f3in (azonnali \u00e1tv\u00e9tellel) &#8211; A \u00a0n\u00e9v\u00e9rt\u00e9k erej\u00e9ig ak\u00e1r t\u00f6bbsz\u00f6r is felhaszn\u00e1lhat\u00f3 a Danubius Hotels \u00e9s az Ensana Health Spa magyarorsz\u00e1gi sz\u00e1llod\u00e1iban, de ak\u00e1r [&hellip;]\" \/>\n<meta property=\"og:url\" content=\"https:\/\/www.danubiushotels.com\/hu\/mozaik\/ajandekozza-a-pihenes-elmenyet\" \/>\n<meta property=\"og:site_name\" content=\"Danubius Mozaik\" \/>\n<meta property=\"article:published_time\" content=\"2025-12-09T10:20:44+00:00\" \/>\n<meta property=\"article:modified_time\" content=\"2025-12-10T22:48:06+00:00\" \/>\n<meta property=\"og:image\" content=\"https:\/\/www.danubiushotels.com\/hu\/mozaik\/wp-content\/uploads\/2025\/12\/Medium-DH_helia_brandfoto_2023_ajandekkartya_1_online.jpg\" \/>\n\t<meta property=\"og:image:width\" content=\"1200\" \/>\n\t<meta property=\"og:image:height\" content=\"800\" \/>\n\t<meta property=\"og:image:type\" content=\"image\/jpeg\" \/>\n<meta name=\"author\" content=\"Pencz Dorottya\" \/>\n<meta name=\"twitter:card\" content=\"summary_large_image\" \/>\n<meta name=\"twitter:label1\" content=\"Szerz\u0151:\" \/>\n\t<meta name=\"twitter:data1\" content=\"Pencz Dorottya\" \/>\n\t<meta name=\"twitter:label2\" content=\"Becs\u00fclt olvas\u00e1si id\u0151\" \/>\n\t<meta name=\"twitter:data2\" content=\"2 perc\" \/>\n<script type=\"application\/ld+json\" class=\"yoast-schema-graph\">{\"@context\":\"https:\\\/\\\/schema.org\",\"@graph\":[{\"@type\":\"Article\",\"@id\":\"https:\\\/\\\/www.danubiushotels.com\\\/hu\\\/mozaik\\\/ajandekozza-a-pihenes-elmenyet#article\",\"isPartOf\":{\"@id\":\"https:\\\/\\\/www.danubiushotels.com\\\/hu\\\/mozaik\\\/ajandekozza-a-pihenes-elmenyet\"},\"author\":{\"name\":\"Pencz Dorottya\",\"@id\":\"https:\\\/\\\/www.danubiushotels.com\\\/hu\\\/mozaik\\\/#\\\/schema\\\/person\\\/14b0b0c2ea10c762d30500b64e1d685d\"},\"headline\":\"Aj\u00e1nd\u00e9kozza a pihen\u00e9s \u00e9lm\u00e9ny\u00e9t!\",\"datePublished\":\"2025-12-09T10:20:44+00:00\",\"dateModified\":\"2025-12-10T22:48:06+00:00\",\"mainEntityOfPage\":{\"@id\":\"https:\\\/\\\/www.danubiushotels.com\\\/hu\\\/mozaik\\\/ajandekozza-a-pihenes-elmenyet\"},\"wordCount\":222,\"image\":{\"@id\":\"https:\\\/\\\/www.danubiushotels.com\\\/hu\\\/mozaik\\\/ajandekozza-a-pihenes-elmenyet#primaryimage\"},\"thumbnailUrl\":\"https:\\\/\\\/www.danubiushotels.com\\\/hu\\\/mozaik\\\/wp-content\\\/uploads\\\/2025\\\/12\\\/Medium-DH_helia_brandfoto_2023_ajandekkartya_1_online.jpg\",\"articleSection\":[\"H\u00edrek\",\"Sz\u00e1llodavil\u00e1g\"],\"inLanguage\":\"hu\"},{\"@type\":\"WebPage\",\"@id\":\"https:\\\/\\\/www.danubiushotels.com\\\/hu\\\/mozaik\\\/ajandekozza-a-pihenes-elmenyet\",\"url\":\"https:\\\/\\\/www.danubiushotels.com\\\/hu\\\/mozaik\\\/ajandekozza-a-pihenes-elmenyet\",\"name\":\"Aj\u00e1nd\u00e9kozza a pihen\u00e9s \u00e9lm\u00e9ny\u00e9t! - Danubius Mozaik\",\"isPartOf\":{\"@id\":\"https:\\\/\\\/www.danubiushotels.com\\\/hu\\\/mozaik\\\/#website\"},\"primaryImageOfPage\":{\"@id\":\"https:\\\/\\\/www.danubiushotels.com\\\/hu\\\/mozaik\\\/ajandekozza-a-pihenes-elmenyet#primaryimage\"},\"image\":{\"@id\":\"https:\\\/\\\/www.danubiushotels.com\\\/hu\\\/mozaik\\\/ajandekozza-a-pihenes-elmenyet#primaryimage\"},\"thumbnailUrl\":\"https:\\\/\\\/www.danubiushotels.com\\\/hu\\\/mozaik\\\/wp-content\\\/uploads\\\/2025\\\/12\\\/Medium-DH_helia_brandfoto_2023_ajandekkartya_1_online.jpg\",\"datePublished\":\"2025-12-09T10:20:44+00:00\",\"dateModified\":\"2025-12-10T22:48:06+00:00\",\"author\":{\"@id\":\"https:\\\/\\\/www.danubiushotels.com\\\/hu\\\/mozaik\\\/#\\\/schema\\\/person\\\/14b0b0c2ea10c762d30500b64e1d685d\"},\"breadcrumb\":{\"@id\":\"https:\\\/\\\/www.danubiushotels.com\\\/hu\\\/mozaik\\\/ajandekozza-a-pihenes-elmenyet#breadcrumb\"},\"inLanguage\":\"hu\",\"potentialAction\":[{\"@type\":\"ReadAction\",\"target\":[\"https:\\\/\\\/www.danubiushotels.com\\\/hu\\\/mozaik\\\/ajandekozza-a-pihenes-elmenyet\"]}]},{\"@type\":\"ImageObject\",\"inLanguage\":\"hu\",\"@id\":\"https:\\\/\\\/www.danubiushotels.com\\\/hu\\\/mozaik\\\/ajandekozza-a-pihenes-elmenyet#primaryimage\",\"url\":\"https:\\\/\\\/www.danubiushotels.com\\\/hu\\\/mozaik\\\/wp-content\\\/uploads\\\/2025\\\/12\\\/Medium-DH_helia_brandfoto_2023_ajandekkartya_1_online.jpg\",\"contentUrl\":\"https:\\\/\\\/www.danubiushotels.com\\\/hu\\\/mozaik\\\/wp-content\\\/uploads\\\/2025\\\/12\\\/Medium-DH_helia_brandfoto_2023_ajandekkartya_1_online.jpg\",\"width\":1200,\"height\":800},{\"@type\":\"BreadcrumbList\",\"@id\":\"https:\\\/\\\/www.danubiushotels.com\\\/hu\\\/mozaik\\\/ajandekozza-a-pihenes-elmenyet#breadcrumb\",\"itemListElement\":[{\"@type\":\"ListItem\",\"position\":1,\"name\":\"Home\",\"item\":\"https:\\\/\\\/www.danubiushotels.com\\\/hu\\\/mozaik\\\/\"},{\"@type\":\"ListItem\",\"position\":2,\"name\":\"Aj\u00e1nd\u00e9kozza a pihen\u00e9s \u00e9lm\u00e9ny\u00e9t!\"}]},{\"@type\":\"WebSite\",\"@id\":\"https:\\\/\\\/www.danubiushotels.com\\\/hu\\\/mozaik\\\/#website\",\"url\":\"https:\\\/\\\/www.danubiushotels.com\\\/hu\\\/mozaik\\\/\",\"name\":\"Danubius Mozaik\",\"description\":\"Mindig van alkalom a pihen\u00e9sre...\",\"potentialAction\":[{\"@type\":\"SearchAction\",\"target\":{\"@type\":\"EntryPoint\",\"urlTemplate\":\"https:\\\/\\\/www.danubiushotels.com\\\/hu\\\/mozaik\\\/?s={search_term_string}\"},\"query-input\":{\"@type\":\"PropertyValueSpecification\",\"valueRequired\":true,\"valueName\":\"search_term_string\"}}],\"inLanguage\":\"hu\"},{\"@type\":\"Person\",\"@id\":\"https:\\\/\\\/www.danubiushotels.com\\\/hu\\\/mozaik\\\/#\\\/schema\\\/person\\\/14b0b0c2ea10c762d30500b64e1d685d\",\"name\":\"Pencz Dorottya\",\"image\":{\"@type\":\"ImageObject\",\"inLanguage\":\"hu\",\"@id\":\"https:\\\/\\\/secure.gravatar.com\\\/avatar\\\/4f8d852ffd557188675000c0865dc845f775386e26ee67bd8041eb3d017638fc?s=96&d=mm&r=g\",\"url\":\"https:\\\/\\\/secure.gravatar.com\\\/avatar\\\/4f8d852ffd557188675000c0865dc845f775386e26ee67bd8041eb3d017638fc?s=96&d=mm&r=g\",\"contentUrl\":\"https:\\\/\\\/secure.gravatar.com\\\/avatar\\\/4f8d852ffd557188675000c0865dc845f775386e26ee67bd8041eb3d017638fc?s=96&d=mm&r=g\",\"caption\":\"Pencz Dorottya\"},\"url\":\"https:\\\/\\\/www.danubiushotels.com\\\/hu\\\/mozaik\\\/author\\\/dorottyapencz\"}]}<\/script>\n<!-- \/ Yoast SEO plugin. -->","yoast_head_json":{"title":"Aj\u00e1nd\u00e9kozza a pihen\u00e9s \u00e9lm\u00e9ny\u00e9t! - Danubius Mozaik","robots":{"index":"noindex","follow":"follow","max-snippet":"max-snippet:-1","max-image-preview":"max-image-preview:large","max-video-preview":"max-video-preview:-1"},"og_locale":"hu_HU","og_type":"article","og_title":"Aj\u00e1nd\u00e9kozza a pihen\u00e9s \u00e9lm\u00e9ny\u00e9t! - Danubius Mozaik","og_description":"Rugalmas aj\u00e1nd\u00e9koz\u00e1si megold\u00e1s partnereknek \u00e9s munkat\u00e1rsaknak: a\u00a0Danubius Aj\u00e1nd\u00e9kk\u00e1rtya minden \u00e9vben n\u00e9pszer\u0171 v\u00e1laszt\u00e1s! &#8211; Tetsz\u0151leges \u00f6sszeggel felt\u00f6lthet\u0151\u00a0\u00e9s v\u00e1ltozatos sz\u00e1llodai, gasztron\u00f3miai \u00e9s wellness \u00e9lm\u00e9nyekre bev\u00e1lthat\u00f3 &#8211; Megv\u00e1s\u00e1rolhat\u00f3 weboldalunkon online (postai k\u00e9zbes\u00edt\u00e9ssel), vagy szem\u00e9lyesen sz\u00e1llod\u00e1ink recepci\u00f3in (azonnali \u00e1tv\u00e9tellel) &#8211; A \u00a0n\u00e9v\u00e9rt\u00e9k erej\u00e9ig ak\u00e1r t\u00f6bbsz\u00f6r is felhaszn\u00e1lhat\u00f3 a Danubius Hotels \u00e9s az Ensana Health Spa magyarorsz\u00e1gi sz\u00e1llod\u00e1iban, de ak\u00e1r [&hellip;]","og_url":"https:\/\/www.danubiushotels.com\/hu\/mozaik\/ajandekozza-a-pihenes-elmenyet","og_site_name":"Danubius Mozaik","article_published_time":"2025-12-09T10:20:44+00:00","article_modified_time":"2025-12-10T22:48:06+00:00","og_image":[{"width":1200,"height":800,"url":"https:\/\/www.danubiushotels.com\/hu\/mozaik\/wp-content\/uploads\/2025\/12\/Medium-DH_helia_brandfoto_2023_ajandekkartya_1_online.jpg","type":"image\/jpeg"}],"author":"Pencz Dorottya","twitter_card":"summary_large_image","twitter_misc":{"Szerz\u0151:":"Pencz Dorottya","Becs\u00fclt olvas\u00e1si id\u0151":"2 perc"},"schema":{"@context":"https:\/\/schema.org","@graph":[{"@type":"Article","@id":"https:\/\/www.danubiushotels.com\/hu\/mozaik\/ajandekozza-a-pihenes-elmenyet#article","isPartOf":{"@id":"https:\/\/www.danubiushotels.com\/hu\/mozaik\/ajandekozza-a-pihenes-elmenyet"},"author":{"name":"Pencz Dorottya","@id":"https:\/\/www.danubiushotels.com\/hu\/mozaik\/#\/schema\/person\/14b0b0c2ea10c762d30500b64e1d685d"},"headline":"Aj\u00e1nd\u00e9kozza a pihen\u00e9s \u00e9lm\u00e9ny\u00e9t!","datePublished":"2025-12-09T10:20:44+00:00","dateModified":"2025-12-10T22:48:06+00:00","mainEntityOfPage":{"@id":"https:\/\/www.danubiushotels.com\/hu\/mozaik\/ajandekozza-a-pihenes-elmenyet"},"wordCount":222,"image":{"@id":"https:\/\/www.danubiushotels.com\/hu\/mozaik\/ajandekozza-a-pihenes-elmenyet#primaryimage"},"thumbnailUrl":"https:\/\/www.danubiushotels.com\/hu\/mozaik\/wp-content\/uploads\/2025\/12\/Medium-DH_helia_brandfoto_2023_ajandekkartya_1_online.jpg","articleSection":["H\u00edrek","Sz\u00e1llodavil\u00e1g"],"inLanguage":"hu"},{"@type":"WebPage","@id":"https:\/\/www.danubiushotels.com\/hu\/mozaik\/ajandekozza-a-pihenes-elmenyet","url":"https:\/\/www.danubiushotels.com\/hu\/mozaik\/ajandekozza-a-pihenes-elmenyet","name":"Aj\u00e1nd\u00e9kozza a pihen\u00e9s \u00e9lm\u00e9ny\u00e9t! - Danubius Mozaik","isPartOf":{"@id":"https:\/\/www.danubiushotels.com\/hu\/mozaik\/#website"},"primaryImageOfPage":{"@id":"https:\/\/www.danubiushotels.com\/hu\/mozaik\/ajandekozza-a-pihenes-elmenyet#primaryimage"},"image":{"@id":"https:\/\/www.danubiushotels.com\/hu\/mozaik\/ajandekozza-a-pihenes-elmenyet#primaryimage"},"thumbnailUrl":"https:\/\/www.danubiushotels.com\/hu\/mozaik\/wp-content\/uploads\/2025\/12\/Medium-DH_helia_brandfoto_2023_ajandekkartya_1_online.jpg","datePublished":"2025-12-09T10:20:44+00:00","dateModified":"2025-12-10T22:48:06+00:00","author":{"@id":"https:\/\/www.danubiushotels.com\/hu\/mozaik\/#\/schema\/person\/14b0b0c2ea10c762d30500b64e1d685d"},"breadcrumb":{"@id":"https:\/\/www.danubiushotels.com\/hu\/mozaik\/ajandekozza-a-pihenes-elmenyet#breadcrumb"},"inLanguage":"hu","potentialAction":[{"@type":"ReadAction","target":["https:\/\/www.danubiushotels.com\/hu\/mozaik\/ajandekozza-a-pihenes-elmenyet"]}]},{"@type":"ImageObject","inLanguage":"hu","@id":"https:\/\/www.danubiushotels.com\/hu\/mozaik\/ajandekozza-a-pihenes-elmenyet#primaryimage","url":"https:\/\/www.danubiushotels.com\/hu\/mozaik\/wp-content\/uploads\/2025\/12\/Medium-DH_helia_brandfoto_2023_ajandekkartya_1_online.jpg","contentUrl":"https:\/\/www.danubiushotels.com\/hu\/mozaik\/wp-content\/uploads\/2025\/12\/Medium-DH_helia_brandfoto_2023_ajandekkartya_1_online.jpg","width":1200,"height":800},{"@type":"BreadcrumbList","@id":"https:\/\/www.danubiushotels.com\/hu\/mozaik\/ajandekozza-a-pihenes-elmenyet#breadcrumb","itemListElement":[{"@type":"ListItem","position":1,"name":"Home","item":"https:\/\/www.danubiushotels.com\/hu\/mozaik\/"},{"@type":"ListItem","position":2,"name":"Aj\u00e1nd\u00e9kozza a pihen\u00e9s \u00e9lm\u00e9ny\u00e9t!"}]},{"@type":"WebSite","@id":"https:\/\/www.danubiushotels.com\/hu\/mozaik\/#website","url":"https:\/\/www.danubiushotels.com\/hu\/mozaik\/","name":"Danubius Mozaik","description":"Mindig van alkalom a pihen\u00e9sre...","potentialAction":[{"@type":"SearchAction","target":{"@type":"EntryPoint","urlTemplate":"https:\/\/www.danubiushotels.com\/hu\/mozaik\/?s={search_term_string}"},"query-input":{"@type":"PropertyValueSpecification","valueRequired":true,"valueName":"search_term_string"}}],"inLanguage":"hu"},{"@type":"Person","@id":"https:\/\/www.danubiushotels.com\/hu\/mozaik\/#\/schema\/person\/14b0b0c2ea10c762d30500b64e1d685d","name":"Pencz Dorottya","image":{"@type":"ImageObject","inLanguage":"hu","@id":"https:\/\/secure.gravatar.com\/avatar\/4f8d852ffd557188675000c0865dc845f775386e26ee67bd8041eb3d017638fc?s=96&d=mm&r=g","url":"https:\/\/secure.gravatar.com\/avatar\/4f8d852ffd557188675000c0865dc845f775386e26ee67bd8041eb3d017638fc?s=96&d=mm&r=g","contentUrl":"https:\/\/secure.gravatar.com\/avatar\/4f8d852ffd557188675000c0865dc845f775386e26ee67bd8041eb3d017638fc?s=96&d=mm&r=g","caption":"Pencz Dorottya"},"url":"https:\/\/www.danubiushotels.com\/hu\/mozaik\/author\/dorottyapencz"}]}},"_links":{"self":[{"href":"https:\/\/www.danubiushotels.com\/hu\/mozaik\/wp-json\/wp\/v2\/posts\/12406","targetHints":{"allow":["GET"]}}],"collection":[{"href":"https:\/\/www.danubiushotels.com\/hu\/mozaik\/wp-json\/wp\/v2\/posts"}],"about":[{"href":"https:\/\/www.danubiushotels.com\/hu\/mozaik\/wp-json\/wp\/v2\/types\/post"}],"author":[{"embeddable":true,"href":"https:\/\/www.danubiushotels.com\/hu\/mozaik\/wp-json\/wp\/v2\/users\/15"}],"replies":[{"embeddable":true,"href":"https:\/\/www.danubiushotels.com\/hu\/mozaik\/wp-json\/wp\/v2\/comments?post=12406"}],"version-history":[{"count":4,"href":"https:\/\/www.danubiushotels.com\/hu\/mozaik\/wp-json\/wp\/v2\/posts\/12406\/revisions"}],"predecessor-version":[{"id":13336,"href":"https:\/\/www.danubiushotels.com\/hu\/mozaik\/wp-json\/wp\/v2\/posts\/12406\/revisions\/13336"}],"wp:featuredmedia":[{"embeddable":true,"href":"https:\/\/www.danubiushotels.com\/hu\/mozaik\/wp-json\/wp\/v2\/media\/13332"}],"wp:attachment":[{"href":"https:\/\/www.danubiushotels.com\/hu\/mozaik\/wp-json\/wp\/v2\/media?parent=12406"}],"wp:term":[{"taxonomy":"category","embeddable":true,"href":"https:\/\/www.danubiushotels.com\/hu\/mozaik\/wp-json\/wp\/v2\/categories?post=12406"},{"taxonomy":"post_tag","embeddable":true,"href":"https:\/\/www.danubiushotels.com\/hu\/mozaik\/wp-json\/wp\/v2\/tags?post=12406"}],"curies":[{"name":"wp","href":"https:\/\/api.w.org\/{rel}","templated":true}]}}