{"id":12455,"date":"2024-03-06T12:43:45","date_gmt":"2024-03-06T10:43:45","guid":{"rendered":"https:\/\/www.danubiushotels.com\/hu\/mozaik\/?p=12455"},"modified":"2024-09-09T13:53:26","modified_gmt":"2024-09-09T11:53:26","slug":"a-zsolnay-kavehaz-mentes-sutemenyekkel-boviti-kinalatat","status":"publish","type":"post","link":"https:\/\/www.danubiushotels.com\/hu\/mozaik\/a-zsolnay-kavehaz-mentes-sutemenyekkel-boviti-kinalatat","title":{"rendered":"Meg\u00fajul\u00f3 mentes k\u00edn\u00e1lat\u00e1t \u00e9s k\u00fcl\u00f6nleges aj\u00e1nlatok a Zsolnay K\u00e1v\u00e9h\u00e1zban"},"content":{"rendered":"<p>Manaps\u00e1g egyre t\u00f6bb embert \u00e9rint\u0151 probl\u00e9ma az \u00e9tel\u00e9rz\u00e9kenys\u00e9g, ami nagyban megnehez\u00edtheti a h\u00e9tk\u00f6znapokat azok sz\u00e1m\u00e1ra, akiknek ezzel egy\u00fctt kell \u00e9lni\u00fck. Hab\u00e1r a legt\u00f6bb \u00e9tteremben \u00e9s vend\u00e9gl\u00e1t\u00f3egys\u00e9gben m\u00e1r akad alternat\u00edva, sokszor nem k\u00f6nny\u0171 az allergi\u00e1val \u00e9l\u0151knek az ilyen helyeken fogyasztani, ugyanis a v\u00e1laszt\u00e9k gyakran korl\u00e1tozott.<\/p>\n<p>A <a href=\"https:\/\/www.zsolnaycafe.hu\/\" target=\"_blank\" rel=\"noopener\">Zsolnay K\u00e1v\u00e9h\u00e1z<\/a> ezt figyelembe v\u00e9ve ism\u00e9t b\u0151v\u00edti k\u00edn\u00e1lat\u00e1t, \u00e9s tov\u00e1bbi mentes s\u00fctem\u00e9nyekkel k\u00edv\u00e1nja kiel\u00e9g\u00edteni vend\u00e9gei ig\u00e9nyeit, \u00edgy a k\u00fcl\u00f6nb\u00f6z\u0151 tej-, liszt- \u00e9s cukormentes s\u00fctem\u00e9nyek is hamarosan kiker\u00fclnek a pultba.<\/p>\n<p><strong>A \u201eCandlelit dinner\u201d \u00faj k\u00f6nt\u00f6sbe b\u00fajik<\/strong><\/p>\n<p>A Zsolnay K\u00e1v\u00e9h\u00e1z eg\u00e9sz \u00e9vben k\u00fcl\u00f6nleges <a href=\"https:\/\/webshop.danubiushotels.com\/hu\/shop\/gyertyafenyes_vacsora\/gyertyafenyes_vacsora\" target=\"_blank\" rel=\"noopener\">gyertyaf\u00e9nyes vacsor\u00e1val<\/a> v\u00e1rja vend\u00e9geit. A kedvelt, r\u00e9g\u00f3ta m\u0171k\u00f6d\u0151, szezon\u00e1lisan meg\u00fajul\u00f3 aj\u00e1nlat tavaszt\u00f3l \u00faj koncepci\u00f3t kap \u00e9s m\u00e9g egy fokkal magasabb szintre emeli a vend\u00e9g\u00e9lm\u00e9nyt. A fix \u00e1r\u00fa, h\u00e1romfog\u00e1sos vacsor\u00e1hoz szezon\u00e1lis alapanyagokb\u00f3l \u00e1ll\u00f3 \u00e9tlap t\u00e1rsul, \u00edgy id\u0151r\u0151l-id\u0151re \u00faj \u00edzek fedezhet\u0151ek fel a k\u00edn\u00e1latban. A meghitt hangulatot az \u00edzletes \u00e9telek \u00e9s eleg\u00e1ns k\u00f6rnyezet mellett, az asztalokra kiz\u00e1r\u00f3lag erre az alkalomra kihelyezett kellemes f\u00e9nyt \u00e1raszt\u00f3 gyerty\u00e1k, \u00e9s a vacsora kezdet\u00e9n felszolg\u00e1lt kiv\u00e1l\u00f3 min\u0151s\u00e9g\u0171 pezsg\u0151 fokozz\u00e1k.<\/p>\n<p><a href=\"https:\/\/webshop.danubiushotels.com\/hu\/shop\/gyertyafenyes_vacsora\/gyertyafenyes_vacsora\"><strong>Jegyv\u00e1s\u00e1rl\u00e1s<\/strong><\/a><\/p>\n<p>&nbsp;<\/p>\n<p><strong> <a href=\"https:\/\/www.danubiushotels.com\/hu\/mozaik\/wp-content\/uploads\/2024\/03\/Zsolnay_cafe_2024_02-048-scaled.jpg\"><img loading=\"lazy\" decoding=\"async\" class=\"size-large wp-image-12458 aligncenter\" src=\"https:\/\/www.danubiushotels.com\/hu\/mozaik\/wp-content\/uploads\/2024\/03\/Zsolnay_cafe_2024_02-048-681x1024.jpg\" alt=\"\" width=\"681\" height=\"1024\" srcset=\"https:\/\/www.danubiushotels.com\/hu\/mozaik\/wp-content\/uploads\/2024\/03\/Zsolnay_cafe_2024_02-048-681x1024.jpg 681w, https:\/\/www.danubiushotels.com\/hu\/mozaik\/wp-content\/uploads\/2024\/03\/Zsolnay_cafe_2024_02-048-200x300.jpg 200w, https:\/\/www.danubiushotels.com\/hu\/mozaik\/wp-content\/uploads\/2024\/03\/Zsolnay_cafe_2024_02-048-768x1154.jpg 768w, https:\/\/www.danubiushotels.com\/hu\/mozaik\/wp-content\/uploads\/2024\/03\/Zsolnay_cafe_2024_02-048-1022x1536.jpg 1022w, https:\/\/www.danubiushotels.com\/hu\/mozaik\/wp-content\/uploads\/2024\/03\/Zsolnay_cafe_2024_02-048-1363x2048.jpg 1363w, https:\/\/www.danubiushotels.com\/hu\/mozaik\/wp-content\/uploads\/2024\/03\/Zsolnay_cafe_2024_02-048-scaled.jpg 1703w\" sizes=\"(max-width: 681px) 100vw, 681px\" \/><\/a><\/strong><\/p>\n<p><strong>Az \u00f6t\u00f3rai tea mindig j\u00f3 v\u00e1laszt\u00e1s<\/strong><\/p>\n<p>Az eg\u00e9szs\u00e9ges \u00e9letm\u00f3d alapja a napi \u00f6tsz\u00f6ri \u00e9tkez\u00e9s \u00e9s lehet\u0151leg kis adagok fogyaszt\u00e1sa, \u00edgy nincs is jobb v\u00e1laszt\u00e1s, mint a Zsolnay K\u00e1v\u00e9h\u00e1z klasszikus \u00f6t\u00f3rai tea aj\u00e1nlata. A f\u0151\u00e9tkez\u00e9sek k\u00f6z\u00f6tt eltelt id\u0151 gyakran hossz\u00fara ny\u00falik, \u00e9rdemes beiktatni a d\u00e9lut\u00e1n folyam\u00e1n egy kis uzsonn\u00e1z\u00e1st, amit r\u00e1ad\u00e1sul eleg\u00e1ns k\u00f6rnyezetben m\u00e9g hangulatosabb program. Az <a href=\"https:\/\/webshop.danubiushotels.com\/hu\/shop\/otorai_tea\" target=\"_blank\" rel=\"noopener\">\u00f6t\u00f3rai tea<\/a> a vend\u00e9gek k\u00f6r\u00e9ben egy klasszikus kedvenc, d\u00e9lut\u00e1ni megbesz\u00e9l\u00e9sek, bar\u00e1ti tal\u00e1lkoz\u00f3k \u00e9s sz\u00ednh\u00e1z el\u0151tt is kit\u0171n\u0151 id\u0151t\u00f6lt\u00e9s. A te\u00e1z\u00e1s \u00e9lm\u00e9ny\u00e9t pedig tov\u00e1bb fokozza, hogy a felszolg\u00e1lt \u00e9telek \u00e9s italok Zsolnay porcel\u00e1ned\u00e9nyeken \u00e9rkeznek.<\/p>\n<p><a href=\"https:\/\/webshop.danubiushotels.com\/hu\/shop\/otorai_tea\"><strong>Jegyv\u00e1s\u00e1rl\u00e1s<\/strong><\/a><\/p>\n<p><a href=\"https:\/\/www.danubiushotels.com\/hu\/mozaik\/wp-content\/uploads\/2024\/03\/Zsolnay-Cafe_porcelain-scaled.jpg\"><img loading=\"lazy\" decoding=\"async\" class=\"size-large wp-image-12460 aligncenter\" src=\"https:\/\/www.danubiushotels.com\/hu\/mozaik\/wp-content\/uploads\/2024\/03\/Zsolnay-Cafe_porcelain-1024x683.jpg\" alt=\"\" width=\"720\" height=\"480\" srcset=\"https:\/\/www.danubiushotels.com\/hu\/mozaik\/wp-content\/uploads\/2024\/03\/Zsolnay-Cafe_porcelain-1024x683.jpg 1024w, https:\/\/www.danubiushotels.com\/hu\/mozaik\/wp-content\/uploads\/2024\/03\/Zsolnay-Cafe_porcelain-300x200.jpg 300w, https:\/\/www.danubiushotels.com\/hu\/mozaik\/wp-content\/uploads\/2024\/03\/Zsolnay-Cafe_porcelain-768x512.jpg 768w, https:\/\/www.danubiushotels.com\/hu\/mozaik\/wp-content\/uploads\/2024\/03\/Zsolnay-Cafe_porcelain-1536x1024.jpg 1536w, https:\/\/www.danubiushotels.com\/hu\/mozaik\/wp-content\/uploads\/2024\/03\/Zsolnay-Cafe_porcelain-2048x1365.jpg 2048w\" sizes=\"(max-width: 720px) 100vw, 720px\" \/><\/a><\/p>\n<p><strong>Csal\u00e1di eb\u00e9d<\/strong><\/p>\n<p>Tavaszt\u00f3l \u00faj aj\u00e1nlatot vezet be a Zsolnay K\u00e1v\u00e9h\u00e1z, amelyben kiemelt helyet kap vas\u00e1rnaponk\u00e9nt a csal\u00e1di eb\u00e9d, melyen mind a Radisson Blu B\u00e9ke Hotel sz\u00e1ll\u00f3vend\u00e9gei, mind a bet\u00e9r\u0151 vend\u00e9gek r\u00e9szt vehetnek. A men\u00fcsor klasszikus fog\u00e1sokat k\u00edn\u00e1l, garant\u00e1ltan mindenki megtal\u00e1lja az \u00edzl\u00e9s\u00e9nek megfelel\u0151 \u00e9teleket.<\/p>\n<p>Az aj\u00e1nlat c\u00e9lja, hogy a csal\u00e1doknak lehet\u0151s\u00e9g\u00fck legyen egy asztalhoz \u00fclni, egy j\u00f3t eb\u00e9delni \u00e9s besz\u00e9lgetni.<\/p>\n<p><a href=\"https:\/\/www.danubiushotels.com\/hu\/mozaik\/wp-content\/uploads\/2024\/03\/Zsolnay_cafe_2024_02-032-scaled.jpg\"><img loading=\"lazy\" decoding=\"async\" class=\"size-large wp-image-12457 aligncenter\" src=\"https:\/\/www.danubiushotels.com\/hu\/mozaik\/wp-content\/uploads\/2024\/03\/Zsolnay_cafe_2024_02-032-1024x681.jpg\" alt=\"\" width=\"720\" height=\"479\" srcset=\"https:\/\/www.danubiushotels.com\/hu\/mozaik\/wp-content\/uploads\/2024\/03\/Zsolnay_cafe_2024_02-032-1024x681.jpg 1024w, https:\/\/www.danubiushotels.com\/hu\/mozaik\/wp-content\/uploads\/2024\/03\/Zsolnay_cafe_2024_02-032-300x200.jpg 300w, https:\/\/www.danubiushotels.com\/hu\/mozaik\/wp-content\/uploads\/2024\/03\/Zsolnay_cafe_2024_02-032-768x511.jpg 768w, https:\/\/www.danubiushotels.com\/hu\/mozaik\/wp-content\/uploads\/2024\/03\/Zsolnay_cafe_2024_02-032-1536x1022.jpg 1536w, https:\/\/www.danubiushotels.com\/hu\/mozaik\/wp-content\/uploads\/2024\/03\/Zsolnay_cafe_2024_02-032-2048x1363.jpg 2048w\" sizes=\"(max-width: 720px) 100vw, 720px\" \/><\/a><\/p>\n<p>&nbsp;<\/p>\n","protected":false},"excerpt":{"rendered":"<p>Manaps\u00e1g egyre t\u00f6bb embert \u00e9rint\u0151 probl\u00e9ma az \u00e9tel\u00e9rz\u00e9kenys\u00e9g, ami nagyban megnehez\u00edtheti a h\u00e9tk\u00f6znapokat azok sz\u00e1m\u00e1ra, akiknek ezzel egy\u00fctt kell \u00e9lni\u00fck. Hab\u00e1r a legt\u00f6bb \u00e9tteremben \u00e9s vend\u00e9gl\u00e1t\u00f3egys\u00e9gben m\u00e1r akad alternat\u00edva, sokszor nem k\u00f6nny\u0171 az allergi\u00e1val \u00e9l\u0151knek az ilyen helyeken fogyasztani, ugyanis a v\u00e1laszt\u00e9k gyakran korl\u00e1tozott. A Zsolnay K\u00e1v\u00e9h\u00e1z ezt figyelembe v\u00e9ve ism\u00e9t b\u0151v\u00edti k\u00edn\u00e1lat\u00e1t, \u00e9s tov\u00e1bbi [&hellip;]<\/p>\n","protected":false},"author":17,"featured_media":12463,"comment_status":"closed","ping_status":"open","sticky":false,"template":"","format":"standard","meta":{"_acf_changed":false,"_et_pb_use_builder":"","_et_pb_old_content":"","_et_gb_content_width":"","inline_featured_image":false,"footnotes":""},"categories":[1176,4],"tags":[],"class_list":["post-12455","post","type-post","status-publish","format-standard","has-post-thumbnail","hentry","category-gasztro","category-hirek"],"acf":[],"yoast_head":"<!-- This site is optimized with the Yoast SEO plugin v27.4 - https:\/\/yoast.com\/product\/yoast-seo-wordpress\/ -->\n<title>Meg\u00fajul\u00f3 mentes k\u00edn\u00e1lat\u00e1t \u00e9s k\u00fcl\u00f6nleges aj\u00e1nlatok a Zsolnay K\u00e1v\u00e9h\u00e1zban - Danubius Mozaik<\/title>\n<meta name=\"robots\" content=\"noindex, follow, max-snippet:-1, max-image-preview:large, max-video-preview:-1\" \/>\n<meta property=\"og:locale\" content=\"hu_HU\" \/>\n<meta property=\"og:type\" content=\"article\" \/>\n<meta property=\"og:title\" content=\"Meg\u00fajul\u00f3 mentes k\u00edn\u00e1lat\u00e1t \u00e9s k\u00fcl\u00f6nleges aj\u00e1nlatok a Zsolnay K\u00e1v\u00e9h\u00e1zban - Danubius Mozaik\" \/>\n<meta property=\"og:description\" content=\"Manaps\u00e1g egyre t\u00f6bb embert \u00e9rint\u0151 probl\u00e9ma az \u00e9tel\u00e9rz\u00e9kenys\u00e9g, ami nagyban megnehez\u00edtheti a h\u00e9tk\u00f6znapokat azok sz\u00e1m\u00e1ra, akiknek ezzel egy\u00fctt kell \u00e9lni\u00fck. Hab\u00e1r a legt\u00f6bb \u00e9tteremben \u00e9s vend\u00e9gl\u00e1t\u00f3egys\u00e9gben m\u00e1r akad alternat\u00edva, sokszor nem k\u00f6nny\u0171 az allergi\u00e1val \u00e9l\u0151knek az ilyen helyeken fogyasztani, ugyanis a v\u00e1laszt\u00e9k gyakran korl\u00e1tozott. A Zsolnay K\u00e1v\u00e9h\u00e1z ezt figyelembe v\u00e9ve ism\u00e9t b\u0151v\u00edti k\u00edn\u00e1lat\u00e1t, \u00e9s tov\u00e1bbi [&hellip;]\" \/>\n<meta property=\"og:url\" content=\"https:\/\/mozaik.icnetworkhu.com\/a-zsolnay-kavehaz-mentes-sutemenyekkel-boviti-kinalatat\" \/>\n<meta property=\"og:site_name\" content=\"Danubius Mozaik\" \/>\n<meta property=\"article:published_time\" content=\"2024-03-06T10:43:45+00:00\" \/>\n<meta property=\"article:modified_time\" content=\"2024-09-09T11:53:26+00:00\" \/>\n<meta property=\"og:image\" content=\"https:\/\/mozaik.icnetworkhu.com\/wp-content\/uploads\/2024\/03\/Zsolnay-Cafe_Wintergarden-3-scaled.jpg\" \/>\n\t<meta property=\"og:image:width\" content=\"2560\" \/>\n\t<meta property=\"og:image:height\" content=\"1707\" \/>\n\t<meta property=\"og:image:type\" content=\"image\/jpeg\" \/>\n<meta name=\"author\" content=\"gyakornok\" \/>\n<meta name=\"twitter:card\" content=\"summary_large_image\" \/>\n<meta name=\"twitter:label1\" content=\"Szerz\u0151:\" \/>\n\t<meta name=\"twitter:data1\" content=\"gyakornok\" \/>\n\t<meta name=\"twitter:label2\" content=\"Becs\u00fclt olvas\u00e1si id\u0151\" \/>\n\t<meta name=\"twitter:data2\" content=\"3 perc\" \/>\n<script type=\"application\/ld+json\" class=\"yoast-schema-graph\">{\"@context\":\"https:\\\/\\\/schema.org\",\"@graph\":[{\"@type\":\"Article\",\"@id\":\"https:\\\/\\\/mozaik.icnetworkhu.com\\\/a-zsolnay-kavehaz-mentes-sutemenyekkel-boviti-kinalatat#article\",\"isPartOf\":{\"@id\":\"https:\\\/\\\/mozaik.icnetworkhu.com\\\/a-zsolnay-kavehaz-mentes-sutemenyekkel-boviti-kinalatat\"},\"author\":{\"name\":\"gyakornok\",\"@id\":\"https:\\\/\\\/www.danubiushotels.com\\\/hu\\\/mozaik\\\/#\\\/schema\\\/person\\\/6eaafe26c4e1c4bf7c919b2545c5d73d\"},\"headline\":\"Meg\u00fajul\u00f3 mentes k\u00edn\u00e1lat\u00e1t \u00e9s k\u00fcl\u00f6nleges aj\u00e1nlatok a Zsolnay K\u00e1v\u00e9h\u00e1zban\",\"datePublished\":\"2024-03-06T10:43:45+00:00\",\"dateModified\":\"2024-09-09T11:53:26+00:00\",\"mainEntityOfPage\":{\"@id\":\"https:\\\/\\\/mozaik.icnetworkhu.com\\\/a-zsolnay-kavehaz-mentes-sutemenyekkel-boviti-kinalatat\"},\"wordCount\":532,\"image\":{\"@id\":\"https:\\\/\\\/mozaik.icnetworkhu.com\\\/a-zsolnay-kavehaz-mentes-sutemenyekkel-boviti-kinalatat#primaryimage\"},\"thumbnailUrl\":\"https:\\\/\\\/www.danubiushotels.com\\\/hu\\\/mozaik\\\/wp-content\\\/uploads\\\/2024\\\/03\\\/Zsolnay-Cafe_Wintergarden-3-scaled.jpg\",\"articleSection\":[\"Gasztro\",\"H\u00edrek\"],\"inLanguage\":\"hu\"},{\"@type\":\"WebPage\",\"@id\":\"https:\\\/\\\/mozaik.icnetworkhu.com\\\/a-zsolnay-kavehaz-mentes-sutemenyekkel-boviti-kinalatat\",\"url\":\"https:\\\/\\\/mozaik.icnetworkhu.com\\\/a-zsolnay-kavehaz-mentes-sutemenyekkel-boviti-kinalatat\",\"name\":\"Meg\u00fajul\u00f3 mentes k\u00edn\u00e1lat\u00e1t \u00e9s k\u00fcl\u00f6nleges aj\u00e1nlatok a Zsolnay K\u00e1v\u00e9h\u00e1zban - Danubius Mozaik\",\"isPartOf\":{\"@id\":\"https:\\\/\\\/www.danubiushotels.com\\\/hu\\\/mozaik\\\/#website\"},\"primaryImageOfPage\":{\"@id\":\"https:\\\/\\\/mozaik.icnetworkhu.com\\\/a-zsolnay-kavehaz-mentes-sutemenyekkel-boviti-kinalatat#primaryimage\"},\"image\":{\"@id\":\"https:\\\/\\\/mozaik.icnetworkhu.com\\\/a-zsolnay-kavehaz-mentes-sutemenyekkel-boviti-kinalatat#primaryimage\"},\"thumbnailUrl\":\"https:\\\/\\\/www.danubiushotels.com\\\/hu\\\/mozaik\\\/wp-content\\\/uploads\\\/2024\\\/03\\\/Zsolnay-Cafe_Wintergarden-3-scaled.jpg\",\"datePublished\":\"2024-03-06T10:43:45+00:00\",\"dateModified\":\"2024-09-09T11:53:26+00:00\",\"author\":{\"@id\":\"https:\\\/\\\/www.danubiushotels.com\\\/hu\\\/mozaik\\\/#\\\/schema\\\/person\\\/6eaafe26c4e1c4bf7c919b2545c5d73d\"},\"breadcrumb\":{\"@id\":\"https:\\\/\\\/mozaik.icnetworkhu.com\\\/a-zsolnay-kavehaz-mentes-sutemenyekkel-boviti-kinalatat#breadcrumb\"},\"inLanguage\":\"hu\",\"potentialAction\":[{\"@type\":\"ReadAction\",\"target\":[\"https:\\\/\\\/mozaik.icnetworkhu.com\\\/a-zsolnay-kavehaz-mentes-sutemenyekkel-boviti-kinalatat\"]}]},{\"@type\":\"ImageObject\",\"inLanguage\":\"hu\",\"@id\":\"https:\\\/\\\/mozaik.icnetworkhu.com\\\/a-zsolnay-kavehaz-mentes-sutemenyekkel-boviti-kinalatat#primaryimage\",\"url\":\"https:\\\/\\\/www.danubiushotels.com\\\/hu\\\/mozaik\\\/wp-content\\\/uploads\\\/2024\\\/03\\\/Zsolnay-Cafe_Wintergarden-3-scaled.jpg\",\"contentUrl\":\"https:\\\/\\\/www.danubiushotels.com\\\/hu\\\/mozaik\\\/wp-content\\\/uploads\\\/2024\\\/03\\\/Zsolnay-Cafe_Wintergarden-3-scaled.jpg\",\"width\":2560,\"height\":1707},{\"@type\":\"BreadcrumbList\",\"@id\":\"https:\\\/\\\/mozaik.icnetworkhu.com\\\/a-zsolnay-kavehaz-mentes-sutemenyekkel-boviti-kinalatat#breadcrumb\",\"itemListElement\":[{\"@type\":\"ListItem\",\"position\":1,\"name\":\"Home\",\"item\":\"https:\\\/\\\/www.danubiushotels.com\\\/hu\\\/mozaik\\\/\"},{\"@type\":\"ListItem\",\"position\":2,\"name\":\"Meg\u00fajul\u00f3 mentes k\u00edn\u00e1lat\u00e1t \u00e9s k\u00fcl\u00f6nleges aj\u00e1nlatok a Zsolnay K\u00e1v\u00e9h\u00e1zban\"}]},{\"@type\":\"WebSite\",\"@id\":\"https:\\\/\\\/www.danubiushotels.com\\\/hu\\\/mozaik\\\/#website\",\"url\":\"https:\\\/\\\/www.danubiushotels.com\\\/hu\\\/mozaik\\\/\",\"name\":\"Danubius Mozaik\",\"description\":\"Mindig van alkalom a pihen\u00e9sre...\",\"potentialAction\":[{\"@type\":\"SearchAction\",\"target\":{\"@type\":\"EntryPoint\",\"urlTemplate\":\"https:\\\/\\\/www.danubiushotels.com\\\/hu\\\/mozaik\\\/?s={search_term_string}\"},\"query-input\":{\"@type\":\"PropertyValueSpecification\",\"valueRequired\":true,\"valueName\":\"search_term_string\"}}],\"inLanguage\":\"hu\"},{\"@type\":\"Person\",\"@id\":\"https:\\\/\\\/www.danubiushotels.com\\\/hu\\\/mozaik\\\/#\\\/schema\\\/person\\\/6eaafe26c4e1c4bf7c919b2545c5d73d\",\"name\":\"gyakornok\",\"image\":{\"@type\":\"ImageObject\",\"inLanguage\":\"hu\",\"@id\":\"https:\\\/\\\/secure.gravatar.com\\\/avatar\\\/da3068366145ef5432ff0d51d952fd8fb208e1321039ed229b00110a37b3658e?s=96&d=mm&r=g\",\"url\":\"https:\\\/\\\/secure.gravatar.com\\\/avatar\\\/da3068366145ef5432ff0d51d952fd8fb208e1321039ed229b00110a37b3658e?s=96&d=mm&r=g\",\"contentUrl\":\"https:\\\/\\\/secure.gravatar.com\\\/avatar\\\/da3068366145ef5432ff0d51d952fd8fb208e1321039ed229b00110a37b3658e?s=96&d=mm&r=g\",\"caption\":\"gyakornok\"},\"url\":\"https:\\\/\\\/www.danubiushotels.com\\\/hu\\\/mozaik\\\/author\\\/gyakornok\"}]}<\/script>\n<!-- \/ Yoast SEO plugin. -->","yoast_head_json":{"title":"Meg\u00fajul\u00f3 mentes k\u00edn\u00e1lat\u00e1t \u00e9s k\u00fcl\u00f6nleges aj\u00e1nlatok a Zsolnay K\u00e1v\u00e9h\u00e1zban - Danubius Mozaik","robots":{"index":"noindex","follow":"follow","max-snippet":"max-snippet:-1","max-image-preview":"max-image-preview:large","max-video-preview":"max-video-preview:-1"},"og_locale":"hu_HU","og_type":"article","og_title":"Meg\u00fajul\u00f3 mentes k\u00edn\u00e1lat\u00e1t \u00e9s k\u00fcl\u00f6nleges aj\u00e1nlatok a Zsolnay K\u00e1v\u00e9h\u00e1zban - Danubius Mozaik","og_description":"Manaps\u00e1g egyre t\u00f6bb embert \u00e9rint\u0151 probl\u00e9ma az \u00e9tel\u00e9rz\u00e9kenys\u00e9g, ami nagyban megnehez\u00edtheti a h\u00e9tk\u00f6znapokat azok sz\u00e1m\u00e1ra, akiknek ezzel egy\u00fctt kell \u00e9lni\u00fck. Hab\u00e1r a legt\u00f6bb \u00e9tteremben \u00e9s vend\u00e9gl\u00e1t\u00f3egys\u00e9gben m\u00e1r akad alternat\u00edva, sokszor nem k\u00f6nny\u0171 az allergi\u00e1val \u00e9l\u0151knek az ilyen helyeken fogyasztani, ugyanis a v\u00e1laszt\u00e9k gyakran korl\u00e1tozott. A Zsolnay K\u00e1v\u00e9h\u00e1z ezt figyelembe v\u00e9ve ism\u00e9t b\u0151v\u00edti k\u00edn\u00e1lat\u00e1t, \u00e9s tov\u00e1bbi [&hellip;]","og_url":"https:\/\/mozaik.icnetworkhu.com\/a-zsolnay-kavehaz-mentes-sutemenyekkel-boviti-kinalatat","og_site_name":"Danubius Mozaik","article_published_time":"2024-03-06T10:43:45+00:00","article_modified_time":"2024-09-09T11:53:26+00:00","og_image":[{"width":2560,"height":1707,"url":"https:\/\/mozaik.icnetworkhu.com\/wp-content\/uploads\/2024\/03\/Zsolnay-Cafe_Wintergarden-3-scaled.jpg","type":"image\/jpeg"}],"author":"gyakornok","twitter_card":"summary_large_image","twitter_misc":{"Szerz\u0151:":"gyakornok","Becs\u00fclt olvas\u00e1si id\u0151":"3 perc"},"schema":{"@context":"https:\/\/schema.org","@graph":[{"@type":"Article","@id":"https:\/\/mozaik.icnetworkhu.com\/a-zsolnay-kavehaz-mentes-sutemenyekkel-boviti-kinalatat#article","isPartOf":{"@id":"https:\/\/mozaik.icnetworkhu.com\/a-zsolnay-kavehaz-mentes-sutemenyekkel-boviti-kinalatat"},"author":{"name":"gyakornok","@id":"https:\/\/www.danubiushotels.com\/hu\/mozaik\/#\/schema\/person\/6eaafe26c4e1c4bf7c919b2545c5d73d"},"headline":"Meg\u00fajul\u00f3 mentes k\u00edn\u00e1lat\u00e1t \u00e9s k\u00fcl\u00f6nleges aj\u00e1nlatok a Zsolnay K\u00e1v\u00e9h\u00e1zban","datePublished":"2024-03-06T10:43:45+00:00","dateModified":"2024-09-09T11:53:26+00:00","mainEntityOfPage":{"@id":"https:\/\/mozaik.icnetworkhu.com\/a-zsolnay-kavehaz-mentes-sutemenyekkel-boviti-kinalatat"},"wordCount":532,"image":{"@id":"https:\/\/mozaik.icnetworkhu.com\/a-zsolnay-kavehaz-mentes-sutemenyekkel-boviti-kinalatat#primaryimage"},"thumbnailUrl":"https:\/\/www.danubiushotels.com\/hu\/mozaik\/wp-content\/uploads\/2024\/03\/Zsolnay-Cafe_Wintergarden-3-scaled.jpg","articleSection":["Gasztro","H\u00edrek"],"inLanguage":"hu"},{"@type":"WebPage","@id":"https:\/\/mozaik.icnetworkhu.com\/a-zsolnay-kavehaz-mentes-sutemenyekkel-boviti-kinalatat","url":"https:\/\/mozaik.icnetworkhu.com\/a-zsolnay-kavehaz-mentes-sutemenyekkel-boviti-kinalatat","name":"Meg\u00fajul\u00f3 mentes k\u00edn\u00e1lat\u00e1t \u00e9s k\u00fcl\u00f6nleges aj\u00e1nlatok a Zsolnay K\u00e1v\u00e9h\u00e1zban - Danubius Mozaik","isPartOf":{"@id":"https:\/\/www.danubiushotels.com\/hu\/mozaik\/#website"},"primaryImageOfPage":{"@id":"https:\/\/mozaik.icnetworkhu.com\/a-zsolnay-kavehaz-mentes-sutemenyekkel-boviti-kinalatat#primaryimage"},"image":{"@id":"https:\/\/mozaik.icnetworkhu.com\/a-zsolnay-kavehaz-mentes-sutemenyekkel-boviti-kinalatat#primaryimage"},"thumbnailUrl":"https:\/\/www.danubiushotels.com\/hu\/mozaik\/wp-content\/uploads\/2024\/03\/Zsolnay-Cafe_Wintergarden-3-scaled.jpg","datePublished":"2024-03-06T10:43:45+00:00","dateModified":"2024-09-09T11:53:26+00:00","author":{"@id":"https:\/\/www.danubiushotels.com\/hu\/mozaik\/#\/schema\/person\/6eaafe26c4e1c4bf7c919b2545c5d73d"},"breadcrumb":{"@id":"https:\/\/mozaik.icnetworkhu.com\/a-zsolnay-kavehaz-mentes-sutemenyekkel-boviti-kinalatat#breadcrumb"},"inLanguage":"hu","potentialAction":[{"@type":"ReadAction","target":["https:\/\/mozaik.icnetworkhu.com\/a-zsolnay-kavehaz-mentes-sutemenyekkel-boviti-kinalatat"]}]},{"@type":"ImageObject","inLanguage":"hu","@id":"https:\/\/mozaik.icnetworkhu.com\/a-zsolnay-kavehaz-mentes-sutemenyekkel-boviti-kinalatat#primaryimage","url":"https:\/\/www.danubiushotels.com\/hu\/mozaik\/wp-content\/uploads\/2024\/03\/Zsolnay-Cafe_Wintergarden-3-scaled.jpg","contentUrl":"https:\/\/www.danubiushotels.com\/hu\/mozaik\/wp-content\/uploads\/2024\/03\/Zsolnay-Cafe_Wintergarden-3-scaled.jpg","width":2560,"height":1707},{"@type":"BreadcrumbList","@id":"https:\/\/mozaik.icnetworkhu.com\/a-zsolnay-kavehaz-mentes-sutemenyekkel-boviti-kinalatat#breadcrumb","itemListElement":[{"@type":"ListItem","position":1,"name":"Home","item":"https:\/\/www.danubiushotels.com\/hu\/mozaik\/"},{"@type":"ListItem","position":2,"name":"Meg\u00fajul\u00f3 mentes k\u00edn\u00e1lat\u00e1t \u00e9s k\u00fcl\u00f6nleges aj\u00e1nlatok a Zsolnay K\u00e1v\u00e9h\u00e1zban"}]},{"@type":"WebSite","@id":"https:\/\/www.danubiushotels.com\/hu\/mozaik\/#website","url":"https:\/\/www.danubiushotels.com\/hu\/mozaik\/","name":"Danubius Mozaik","description":"Mindig van alkalom a pihen\u00e9sre...","potentialAction":[{"@type":"SearchAction","target":{"@type":"EntryPoint","urlTemplate":"https:\/\/www.danubiushotels.com\/hu\/mozaik\/?s={search_term_string}"},"query-input":{"@type":"PropertyValueSpecification","valueRequired":true,"valueName":"search_term_string"}}],"inLanguage":"hu"},{"@type":"Person","@id":"https:\/\/www.danubiushotels.com\/hu\/mozaik\/#\/schema\/person\/6eaafe26c4e1c4bf7c919b2545c5d73d","name":"gyakornok","image":{"@type":"ImageObject","inLanguage":"hu","@id":"https:\/\/secure.gravatar.com\/avatar\/da3068366145ef5432ff0d51d952fd8fb208e1321039ed229b00110a37b3658e?s=96&d=mm&r=g","url":"https:\/\/secure.gravatar.com\/avatar\/da3068366145ef5432ff0d51d952fd8fb208e1321039ed229b00110a37b3658e?s=96&d=mm&r=g","contentUrl":"https:\/\/secure.gravatar.com\/avatar\/da3068366145ef5432ff0d51d952fd8fb208e1321039ed229b00110a37b3658e?s=96&d=mm&r=g","caption":"gyakornok"},"url":"https:\/\/www.danubiushotels.com\/hu\/mozaik\/author\/gyakornok"}]}},"_links":{"self":[{"href":"https:\/\/www.danubiushotels.com\/hu\/mozaik\/wp-json\/wp\/v2\/posts\/12455","targetHints":{"allow":["GET"]}}],"collection":[{"href":"https:\/\/www.danubiushotels.com\/hu\/mozaik\/wp-json\/wp\/v2\/posts"}],"about":[{"href":"https:\/\/www.danubiushotels.com\/hu\/mozaik\/wp-json\/wp\/v2\/types\/post"}],"author":[{"embeddable":true,"href":"https:\/\/www.danubiushotels.com\/hu\/mozaik\/wp-json\/wp\/v2\/users\/17"}],"replies":[{"embeddable":true,"href":"https:\/\/www.danubiushotels.com\/hu\/mozaik\/wp-json\/wp\/v2\/comments?post=12455"}],"version-history":[{"count":4,"href":"https:\/\/www.danubiushotels.com\/hu\/mozaik\/wp-json\/wp\/v2\/posts\/12455\/revisions"}],"predecessor-version":[{"id":12530,"href":"https:\/\/www.danubiushotels.com\/hu\/mozaik\/wp-json\/wp\/v2\/posts\/12455\/revisions\/12530"}],"wp:featuredmedia":[{"embeddable":true,"href":"https:\/\/www.danubiushotels.com\/hu\/mozaik\/wp-json\/wp\/v2\/media\/12463"}],"wp:attachment":[{"href":"https:\/\/www.danubiushotels.com\/hu\/mozaik\/wp-json\/wp\/v2\/media?parent=12455"}],"wp:term":[{"taxonomy":"category","embeddable":true,"href":"https:\/\/www.danubiushotels.com\/hu\/mozaik\/wp-json\/wp\/v2\/categories?post=12455"},{"taxonomy":"post_tag","embeddable":true,"href":"https:\/\/www.danubiushotels.com\/hu\/mozaik\/wp-json\/wp\/v2\/tags?post=12455"}],"curies":[{"name":"wp","href":"https:\/\/api.w.org\/{rel}","templated":true}]}}