{"id":12474,"date":"2024-03-06T14:41:32","date_gmt":"2024-03-06T12:41:32","guid":{"rendered":"https:\/\/www.danubiushotels.com\/hu\/mozaik\/?p=12474"},"modified":"2024-09-09T13:52:47","modified_gmt":"2024-09-09T11:52:47","slug":"120-eves-a-danubius-hotel-raba","status":"publish","type":"post","link":"https:\/\/www.danubiushotels.com\/hu\/mozaik\/120-eves-a-danubius-hotel-raba","title":{"rendered":"120 \u00e9ves a Danubius Hotel R\u00e1ba"},"content":{"rendered":"<p><a href=\"https:\/\/www.danubiushotels.com\/hu\/szallodak-gyor\/hotel-raba\">Danubius Hotel R\u00e1ba<\/a> sz\u00e1llod\u00e1nk 1904-ben nyitotta meg a kapuit Gy\u0151r t\u00f6rt\u00e9nelmi belv\u00e1ros\u00e1ban. A kerek \u00e9vfordul\u00f3 alkalm\u00e1b\u00f3l sz\u00e1llod\u00e1nk egy eg\u00e9sz \u00e9ves tematikus programsorozattal eml\u00e9kezik meg az elm\u00falt 120 \u00e9v t\u00f6rt\u00e9neteir\u0151l \u00e9s a v\u00e1rosr\u00f3l. Fot\u00f3ki\u00e1ll\u00edt\u00e1s, vezetett t\u00f6rt\u00e9nelmi s\u00e9t\u00e1k, r\u00e9gi korok k\u00e1v\u00e9h\u00e1zi hangulata \u00e9s 120 \u00e9v kedvencei az \u00e9tlapon v\u00e1rj\u00e1k a sz\u00e1lloda vend\u00e9geit \u00e9s a gy\u0151rieket egyar\u00e1nt az \u00e9v folyam\u00e1n.<\/p>\n<p><a href=\"https:\/\/www.danubiushotels.com\/hu\/mozaik\/wp-content\/uploads\/2023\/08\/Royal-kep-1.jpg\"><img loading=\"lazy\" decoding=\"async\" class=\"aligncenter wp-image-12283 size-large\" src=\"https:\/\/www.danubiushotels.com\/hu\/mozaik\/wp-content\/uploads\/2023\/08\/Royal-kep-1-1024x683.jpg\" alt=\"\" width=\"720\" height=\"480\" srcset=\"https:\/\/www.danubiushotels.com\/hu\/mozaik\/wp-content\/uploads\/2023\/08\/Royal-kep-1-1024x683.jpg 1024w, https:\/\/www.danubiushotels.com\/hu\/mozaik\/wp-content\/uploads\/2023\/08\/Royal-kep-1-300x200.jpg 300w, https:\/\/www.danubiushotels.com\/hu\/mozaik\/wp-content\/uploads\/2023\/08\/Royal-kep-1-768x512.jpg 768w, https:\/\/www.danubiushotels.com\/hu\/mozaik\/wp-content\/uploads\/2023\/08\/Royal-kep-1-1536x1024.jpg 1536w, https:\/\/www.danubiushotels.com\/hu\/mozaik\/wp-content\/uploads\/2023\/08\/Royal-kep-1-2048x1366.jpg 2048w\" sizes=\"(max-width: 720px) 100vw, 720px\" \/><\/a><\/p>\n<p>A programsorozat els\u0151 \u00e1llom\u00e1sak\u00e9nt nem m\u00e1s, mint a v\u00edz ker\u00fcl a k\u00f6z\u00e9ppontba a vizek v\u00e1ros\u00e1ban. <a href=\"https:\/\/www.danubiushotels.com\/hu\/szallodak-gyor\/hotel-raba\/ajanlatok\/vizes-elmenyek-gyorben\">Vizes \u00e9lm\u00e9nyek Gy\u0151rben<\/a> csomagunkat foglalva most -50% kedvezm\u00e9nyes f\u00fcrd\u0151bel\u00e9p\u0151t k\u00edn\u00e1lunk a tavaly j\u00faniusban \u00fajranyitott R\u00e1ba Quell\u00e9be!<\/p>\n<p>A <a href=\"https:\/\/rabaquelle.hu\/\">R\u00e1ba Quelle V\u00edzi \u00c9lm\u00e9nypark \u00e9s Gy\u00f3gyf\u00fcrd\u0151<\/a> Magyarorsz\u00e1g legmodernebb cs\u00faszdaparkj\u00e1val, legnagyobb tematikus parkj\u00e1val, 21 \u00e9lm\u00e9ny- \u00e9s gy\u00f3gymedenc\u00e9vel, exkluz\u00edv jap\u00e1n szaunavil\u00e1ggal v\u00e1rja a hotel wellness pihen\u00e9sre v\u00e1gy\u00f3 vend\u00e9geit.<\/p>\n<p><a href=\"https:\/\/www.danubiushotels.com\/hu\/mozaik\/wp-content\/uploads\/2024\/03\/rq-vizi-elmenypark-este-mg_002.jpg\"><img loading=\"lazy\" decoding=\"async\" class=\"size-large wp-image-12472 aligncenter\" src=\"https:\/\/www.danubiushotels.com\/hu\/mozaik\/wp-content\/uploads\/2024\/03\/rq-vizi-elmenypark-este-mg_002-1024x656.jpg\" alt=\"\" width=\"720\" height=\"461\" srcset=\"https:\/\/www.danubiushotels.com\/hu\/mozaik\/wp-content\/uploads\/2024\/03\/rq-vizi-elmenypark-este-mg_002-1024x656.jpg 1024w, https:\/\/www.danubiushotels.com\/hu\/mozaik\/wp-content\/uploads\/2024\/03\/rq-vizi-elmenypark-este-mg_002-300x192.jpg 300w, https:\/\/www.danubiushotels.com\/hu\/mozaik\/wp-content\/uploads\/2024\/03\/rq-vizi-elmenypark-este-mg_002-768x492.jpg 768w, https:\/\/www.danubiushotels.com\/hu\/mozaik\/wp-content\/uploads\/2024\/03\/rq-vizi-elmenypark-este-mg_002.jpg 1200w\" sizes=\"(max-width: 720px) 100vw, 720px\" \/><\/a><\/p>\n<p><a href=\"https:\/\/www.danubiushotels.com\/hu\/szallodak-gyor\/hotel-raba\/ajanlatok\">Foglalja le sz\u00e1ll\u00e1s\u00e1t k\u00f6zvetlen\u00fcl weboldalunkon kereszt\u00fcl<\/a> <strong>extra 10% kedvezm\u00e9nnyel<\/strong>, egy\u00e9b kedvezm\u00e9nyekkel kapcsolatban pedig k\u00e9rj\u00fck, keresse sz\u00e1llodai kapcsolattart\u00f3j\u00e1t!<\/p>\n<p><a href=\"https:\/\/www.danubiushotels.com\/hu\/mozaik\/wp-content\/uploads\/2023\/08\/DHR_SP2_1-scaled.jpg\"><img loading=\"lazy\" decoding=\"async\" class=\"aligncenter size-large wp-image-12287\" src=\"https:\/\/www.danubiushotels.com\/hu\/mozaik\/wp-content\/uploads\/2023\/08\/DHR_SP2_1-1024x683.jpg\" alt=\"\" width=\"720\" height=\"480\" srcset=\"https:\/\/www.danubiushotels.com\/hu\/mozaik\/wp-content\/uploads\/2023\/08\/DHR_SP2_1-1024x683.jpg 1024w, https:\/\/www.danubiushotels.com\/hu\/mozaik\/wp-content\/uploads\/2023\/08\/DHR_SP2_1-300x200.jpg 300w, https:\/\/www.danubiushotels.com\/hu\/mozaik\/wp-content\/uploads\/2023\/08\/DHR_SP2_1-768x512.jpg 768w, https:\/\/www.danubiushotels.com\/hu\/mozaik\/wp-content\/uploads\/2023\/08\/DHR_SP2_1-1536x1024.jpg 1536w, https:\/\/www.danubiushotels.com\/hu\/mozaik\/wp-content\/uploads\/2023\/08\/DHR_SP2_1-2048x1365.jpg 2048w\" sizes=\"(max-width: 720px) 100vw, 720px\" \/><\/a><\/p>\n","protected":false},"excerpt":{"rendered":"<p>Danubius Hotel R\u00e1ba sz\u00e1llod\u00e1nk 1904-ben nyitotta meg a kapuit Gy\u0151r t\u00f6rt\u00e9nelmi belv\u00e1ros\u00e1ban. A kerek \u00e9vfordul\u00f3 alkalm\u00e1b\u00f3l sz\u00e1llod\u00e1nk egy eg\u00e9sz \u00e9ves tematikus programsorozattal eml\u00e9kezik meg az elm\u00falt 120 \u00e9v t\u00f6rt\u00e9neteir\u0151l \u00e9s a v\u00e1rosr\u00f3l. Fot\u00f3ki\u00e1ll\u00edt\u00e1s, vezetett t\u00f6rt\u00e9nelmi s\u00e9t\u00e1k, r\u00e9gi korok k\u00e1v\u00e9h\u00e1zi hangulata \u00e9s 120 \u00e9v kedvencei az \u00e9tlapon v\u00e1rj\u00e1k a sz\u00e1lloda vend\u00e9geit \u00e9s a gy\u0151rieket egyar\u00e1nt az [&hellip;]<\/p>\n","protected":false},"author":17,"featured_media":12283,"comment_status":"closed","ping_status":"open","sticky":false,"template":"","format":"standard","meta":{"_acf_changed":false,"_et_pb_use_builder":"","_et_pb_old_content":"","_et_gb_content_width":"","inline_featured_image":false,"footnotes":""},"categories":[4,1175],"tags":[],"class_list":["post-12474","post","type-post","status-publish","format-standard","has-post-thumbnail","hentry","category-hirek","category-szallodavilag"],"acf":[],"yoast_head":"<!-- This site is optimized with the Yoast SEO plugin v27.4 - https:\/\/yoast.com\/product\/yoast-seo-wordpress\/ -->\n<title>120 \u00e9ves a Danubius Hotel R\u00e1ba - Danubius Mozaik<\/title>\n<meta name=\"robots\" content=\"noindex, follow, max-snippet:-1, max-image-preview:large, max-video-preview:-1\" \/>\n<meta property=\"og:locale\" content=\"hu_HU\" \/>\n<meta property=\"og:type\" content=\"article\" \/>\n<meta property=\"og:title\" content=\"120 \u00e9ves a Danubius Hotel R\u00e1ba - Danubius Mozaik\" \/>\n<meta property=\"og:description\" content=\"Danubius Hotel R\u00e1ba sz\u00e1llod\u00e1nk 1904-ben nyitotta meg a kapuit Gy\u0151r t\u00f6rt\u00e9nelmi belv\u00e1ros\u00e1ban. A kerek \u00e9vfordul\u00f3 alkalm\u00e1b\u00f3l sz\u00e1llod\u00e1nk egy eg\u00e9sz \u00e9ves tematikus programsorozattal eml\u00e9kezik meg az elm\u00falt 120 \u00e9v t\u00f6rt\u00e9neteir\u0151l \u00e9s a v\u00e1rosr\u00f3l. Fot\u00f3ki\u00e1ll\u00edt\u00e1s, vezetett t\u00f6rt\u00e9nelmi s\u00e9t\u00e1k, r\u00e9gi korok k\u00e1v\u00e9h\u00e1zi hangulata \u00e9s 120 \u00e9v kedvencei az \u00e9tlapon v\u00e1rj\u00e1k a sz\u00e1lloda vend\u00e9geit \u00e9s a gy\u0151rieket egyar\u00e1nt az [&hellip;]\" \/>\n<meta property=\"og:url\" content=\"https:\/\/mozaik.icnetworkhu.com\/120-eves-a-danubius-hotel-raba\" \/>\n<meta property=\"og:site_name\" content=\"Danubius Mozaik\" \/>\n<meta property=\"article:published_time\" content=\"2024-03-06T12:41:32+00:00\" \/>\n<meta property=\"article:modified_time\" content=\"2024-09-09T11:52:47+00:00\" \/>\n<meta property=\"og:image\" content=\"https:\/\/mozaik.icnetworkhu.com\/wp-content\/uploads\/2023\/08\/Royal-kep-1.jpg\" \/>\n\t<meta property=\"og:image:width\" content=\"2257\" \/>\n\t<meta property=\"og:image:height\" content=\"1505\" \/>\n\t<meta property=\"og:image:type\" content=\"image\/jpeg\" \/>\n<meta name=\"author\" content=\"gyakornok\" \/>\n<meta name=\"twitter:card\" content=\"summary_large_image\" \/>\n<meta name=\"twitter:label1\" content=\"Szerz\u0151:\" \/>\n\t<meta name=\"twitter:data1\" content=\"gyakornok\" \/>\n\t<meta name=\"twitter:label2\" content=\"Becs\u00fclt olvas\u00e1si id\u0151\" \/>\n\t<meta name=\"twitter:data2\" content=\"2 perc\" \/>\n<script type=\"application\/ld+json\" class=\"yoast-schema-graph\">{\"@context\":\"https:\\\/\\\/schema.org\",\"@graph\":[{\"@type\":\"Article\",\"@id\":\"https:\\\/\\\/mozaik.icnetworkhu.com\\\/120-eves-a-danubius-hotel-raba#article\",\"isPartOf\":{\"@id\":\"https:\\\/\\\/mozaik.icnetworkhu.com\\\/120-eves-a-danubius-hotel-raba\"},\"author\":{\"name\":\"gyakornok\",\"@id\":\"https:\\\/\\\/www.danubiushotels.com\\\/hu\\\/mozaik\\\/#\\\/schema\\\/person\\\/6eaafe26c4e1c4bf7c919b2545c5d73d\"},\"headline\":\"120 \u00e9ves a Danubius Hotel R\u00e1ba\",\"datePublished\":\"2024-03-06T12:41:32+00:00\",\"dateModified\":\"2024-09-09T11:52:47+00:00\",\"mainEntityOfPage\":{\"@id\":\"https:\\\/\\\/mozaik.icnetworkhu.com\\\/120-eves-a-danubius-hotel-raba\"},\"wordCount\":227,\"image\":{\"@id\":\"https:\\\/\\\/mozaik.icnetworkhu.com\\\/120-eves-a-danubius-hotel-raba#primaryimage\"},\"thumbnailUrl\":\"https:\\\/\\\/www.danubiushotels.com\\\/hu\\\/mozaik\\\/wp-content\\\/uploads\\\/2023\\\/08\\\/Royal-kep-1.jpg\",\"articleSection\":[\"H\u00edrek\",\"Sz\u00e1llodavil\u00e1g\"],\"inLanguage\":\"hu\"},{\"@type\":\"WebPage\",\"@id\":\"https:\\\/\\\/mozaik.icnetworkhu.com\\\/120-eves-a-danubius-hotel-raba\",\"url\":\"https:\\\/\\\/mozaik.icnetworkhu.com\\\/120-eves-a-danubius-hotel-raba\",\"name\":\"120 \u00e9ves a Danubius Hotel R\u00e1ba - Danubius Mozaik\",\"isPartOf\":{\"@id\":\"https:\\\/\\\/www.danubiushotels.com\\\/hu\\\/mozaik\\\/#website\"},\"primaryImageOfPage\":{\"@id\":\"https:\\\/\\\/mozaik.icnetworkhu.com\\\/120-eves-a-danubius-hotel-raba#primaryimage\"},\"image\":{\"@id\":\"https:\\\/\\\/mozaik.icnetworkhu.com\\\/120-eves-a-danubius-hotel-raba#primaryimage\"},\"thumbnailUrl\":\"https:\\\/\\\/www.danubiushotels.com\\\/hu\\\/mozaik\\\/wp-content\\\/uploads\\\/2023\\\/08\\\/Royal-kep-1.jpg\",\"datePublished\":\"2024-03-06T12:41:32+00:00\",\"dateModified\":\"2024-09-09T11:52:47+00:00\",\"author\":{\"@id\":\"https:\\\/\\\/www.danubiushotels.com\\\/hu\\\/mozaik\\\/#\\\/schema\\\/person\\\/6eaafe26c4e1c4bf7c919b2545c5d73d\"},\"breadcrumb\":{\"@id\":\"https:\\\/\\\/mozaik.icnetworkhu.com\\\/120-eves-a-danubius-hotel-raba#breadcrumb\"},\"inLanguage\":\"hu\",\"potentialAction\":[{\"@type\":\"ReadAction\",\"target\":[\"https:\\\/\\\/mozaik.icnetworkhu.com\\\/120-eves-a-danubius-hotel-raba\"]}]},{\"@type\":\"ImageObject\",\"inLanguage\":\"hu\",\"@id\":\"https:\\\/\\\/mozaik.icnetworkhu.com\\\/120-eves-a-danubius-hotel-raba#primaryimage\",\"url\":\"https:\\\/\\\/www.danubiushotels.com\\\/hu\\\/mozaik\\\/wp-content\\\/uploads\\\/2023\\\/08\\\/Royal-kep-1.jpg\",\"contentUrl\":\"https:\\\/\\\/www.danubiushotels.com\\\/hu\\\/mozaik\\\/wp-content\\\/uploads\\\/2023\\\/08\\\/Royal-kep-1.jpg\",\"width\":2257,\"height\":1505},{\"@type\":\"BreadcrumbList\",\"@id\":\"https:\\\/\\\/mozaik.icnetworkhu.com\\\/120-eves-a-danubius-hotel-raba#breadcrumb\",\"itemListElement\":[{\"@type\":\"ListItem\",\"position\":1,\"name\":\"Home\",\"item\":\"https:\\\/\\\/www.danubiushotels.com\\\/hu\\\/mozaik\\\/\"},{\"@type\":\"ListItem\",\"position\":2,\"name\":\"120 \u00e9ves a Danubius Hotel R\u00e1ba\"}]},{\"@type\":\"WebSite\",\"@id\":\"https:\\\/\\\/www.danubiushotels.com\\\/hu\\\/mozaik\\\/#website\",\"url\":\"https:\\\/\\\/www.danubiushotels.com\\\/hu\\\/mozaik\\\/\",\"name\":\"Danubius Mozaik\",\"description\":\"Mindig van alkalom a pihen\u00e9sre...\",\"potentialAction\":[{\"@type\":\"SearchAction\",\"target\":{\"@type\":\"EntryPoint\",\"urlTemplate\":\"https:\\\/\\\/www.danubiushotels.com\\\/hu\\\/mozaik\\\/?s={search_term_string}\"},\"query-input\":{\"@type\":\"PropertyValueSpecification\",\"valueRequired\":true,\"valueName\":\"search_term_string\"}}],\"inLanguage\":\"hu\"},{\"@type\":\"Person\",\"@id\":\"https:\\\/\\\/www.danubiushotels.com\\\/hu\\\/mozaik\\\/#\\\/schema\\\/person\\\/6eaafe26c4e1c4bf7c919b2545c5d73d\",\"name\":\"gyakornok\",\"image\":{\"@type\":\"ImageObject\",\"inLanguage\":\"hu\",\"@id\":\"https:\\\/\\\/secure.gravatar.com\\\/avatar\\\/da3068366145ef5432ff0d51d952fd8fb208e1321039ed229b00110a37b3658e?s=96&d=mm&r=g\",\"url\":\"https:\\\/\\\/secure.gravatar.com\\\/avatar\\\/da3068366145ef5432ff0d51d952fd8fb208e1321039ed229b00110a37b3658e?s=96&d=mm&r=g\",\"contentUrl\":\"https:\\\/\\\/secure.gravatar.com\\\/avatar\\\/da3068366145ef5432ff0d51d952fd8fb208e1321039ed229b00110a37b3658e?s=96&d=mm&r=g\",\"caption\":\"gyakornok\"},\"url\":\"https:\\\/\\\/www.danubiushotels.com\\\/hu\\\/mozaik\\\/author\\\/gyakornok\"}]}<\/script>\n<!-- \/ Yoast SEO plugin. -->","yoast_head_json":{"title":"120 \u00e9ves a Danubius Hotel R\u00e1ba - Danubius Mozaik","robots":{"index":"noindex","follow":"follow","max-snippet":"max-snippet:-1","max-image-preview":"max-image-preview:large","max-video-preview":"max-video-preview:-1"},"og_locale":"hu_HU","og_type":"article","og_title":"120 \u00e9ves a Danubius Hotel R\u00e1ba - Danubius Mozaik","og_description":"Danubius Hotel R\u00e1ba sz\u00e1llod\u00e1nk 1904-ben nyitotta meg a kapuit Gy\u0151r t\u00f6rt\u00e9nelmi belv\u00e1ros\u00e1ban. A kerek \u00e9vfordul\u00f3 alkalm\u00e1b\u00f3l sz\u00e1llod\u00e1nk egy eg\u00e9sz \u00e9ves tematikus programsorozattal eml\u00e9kezik meg az elm\u00falt 120 \u00e9v t\u00f6rt\u00e9neteir\u0151l \u00e9s a v\u00e1rosr\u00f3l. Fot\u00f3ki\u00e1ll\u00edt\u00e1s, vezetett t\u00f6rt\u00e9nelmi s\u00e9t\u00e1k, r\u00e9gi korok k\u00e1v\u00e9h\u00e1zi hangulata \u00e9s 120 \u00e9v kedvencei az \u00e9tlapon v\u00e1rj\u00e1k a sz\u00e1lloda vend\u00e9geit \u00e9s a gy\u0151rieket egyar\u00e1nt az [&hellip;]","og_url":"https:\/\/mozaik.icnetworkhu.com\/120-eves-a-danubius-hotel-raba","og_site_name":"Danubius Mozaik","article_published_time":"2024-03-06T12:41:32+00:00","article_modified_time":"2024-09-09T11:52:47+00:00","og_image":[{"width":2257,"height":1505,"url":"https:\/\/mozaik.icnetworkhu.com\/wp-content\/uploads\/2023\/08\/Royal-kep-1.jpg","type":"image\/jpeg"}],"author":"gyakornok","twitter_card":"summary_large_image","twitter_misc":{"Szerz\u0151:":"gyakornok","Becs\u00fclt olvas\u00e1si id\u0151":"2 perc"},"schema":{"@context":"https:\/\/schema.org","@graph":[{"@type":"Article","@id":"https:\/\/mozaik.icnetworkhu.com\/120-eves-a-danubius-hotel-raba#article","isPartOf":{"@id":"https:\/\/mozaik.icnetworkhu.com\/120-eves-a-danubius-hotel-raba"},"author":{"name":"gyakornok","@id":"https:\/\/www.danubiushotels.com\/hu\/mozaik\/#\/schema\/person\/6eaafe26c4e1c4bf7c919b2545c5d73d"},"headline":"120 \u00e9ves a Danubius Hotel R\u00e1ba","datePublished":"2024-03-06T12:41:32+00:00","dateModified":"2024-09-09T11:52:47+00:00","mainEntityOfPage":{"@id":"https:\/\/mozaik.icnetworkhu.com\/120-eves-a-danubius-hotel-raba"},"wordCount":227,"image":{"@id":"https:\/\/mozaik.icnetworkhu.com\/120-eves-a-danubius-hotel-raba#primaryimage"},"thumbnailUrl":"https:\/\/www.danubiushotels.com\/hu\/mozaik\/wp-content\/uploads\/2023\/08\/Royal-kep-1.jpg","articleSection":["H\u00edrek","Sz\u00e1llodavil\u00e1g"],"inLanguage":"hu"},{"@type":"WebPage","@id":"https:\/\/mozaik.icnetworkhu.com\/120-eves-a-danubius-hotel-raba","url":"https:\/\/mozaik.icnetworkhu.com\/120-eves-a-danubius-hotel-raba","name":"120 \u00e9ves a Danubius Hotel R\u00e1ba - Danubius Mozaik","isPartOf":{"@id":"https:\/\/www.danubiushotels.com\/hu\/mozaik\/#website"},"primaryImageOfPage":{"@id":"https:\/\/mozaik.icnetworkhu.com\/120-eves-a-danubius-hotel-raba#primaryimage"},"image":{"@id":"https:\/\/mozaik.icnetworkhu.com\/120-eves-a-danubius-hotel-raba#primaryimage"},"thumbnailUrl":"https:\/\/www.danubiushotels.com\/hu\/mozaik\/wp-content\/uploads\/2023\/08\/Royal-kep-1.jpg","datePublished":"2024-03-06T12:41:32+00:00","dateModified":"2024-09-09T11:52:47+00:00","author":{"@id":"https:\/\/www.danubiushotels.com\/hu\/mozaik\/#\/schema\/person\/6eaafe26c4e1c4bf7c919b2545c5d73d"},"breadcrumb":{"@id":"https:\/\/mozaik.icnetworkhu.com\/120-eves-a-danubius-hotel-raba#breadcrumb"},"inLanguage":"hu","potentialAction":[{"@type":"ReadAction","target":["https:\/\/mozaik.icnetworkhu.com\/120-eves-a-danubius-hotel-raba"]}]},{"@type":"ImageObject","inLanguage":"hu","@id":"https:\/\/mozaik.icnetworkhu.com\/120-eves-a-danubius-hotel-raba#primaryimage","url":"https:\/\/www.danubiushotels.com\/hu\/mozaik\/wp-content\/uploads\/2023\/08\/Royal-kep-1.jpg","contentUrl":"https:\/\/www.danubiushotels.com\/hu\/mozaik\/wp-content\/uploads\/2023\/08\/Royal-kep-1.jpg","width":2257,"height":1505},{"@type":"BreadcrumbList","@id":"https:\/\/mozaik.icnetworkhu.com\/120-eves-a-danubius-hotel-raba#breadcrumb","itemListElement":[{"@type":"ListItem","position":1,"name":"Home","item":"https:\/\/www.danubiushotels.com\/hu\/mozaik\/"},{"@type":"ListItem","position":2,"name":"120 \u00e9ves a Danubius Hotel R\u00e1ba"}]},{"@type":"WebSite","@id":"https:\/\/www.danubiushotels.com\/hu\/mozaik\/#website","url":"https:\/\/www.danubiushotels.com\/hu\/mozaik\/","name":"Danubius Mozaik","description":"Mindig van alkalom a pihen\u00e9sre...","potentialAction":[{"@type":"SearchAction","target":{"@type":"EntryPoint","urlTemplate":"https:\/\/www.danubiushotels.com\/hu\/mozaik\/?s={search_term_string}"},"query-input":{"@type":"PropertyValueSpecification","valueRequired":true,"valueName":"search_term_string"}}],"inLanguage":"hu"},{"@type":"Person","@id":"https:\/\/www.danubiushotels.com\/hu\/mozaik\/#\/schema\/person\/6eaafe26c4e1c4bf7c919b2545c5d73d","name":"gyakornok","image":{"@type":"ImageObject","inLanguage":"hu","@id":"https:\/\/secure.gravatar.com\/avatar\/da3068366145ef5432ff0d51d952fd8fb208e1321039ed229b00110a37b3658e?s=96&d=mm&r=g","url":"https:\/\/secure.gravatar.com\/avatar\/da3068366145ef5432ff0d51d952fd8fb208e1321039ed229b00110a37b3658e?s=96&d=mm&r=g","contentUrl":"https:\/\/secure.gravatar.com\/avatar\/da3068366145ef5432ff0d51d952fd8fb208e1321039ed229b00110a37b3658e?s=96&d=mm&r=g","caption":"gyakornok"},"url":"https:\/\/www.danubiushotels.com\/hu\/mozaik\/author\/gyakornok"}]}},"_links":{"self":[{"href":"https:\/\/www.danubiushotels.com\/hu\/mozaik\/wp-json\/wp\/v2\/posts\/12474","targetHints":{"allow":["GET"]}}],"collection":[{"href":"https:\/\/www.danubiushotels.com\/hu\/mozaik\/wp-json\/wp\/v2\/posts"}],"about":[{"href":"https:\/\/www.danubiushotels.com\/hu\/mozaik\/wp-json\/wp\/v2\/types\/post"}],"author":[{"embeddable":true,"href":"https:\/\/www.danubiushotels.com\/hu\/mozaik\/wp-json\/wp\/v2\/users\/17"}],"replies":[{"embeddable":true,"href":"https:\/\/www.danubiushotels.com\/hu\/mozaik\/wp-json\/wp\/v2\/comments?post=12474"}],"version-history":[{"count":4,"href":"https:\/\/www.danubiushotels.com\/hu\/mozaik\/wp-json\/wp\/v2\/posts\/12474\/revisions"}],"predecessor-version":[{"id":12527,"href":"https:\/\/www.danubiushotels.com\/hu\/mozaik\/wp-json\/wp\/v2\/posts\/12474\/revisions\/12527"}],"wp:featuredmedia":[{"embeddable":true,"href":"https:\/\/www.danubiushotels.com\/hu\/mozaik\/wp-json\/wp\/v2\/media\/12283"}],"wp:attachment":[{"href":"https:\/\/www.danubiushotels.com\/hu\/mozaik\/wp-json\/wp\/v2\/media?parent=12474"}],"wp:term":[{"taxonomy":"category","embeddable":true,"href":"https:\/\/www.danubiushotels.com\/hu\/mozaik\/wp-json\/wp\/v2\/categories?post=12474"},{"taxonomy":"post_tag","embeddable":true,"href":"https:\/\/www.danubiushotels.com\/hu\/mozaik\/wp-json\/wp\/v2\/tags?post=12474"}],"curies":[{"name":"wp","href":"https:\/\/api.w.org\/{rel}","templated":true}]}}