{"id":12476,"date":"2024-03-12T15:32:54","date_gmt":"2024-03-12T13:32:54","guid":{"rendered":"https:\/\/www.danubiushotels.com\/hu\/mozaik\/?p=12476"},"modified":"2024-09-09T14:08:36","modified_gmt":"2024-09-09T12:08:36","slug":"a-2024-es-ev-a-megujulast-jelenti-a-hevizi-ensana-thermal-aqua-szalloda-eleteben","status":"publish","type":"post","link":"https:\/\/www.danubiushotels.com\/hu\/mozaik\/a-2024-es-ev-a-megujulast-jelenti-a-hevizi-ensana-thermal-aqua-szalloda-eleteben","title":{"rendered":"A 2024-es \u00e9v a meg\u00fajul\u00e1st jelenti a h\u00e9v\u00edzi Ensana Thermal Aqua sz\u00e1lloda \u00e9let\u00e9ben"},"content":{"rendered":"<p><a href=\"https:\/\/ensanahotels.com\/hu\/szallodak\/thermal-aqua\">Ensana Thermal Aqua<\/a> sz\u00e1llod\u00e1nk 3. emeleti szintje \u00faj arculatot kap, \u00e1prilis k\u00f6zep\u00e9re pedig 32 szoba \u00e9s egy lakoszt\u00e1ly ker\u00fcl fel\u00faj\u00edt\u00e1sra. Az \u00faj szob\u00e1k tervez\u00e9s\u00e9n\u00e9l a modern diz\u00e1jn mellett a jelen kor k\u00f6vetelm\u00e9nyeinek val\u00f3 megfelel\u00e9s volt a f\u0151 szempont.<\/p>\n<p>A tervez\u0151 a term\u00e9szetes, nat\u00far sz\u00ednvil\u00e1got \u00e1lmodta meg a tereknek, ezeket sz\u00ednes diz\u00e1jnelemekkel \u00e9s b\u00fatorokkal tett egyediv\u00e9. A feh\u00e9r alapsz\u00edn mellett a b\u00e9zs, a t\u00fcrkiz \u00e9s a lila kieg\u00e9sz\u00edt\u0151 sz\u00ednek jelennek meg, a be\u00e9p\u00edtett faanyagok pedig a term\u00e9szet k\u00f6zeli \u00e9rz\u00e9st k\u00f6zvet\u00edtenek. Mindez Nathalie Rottenburg keze munk\u00e1j\u00e1t dics\u00e9ri, aki m\u00e1r 2015 \u00f3ta dolgozik egy\u00fctt a sz\u00e1llodal\u00e1nccal.<\/p>\n<p><a href=\"https:\/\/www.danubiushotels.com\/hu\/mozaik\/wp-content\/uploads\/2024\/03\/Ensana_Thermal_Heviz-004c-scaled.jpg\"><img loading=\"lazy\" decoding=\"async\" class=\"size-large wp-image-12484 aligncenter\" src=\"https:\/\/www.danubiushotels.com\/hu\/mozaik\/wp-content\/uploads\/2024\/03\/Ensana_Thermal_Heviz-004c-1024x681.jpg\" alt=\"\" width=\"720\" height=\"479\" srcset=\"https:\/\/www.danubiushotels.com\/hu\/mozaik\/wp-content\/uploads\/2024\/03\/Ensana_Thermal_Heviz-004c-1024x681.jpg 1024w, https:\/\/www.danubiushotels.com\/hu\/mozaik\/wp-content\/uploads\/2024\/03\/Ensana_Thermal_Heviz-004c-300x200.jpg 300w, https:\/\/www.danubiushotels.com\/hu\/mozaik\/wp-content\/uploads\/2024\/03\/Ensana_Thermal_Heviz-004c-768x511.jpg 768w, https:\/\/www.danubiushotels.com\/hu\/mozaik\/wp-content\/uploads\/2024\/03\/Ensana_Thermal_Heviz-004c-1536x1022.jpg 1536w, https:\/\/www.danubiushotels.com\/hu\/mozaik\/wp-content\/uploads\/2024\/03\/Ensana_Thermal_Heviz-004c-2048x1363.jpg 2048w\" sizes=\"(max-width: 720px) 100vw, 720px\" \/><\/a><\/p>\n<p>A Premium kateg\u00f3ri\u00e1j\u00fa szob\u00e1k mindegyike praktikus kialak\u00edt\u00e1s\u00fa, falt\u00f3l-falig zuhanyz\u00f3val felszerelt \u00e9s nagyobb m\u00e9ret\u0171 TV-vel rendelkezik. A k\u00e9nyelmet \u00e9s a nyugodt pihen\u00e9st \u00faj, komfortos \u00e1gyak \u00e9s matracok biztos\u00edtj\u00e1k, az \u00faj Premium emeleten francia\u00e1gyas szob\u00e1k is foglalhat\u00f3ak.<\/p>\n<p>Technikai \u00faj\u00edt\u00e1sk\u00e9nt \u201eokos rendszer\u201d ker\u00fcl be\u00e9p\u00edt\u00e9sre, ami a magas vend\u00e9g\u00e9lm\u00e9ny el\u00e9r\u00e9se mellett az energiagazd\u00e1lkod\u00e1s szempontj\u00e1b\u00f3l is fontos l\u00e9p\u00e9s a c\u00e9g \u00e9let\u00e9ben.<\/p>\n<p><a href=\"https:\/\/www.danubiushotels.com\/hu\/mozaik\/wp-content\/uploads\/2024\/03\/Ensana_Thermal_Heviz-007c-scaled.jpg\"><img loading=\"lazy\" decoding=\"async\" class=\"aligncenter size-large wp-image-12486\" src=\"https:\/\/www.danubiushotels.com\/hu\/mozaik\/wp-content\/uploads\/2024\/03\/Ensana_Thermal_Heviz-007c-1024x681.jpg\" alt=\"\" width=\"720\" height=\"479\" srcset=\"https:\/\/www.danubiushotels.com\/hu\/mozaik\/wp-content\/uploads\/2024\/03\/Ensana_Thermal_Heviz-007c-1024x681.jpg 1024w, https:\/\/www.danubiushotels.com\/hu\/mozaik\/wp-content\/uploads\/2024\/03\/Ensana_Thermal_Heviz-007c-300x200.jpg 300w, https:\/\/www.danubiushotels.com\/hu\/mozaik\/wp-content\/uploads\/2024\/03\/Ensana_Thermal_Heviz-007c-768x511.jpg 768w, https:\/\/www.danubiushotels.com\/hu\/mozaik\/wp-content\/uploads\/2024\/03\/Ensana_Thermal_Heviz-007c-1536x1022.jpg 1536w, https:\/\/www.danubiushotels.com\/hu\/mozaik\/wp-content\/uploads\/2024\/03\/Ensana_Thermal_Heviz-007c-2048x1363.jpg 2048w\" sizes=\"(max-width: 720px) 100vw, 720px\" \/><\/a><\/p>\n<p>A meg\u00fajult arculat\u00fa emelet szob\u00e1iban b\u0151v\u00edtett teav\u00e1laszt\u00e9kot biztos\u00edtunk, illetve kapszul\u00e1s k\u00e1v\u00e9f\u0151z\u0151 is rendelkez\u00e9sre \u00e1ll majd.<\/p>\n<p>A c\u00e9l, hogy a zavartalan kikapcsol\u00f3d\u00e1shoz megfelel\u0151 k\u00e9nyelmes k\u00f6rnyezetet biztos\u00edtsunk a legmagasabb szolg\u00e1ltat\u00e1si sz\u00ednvonallal \u00e9s modern felszerel\u00e9sekkel p\u00e1ros\u00edtva.<\/p>\n","protected":false},"excerpt":{"rendered":"<p>Ensana Thermal Aqua sz\u00e1llod\u00e1nk 3. emeleti szintje \u00faj arculatot kap, \u00e1prilis k\u00f6zep\u00e9re pedig 32 szoba \u00e9s egy lakoszt\u00e1ly ker\u00fcl fel\u00faj\u00edt\u00e1sra. Az \u00faj szob\u00e1k tervez\u00e9s\u00e9n\u00e9l a modern diz\u00e1jn mellett a jelen kor k\u00f6vetelm\u00e9nyeinek val\u00f3 megfelel\u00e9s volt a f\u0151 szempont. A tervez\u0151 a term\u00e9szetes, nat\u00far sz\u00ednvil\u00e1got \u00e1lmodta meg a tereknek, ezeket sz\u00ednes diz\u00e1jnelemekkel \u00e9s b\u00fatorokkal tett egyediv\u00e9. [&hellip;]<\/p>\n","protected":false},"author":17,"featured_media":12484,"comment_status":"closed","ping_status":"open","sticky":false,"template":"","format":"standard","meta":{"_acf_changed":false,"_et_pb_use_builder":"","_et_pb_old_content":"","_et_gb_content_width":"","inline_featured_image":false,"footnotes":""},"categories":[4,1175],"tags":[1174],"class_list":["post-12476","post","type-post","status-publish","format-standard","has-post-thumbnail","hentry","category-hirek","category-szallodavilag","tag-szallodavilag"],"acf":[],"yoast_head":"<!-- This site is optimized with the Yoast SEO plugin v27.4 - https:\/\/yoast.com\/product\/yoast-seo-wordpress\/ -->\n<title>A 2024-es \u00e9v a meg\u00fajul\u00e1st jelenti a h\u00e9v\u00edzi Ensana Thermal Aqua sz\u00e1lloda \u00e9let\u00e9ben - Danubius Mozaik<\/title>\n<meta name=\"robots\" content=\"noindex, follow, max-snippet:-1, max-image-preview:large, max-video-preview:-1\" \/>\n<meta property=\"og:locale\" content=\"hu_HU\" \/>\n<meta property=\"og:type\" content=\"article\" \/>\n<meta property=\"og:title\" content=\"A 2024-es \u00e9v a meg\u00fajul\u00e1st jelenti a h\u00e9v\u00edzi Ensana Thermal Aqua sz\u00e1lloda \u00e9let\u00e9ben - Danubius Mozaik\" \/>\n<meta property=\"og:description\" content=\"Ensana Thermal Aqua sz\u00e1llod\u00e1nk 3. emeleti szintje \u00faj arculatot kap, \u00e1prilis k\u00f6zep\u00e9re pedig 32 szoba \u00e9s egy lakoszt\u00e1ly ker\u00fcl fel\u00faj\u00edt\u00e1sra. Az \u00faj szob\u00e1k tervez\u00e9s\u00e9n\u00e9l a modern diz\u00e1jn mellett a jelen kor k\u00f6vetelm\u00e9nyeinek val\u00f3 megfelel\u00e9s volt a f\u0151 szempont. A tervez\u0151 a term\u00e9szetes, nat\u00far sz\u00ednvil\u00e1got \u00e1lmodta meg a tereknek, ezeket sz\u00ednes diz\u00e1jnelemekkel \u00e9s b\u00fatorokkal tett egyediv\u00e9. [&hellip;]\" \/>\n<meta property=\"og:url\" content=\"https:\/\/mozaik.icnetworkhu.com\/a-2024-es-ev-a-megujulast-jelenti-a-hevizi-ensana-thermal-aqua-szalloda-eleteben\" \/>\n<meta property=\"og:site_name\" content=\"Danubius Mozaik\" \/>\n<meta property=\"article:published_time\" content=\"2024-03-12T13:32:54+00:00\" \/>\n<meta property=\"article:modified_time\" content=\"2024-09-09T12:08:36+00:00\" \/>\n<meta property=\"og:image\" content=\"https:\/\/mozaik.icnetworkhu.com\/wp-content\/uploads\/2024\/03\/Ensana_Thermal_Heviz-004c-scaled.jpg\" \/>\n\t<meta property=\"og:image:width\" content=\"2560\" \/>\n\t<meta property=\"og:image:height\" content=\"1703\" \/>\n\t<meta property=\"og:image:type\" content=\"image\/jpeg\" \/>\n<meta name=\"author\" content=\"gyakornok\" \/>\n<meta name=\"twitter:card\" content=\"summary_large_image\" \/>\n<meta name=\"twitter:label1\" content=\"Szerz\u0151:\" \/>\n\t<meta name=\"twitter:data1\" content=\"gyakornok\" \/>\n\t<meta name=\"twitter:label2\" content=\"Becs\u00fclt olvas\u00e1si id\u0151\" \/>\n\t<meta name=\"twitter:data2\" content=\"2 perc\" \/>\n<script type=\"application\/ld+json\" class=\"yoast-schema-graph\">{\"@context\":\"https:\\\/\\\/schema.org\",\"@graph\":[{\"@type\":\"Article\",\"@id\":\"https:\\\/\\\/mozaik.icnetworkhu.com\\\/a-2024-es-ev-a-megujulast-jelenti-a-hevizi-ensana-thermal-aqua-szalloda-eleteben#article\",\"isPartOf\":{\"@id\":\"https:\\\/\\\/mozaik.icnetworkhu.com\\\/a-2024-es-ev-a-megujulast-jelenti-a-hevizi-ensana-thermal-aqua-szalloda-eleteben\"},\"author\":{\"name\":\"gyakornok\",\"@id\":\"https:\\\/\\\/www.danubiushotels.com\\\/hu\\\/mozaik\\\/#\\\/schema\\\/person\\\/6eaafe26c4e1c4bf7c919b2545c5d73d\"},\"headline\":\"A 2024-es \u00e9v a meg\u00fajul\u00e1st jelenti a h\u00e9v\u00edzi Ensana Thermal Aqua sz\u00e1lloda \u00e9let\u00e9ben\",\"datePublished\":\"2024-03-12T13:32:54+00:00\",\"dateModified\":\"2024-09-09T12:08:36+00:00\",\"mainEntityOfPage\":{\"@id\":\"https:\\\/\\\/mozaik.icnetworkhu.com\\\/a-2024-es-ev-a-megujulast-jelenti-a-hevizi-ensana-thermal-aqua-szalloda-eleteben\"},\"wordCount\":302,\"image\":{\"@id\":\"https:\\\/\\\/mozaik.icnetworkhu.com\\\/a-2024-es-ev-a-megujulast-jelenti-a-hevizi-ensana-thermal-aqua-szalloda-eleteben#primaryimage\"},\"thumbnailUrl\":\"https:\\\/\\\/www.danubiushotels.com\\\/hu\\\/mozaik\\\/wp-content\\\/uploads\\\/2024\\\/03\\\/Ensana_Thermal_Heviz-004c-scaled.jpg\",\"keywords\":[\"Sz\u00e1llodavil\u00e1g\"],\"articleSection\":[\"H\u00edrek\",\"Sz\u00e1llodavil\u00e1g\"],\"inLanguage\":\"hu\"},{\"@type\":\"WebPage\",\"@id\":\"https:\\\/\\\/mozaik.icnetworkhu.com\\\/a-2024-es-ev-a-megujulast-jelenti-a-hevizi-ensana-thermal-aqua-szalloda-eleteben\",\"url\":\"https:\\\/\\\/mozaik.icnetworkhu.com\\\/a-2024-es-ev-a-megujulast-jelenti-a-hevizi-ensana-thermal-aqua-szalloda-eleteben\",\"name\":\"A 2024-es \u00e9v a meg\u00fajul\u00e1st jelenti a h\u00e9v\u00edzi Ensana Thermal Aqua sz\u00e1lloda \u00e9let\u00e9ben - Danubius Mozaik\",\"isPartOf\":{\"@id\":\"https:\\\/\\\/www.danubiushotels.com\\\/hu\\\/mozaik\\\/#website\"},\"primaryImageOfPage\":{\"@id\":\"https:\\\/\\\/mozaik.icnetworkhu.com\\\/a-2024-es-ev-a-megujulast-jelenti-a-hevizi-ensana-thermal-aqua-szalloda-eleteben#primaryimage\"},\"image\":{\"@id\":\"https:\\\/\\\/mozaik.icnetworkhu.com\\\/a-2024-es-ev-a-megujulast-jelenti-a-hevizi-ensana-thermal-aqua-szalloda-eleteben#primaryimage\"},\"thumbnailUrl\":\"https:\\\/\\\/www.danubiushotels.com\\\/hu\\\/mozaik\\\/wp-content\\\/uploads\\\/2024\\\/03\\\/Ensana_Thermal_Heviz-004c-scaled.jpg\",\"datePublished\":\"2024-03-12T13:32:54+00:00\",\"dateModified\":\"2024-09-09T12:08:36+00:00\",\"author\":{\"@id\":\"https:\\\/\\\/www.danubiushotels.com\\\/hu\\\/mozaik\\\/#\\\/schema\\\/person\\\/6eaafe26c4e1c4bf7c919b2545c5d73d\"},\"breadcrumb\":{\"@id\":\"https:\\\/\\\/mozaik.icnetworkhu.com\\\/a-2024-es-ev-a-megujulast-jelenti-a-hevizi-ensana-thermal-aqua-szalloda-eleteben#breadcrumb\"},\"inLanguage\":\"hu\",\"potentialAction\":[{\"@type\":\"ReadAction\",\"target\":[\"https:\\\/\\\/mozaik.icnetworkhu.com\\\/a-2024-es-ev-a-megujulast-jelenti-a-hevizi-ensana-thermal-aqua-szalloda-eleteben\"]}]},{\"@type\":\"ImageObject\",\"inLanguage\":\"hu\",\"@id\":\"https:\\\/\\\/mozaik.icnetworkhu.com\\\/a-2024-es-ev-a-megujulast-jelenti-a-hevizi-ensana-thermal-aqua-szalloda-eleteben#primaryimage\",\"url\":\"https:\\\/\\\/www.danubiushotels.com\\\/hu\\\/mozaik\\\/wp-content\\\/uploads\\\/2024\\\/03\\\/Ensana_Thermal_Heviz-004c-scaled.jpg\",\"contentUrl\":\"https:\\\/\\\/www.danubiushotels.com\\\/hu\\\/mozaik\\\/wp-content\\\/uploads\\\/2024\\\/03\\\/Ensana_Thermal_Heviz-004c-scaled.jpg\",\"width\":2560,\"height\":1703},{\"@type\":\"BreadcrumbList\",\"@id\":\"https:\\\/\\\/mozaik.icnetworkhu.com\\\/a-2024-es-ev-a-megujulast-jelenti-a-hevizi-ensana-thermal-aqua-szalloda-eleteben#breadcrumb\",\"itemListElement\":[{\"@type\":\"ListItem\",\"position\":1,\"name\":\"Home\",\"item\":\"https:\\\/\\\/www.danubiushotels.com\\\/hu\\\/mozaik\\\/\"},{\"@type\":\"ListItem\",\"position\":2,\"name\":\"A 2024-es \u00e9v a meg\u00fajul\u00e1st jelenti a h\u00e9v\u00edzi Ensana Thermal Aqua sz\u00e1lloda \u00e9let\u00e9ben\"}]},{\"@type\":\"WebSite\",\"@id\":\"https:\\\/\\\/www.danubiushotels.com\\\/hu\\\/mozaik\\\/#website\",\"url\":\"https:\\\/\\\/www.danubiushotels.com\\\/hu\\\/mozaik\\\/\",\"name\":\"Danubius Mozaik\",\"description\":\"Mindig van alkalom a pihen\u00e9sre...\",\"potentialAction\":[{\"@type\":\"SearchAction\",\"target\":{\"@type\":\"EntryPoint\",\"urlTemplate\":\"https:\\\/\\\/www.danubiushotels.com\\\/hu\\\/mozaik\\\/?s={search_term_string}\"},\"query-input\":{\"@type\":\"PropertyValueSpecification\",\"valueRequired\":true,\"valueName\":\"search_term_string\"}}],\"inLanguage\":\"hu\"},{\"@type\":\"Person\",\"@id\":\"https:\\\/\\\/www.danubiushotels.com\\\/hu\\\/mozaik\\\/#\\\/schema\\\/person\\\/6eaafe26c4e1c4bf7c919b2545c5d73d\",\"name\":\"gyakornok\",\"image\":{\"@type\":\"ImageObject\",\"inLanguage\":\"hu\",\"@id\":\"https:\\\/\\\/secure.gravatar.com\\\/avatar\\\/da3068366145ef5432ff0d51d952fd8fb208e1321039ed229b00110a37b3658e?s=96&d=mm&r=g\",\"url\":\"https:\\\/\\\/secure.gravatar.com\\\/avatar\\\/da3068366145ef5432ff0d51d952fd8fb208e1321039ed229b00110a37b3658e?s=96&d=mm&r=g\",\"contentUrl\":\"https:\\\/\\\/secure.gravatar.com\\\/avatar\\\/da3068366145ef5432ff0d51d952fd8fb208e1321039ed229b00110a37b3658e?s=96&d=mm&r=g\",\"caption\":\"gyakornok\"},\"url\":\"https:\\\/\\\/www.danubiushotels.com\\\/hu\\\/mozaik\\\/author\\\/gyakornok\"}]}<\/script>\n<!-- \/ Yoast SEO plugin. -->","yoast_head_json":{"title":"A 2024-es \u00e9v a meg\u00fajul\u00e1st jelenti a h\u00e9v\u00edzi Ensana Thermal Aqua sz\u00e1lloda \u00e9let\u00e9ben - Danubius Mozaik","robots":{"index":"noindex","follow":"follow","max-snippet":"max-snippet:-1","max-image-preview":"max-image-preview:large","max-video-preview":"max-video-preview:-1"},"og_locale":"hu_HU","og_type":"article","og_title":"A 2024-es \u00e9v a meg\u00fajul\u00e1st jelenti a h\u00e9v\u00edzi Ensana Thermal Aqua sz\u00e1lloda \u00e9let\u00e9ben - Danubius Mozaik","og_description":"Ensana Thermal Aqua sz\u00e1llod\u00e1nk 3. emeleti szintje \u00faj arculatot kap, \u00e1prilis k\u00f6zep\u00e9re pedig 32 szoba \u00e9s egy lakoszt\u00e1ly ker\u00fcl fel\u00faj\u00edt\u00e1sra. Az \u00faj szob\u00e1k tervez\u00e9s\u00e9n\u00e9l a modern diz\u00e1jn mellett a jelen kor k\u00f6vetelm\u00e9nyeinek val\u00f3 megfelel\u00e9s volt a f\u0151 szempont. A tervez\u0151 a term\u00e9szetes, nat\u00far sz\u00ednvil\u00e1got \u00e1lmodta meg a tereknek, ezeket sz\u00ednes diz\u00e1jnelemekkel \u00e9s b\u00fatorokkal tett egyediv\u00e9. [&hellip;]","og_url":"https:\/\/mozaik.icnetworkhu.com\/a-2024-es-ev-a-megujulast-jelenti-a-hevizi-ensana-thermal-aqua-szalloda-eleteben","og_site_name":"Danubius Mozaik","article_published_time":"2024-03-12T13:32:54+00:00","article_modified_time":"2024-09-09T12:08:36+00:00","og_image":[{"width":2560,"height":1703,"url":"https:\/\/mozaik.icnetworkhu.com\/wp-content\/uploads\/2024\/03\/Ensana_Thermal_Heviz-004c-scaled.jpg","type":"image\/jpeg"}],"author":"gyakornok","twitter_card":"summary_large_image","twitter_misc":{"Szerz\u0151:":"gyakornok","Becs\u00fclt olvas\u00e1si id\u0151":"2 perc"},"schema":{"@context":"https:\/\/schema.org","@graph":[{"@type":"Article","@id":"https:\/\/mozaik.icnetworkhu.com\/a-2024-es-ev-a-megujulast-jelenti-a-hevizi-ensana-thermal-aqua-szalloda-eleteben#article","isPartOf":{"@id":"https:\/\/mozaik.icnetworkhu.com\/a-2024-es-ev-a-megujulast-jelenti-a-hevizi-ensana-thermal-aqua-szalloda-eleteben"},"author":{"name":"gyakornok","@id":"https:\/\/www.danubiushotels.com\/hu\/mozaik\/#\/schema\/person\/6eaafe26c4e1c4bf7c919b2545c5d73d"},"headline":"A 2024-es \u00e9v a meg\u00fajul\u00e1st jelenti a h\u00e9v\u00edzi Ensana Thermal Aqua sz\u00e1lloda \u00e9let\u00e9ben","datePublished":"2024-03-12T13:32:54+00:00","dateModified":"2024-09-09T12:08:36+00:00","mainEntityOfPage":{"@id":"https:\/\/mozaik.icnetworkhu.com\/a-2024-es-ev-a-megujulast-jelenti-a-hevizi-ensana-thermal-aqua-szalloda-eleteben"},"wordCount":302,"image":{"@id":"https:\/\/mozaik.icnetworkhu.com\/a-2024-es-ev-a-megujulast-jelenti-a-hevizi-ensana-thermal-aqua-szalloda-eleteben#primaryimage"},"thumbnailUrl":"https:\/\/www.danubiushotels.com\/hu\/mozaik\/wp-content\/uploads\/2024\/03\/Ensana_Thermal_Heviz-004c-scaled.jpg","keywords":["Sz\u00e1llodavil\u00e1g"],"articleSection":["H\u00edrek","Sz\u00e1llodavil\u00e1g"],"inLanguage":"hu"},{"@type":"WebPage","@id":"https:\/\/mozaik.icnetworkhu.com\/a-2024-es-ev-a-megujulast-jelenti-a-hevizi-ensana-thermal-aqua-szalloda-eleteben","url":"https:\/\/mozaik.icnetworkhu.com\/a-2024-es-ev-a-megujulast-jelenti-a-hevizi-ensana-thermal-aqua-szalloda-eleteben","name":"A 2024-es \u00e9v a meg\u00fajul\u00e1st jelenti a h\u00e9v\u00edzi Ensana Thermal Aqua sz\u00e1lloda \u00e9let\u00e9ben - Danubius Mozaik","isPartOf":{"@id":"https:\/\/www.danubiushotels.com\/hu\/mozaik\/#website"},"primaryImageOfPage":{"@id":"https:\/\/mozaik.icnetworkhu.com\/a-2024-es-ev-a-megujulast-jelenti-a-hevizi-ensana-thermal-aqua-szalloda-eleteben#primaryimage"},"image":{"@id":"https:\/\/mozaik.icnetworkhu.com\/a-2024-es-ev-a-megujulast-jelenti-a-hevizi-ensana-thermal-aqua-szalloda-eleteben#primaryimage"},"thumbnailUrl":"https:\/\/www.danubiushotels.com\/hu\/mozaik\/wp-content\/uploads\/2024\/03\/Ensana_Thermal_Heviz-004c-scaled.jpg","datePublished":"2024-03-12T13:32:54+00:00","dateModified":"2024-09-09T12:08:36+00:00","author":{"@id":"https:\/\/www.danubiushotels.com\/hu\/mozaik\/#\/schema\/person\/6eaafe26c4e1c4bf7c919b2545c5d73d"},"breadcrumb":{"@id":"https:\/\/mozaik.icnetworkhu.com\/a-2024-es-ev-a-megujulast-jelenti-a-hevizi-ensana-thermal-aqua-szalloda-eleteben#breadcrumb"},"inLanguage":"hu","potentialAction":[{"@type":"ReadAction","target":["https:\/\/mozaik.icnetworkhu.com\/a-2024-es-ev-a-megujulast-jelenti-a-hevizi-ensana-thermal-aqua-szalloda-eleteben"]}]},{"@type":"ImageObject","inLanguage":"hu","@id":"https:\/\/mozaik.icnetworkhu.com\/a-2024-es-ev-a-megujulast-jelenti-a-hevizi-ensana-thermal-aqua-szalloda-eleteben#primaryimage","url":"https:\/\/www.danubiushotels.com\/hu\/mozaik\/wp-content\/uploads\/2024\/03\/Ensana_Thermal_Heviz-004c-scaled.jpg","contentUrl":"https:\/\/www.danubiushotels.com\/hu\/mozaik\/wp-content\/uploads\/2024\/03\/Ensana_Thermal_Heviz-004c-scaled.jpg","width":2560,"height":1703},{"@type":"BreadcrumbList","@id":"https:\/\/mozaik.icnetworkhu.com\/a-2024-es-ev-a-megujulast-jelenti-a-hevizi-ensana-thermal-aqua-szalloda-eleteben#breadcrumb","itemListElement":[{"@type":"ListItem","position":1,"name":"Home","item":"https:\/\/www.danubiushotels.com\/hu\/mozaik\/"},{"@type":"ListItem","position":2,"name":"A 2024-es \u00e9v a meg\u00fajul\u00e1st jelenti a h\u00e9v\u00edzi Ensana Thermal Aqua sz\u00e1lloda \u00e9let\u00e9ben"}]},{"@type":"WebSite","@id":"https:\/\/www.danubiushotels.com\/hu\/mozaik\/#website","url":"https:\/\/www.danubiushotels.com\/hu\/mozaik\/","name":"Danubius Mozaik","description":"Mindig van alkalom a pihen\u00e9sre...","potentialAction":[{"@type":"SearchAction","target":{"@type":"EntryPoint","urlTemplate":"https:\/\/www.danubiushotels.com\/hu\/mozaik\/?s={search_term_string}"},"query-input":{"@type":"PropertyValueSpecification","valueRequired":true,"valueName":"search_term_string"}}],"inLanguage":"hu"},{"@type":"Person","@id":"https:\/\/www.danubiushotels.com\/hu\/mozaik\/#\/schema\/person\/6eaafe26c4e1c4bf7c919b2545c5d73d","name":"gyakornok","image":{"@type":"ImageObject","inLanguage":"hu","@id":"https:\/\/secure.gravatar.com\/avatar\/da3068366145ef5432ff0d51d952fd8fb208e1321039ed229b00110a37b3658e?s=96&d=mm&r=g","url":"https:\/\/secure.gravatar.com\/avatar\/da3068366145ef5432ff0d51d952fd8fb208e1321039ed229b00110a37b3658e?s=96&d=mm&r=g","contentUrl":"https:\/\/secure.gravatar.com\/avatar\/da3068366145ef5432ff0d51d952fd8fb208e1321039ed229b00110a37b3658e?s=96&d=mm&r=g","caption":"gyakornok"},"url":"https:\/\/www.danubiushotels.com\/hu\/mozaik\/author\/gyakornok"}]}},"_links":{"self":[{"href":"https:\/\/www.danubiushotels.com\/hu\/mozaik\/wp-json\/wp\/v2\/posts\/12476","targetHints":{"allow":["GET"]}}],"collection":[{"href":"https:\/\/www.danubiushotels.com\/hu\/mozaik\/wp-json\/wp\/v2\/posts"}],"about":[{"href":"https:\/\/www.danubiushotels.com\/hu\/mozaik\/wp-json\/wp\/v2\/types\/post"}],"author":[{"embeddable":true,"href":"https:\/\/www.danubiushotels.com\/hu\/mozaik\/wp-json\/wp\/v2\/users\/17"}],"replies":[{"embeddable":true,"href":"https:\/\/www.danubiushotels.com\/hu\/mozaik\/wp-json\/wp\/v2\/comments?post=12476"}],"version-history":[{"count":4,"href":"https:\/\/www.danubiushotels.com\/hu\/mozaik\/wp-json\/wp\/v2\/posts\/12476\/revisions"}],"predecessor-version":[{"id":12524,"href":"https:\/\/www.danubiushotels.com\/hu\/mozaik\/wp-json\/wp\/v2\/posts\/12476\/revisions\/12524"}],"wp:featuredmedia":[{"embeddable":true,"href":"https:\/\/www.danubiushotels.com\/hu\/mozaik\/wp-json\/wp\/v2\/media\/12484"}],"wp:attachment":[{"href":"https:\/\/www.danubiushotels.com\/hu\/mozaik\/wp-json\/wp\/v2\/media?parent=12476"}],"wp:term":[{"taxonomy":"category","embeddable":true,"href":"https:\/\/www.danubiushotels.com\/hu\/mozaik\/wp-json\/wp\/v2\/categories?post=12476"},{"taxonomy":"post_tag","embeddable":true,"href":"https:\/\/www.danubiushotels.com\/hu\/mozaik\/wp-json\/wp\/v2\/tags?post=12476"}],"curies":[{"name":"wp","href":"https:\/\/api.w.org\/{rel}","templated":true}]}}