{"id":12478,"date":"2024-03-22T13:45:36","date_gmt":"2024-03-22T11:45:36","guid":{"rendered":"https:\/\/www.danubiushotels.com\/hu\/mozaik\/?p=12478"},"modified":"2024-08-30T12:29:19","modified_gmt":"2024-08-30T10:29:19","slug":"tavaszi-nagy-felujitas-es-balatoni-elmenyek","status":"publish","type":"post","link":"https:\/\/www.danubiushotels.com\/hu\/mozaik\/tavaszi-nagy-felujitas-es-balatoni-elmenyek","title":{"rendered":"Tavaszi nagy fel\u00faj\u00edt\u00e1s \u00e9s balatoni \u00e9lm\u00e9nyek"},"content":{"rendered":"<p>A <a href=\"https:\/\/www.danubiushotels.com\/hu\/szallodak-balatonfured\/hotel-annabella\">Danubius Hotel Annabella<\/a> modern pr\u00e9mium szob\u00e1i kiemelked\u0151 k\u00e9nyelmet \u00e9s exkluzivit\u00e1st ny\u00fajtanak a vend\u00e9gek sz\u00e1m\u00e1ra. <strong>Id\u00e9n \u00e1prilist\u00f3l 135 vadonat\u00faj pr\u00e9mium szoba \u00e1ll rendelkez\u00e9s\u00e9re<\/strong>, modern berendez\u00e9ssel \u00e9s k\u00e9nyelmes szolg\u00e1ltat\u00e1sokkal.<\/p>\n<p><a href=\"https:\/\/www.danubiushotels.com\/hu\/mozaik\/wp-content\/uploads\/2024\/03\/Annabella_mintaszoba-001-scaled.jpg\"><img loading=\"lazy\" decoding=\"async\" class=\"size-large wp-image-12479 aligncenter\" src=\"https:\/\/www.danubiushotels.com\/hu\/mozaik\/wp-content\/uploads\/2024\/03\/Annabella_mintaszoba-001-1024x681.jpg\" alt=\"\" width=\"720\" height=\"479\" srcset=\"https:\/\/www.danubiushotels.com\/hu\/mozaik\/wp-content\/uploads\/2024\/03\/Annabella_mintaszoba-001-1024x681.jpg 1024w, https:\/\/www.danubiushotels.com\/hu\/mozaik\/wp-content\/uploads\/2024\/03\/Annabella_mintaszoba-001-300x200.jpg 300w, https:\/\/www.danubiushotels.com\/hu\/mozaik\/wp-content\/uploads\/2024\/03\/Annabella_mintaszoba-001-768x511.jpg 768w, https:\/\/www.danubiushotels.com\/hu\/mozaik\/wp-content\/uploads\/2024\/03\/Annabella_mintaszoba-001-1536x1022.jpg 1536w, https:\/\/www.danubiushotels.com\/hu\/mozaik\/wp-content\/uploads\/2024\/03\/Annabella_mintaszoba-001-2048x1363.jpg 2048w\" sizes=\"(max-width: 720px) 100vw, 720px\" \/><\/a><\/p>\n<p>Tavasszal egyedi <a href=\"https:\/\/www.danubiushotels.com\/hu\/ajanlataink\/tavaszi-felpenzes-balatonon\"><strong>F\u00e9lp\u00e9nzes haj\u00f3k\u00e1z\u00e1s csomagunk<\/strong><\/a> is el\u00e9rhet\u0151v\u00e9 v\u00e1lik, amely egy \u00f3r\u00e1s balatoni \u00e9lm\u00e9nyhaj\u00f3z\u00e1st tartalmaz. Kiv\u00e1l\u00f3 csapat\u00e9p\u00edt\u0151 kaland k\u00f6z\u00f6sen ringat\u00f3zni a Balatonon, besz\u00e9lgetni, felt\u00f6lt\u0151dni a friss naps\u00fct\u00e9sben. A hotelben tal\u00e1lhat\u00f3 kinti \u00e9s benti medenc\u00e9kkel, forr\u00f3 szaun\u00e1inkkal lesz teljes a kikapcsol\u00f3d\u00e1s.<\/p>\n<p><a href=\"https:\/\/www.danubiushotels.com\/hu\/mozaik\/wp-content\/uploads\/2024\/03\/DH_annabella_brandfoto_2023_vitorlas_7_online_L-scaled.jpg\"><img loading=\"lazy\" decoding=\"async\" class=\"size-large wp-image-12480 aligncenter\" src=\"https:\/\/www.danubiushotels.com\/hu\/mozaik\/wp-content\/uploads\/2024\/03\/DH_annabella_brandfoto_2023_vitorlas_7_online_L-683x1024.jpg\" alt=\"\" width=\"683\" height=\"1024\" srcset=\"https:\/\/www.danubiushotels.com\/hu\/mozaik\/wp-content\/uploads\/2024\/03\/DH_annabella_brandfoto_2023_vitorlas_7_online_L-683x1024.jpg 683w, https:\/\/www.danubiushotels.com\/hu\/mozaik\/wp-content\/uploads\/2024\/03\/DH_annabella_brandfoto_2023_vitorlas_7_online_L-200x300.jpg 200w, https:\/\/www.danubiushotels.com\/hu\/mozaik\/wp-content\/uploads\/2024\/03\/DH_annabella_brandfoto_2023_vitorlas_7_online_L-768x1152.jpg 768w, https:\/\/www.danubiushotels.com\/hu\/mozaik\/wp-content\/uploads\/2024\/03\/DH_annabella_brandfoto_2023_vitorlas_7_online_L-1024x1536.jpg 1024w, https:\/\/www.danubiushotels.com\/hu\/mozaik\/wp-content\/uploads\/2024\/03\/DH_annabella_brandfoto_2023_vitorlas_7_online_L-1366x2048.jpg 1366w, https:\/\/www.danubiushotels.com\/hu\/mozaik\/wp-content\/uploads\/2024\/03\/DH_annabella_brandfoto_2023_vitorlas_7_online_L-scaled.jpg 1707w\" sizes=\"(max-width: 683px) 100vw, 683px\" \/><\/a><\/p>\n<p>Hotel\u00fcnk k\u00fcl\u00f6nb\u00f6z\u0151 kapacit\u00e1s\u00fa termekkel rendelkezik, amelyek ide\u00e1lisak <strong>konferenci\u00e1khoz, tr\u00e9ningekhez \u00e9s csapat\u00e9p\u00edt\u0151 programokhoz<\/strong> egyar\u00e1nt. A nagy f\u00fcves z\u00f6ld ter\u00fclet pedig kiv\u00e1l\u00f3 helysz\u00ednt biztos\u00edt a k\u00fclt\u00e9ri tev\u00e9kenys\u00e9gekhez.<\/p>\n<p><a href=\"https:\/\/www.danubiushotels.com\/hu\/mozaik\/wp-content\/uploads\/2024\/03\/DJI_0161.jpg\"><img loading=\"lazy\" decoding=\"async\" class=\"size-large wp-image-12482 aligncenter\" src=\"https:\/\/www.danubiushotels.com\/hu\/mozaik\/wp-content\/uploads\/2024\/03\/DJI_0161-1024x682.jpg\" alt=\"\" width=\"720\" height=\"480\" srcset=\"https:\/\/www.danubiushotels.com\/hu\/mozaik\/wp-content\/uploads\/2024\/03\/DJI_0161-1024x682.jpg 1024w, https:\/\/www.danubiushotels.com\/hu\/mozaik\/wp-content\/uploads\/2024\/03\/DJI_0161-300x200.jpg 300w, https:\/\/www.danubiushotels.com\/hu\/mozaik\/wp-content\/uploads\/2024\/03\/DJI_0161-768x512.jpg 768w, https:\/\/www.danubiushotels.com\/hu\/mozaik\/wp-content\/uploads\/2024\/03\/DJI_0161.jpg 1280w\" sizes=\"(max-width: 720px) 100vw, 720px\" \/><\/a><\/p>\n<p>Legyen r\u00e9szese egy felejthetetlen balatoni \u00e9lm\u00e9nynek! <a href=\"https:\/\/www.danubiushotels.com\/hu\/szallodak-balatonfured\/hotel-annabella\/szobak#room_410\">V\u00e1lasszon \u00faj, pr\u00e9mium szob\u00e1ink k\u00f6z\u00fcl<\/a>, \u00e9s \u00e9ljenek a haj\u00f3s csomag k\u00edn\u00e1lta k\u00fcl\u00f6nleges kalanddal!<\/p>\n<p><strong>A <a href=\"https:\/\/www.danubiushotels.com\/hu\/szallodak-balatonfured\/hotel-annabella\">Danubius Hotel Annabella<\/a> \u00e1prilis 22-t\u0151l, m\u00edg a <a href=\"https:\/\/www.danubiushotels.com\/hu\/szallodak-balatonfured\/hotel-marina\">Danubius Hotel Marina<\/a> \u00e1prilis 25-t\u0151l v\u00e1rja vend\u00e9geit!<\/strong><\/p>\n<p>Tov\u00e1bbi inform\u00e1ci\u00f3\u00e9rt \u00e9s izgalmas program\u00f6tletek\u00e9rt <a href=\"https:\/\/www.danubiushotels.com\/hu\/magazin\/uj-lehetosegekkel-csabitanak-iden-a-balatonfuredi-szallodak\">tekintse meg m\u00e1sik cikk\u00fcnket&gt;&gt;<\/a><\/p>\n","protected":false},"excerpt":{"rendered":"<p>A Danubius Hotel Annabella modern pr\u00e9mium szob\u00e1i kiemelked\u0151 k\u00e9nyelmet \u00e9s exkluzivit\u00e1st ny\u00fajtanak a vend\u00e9gek sz\u00e1m\u00e1ra. Id\u00e9n \u00e1prilist\u00f3l 135 vadonat\u00faj pr\u00e9mium szoba \u00e1ll rendelkez\u00e9s\u00e9re, modern berendez\u00e9ssel \u00e9s k\u00e9nyelmes szolg\u00e1ltat\u00e1sokkal. Tavasszal egyedi F\u00e9lp\u00e9nzes haj\u00f3k\u00e1z\u00e1s csomagunk is el\u00e9rhet\u0151v\u00e9 v\u00e1lik, amely egy \u00f3r\u00e1s balatoni \u00e9lm\u00e9nyhaj\u00f3z\u00e1st tartalmaz. Kiv\u00e1l\u00f3 csapat\u00e9p\u00edt\u0151 kaland k\u00f6z\u00f6sen ringat\u00f3zni a Balatonon, besz\u00e9lgetni, felt\u00f6lt\u0151dni a friss naps\u00fct\u00e9sben. A [&hellip;]<\/p>\n","protected":false},"author":17,"featured_media":12479,"comment_status":"closed","ping_status":"open","sticky":false,"template":"","format":"standard","meta":{"_acf_changed":false,"_et_pb_use_builder":"","_et_pb_old_content":"","_et_gb_content_width":"","inline_featured_image":false,"footnotes":""},"categories":[4,1175],"tags":[1174],"class_list":["post-12478","post","type-post","status-publish","format-standard","has-post-thumbnail","hentry","category-hirek","category-szallodavilag","tag-szallodavilag"],"acf":[],"yoast_head":"<!-- This site is optimized with the Yoast SEO plugin v27.4 - https:\/\/yoast.com\/product\/yoast-seo-wordpress\/ -->\n<title>Tavaszi nagy fel\u00faj\u00edt\u00e1s \u00e9s balatoni \u00e9lm\u00e9nyek - Danubius Mozaik<\/title>\n<meta name=\"robots\" content=\"noindex, follow, max-snippet:-1, max-image-preview:large, max-video-preview:-1\" \/>\n<meta property=\"og:locale\" content=\"hu_HU\" \/>\n<meta property=\"og:type\" content=\"article\" \/>\n<meta property=\"og:title\" content=\"Tavaszi nagy fel\u00faj\u00edt\u00e1s \u00e9s balatoni \u00e9lm\u00e9nyek - Danubius Mozaik\" \/>\n<meta property=\"og:description\" content=\"A Danubius Hotel Annabella modern pr\u00e9mium szob\u00e1i kiemelked\u0151 k\u00e9nyelmet \u00e9s exkluzivit\u00e1st ny\u00fajtanak a vend\u00e9gek sz\u00e1m\u00e1ra. Id\u00e9n \u00e1prilist\u00f3l 135 vadonat\u00faj pr\u00e9mium szoba \u00e1ll rendelkez\u00e9s\u00e9re, modern berendez\u00e9ssel \u00e9s k\u00e9nyelmes szolg\u00e1ltat\u00e1sokkal. Tavasszal egyedi F\u00e9lp\u00e9nzes haj\u00f3k\u00e1z\u00e1s csomagunk is el\u00e9rhet\u0151v\u00e9 v\u00e1lik, amely egy \u00f3r\u00e1s balatoni \u00e9lm\u00e9nyhaj\u00f3z\u00e1st tartalmaz. Kiv\u00e1l\u00f3 csapat\u00e9p\u00edt\u0151 kaland k\u00f6z\u00f6sen ringat\u00f3zni a Balatonon, besz\u00e9lgetni, felt\u00f6lt\u0151dni a friss naps\u00fct\u00e9sben. A [&hellip;]\" \/>\n<meta property=\"og:url\" content=\"https:\/\/mozaik.icnetworkhu.com\/tavaszi-nagy-felujitas-es-balatoni-elmenyek\" \/>\n<meta property=\"og:site_name\" content=\"Danubius Mozaik\" \/>\n<meta property=\"article:published_time\" content=\"2024-03-22T11:45:36+00:00\" \/>\n<meta property=\"article:modified_time\" content=\"2024-08-30T10:29:19+00:00\" \/>\n<meta property=\"og:image\" content=\"https:\/\/mozaik.icnetworkhu.com\/wp-content\/uploads\/2024\/03\/Annabella_mintaszoba-001-scaled.jpg\" \/>\n\t<meta property=\"og:image:width\" content=\"2560\" \/>\n\t<meta property=\"og:image:height\" content=\"1703\" \/>\n\t<meta property=\"og:image:type\" content=\"image\/jpeg\" \/>\n<meta name=\"author\" content=\"gyakornok\" \/>\n<meta name=\"twitter:card\" content=\"summary_large_image\" \/>\n<meta name=\"twitter:label1\" content=\"Szerz\u0151:\" \/>\n\t<meta name=\"twitter:data1\" content=\"gyakornok\" \/>\n\t<meta name=\"twitter:label2\" content=\"Becs\u00fclt olvas\u00e1si id\u0151\" \/>\n\t<meta name=\"twitter:data2\" content=\"2 perc\" \/>\n<script type=\"application\/ld+json\" class=\"yoast-schema-graph\">{\"@context\":\"https:\\\/\\\/schema.org\",\"@graph\":[{\"@type\":\"Article\",\"@id\":\"https:\\\/\\\/mozaik.icnetworkhu.com\\\/tavaszi-nagy-felujitas-es-balatoni-elmenyek#article\",\"isPartOf\":{\"@id\":\"https:\\\/\\\/mozaik.icnetworkhu.com\\\/tavaszi-nagy-felujitas-es-balatoni-elmenyek\"},\"author\":{\"name\":\"gyakornok\",\"@id\":\"https:\\\/\\\/www.danubiushotels.com\\\/hu\\\/mozaik\\\/#\\\/schema\\\/person\\\/6eaafe26c4e1c4bf7c919b2545c5d73d\"},\"headline\":\"Tavaszi nagy fel\u00faj\u00edt\u00e1s \u00e9s balatoni \u00e9lm\u00e9nyek\",\"datePublished\":\"2024-03-22T11:45:36+00:00\",\"dateModified\":\"2024-08-30T10:29:19+00:00\",\"mainEntityOfPage\":{\"@id\":\"https:\\\/\\\/mozaik.icnetworkhu.com\\\/tavaszi-nagy-felujitas-es-balatoni-elmenyek\"},\"wordCount\":237,\"image\":{\"@id\":\"https:\\\/\\\/mozaik.icnetworkhu.com\\\/tavaszi-nagy-felujitas-es-balatoni-elmenyek#primaryimage\"},\"thumbnailUrl\":\"https:\\\/\\\/www.danubiushotels.com\\\/hu\\\/mozaik\\\/wp-content\\\/uploads\\\/2024\\\/03\\\/Annabella_mintaszoba-001-scaled.jpg\",\"keywords\":[\"Sz\u00e1llodavil\u00e1g\"],\"articleSection\":[\"H\u00edrek\",\"Sz\u00e1llodavil\u00e1g\"],\"inLanguage\":\"hu\"},{\"@type\":\"WebPage\",\"@id\":\"https:\\\/\\\/mozaik.icnetworkhu.com\\\/tavaszi-nagy-felujitas-es-balatoni-elmenyek\",\"url\":\"https:\\\/\\\/mozaik.icnetworkhu.com\\\/tavaszi-nagy-felujitas-es-balatoni-elmenyek\",\"name\":\"Tavaszi nagy fel\u00faj\u00edt\u00e1s \u00e9s balatoni \u00e9lm\u00e9nyek - Danubius Mozaik\",\"isPartOf\":{\"@id\":\"https:\\\/\\\/www.danubiushotels.com\\\/hu\\\/mozaik\\\/#website\"},\"primaryImageOfPage\":{\"@id\":\"https:\\\/\\\/mozaik.icnetworkhu.com\\\/tavaszi-nagy-felujitas-es-balatoni-elmenyek#primaryimage\"},\"image\":{\"@id\":\"https:\\\/\\\/mozaik.icnetworkhu.com\\\/tavaszi-nagy-felujitas-es-balatoni-elmenyek#primaryimage\"},\"thumbnailUrl\":\"https:\\\/\\\/www.danubiushotels.com\\\/hu\\\/mozaik\\\/wp-content\\\/uploads\\\/2024\\\/03\\\/Annabella_mintaszoba-001-scaled.jpg\",\"datePublished\":\"2024-03-22T11:45:36+00:00\",\"dateModified\":\"2024-08-30T10:29:19+00:00\",\"author\":{\"@id\":\"https:\\\/\\\/www.danubiushotels.com\\\/hu\\\/mozaik\\\/#\\\/schema\\\/person\\\/6eaafe26c4e1c4bf7c919b2545c5d73d\"},\"breadcrumb\":{\"@id\":\"https:\\\/\\\/mozaik.icnetworkhu.com\\\/tavaszi-nagy-felujitas-es-balatoni-elmenyek#breadcrumb\"},\"inLanguage\":\"hu\",\"potentialAction\":[{\"@type\":\"ReadAction\",\"target\":[\"https:\\\/\\\/mozaik.icnetworkhu.com\\\/tavaszi-nagy-felujitas-es-balatoni-elmenyek\"]}]},{\"@type\":\"ImageObject\",\"inLanguage\":\"hu\",\"@id\":\"https:\\\/\\\/mozaik.icnetworkhu.com\\\/tavaszi-nagy-felujitas-es-balatoni-elmenyek#primaryimage\",\"url\":\"https:\\\/\\\/www.danubiushotels.com\\\/hu\\\/mozaik\\\/wp-content\\\/uploads\\\/2024\\\/03\\\/Annabella_mintaszoba-001-scaled.jpg\",\"contentUrl\":\"https:\\\/\\\/www.danubiushotels.com\\\/hu\\\/mozaik\\\/wp-content\\\/uploads\\\/2024\\\/03\\\/Annabella_mintaszoba-001-scaled.jpg\",\"width\":2560,\"height\":1703},{\"@type\":\"BreadcrumbList\",\"@id\":\"https:\\\/\\\/mozaik.icnetworkhu.com\\\/tavaszi-nagy-felujitas-es-balatoni-elmenyek#breadcrumb\",\"itemListElement\":[{\"@type\":\"ListItem\",\"position\":1,\"name\":\"Home\",\"item\":\"https:\\\/\\\/www.danubiushotels.com\\\/hu\\\/mozaik\\\/\"},{\"@type\":\"ListItem\",\"position\":2,\"name\":\"Tavaszi nagy fel\u00faj\u00edt\u00e1s \u00e9s balatoni \u00e9lm\u00e9nyek\"}]},{\"@type\":\"WebSite\",\"@id\":\"https:\\\/\\\/www.danubiushotels.com\\\/hu\\\/mozaik\\\/#website\",\"url\":\"https:\\\/\\\/www.danubiushotels.com\\\/hu\\\/mozaik\\\/\",\"name\":\"Danubius Mozaik\",\"description\":\"Mindig van alkalom a pihen\u00e9sre...\",\"potentialAction\":[{\"@type\":\"SearchAction\",\"target\":{\"@type\":\"EntryPoint\",\"urlTemplate\":\"https:\\\/\\\/www.danubiushotels.com\\\/hu\\\/mozaik\\\/?s={search_term_string}\"},\"query-input\":{\"@type\":\"PropertyValueSpecification\",\"valueRequired\":true,\"valueName\":\"search_term_string\"}}],\"inLanguage\":\"hu\"},{\"@type\":\"Person\",\"@id\":\"https:\\\/\\\/www.danubiushotels.com\\\/hu\\\/mozaik\\\/#\\\/schema\\\/person\\\/6eaafe26c4e1c4bf7c919b2545c5d73d\",\"name\":\"gyakornok\",\"image\":{\"@type\":\"ImageObject\",\"inLanguage\":\"hu\",\"@id\":\"https:\\\/\\\/secure.gravatar.com\\\/avatar\\\/da3068366145ef5432ff0d51d952fd8fb208e1321039ed229b00110a37b3658e?s=96&d=mm&r=g\",\"url\":\"https:\\\/\\\/secure.gravatar.com\\\/avatar\\\/da3068366145ef5432ff0d51d952fd8fb208e1321039ed229b00110a37b3658e?s=96&d=mm&r=g\",\"contentUrl\":\"https:\\\/\\\/secure.gravatar.com\\\/avatar\\\/da3068366145ef5432ff0d51d952fd8fb208e1321039ed229b00110a37b3658e?s=96&d=mm&r=g\",\"caption\":\"gyakornok\"},\"url\":\"https:\\\/\\\/www.danubiushotels.com\\\/hu\\\/mozaik\\\/author\\\/gyakornok\"}]}<\/script>\n<!-- \/ Yoast SEO plugin. -->","yoast_head_json":{"title":"Tavaszi nagy fel\u00faj\u00edt\u00e1s \u00e9s balatoni \u00e9lm\u00e9nyek - Danubius Mozaik","robots":{"index":"noindex","follow":"follow","max-snippet":"max-snippet:-1","max-image-preview":"max-image-preview:large","max-video-preview":"max-video-preview:-1"},"og_locale":"hu_HU","og_type":"article","og_title":"Tavaszi nagy fel\u00faj\u00edt\u00e1s \u00e9s balatoni \u00e9lm\u00e9nyek - Danubius Mozaik","og_description":"A Danubius Hotel Annabella modern pr\u00e9mium szob\u00e1i kiemelked\u0151 k\u00e9nyelmet \u00e9s exkluzivit\u00e1st ny\u00fajtanak a vend\u00e9gek sz\u00e1m\u00e1ra. Id\u00e9n \u00e1prilist\u00f3l 135 vadonat\u00faj pr\u00e9mium szoba \u00e1ll rendelkez\u00e9s\u00e9re, modern berendez\u00e9ssel \u00e9s k\u00e9nyelmes szolg\u00e1ltat\u00e1sokkal. Tavasszal egyedi F\u00e9lp\u00e9nzes haj\u00f3k\u00e1z\u00e1s csomagunk is el\u00e9rhet\u0151v\u00e9 v\u00e1lik, amely egy \u00f3r\u00e1s balatoni \u00e9lm\u00e9nyhaj\u00f3z\u00e1st tartalmaz. Kiv\u00e1l\u00f3 csapat\u00e9p\u00edt\u0151 kaland k\u00f6z\u00f6sen ringat\u00f3zni a Balatonon, besz\u00e9lgetni, felt\u00f6lt\u0151dni a friss naps\u00fct\u00e9sben. A [&hellip;]","og_url":"https:\/\/mozaik.icnetworkhu.com\/tavaszi-nagy-felujitas-es-balatoni-elmenyek","og_site_name":"Danubius Mozaik","article_published_time":"2024-03-22T11:45:36+00:00","article_modified_time":"2024-08-30T10:29:19+00:00","og_image":[{"width":2560,"height":1703,"url":"https:\/\/mozaik.icnetworkhu.com\/wp-content\/uploads\/2024\/03\/Annabella_mintaszoba-001-scaled.jpg","type":"image\/jpeg"}],"author":"gyakornok","twitter_card":"summary_large_image","twitter_misc":{"Szerz\u0151:":"gyakornok","Becs\u00fclt olvas\u00e1si id\u0151":"2 perc"},"schema":{"@context":"https:\/\/schema.org","@graph":[{"@type":"Article","@id":"https:\/\/mozaik.icnetworkhu.com\/tavaszi-nagy-felujitas-es-balatoni-elmenyek#article","isPartOf":{"@id":"https:\/\/mozaik.icnetworkhu.com\/tavaszi-nagy-felujitas-es-balatoni-elmenyek"},"author":{"name":"gyakornok","@id":"https:\/\/www.danubiushotels.com\/hu\/mozaik\/#\/schema\/person\/6eaafe26c4e1c4bf7c919b2545c5d73d"},"headline":"Tavaszi nagy fel\u00faj\u00edt\u00e1s \u00e9s balatoni \u00e9lm\u00e9nyek","datePublished":"2024-03-22T11:45:36+00:00","dateModified":"2024-08-30T10:29:19+00:00","mainEntityOfPage":{"@id":"https:\/\/mozaik.icnetworkhu.com\/tavaszi-nagy-felujitas-es-balatoni-elmenyek"},"wordCount":237,"image":{"@id":"https:\/\/mozaik.icnetworkhu.com\/tavaszi-nagy-felujitas-es-balatoni-elmenyek#primaryimage"},"thumbnailUrl":"https:\/\/www.danubiushotels.com\/hu\/mozaik\/wp-content\/uploads\/2024\/03\/Annabella_mintaszoba-001-scaled.jpg","keywords":["Sz\u00e1llodavil\u00e1g"],"articleSection":["H\u00edrek","Sz\u00e1llodavil\u00e1g"],"inLanguage":"hu"},{"@type":"WebPage","@id":"https:\/\/mozaik.icnetworkhu.com\/tavaszi-nagy-felujitas-es-balatoni-elmenyek","url":"https:\/\/mozaik.icnetworkhu.com\/tavaszi-nagy-felujitas-es-balatoni-elmenyek","name":"Tavaszi nagy fel\u00faj\u00edt\u00e1s \u00e9s balatoni \u00e9lm\u00e9nyek - Danubius Mozaik","isPartOf":{"@id":"https:\/\/www.danubiushotels.com\/hu\/mozaik\/#website"},"primaryImageOfPage":{"@id":"https:\/\/mozaik.icnetworkhu.com\/tavaszi-nagy-felujitas-es-balatoni-elmenyek#primaryimage"},"image":{"@id":"https:\/\/mozaik.icnetworkhu.com\/tavaszi-nagy-felujitas-es-balatoni-elmenyek#primaryimage"},"thumbnailUrl":"https:\/\/www.danubiushotels.com\/hu\/mozaik\/wp-content\/uploads\/2024\/03\/Annabella_mintaszoba-001-scaled.jpg","datePublished":"2024-03-22T11:45:36+00:00","dateModified":"2024-08-30T10:29:19+00:00","author":{"@id":"https:\/\/www.danubiushotels.com\/hu\/mozaik\/#\/schema\/person\/6eaafe26c4e1c4bf7c919b2545c5d73d"},"breadcrumb":{"@id":"https:\/\/mozaik.icnetworkhu.com\/tavaszi-nagy-felujitas-es-balatoni-elmenyek#breadcrumb"},"inLanguage":"hu","potentialAction":[{"@type":"ReadAction","target":["https:\/\/mozaik.icnetworkhu.com\/tavaszi-nagy-felujitas-es-balatoni-elmenyek"]}]},{"@type":"ImageObject","inLanguage":"hu","@id":"https:\/\/mozaik.icnetworkhu.com\/tavaszi-nagy-felujitas-es-balatoni-elmenyek#primaryimage","url":"https:\/\/www.danubiushotels.com\/hu\/mozaik\/wp-content\/uploads\/2024\/03\/Annabella_mintaszoba-001-scaled.jpg","contentUrl":"https:\/\/www.danubiushotels.com\/hu\/mozaik\/wp-content\/uploads\/2024\/03\/Annabella_mintaszoba-001-scaled.jpg","width":2560,"height":1703},{"@type":"BreadcrumbList","@id":"https:\/\/mozaik.icnetworkhu.com\/tavaszi-nagy-felujitas-es-balatoni-elmenyek#breadcrumb","itemListElement":[{"@type":"ListItem","position":1,"name":"Home","item":"https:\/\/www.danubiushotels.com\/hu\/mozaik\/"},{"@type":"ListItem","position":2,"name":"Tavaszi nagy fel\u00faj\u00edt\u00e1s \u00e9s balatoni \u00e9lm\u00e9nyek"}]},{"@type":"WebSite","@id":"https:\/\/www.danubiushotels.com\/hu\/mozaik\/#website","url":"https:\/\/www.danubiushotels.com\/hu\/mozaik\/","name":"Danubius Mozaik","description":"Mindig van alkalom a pihen\u00e9sre...","potentialAction":[{"@type":"SearchAction","target":{"@type":"EntryPoint","urlTemplate":"https:\/\/www.danubiushotels.com\/hu\/mozaik\/?s={search_term_string}"},"query-input":{"@type":"PropertyValueSpecification","valueRequired":true,"valueName":"search_term_string"}}],"inLanguage":"hu"},{"@type":"Person","@id":"https:\/\/www.danubiushotels.com\/hu\/mozaik\/#\/schema\/person\/6eaafe26c4e1c4bf7c919b2545c5d73d","name":"gyakornok","image":{"@type":"ImageObject","inLanguage":"hu","@id":"https:\/\/secure.gravatar.com\/avatar\/da3068366145ef5432ff0d51d952fd8fb208e1321039ed229b00110a37b3658e?s=96&d=mm&r=g","url":"https:\/\/secure.gravatar.com\/avatar\/da3068366145ef5432ff0d51d952fd8fb208e1321039ed229b00110a37b3658e?s=96&d=mm&r=g","contentUrl":"https:\/\/secure.gravatar.com\/avatar\/da3068366145ef5432ff0d51d952fd8fb208e1321039ed229b00110a37b3658e?s=96&d=mm&r=g","caption":"gyakornok"},"url":"https:\/\/www.danubiushotels.com\/hu\/mozaik\/author\/gyakornok"}]}},"_links":{"self":[{"href":"https:\/\/www.danubiushotels.com\/hu\/mozaik\/wp-json\/wp\/v2\/posts\/12478","targetHints":{"allow":["GET"]}}],"collection":[{"href":"https:\/\/www.danubiushotels.com\/hu\/mozaik\/wp-json\/wp\/v2\/posts"}],"about":[{"href":"https:\/\/www.danubiushotels.com\/hu\/mozaik\/wp-json\/wp\/v2\/types\/post"}],"author":[{"embeddable":true,"href":"https:\/\/www.danubiushotels.com\/hu\/mozaik\/wp-json\/wp\/v2\/users\/17"}],"replies":[{"embeddable":true,"href":"https:\/\/www.danubiushotels.com\/hu\/mozaik\/wp-json\/wp\/v2\/comments?post=12478"}],"version-history":[{"count":4,"href":"https:\/\/www.danubiushotels.com\/hu\/mozaik\/wp-json\/wp\/v2\/posts\/12478\/revisions"}],"predecessor-version":[{"id":12523,"href":"https:\/\/www.danubiushotels.com\/hu\/mozaik\/wp-json\/wp\/v2\/posts\/12478\/revisions\/12523"}],"wp:featuredmedia":[{"embeddable":true,"href":"https:\/\/www.danubiushotels.com\/hu\/mozaik\/wp-json\/wp\/v2\/media\/12479"}],"wp:attachment":[{"href":"https:\/\/www.danubiushotels.com\/hu\/mozaik\/wp-json\/wp\/v2\/media?parent=12478"}],"wp:term":[{"taxonomy":"category","embeddable":true,"href":"https:\/\/www.danubiushotels.com\/hu\/mozaik\/wp-json\/wp\/v2\/categories?post=12478"},{"taxonomy":"post_tag","embeddable":true,"href":"https:\/\/www.danubiushotels.com\/hu\/mozaik\/wp-json\/wp\/v2\/tags?post=12478"}],"curies":[{"name":"wp","href":"https:\/\/api.w.org\/{rel}","templated":true}]}}