{"id":13065,"date":"2024-09-10T11:11:09","date_gmt":"2024-09-10T09:11:09","guid":{"rendered":"https:\/\/www.danubiushotels.com\/hu\/mozaik\/?p=13065"},"modified":"2024-09-10T15:22:39","modified_gmt":"2024-09-10T13:22:39","slug":"oszi-elmenyek-bukfurdon","status":"publish","type":"post","link":"https:\/\/www.danubiushotels.com\/hu\/mozaik\/oszi-elmenyek-bukfurdon","title":{"rendered":"\u0150szi \u00e9lm\u00e9nyek B\u00fckf\u00fcrd\u0151n"},"content":{"rendered":"<p><strong>Meg\u00fajult spa &amp; wellness r\u00e9szleggel, kib\u0151v\u00edtett parkol\u00f3val \u00e9s tematikus programokkal v\u00e1rja \u0151sszel vend\u00e9geit a vid\u00e9ki wellness- \u00e9s konferencia sz\u00e1lloda.<\/strong><\/p>\n<p>A h\u00e1z <a href=\"https:\/\/www.danubiushotels.com\/hu\/szallodak-bukfurdo\/danubius-hotel-buk\/wellness\">megsz\u00e9p\u00fclt wellness r\u00e9szleg\u00e9n<\/a> \u00e9s a meg\u00fajult szaunavil\u00e1gban \u0151sszel is j\u00f3lesik a pihen\u00e9s! Nem csak a spa ter\u00fclete, hanem a kezel\u00e9sek palett\u00e1ja is b\u0151v\u00fclt az elm\u00falt id\u0151szakban,<strong> \u00faj massz\u00e1zskezel\u00e9sek, egy s\u00f3barlang \u00e9s egy\u00e9nre szabott massz\u00e1zster\u00e1pia<\/strong> seg\u00edtik a teljes kikapcsol\u00f3d\u00e1st.<\/p>\n<p>\u0150sszel \u00fajraindul a \u201eszaunaszezon\u201d a sz\u00e1lloda felt\u00f6lt\u0151d\u00e9sre v\u00e1gy\u00f3 vend\u00e9geinek olyan k\u00fcl\u00f6nleges <strong>szaunasze\u00e1nszokat \u00e9s szaunamesterrel<\/strong> v\u00e9gzett fel\u00f6nt\u00e9seket k\u00edn\u00e1l, mint a \u201eCsokis \u00e1lom\u201d, a \u201eGy\u00fcm\u00f6lcs\u00f6s illatfelh\u0151\u201d, \u201eLevendul\u00e1s-s\u00f3s peeling\u201d vagy a \u201eJeges \u00e1lom\u201d.<\/p>\n<p><a href=\"https:\/\/www.danubiushotels.com\/hu\/mozaik\/wp-content\/uploads\/2024\/09\/DH_Buk_szaunavilag-004-v.jpg\"><img loading=\"lazy\" decoding=\"async\" class=\"aligncenter size-large wp-image-13071\" src=\"https:\/\/www.danubiushotels.com\/hu\/mozaik\/wp-content\/uploads\/2024\/09\/DH_Buk_szaunavilag-004-v-1024x683.jpg\" alt=\"\" width=\"1024\" height=\"683\" srcset=\"https:\/\/www.danubiushotels.com\/hu\/mozaik\/wp-content\/uploads\/2024\/09\/DH_Buk_szaunavilag-004-v-980x653.jpg 980w, https:\/\/www.danubiushotels.com\/hu\/mozaik\/wp-content\/uploads\/2024\/09\/DH_Buk_szaunavilag-004-v-480x320.jpg 480w\" sizes=\"(min-width: 0px) and (max-width: 480px) 480px, (min-width: 481px) and (max-width: 980px) 980px, (min-width: 981px) 1024px, 100vw\" \/><\/a><\/p>\n<p>Sz\u00ednesnek \u00edg\u00e9rkezik az \u0151szi programk\u00edn\u00e1lat is, tematikus gasztro-, k\u00e9nyeztet\u0151- vagy csal\u00e1dos h\u00e9tv\u00e9gi programokra v\u00e1rja a hotel vend\u00e9geit: <strong>sz\u00fcreti h\u00e9tv\u00e9ge, s\u00f6rfesztiv\u00e1l, Halloween, libanapok \u00e9s a <a href=\"https:\/\/www.danubiushotels.com\/hu\/danubius-ajanlo\/gyerekvilag\/danubius-bubbles-club\">Bubbles Club<\/a> s\u00e1rk\u00e1nyos h\u00e9tv\u00e9g\u00e9i gondoskodnak a felejthetetlen \u0151szi \u00e9lm\u00e9nyekr\u0151l.<\/strong><\/p>\n<p><a href=\"https:\/\/www.danubiushotels.com\/hu\/mozaik\/wp-content\/uploads\/2024\/09\/bubbles-buk.jpg\"><img loading=\"lazy\" decoding=\"async\" class=\"aligncenter size-large wp-image-13068\" src=\"https:\/\/www.danubiushotels.com\/hu\/mozaik\/wp-content\/uploads\/2024\/09\/bubbles-buk-1024x594.jpg\" alt=\"\" width=\"1024\" height=\"594\" srcset=\"https:\/\/www.danubiushotels.com\/hu\/mozaik\/wp-content\/uploads\/2024\/09\/bubbles-buk-980x569.jpg 980w, https:\/\/www.danubiushotels.com\/hu\/mozaik\/wp-content\/uploads\/2024\/09\/bubbles-buk-480x279.jpg 480w\" sizes=\"(min-width: 0px) and (max-width: 480px) 480px, (min-width: 481px) and (max-width: 980px) 980px, (min-width: 981px) 1024px, 100vw\" \/><\/a><\/p>\n<p>A sz\u00e1lloda idei \u00e9vben<strong> fel\u00faj\u00edtott \u00e9s<\/strong> <strong>kib\u0151v\u00edtett parkol\u00f3j\u00e1nak<\/strong> k\u00f6sz\u00f6nhet\u0151en mostant\u00f3l m\u00e9g k\u00e9nyelmesebben \u00e9rkezhetnek \u00e9s parkolhatnak a h\u00e1z vend\u00e9gei.<\/p>\n","protected":false},"excerpt":{"rendered":"<p>Meg\u00fajult spa &amp; wellness r\u00e9szleggel, kib\u0151v\u00edtett parkol\u00f3val \u00e9s tematikus programokkal v\u00e1rja \u0151sszel vend\u00e9geit a vid\u00e9ki wellness- \u00e9s konferencia sz\u00e1lloda. A h\u00e1z megsz\u00e9p\u00fclt wellness r\u00e9szleg\u00e9n \u00e9s a meg\u00fajult szaunavil\u00e1gban \u0151sszel is j\u00f3lesik a pihen\u00e9s! Nem csak a spa ter\u00fclete, hanem a kezel\u00e9sek palett\u00e1ja is b\u0151v\u00fclt az elm\u00falt id\u0151szakban, \u00faj massz\u00e1zskezel\u00e9sek, egy s\u00f3barlang \u00e9s egy\u00e9nre szabott massz\u00e1zster\u00e1pia [&hellip;]<\/p>\n","protected":false},"author":15,"featured_media":13072,"comment_status":"closed","ping_status":"open","sticky":false,"template":"","format":"standard","meta":{"_acf_changed":false,"_et_pb_use_builder":"","_et_pb_old_content":"","_et_gb_content_width":"","inline_featured_image":false,"footnotes":""},"categories":[4,1175],"tags":[],"class_list":["post-13065","post","type-post","status-publish","format-standard","has-post-thumbnail","hentry","category-hirek","category-szallodavilag"],"acf":[],"yoast_head":"<!-- This site is optimized with the Yoast SEO plugin v27.4 - https:\/\/yoast.com\/product\/yoast-seo-wordpress\/ -->\n<title>\u0150szi \u00e9lm\u00e9nyek B\u00fckf\u00fcrd\u0151n - Danubius Mozaik<\/title>\n<meta name=\"robots\" content=\"noindex, follow, max-snippet:-1, max-image-preview:large, max-video-preview:-1\" \/>\n<meta property=\"og:locale\" content=\"hu_HU\" \/>\n<meta property=\"og:type\" content=\"article\" \/>\n<meta property=\"og:title\" content=\"\u0150szi \u00e9lm\u00e9nyek B\u00fckf\u00fcrd\u0151n - Danubius Mozaik\" \/>\n<meta property=\"og:description\" content=\"Meg\u00fajult spa &amp; wellness r\u00e9szleggel, kib\u0151v\u00edtett parkol\u00f3val \u00e9s tematikus programokkal v\u00e1rja \u0151sszel vend\u00e9geit a vid\u00e9ki wellness- \u00e9s konferencia sz\u00e1lloda. A h\u00e1z megsz\u00e9p\u00fclt wellness r\u00e9szleg\u00e9n \u00e9s a meg\u00fajult szaunavil\u00e1gban \u0151sszel is j\u00f3lesik a pihen\u00e9s! Nem csak a spa ter\u00fclete, hanem a kezel\u00e9sek palett\u00e1ja is b\u0151v\u00fclt az elm\u00falt id\u0151szakban, \u00faj massz\u00e1zskezel\u00e9sek, egy s\u00f3barlang \u00e9s egy\u00e9nre szabott massz\u00e1zster\u00e1pia [&hellip;]\" \/>\n<meta property=\"og:url\" content=\"https:\/\/mozaik.icnetworkhu.com\/oszi-elmenyek-bukfurdon\" \/>\n<meta property=\"og:site_name\" content=\"Danubius Mozaik\" \/>\n<meta property=\"article:published_time\" content=\"2024-09-10T09:11:09+00:00\" \/>\n<meta property=\"article:modified_time\" content=\"2024-09-10T13:22:39+00:00\" \/>\n<meta property=\"og:image\" content=\"https:\/\/mozaik.icnetworkhu.com\/wp-content\/uploads\/2024\/09\/DH_Buk_szaunavilag-017-v.jpg\" \/>\n\t<meta property=\"og:image:width\" content=\"1353\" \/>\n\t<meta property=\"og:image:height\" content=\"900\" \/>\n\t<meta property=\"og:image:type\" content=\"image\/jpeg\" \/>\n<meta name=\"author\" content=\"Pencz Dorottya\" \/>\n<meta name=\"twitter:card\" content=\"summary_large_image\" \/>\n<meta name=\"twitter:label1\" content=\"Szerz\u0151:\" \/>\n\t<meta name=\"twitter:data1\" content=\"Pencz Dorottya\" \/>\n\t<meta name=\"twitter:label2\" content=\"Becs\u00fclt olvas\u00e1si id\u0151\" \/>\n\t<meta name=\"twitter:data2\" content=\"2 perc\" \/>\n<script type=\"application\/ld+json\" class=\"yoast-schema-graph\">{\"@context\":\"https:\\\/\\\/schema.org\",\"@graph\":[{\"@type\":\"Article\",\"@id\":\"https:\\\/\\\/mozaik.icnetworkhu.com\\\/oszi-elmenyek-bukfurdon#article\",\"isPartOf\":{\"@id\":\"https:\\\/\\\/mozaik.icnetworkhu.com\\\/oszi-elmenyek-bukfurdon\"},\"author\":{\"name\":\"Pencz Dorottya\",\"@id\":\"https:\\\/\\\/www.danubiushotels.com\\\/hu\\\/mozaik\\\/#\\\/schema\\\/person\\\/14b0b0c2ea10c762d30500b64e1d685d\"},\"headline\":\"\u0150szi \u00e9lm\u00e9nyek B\u00fckf\u00fcrd\u0151n\",\"datePublished\":\"2024-09-10T09:11:09+00:00\",\"dateModified\":\"2024-09-10T13:22:39+00:00\",\"mainEntityOfPage\":{\"@id\":\"https:\\\/\\\/mozaik.icnetworkhu.com\\\/oszi-elmenyek-bukfurdon\"},\"wordCount\":238,\"image\":{\"@id\":\"https:\\\/\\\/mozaik.icnetworkhu.com\\\/oszi-elmenyek-bukfurdon#primaryimage\"},\"thumbnailUrl\":\"https:\\\/\\\/www.danubiushotels.com\\\/hu\\\/mozaik\\\/wp-content\\\/uploads\\\/2024\\\/09\\\/DH_Buk_szaunavilag-017-v.jpg\",\"articleSection\":[\"H\u00edrek\",\"Sz\u00e1llodavil\u00e1g\"],\"inLanguage\":\"hu\"},{\"@type\":\"WebPage\",\"@id\":\"https:\\\/\\\/mozaik.icnetworkhu.com\\\/oszi-elmenyek-bukfurdon\",\"url\":\"https:\\\/\\\/mozaik.icnetworkhu.com\\\/oszi-elmenyek-bukfurdon\",\"name\":\"\u0150szi \u00e9lm\u00e9nyek B\u00fckf\u00fcrd\u0151n - Danubius Mozaik\",\"isPartOf\":{\"@id\":\"https:\\\/\\\/www.danubiushotels.com\\\/hu\\\/mozaik\\\/#website\"},\"primaryImageOfPage\":{\"@id\":\"https:\\\/\\\/mozaik.icnetworkhu.com\\\/oszi-elmenyek-bukfurdon#primaryimage\"},\"image\":{\"@id\":\"https:\\\/\\\/mozaik.icnetworkhu.com\\\/oszi-elmenyek-bukfurdon#primaryimage\"},\"thumbnailUrl\":\"https:\\\/\\\/www.danubiushotels.com\\\/hu\\\/mozaik\\\/wp-content\\\/uploads\\\/2024\\\/09\\\/DH_Buk_szaunavilag-017-v.jpg\",\"datePublished\":\"2024-09-10T09:11:09+00:00\",\"dateModified\":\"2024-09-10T13:22:39+00:00\",\"author\":{\"@id\":\"https:\\\/\\\/www.danubiushotels.com\\\/hu\\\/mozaik\\\/#\\\/schema\\\/person\\\/14b0b0c2ea10c762d30500b64e1d685d\"},\"breadcrumb\":{\"@id\":\"https:\\\/\\\/mozaik.icnetworkhu.com\\\/oszi-elmenyek-bukfurdon#breadcrumb\"},\"inLanguage\":\"hu\",\"potentialAction\":[{\"@type\":\"ReadAction\",\"target\":[\"https:\\\/\\\/mozaik.icnetworkhu.com\\\/oszi-elmenyek-bukfurdon\"]}]},{\"@type\":\"ImageObject\",\"inLanguage\":\"hu\",\"@id\":\"https:\\\/\\\/mozaik.icnetworkhu.com\\\/oszi-elmenyek-bukfurdon#primaryimage\",\"url\":\"https:\\\/\\\/www.danubiushotels.com\\\/hu\\\/mozaik\\\/wp-content\\\/uploads\\\/2024\\\/09\\\/DH_Buk_szaunavilag-017-v.jpg\",\"contentUrl\":\"https:\\\/\\\/www.danubiushotels.com\\\/hu\\\/mozaik\\\/wp-content\\\/uploads\\\/2024\\\/09\\\/DH_Buk_szaunavilag-017-v.jpg\",\"width\":1353,\"height\":900},{\"@type\":\"BreadcrumbList\",\"@id\":\"https:\\\/\\\/mozaik.icnetworkhu.com\\\/oszi-elmenyek-bukfurdon#breadcrumb\",\"itemListElement\":[{\"@type\":\"ListItem\",\"position\":1,\"name\":\"Home\",\"item\":\"https:\\\/\\\/www.danubiushotels.com\\\/hu\\\/mozaik\\\/\"},{\"@type\":\"ListItem\",\"position\":2,\"name\":\"\u0150szi \u00e9lm\u00e9nyek B\u00fckf\u00fcrd\u0151n\"}]},{\"@type\":\"WebSite\",\"@id\":\"https:\\\/\\\/www.danubiushotels.com\\\/hu\\\/mozaik\\\/#website\",\"url\":\"https:\\\/\\\/www.danubiushotels.com\\\/hu\\\/mozaik\\\/\",\"name\":\"Danubius Mozaik\",\"description\":\"Mindig van alkalom a pihen\u00e9sre...\",\"potentialAction\":[{\"@type\":\"SearchAction\",\"target\":{\"@type\":\"EntryPoint\",\"urlTemplate\":\"https:\\\/\\\/www.danubiushotels.com\\\/hu\\\/mozaik\\\/?s={search_term_string}\"},\"query-input\":{\"@type\":\"PropertyValueSpecification\",\"valueRequired\":true,\"valueName\":\"search_term_string\"}}],\"inLanguage\":\"hu\"},{\"@type\":\"Person\",\"@id\":\"https:\\\/\\\/www.danubiushotels.com\\\/hu\\\/mozaik\\\/#\\\/schema\\\/person\\\/14b0b0c2ea10c762d30500b64e1d685d\",\"name\":\"Pencz Dorottya\",\"image\":{\"@type\":\"ImageObject\",\"inLanguage\":\"hu\",\"@id\":\"https:\\\/\\\/secure.gravatar.com\\\/avatar\\\/4f8d852ffd557188675000c0865dc845f775386e26ee67bd8041eb3d017638fc?s=96&d=mm&r=g\",\"url\":\"https:\\\/\\\/secure.gravatar.com\\\/avatar\\\/4f8d852ffd557188675000c0865dc845f775386e26ee67bd8041eb3d017638fc?s=96&d=mm&r=g\",\"contentUrl\":\"https:\\\/\\\/secure.gravatar.com\\\/avatar\\\/4f8d852ffd557188675000c0865dc845f775386e26ee67bd8041eb3d017638fc?s=96&d=mm&r=g\",\"caption\":\"Pencz Dorottya\"},\"url\":\"https:\\\/\\\/www.danubiushotels.com\\\/hu\\\/mozaik\\\/author\\\/dorottyapencz\"}]}<\/script>\n<!-- \/ Yoast SEO plugin. -->","yoast_head_json":{"title":"\u0150szi \u00e9lm\u00e9nyek B\u00fckf\u00fcrd\u0151n - Danubius Mozaik","robots":{"index":"noindex","follow":"follow","max-snippet":"max-snippet:-1","max-image-preview":"max-image-preview:large","max-video-preview":"max-video-preview:-1"},"og_locale":"hu_HU","og_type":"article","og_title":"\u0150szi \u00e9lm\u00e9nyek B\u00fckf\u00fcrd\u0151n - Danubius Mozaik","og_description":"Meg\u00fajult spa &amp; wellness r\u00e9szleggel, kib\u0151v\u00edtett parkol\u00f3val \u00e9s tematikus programokkal v\u00e1rja \u0151sszel vend\u00e9geit a vid\u00e9ki wellness- \u00e9s konferencia sz\u00e1lloda. A h\u00e1z megsz\u00e9p\u00fclt wellness r\u00e9szleg\u00e9n \u00e9s a meg\u00fajult szaunavil\u00e1gban \u0151sszel is j\u00f3lesik a pihen\u00e9s! Nem csak a spa ter\u00fclete, hanem a kezel\u00e9sek palett\u00e1ja is b\u0151v\u00fclt az elm\u00falt id\u0151szakban, \u00faj massz\u00e1zskezel\u00e9sek, egy s\u00f3barlang \u00e9s egy\u00e9nre szabott massz\u00e1zster\u00e1pia [&hellip;]","og_url":"https:\/\/mozaik.icnetworkhu.com\/oszi-elmenyek-bukfurdon","og_site_name":"Danubius Mozaik","article_published_time":"2024-09-10T09:11:09+00:00","article_modified_time":"2024-09-10T13:22:39+00:00","og_image":[{"width":1353,"height":900,"url":"https:\/\/mozaik.icnetworkhu.com\/wp-content\/uploads\/2024\/09\/DH_Buk_szaunavilag-017-v.jpg","type":"image\/jpeg"}],"author":"Pencz Dorottya","twitter_card":"summary_large_image","twitter_misc":{"Szerz\u0151:":"Pencz Dorottya","Becs\u00fclt olvas\u00e1si id\u0151":"2 perc"},"schema":{"@context":"https:\/\/schema.org","@graph":[{"@type":"Article","@id":"https:\/\/mozaik.icnetworkhu.com\/oszi-elmenyek-bukfurdon#article","isPartOf":{"@id":"https:\/\/mozaik.icnetworkhu.com\/oszi-elmenyek-bukfurdon"},"author":{"name":"Pencz Dorottya","@id":"https:\/\/www.danubiushotels.com\/hu\/mozaik\/#\/schema\/person\/14b0b0c2ea10c762d30500b64e1d685d"},"headline":"\u0150szi \u00e9lm\u00e9nyek B\u00fckf\u00fcrd\u0151n","datePublished":"2024-09-10T09:11:09+00:00","dateModified":"2024-09-10T13:22:39+00:00","mainEntityOfPage":{"@id":"https:\/\/mozaik.icnetworkhu.com\/oszi-elmenyek-bukfurdon"},"wordCount":238,"image":{"@id":"https:\/\/mozaik.icnetworkhu.com\/oszi-elmenyek-bukfurdon#primaryimage"},"thumbnailUrl":"https:\/\/www.danubiushotels.com\/hu\/mozaik\/wp-content\/uploads\/2024\/09\/DH_Buk_szaunavilag-017-v.jpg","articleSection":["H\u00edrek","Sz\u00e1llodavil\u00e1g"],"inLanguage":"hu"},{"@type":"WebPage","@id":"https:\/\/mozaik.icnetworkhu.com\/oszi-elmenyek-bukfurdon","url":"https:\/\/mozaik.icnetworkhu.com\/oszi-elmenyek-bukfurdon","name":"\u0150szi \u00e9lm\u00e9nyek B\u00fckf\u00fcrd\u0151n - Danubius Mozaik","isPartOf":{"@id":"https:\/\/www.danubiushotels.com\/hu\/mozaik\/#website"},"primaryImageOfPage":{"@id":"https:\/\/mozaik.icnetworkhu.com\/oszi-elmenyek-bukfurdon#primaryimage"},"image":{"@id":"https:\/\/mozaik.icnetworkhu.com\/oszi-elmenyek-bukfurdon#primaryimage"},"thumbnailUrl":"https:\/\/www.danubiushotels.com\/hu\/mozaik\/wp-content\/uploads\/2024\/09\/DH_Buk_szaunavilag-017-v.jpg","datePublished":"2024-09-10T09:11:09+00:00","dateModified":"2024-09-10T13:22:39+00:00","author":{"@id":"https:\/\/www.danubiushotels.com\/hu\/mozaik\/#\/schema\/person\/14b0b0c2ea10c762d30500b64e1d685d"},"breadcrumb":{"@id":"https:\/\/mozaik.icnetworkhu.com\/oszi-elmenyek-bukfurdon#breadcrumb"},"inLanguage":"hu","potentialAction":[{"@type":"ReadAction","target":["https:\/\/mozaik.icnetworkhu.com\/oszi-elmenyek-bukfurdon"]}]},{"@type":"ImageObject","inLanguage":"hu","@id":"https:\/\/mozaik.icnetworkhu.com\/oszi-elmenyek-bukfurdon#primaryimage","url":"https:\/\/www.danubiushotels.com\/hu\/mozaik\/wp-content\/uploads\/2024\/09\/DH_Buk_szaunavilag-017-v.jpg","contentUrl":"https:\/\/www.danubiushotels.com\/hu\/mozaik\/wp-content\/uploads\/2024\/09\/DH_Buk_szaunavilag-017-v.jpg","width":1353,"height":900},{"@type":"BreadcrumbList","@id":"https:\/\/mozaik.icnetworkhu.com\/oszi-elmenyek-bukfurdon#breadcrumb","itemListElement":[{"@type":"ListItem","position":1,"name":"Home","item":"https:\/\/www.danubiushotels.com\/hu\/mozaik\/"},{"@type":"ListItem","position":2,"name":"\u0150szi \u00e9lm\u00e9nyek B\u00fckf\u00fcrd\u0151n"}]},{"@type":"WebSite","@id":"https:\/\/www.danubiushotels.com\/hu\/mozaik\/#website","url":"https:\/\/www.danubiushotels.com\/hu\/mozaik\/","name":"Danubius Mozaik","description":"Mindig van alkalom a pihen\u00e9sre...","potentialAction":[{"@type":"SearchAction","target":{"@type":"EntryPoint","urlTemplate":"https:\/\/www.danubiushotels.com\/hu\/mozaik\/?s={search_term_string}"},"query-input":{"@type":"PropertyValueSpecification","valueRequired":true,"valueName":"search_term_string"}}],"inLanguage":"hu"},{"@type":"Person","@id":"https:\/\/www.danubiushotels.com\/hu\/mozaik\/#\/schema\/person\/14b0b0c2ea10c762d30500b64e1d685d","name":"Pencz Dorottya","image":{"@type":"ImageObject","inLanguage":"hu","@id":"https:\/\/secure.gravatar.com\/avatar\/4f8d852ffd557188675000c0865dc845f775386e26ee67bd8041eb3d017638fc?s=96&d=mm&r=g","url":"https:\/\/secure.gravatar.com\/avatar\/4f8d852ffd557188675000c0865dc845f775386e26ee67bd8041eb3d017638fc?s=96&d=mm&r=g","contentUrl":"https:\/\/secure.gravatar.com\/avatar\/4f8d852ffd557188675000c0865dc845f775386e26ee67bd8041eb3d017638fc?s=96&d=mm&r=g","caption":"Pencz Dorottya"},"url":"https:\/\/www.danubiushotels.com\/hu\/mozaik\/author\/dorottyapencz"}]}},"_links":{"self":[{"href":"https:\/\/www.danubiushotels.com\/hu\/mozaik\/wp-json\/wp\/v2\/posts\/13065","targetHints":{"allow":["GET"]}}],"collection":[{"href":"https:\/\/www.danubiushotels.com\/hu\/mozaik\/wp-json\/wp\/v2\/posts"}],"about":[{"href":"https:\/\/www.danubiushotels.com\/hu\/mozaik\/wp-json\/wp\/v2\/types\/post"}],"author":[{"embeddable":true,"href":"https:\/\/www.danubiushotels.com\/hu\/mozaik\/wp-json\/wp\/v2\/users\/15"}],"replies":[{"embeddable":true,"href":"https:\/\/www.danubiushotels.com\/hu\/mozaik\/wp-json\/wp\/v2\/comments?post=13065"}],"version-history":[{"count":3,"href":"https:\/\/www.danubiushotels.com\/hu\/mozaik\/wp-json\/wp\/v2\/posts\/13065\/revisions"}],"predecessor-version":[{"id":13084,"href":"https:\/\/www.danubiushotels.com\/hu\/mozaik\/wp-json\/wp\/v2\/posts\/13065\/revisions\/13084"}],"wp:featuredmedia":[{"embeddable":true,"href":"https:\/\/www.danubiushotels.com\/hu\/mozaik\/wp-json\/wp\/v2\/media\/13072"}],"wp:attachment":[{"href":"https:\/\/www.danubiushotels.com\/hu\/mozaik\/wp-json\/wp\/v2\/media?parent=13065"}],"wp:term":[{"taxonomy":"category","embeddable":true,"href":"https:\/\/www.danubiushotels.com\/hu\/mozaik\/wp-json\/wp\/v2\/categories?post=13065"},{"taxonomy":"post_tag","embeddable":true,"href":"https:\/\/www.danubiushotels.com\/hu\/mozaik\/wp-json\/wp\/v2\/tags?post=13065"}],"curies":[{"name":"wp","href":"https:\/\/api.w.org\/{rel}","templated":true}]}}