{"id":13091,"date":"2024-09-10T14:29:19","date_gmt":"2024-09-10T12:29:19","guid":{"rendered":"https:\/\/www.danubiushotels.com\/hu\/mozaik\/?p=13091"},"modified":"2024-09-10T15:22:30","modified_gmt":"2024-09-10T13:22:30","slug":"biztositsa-be-rendezvenyeit-idoben","status":"publish","type":"post","link":"https:\/\/www.danubiushotels.com\/hu\/mozaik\/biztositsa-be-rendezvenyeit-idoben","title":{"rendered":"Biztos\u00edtsa be rendezv\u00e9nyeit id\u0151ben!"},"content":{"rendered":"<p>Az <a href=\"https:\/\/ensanahotels.com\/hu\/szallodak\/thermal-margaret-island\">Ensana Thermal<\/a> \u00e9s a <a href=\"https:\/\/ensanahotels.com\/hu\/szallodak\/grand-margaret-island\">Grand Margitsziget<\/a> is el\u0151foglal\u00e1si akci\u00f3val v\u00e1rja. Ha m\u00e1r tudja, hogy rendezv\u00e9ny\u00e9t n\u00e1lunk szeretn\u00e9 megtartani, akkor foglaljon m\u00e1r most a j\u00f6v\u0151 \u00e9vre!<\/p>\n<p>Az aj\u00e1nlat <strong>ingyenes rendezv\u00e9nytermet biztos\u00edt<\/strong>, amennyiben <strong>egy k\u00e1v\u00e9sz\u00fcnetet \u00e9s egy f\u0151\u00e9tkez\u00e9st is megrendel<\/strong> a teljes l\u00e9tsz\u00e1mra, a rendezv\u00e9nytermet. Szakembereink gondoskodnak arr\u00f3l, hogy rendezv\u00e9nye r\u00e9sztvev\u0151i min\u0151s\u00e9gi kiszolg\u00e1l\u00e1sban \u00e9s kellemes \u00e9lm\u00e9nyekben r\u00e9szes\u00fcljenek.<\/p>\n<p><strong>Akci\u00f3nk a 2024. december 15-ig be\u00e9rkez\u0151 \u00faj, minimum 10 f\u0151s rendezv\u00e9nyek foglal\u00e1sa eset\u00e9n \u00e9rv\u00e9nyes.<\/strong><\/p>\n<p>Kapcsolat:<br \/>\nMargitszigeti sz\u00e1llod\u00e1k: <a href=\"mailto:mice.th@hu.ensanahotels.com\">mice.th@hu.ensanahotels.com<\/a><br \/>\nTelefon: +36 1 889 4725<\/p>\n<p><a href=\"https:\/\/www.danubiushotels.com\/hu\/mozaik\/wp-content\/uploads\/2024\/09\/margitsziget-kulsok.webp\"><img loading=\"lazy\" decoding=\"async\" class=\"aligncenter size-large wp-image-13080\" src=\"https:\/\/www.danubiushotels.com\/hu\/mozaik\/wp-content\/uploads\/2024\/09\/margitsziget-kulsok-1024x683.webp\" alt=\"\" width=\"1024\" height=\"683\" srcset=\"https:\/\/www.danubiushotels.com\/hu\/mozaik\/wp-content\/uploads\/2024\/09\/margitsziget-kulsok-980x653.webp 980w, https:\/\/www.danubiushotels.com\/hu\/mozaik\/wp-content\/uploads\/2024\/09\/margitsziget-kulsok-480x320.webp 480w\" sizes=\"(min-width: 0px) and (max-width: 480px) 480px, (min-width: 481px) and (max-width: 980px) 980px, (min-width: 981px) 1024px, 100vw\" \/><\/a><\/p>\n<p><strong>Thermal Margitsziget, Plat\u00e1n \u00c9tterem<\/strong><\/p>\n<p>K\u00f3stolja meg a vil\u00e1g k\u00fcl\u00f6nleges \u00edzeit a Plat\u00e1n \u00e9tterem tematikus b\u00fcf\u00e9vacsor\u00e1in, ahol autentikus fog\u00e1sokkal \u00e9s korl\u00e1tlan \u00e9telfogyaszt\u00e1ssal v\u00e1rjuk!<\/p>\n<ul>\n<li>Szeptember 27. \u2013 <strong>\u00c1zsia \u00edzei:<\/strong> Ismerkedjen meg a t\u00e1vol-keleti gasztron\u00f3mia f\u0171szeres vil\u00e1g\u00e1val!<\/li>\n<li>Okt\u00f3ber 25. \u2013 <strong>Az olasz konyha kedvencei:<\/strong> \u00c9lvezze It\u00e1lia klasszikus \u00edzeit!<\/li>\n<li>November 29. \u2013 <strong>Valami Amerika:<\/strong> Amerika ikonikus \u00e9teleit felvonultat\u00f3 b\u00fcf\u00e9k\u00edn\u00e1lattal<\/li>\n<\/ul>\n<p>Tov\u00e1bbi inform\u00e1ci\u00f3k\u00e9rt <strong><a href=\"https:\/\/ensanahotels.com\/hu\/desztinacio\/magyarorszag\/szallodai-programok\">l\u00e1togasson el folyamatosan friss\u00fcl\u0151 weboldalunkra<\/a><\/strong>!<\/p>\n<p><a href=\"https:\/\/www.danubiushotels.com\/hu\/mozaik\/wp-content\/uploads\/2024\/09\/Platan-restaurant-2.jpg\"><img loading=\"lazy\" decoding=\"async\" class=\"aligncenter size-large wp-image-13081\" src=\"https:\/\/www.danubiushotels.com\/hu\/mozaik\/wp-content\/uploads\/2024\/09\/Platan-restaurant-2-1024x633.jpg\" alt=\"\" width=\"1024\" height=\"633\" srcset=\"https:\/\/www.danubiushotels.com\/hu\/mozaik\/wp-content\/uploads\/2024\/09\/Platan-restaurant-2-980x606.jpg 980w, https:\/\/www.danubiushotels.com\/hu\/mozaik\/wp-content\/uploads\/2024\/09\/Platan-restaurant-2-480x297.jpg 480w\" sizes=\"(min-width: 0px) and (max-width: 480px) 480px, (min-width: 481px) and (max-width: 980px) 980px, (min-width: 981px) 1024px, 100vw\" \/><\/a><\/p>\n","protected":false},"excerpt":{"rendered":"<p>Az Ensana Thermal \u00e9s a Grand Margitsziget is el\u0151foglal\u00e1si akci\u00f3val v\u00e1rja. Ha m\u00e1r tudja, hogy rendezv\u00e9ny\u00e9t n\u00e1lunk szeretn\u00e9 megtartani, akkor foglaljon m\u00e1r most a j\u00f6v\u0151 \u00e9vre! Az aj\u00e1nlat ingyenes rendezv\u00e9nytermet biztos\u00edt, amennyiben egy k\u00e1v\u00e9sz\u00fcnetet \u00e9s egy f\u0151\u00e9tkez\u00e9st is megrendel a teljes l\u00e9tsz\u00e1mra, a rendezv\u00e9nytermet. Szakembereink gondoskodnak arr\u00f3l, hogy rendezv\u00e9nye r\u00e9sztvev\u0151i min\u0151s\u00e9gi kiszolg\u00e1l\u00e1sban \u00e9s kellemes \u00e9lm\u00e9nyekben [&hellip;]<\/p>\n","protected":false},"author":15,"featured_media":13080,"comment_status":"closed","ping_status":"open","sticky":false,"template":"","format":"standard","meta":{"_acf_changed":false,"_et_pb_use_builder":"","_et_pb_old_content":"","_et_gb_content_width":"","inline_featured_image":false,"footnotes":""},"categories":[1178,4],"tags":[],"class_list":["post-13091","post","type-post","status-publish","format-standard","has-post-thumbnail","hentry","category-csapatepites","category-hirek"],"acf":[],"yoast_head":"<!-- This site is optimized with the Yoast SEO plugin v27.4 - https:\/\/yoast.com\/product\/yoast-seo-wordpress\/ -->\n<title>Biztos\u00edtsa be rendezv\u00e9nyeit id\u0151ben! - Danubius Mozaik<\/title>\n<meta name=\"robots\" content=\"noindex, follow, max-snippet:-1, max-image-preview:large, max-video-preview:-1\" \/>\n<meta property=\"og:locale\" content=\"hu_HU\" \/>\n<meta property=\"og:type\" content=\"article\" \/>\n<meta property=\"og:title\" content=\"Biztos\u00edtsa be rendezv\u00e9nyeit id\u0151ben! - Danubius Mozaik\" \/>\n<meta property=\"og:description\" content=\"Az Ensana Thermal \u00e9s a Grand Margitsziget is el\u0151foglal\u00e1si akci\u00f3val v\u00e1rja. Ha m\u00e1r tudja, hogy rendezv\u00e9ny\u00e9t n\u00e1lunk szeretn\u00e9 megtartani, akkor foglaljon m\u00e1r most a j\u00f6v\u0151 \u00e9vre! Az aj\u00e1nlat ingyenes rendezv\u00e9nytermet biztos\u00edt, amennyiben egy k\u00e1v\u00e9sz\u00fcnetet \u00e9s egy f\u0151\u00e9tkez\u00e9st is megrendel a teljes l\u00e9tsz\u00e1mra, a rendezv\u00e9nytermet. Szakembereink gondoskodnak arr\u00f3l, hogy rendezv\u00e9nye r\u00e9sztvev\u0151i min\u0151s\u00e9gi kiszolg\u00e1l\u00e1sban \u00e9s kellemes \u00e9lm\u00e9nyekben [&hellip;]\" \/>\n<meta property=\"og:url\" content=\"https:\/\/mozaik.icnetworkhu.com\/biztositsa-be-rendezvenyeit-idoben\" \/>\n<meta property=\"og:site_name\" content=\"Danubius Mozaik\" \/>\n<meta property=\"article:published_time\" content=\"2024-09-10T12:29:19+00:00\" \/>\n<meta property=\"article:modified_time\" content=\"2024-09-10T13:22:30+00:00\" \/>\n<meta property=\"og:image\" content=\"https:\/\/mozaik.icnetworkhu.com\/wp-content\/uploads\/2024\/09\/margitsziget-kulsok.webp\" \/>\n\t<meta property=\"og:image:width\" content=\"1920\" \/>\n\t<meta property=\"og:image:height\" content=\"1280\" \/>\n\t<meta property=\"og:image:type\" content=\"image\/webp\" \/>\n<meta name=\"author\" content=\"Pencz Dorottya\" \/>\n<meta name=\"twitter:card\" content=\"summary_large_image\" \/>\n<meta name=\"twitter:label1\" content=\"Szerz\u0151:\" \/>\n\t<meta name=\"twitter:data1\" content=\"Pencz Dorottya\" \/>\n\t<meta name=\"twitter:label2\" content=\"Becs\u00fclt olvas\u00e1si id\u0151\" \/>\n\t<meta name=\"twitter:data2\" content=\"2 perc\" \/>\n<script type=\"application\/ld+json\" class=\"yoast-schema-graph\">{\"@context\":\"https:\\\/\\\/schema.org\",\"@graph\":[{\"@type\":\"Article\",\"@id\":\"https:\\\/\\\/mozaik.icnetworkhu.com\\\/biztositsa-be-rendezvenyeit-idoben#article\",\"isPartOf\":{\"@id\":\"https:\\\/\\\/mozaik.icnetworkhu.com\\\/biztositsa-be-rendezvenyeit-idoben\"},\"author\":{\"name\":\"Pencz Dorottya\",\"@id\":\"https:\\\/\\\/www.danubiushotels.com\\\/hu\\\/mozaik\\\/#\\\/schema\\\/person\\\/14b0b0c2ea10c762d30500b64e1d685d\"},\"headline\":\"Biztos\u00edtsa be rendezv\u00e9nyeit id\u0151ben!\",\"datePublished\":\"2024-09-10T12:29:19+00:00\",\"dateModified\":\"2024-09-10T13:22:30+00:00\",\"mainEntityOfPage\":{\"@id\":\"https:\\\/\\\/mozaik.icnetworkhu.com\\\/biztositsa-be-rendezvenyeit-idoben\"},\"wordCount\":211,\"image\":{\"@id\":\"https:\\\/\\\/mozaik.icnetworkhu.com\\\/biztositsa-be-rendezvenyeit-idoben#primaryimage\"},\"thumbnailUrl\":\"https:\\\/\\\/www.danubiushotels.com\\\/hu\\\/mozaik\\\/wp-content\\\/uploads\\\/2024\\\/09\\\/margitsziget-kulsok.webp\",\"articleSection\":[\"Csapat\u00e9p\u00edt\u00e9s\",\"H\u00edrek\"],\"inLanguage\":\"hu\"},{\"@type\":\"WebPage\",\"@id\":\"https:\\\/\\\/mozaik.icnetworkhu.com\\\/biztositsa-be-rendezvenyeit-idoben\",\"url\":\"https:\\\/\\\/mozaik.icnetworkhu.com\\\/biztositsa-be-rendezvenyeit-idoben\",\"name\":\"Biztos\u00edtsa be rendezv\u00e9nyeit id\u0151ben! - Danubius Mozaik\",\"isPartOf\":{\"@id\":\"https:\\\/\\\/www.danubiushotels.com\\\/hu\\\/mozaik\\\/#website\"},\"primaryImageOfPage\":{\"@id\":\"https:\\\/\\\/mozaik.icnetworkhu.com\\\/biztositsa-be-rendezvenyeit-idoben#primaryimage\"},\"image\":{\"@id\":\"https:\\\/\\\/mozaik.icnetworkhu.com\\\/biztositsa-be-rendezvenyeit-idoben#primaryimage\"},\"thumbnailUrl\":\"https:\\\/\\\/www.danubiushotels.com\\\/hu\\\/mozaik\\\/wp-content\\\/uploads\\\/2024\\\/09\\\/margitsziget-kulsok.webp\",\"datePublished\":\"2024-09-10T12:29:19+00:00\",\"dateModified\":\"2024-09-10T13:22:30+00:00\",\"author\":{\"@id\":\"https:\\\/\\\/www.danubiushotels.com\\\/hu\\\/mozaik\\\/#\\\/schema\\\/person\\\/14b0b0c2ea10c762d30500b64e1d685d\"},\"breadcrumb\":{\"@id\":\"https:\\\/\\\/mozaik.icnetworkhu.com\\\/biztositsa-be-rendezvenyeit-idoben#breadcrumb\"},\"inLanguage\":\"hu\",\"potentialAction\":[{\"@type\":\"ReadAction\",\"target\":[\"https:\\\/\\\/mozaik.icnetworkhu.com\\\/biztositsa-be-rendezvenyeit-idoben\"]}]},{\"@type\":\"ImageObject\",\"inLanguage\":\"hu\",\"@id\":\"https:\\\/\\\/mozaik.icnetworkhu.com\\\/biztositsa-be-rendezvenyeit-idoben#primaryimage\",\"url\":\"https:\\\/\\\/www.danubiushotels.com\\\/hu\\\/mozaik\\\/wp-content\\\/uploads\\\/2024\\\/09\\\/margitsziget-kulsok.webp\",\"contentUrl\":\"https:\\\/\\\/www.danubiushotels.com\\\/hu\\\/mozaik\\\/wp-content\\\/uploads\\\/2024\\\/09\\\/margitsziget-kulsok.webp\",\"width\":1920,\"height\":1280},{\"@type\":\"BreadcrumbList\",\"@id\":\"https:\\\/\\\/mozaik.icnetworkhu.com\\\/biztositsa-be-rendezvenyeit-idoben#breadcrumb\",\"itemListElement\":[{\"@type\":\"ListItem\",\"position\":1,\"name\":\"Home\",\"item\":\"https:\\\/\\\/www.danubiushotels.com\\\/hu\\\/mozaik\\\/\"},{\"@type\":\"ListItem\",\"position\":2,\"name\":\"Biztos\u00edtsa be rendezv\u00e9nyeit id\u0151ben!\"}]},{\"@type\":\"WebSite\",\"@id\":\"https:\\\/\\\/www.danubiushotels.com\\\/hu\\\/mozaik\\\/#website\",\"url\":\"https:\\\/\\\/www.danubiushotels.com\\\/hu\\\/mozaik\\\/\",\"name\":\"Danubius Mozaik\",\"description\":\"Mindig van alkalom a pihen\u00e9sre...\",\"potentialAction\":[{\"@type\":\"SearchAction\",\"target\":{\"@type\":\"EntryPoint\",\"urlTemplate\":\"https:\\\/\\\/www.danubiushotels.com\\\/hu\\\/mozaik\\\/?s={search_term_string}\"},\"query-input\":{\"@type\":\"PropertyValueSpecification\",\"valueRequired\":true,\"valueName\":\"search_term_string\"}}],\"inLanguage\":\"hu\"},{\"@type\":\"Person\",\"@id\":\"https:\\\/\\\/www.danubiushotels.com\\\/hu\\\/mozaik\\\/#\\\/schema\\\/person\\\/14b0b0c2ea10c762d30500b64e1d685d\",\"name\":\"Pencz Dorottya\",\"image\":{\"@type\":\"ImageObject\",\"inLanguage\":\"hu\",\"@id\":\"https:\\\/\\\/secure.gravatar.com\\\/avatar\\\/4f8d852ffd557188675000c0865dc845f775386e26ee67bd8041eb3d017638fc?s=96&d=mm&r=g\",\"url\":\"https:\\\/\\\/secure.gravatar.com\\\/avatar\\\/4f8d852ffd557188675000c0865dc845f775386e26ee67bd8041eb3d017638fc?s=96&d=mm&r=g\",\"contentUrl\":\"https:\\\/\\\/secure.gravatar.com\\\/avatar\\\/4f8d852ffd557188675000c0865dc845f775386e26ee67bd8041eb3d017638fc?s=96&d=mm&r=g\",\"caption\":\"Pencz Dorottya\"},\"url\":\"https:\\\/\\\/www.danubiushotels.com\\\/hu\\\/mozaik\\\/author\\\/dorottyapencz\"}]}<\/script>\n<!-- \/ Yoast SEO plugin. -->","yoast_head_json":{"title":"Biztos\u00edtsa be rendezv\u00e9nyeit id\u0151ben! - Danubius Mozaik","robots":{"index":"noindex","follow":"follow","max-snippet":"max-snippet:-1","max-image-preview":"max-image-preview:large","max-video-preview":"max-video-preview:-1"},"og_locale":"hu_HU","og_type":"article","og_title":"Biztos\u00edtsa be rendezv\u00e9nyeit id\u0151ben! - Danubius Mozaik","og_description":"Az Ensana Thermal \u00e9s a Grand Margitsziget is el\u0151foglal\u00e1si akci\u00f3val v\u00e1rja. Ha m\u00e1r tudja, hogy rendezv\u00e9ny\u00e9t n\u00e1lunk szeretn\u00e9 megtartani, akkor foglaljon m\u00e1r most a j\u00f6v\u0151 \u00e9vre! Az aj\u00e1nlat ingyenes rendezv\u00e9nytermet biztos\u00edt, amennyiben egy k\u00e1v\u00e9sz\u00fcnetet \u00e9s egy f\u0151\u00e9tkez\u00e9st is megrendel a teljes l\u00e9tsz\u00e1mra, a rendezv\u00e9nytermet. Szakembereink gondoskodnak arr\u00f3l, hogy rendezv\u00e9nye r\u00e9sztvev\u0151i min\u0151s\u00e9gi kiszolg\u00e1l\u00e1sban \u00e9s kellemes \u00e9lm\u00e9nyekben [&hellip;]","og_url":"https:\/\/mozaik.icnetworkhu.com\/biztositsa-be-rendezvenyeit-idoben","og_site_name":"Danubius Mozaik","article_published_time":"2024-09-10T12:29:19+00:00","article_modified_time":"2024-09-10T13:22:30+00:00","og_image":[{"width":1920,"height":1280,"url":"https:\/\/mozaik.icnetworkhu.com\/wp-content\/uploads\/2024\/09\/margitsziget-kulsok.webp","type":"image\/webp"}],"author":"Pencz Dorottya","twitter_card":"summary_large_image","twitter_misc":{"Szerz\u0151:":"Pencz Dorottya","Becs\u00fclt olvas\u00e1si id\u0151":"2 perc"},"schema":{"@context":"https:\/\/schema.org","@graph":[{"@type":"Article","@id":"https:\/\/mozaik.icnetworkhu.com\/biztositsa-be-rendezvenyeit-idoben#article","isPartOf":{"@id":"https:\/\/mozaik.icnetworkhu.com\/biztositsa-be-rendezvenyeit-idoben"},"author":{"name":"Pencz Dorottya","@id":"https:\/\/www.danubiushotels.com\/hu\/mozaik\/#\/schema\/person\/14b0b0c2ea10c762d30500b64e1d685d"},"headline":"Biztos\u00edtsa be rendezv\u00e9nyeit id\u0151ben!","datePublished":"2024-09-10T12:29:19+00:00","dateModified":"2024-09-10T13:22:30+00:00","mainEntityOfPage":{"@id":"https:\/\/mozaik.icnetworkhu.com\/biztositsa-be-rendezvenyeit-idoben"},"wordCount":211,"image":{"@id":"https:\/\/mozaik.icnetworkhu.com\/biztositsa-be-rendezvenyeit-idoben#primaryimage"},"thumbnailUrl":"https:\/\/www.danubiushotels.com\/hu\/mozaik\/wp-content\/uploads\/2024\/09\/margitsziget-kulsok.webp","articleSection":["Csapat\u00e9p\u00edt\u00e9s","H\u00edrek"],"inLanguage":"hu"},{"@type":"WebPage","@id":"https:\/\/mozaik.icnetworkhu.com\/biztositsa-be-rendezvenyeit-idoben","url":"https:\/\/mozaik.icnetworkhu.com\/biztositsa-be-rendezvenyeit-idoben","name":"Biztos\u00edtsa be rendezv\u00e9nyeit id\u0151ben! - Danubius Mozaik","isPartOf":{"@id":"https:\/\/www.danubiushotels.com\/hu\/mozaik\/#website"},"primaryImageOfPage":{"@id":"https:\/\/mozaik.icnetworkhu.com\/biztositsa-be-rendezvenyeit-idoben#primaryimage"},"image":{"@id":"https:\/\/mozaik.icnetworkhu.com\/biztositsa-be-rendezvenyeit-idoben#primaryimage"},"thumbnailUrl":"https:\/\/www.danubiushotels.com\/hu\/mozaik\/wp-content\/uploads\/2024\/09\/margitsziget-kulsok.webp","datePublished":"2024-09-10T12:29:19+00:00","dateModified":"2024-09-10T13:22:30+00:00","author":{"@id":"https:\/\/www.danubiushotels.com\/hu\/mozaik\/#\/schema\/person\/14b0b0c2ea10c762d30500b64e1d685d"},"breadcrumb":{"@id":"https:\/\/mozaik.icnetworkhu.com\/biztositsa-be-rendezvenyeit-idoben#breadcrumb"},"inLanguage":"hu","potentialAction":[{"@type":"ReadAction","target":["https:\/\/mozaik.icnetworkhu.com\/biztositsa-be-rendezvenyeit-idoben"]}]},{"@type":"ImageObject","inLanguage":"hu","@id":"https:\/\/mozaik.icnetworkhu.com\/biztositsa-be-rendezvenyeit-idoben#primaryimage","url":"https:\/\/www.danubiushotels.com\/hu\/mozaik\/wp-content\/uploads\/2024\/09\/margitsziget-kulsok.webp","contentUrl":"https:\/\/www.danubiushotels.com\/hu\/mozaik\/wp-content\/uploads\/2024\/09\/margitsziget-kulsok.webp","width":1920,"height":1280},{"@type":"BreadcrumbList","@id":"https:\/\/mozaik.icnetworkhu.com\/biztositsa-be-rendezvenyeit-idoben#breadcrumb","itemListElement":[{"@type":"ListItem","position":1,"name":"Home","item":"https:\/\/www.danubiushotels.com\/hu\/mozaik\/"},{"@type":"ListItem","position":2,"name":"Biztos\u00edtsa be rendezv\u00e9nyeit id\u0151ben!"}]},{"@type":"WebSite","@id":"https:\/\/www.danubiushotels.com\/hu\/mozaik\/#website","url":"https:\/\/www.danubiushotels.com\/hu\/mozaik\/","name":"Danubius Mozaik","description":"Mindig van alkalom a pihen\u00e9sre...","potentialAction":[{"@type":"SearchAction","target":{"@type":"EntryPoint","urlTemplate":"https:\/\/www.danubiushotels.com\/hu\/mozaik\/?s={search_term_string}"},"query-input":{"@type":"PropertyValueSpecification","valueRequired":true,"valueName":"search_term_string"}}],"inLanguage":"hu"},{"@type":"Person","@id":"https:\/\/www.danubiushotels.com\/hu\/mozaik\/#\/schema\/person\/14b0b0c2ea10c762d30500b64e1d685d","name":"Pencz Dorottya","image":{"@type":"ImageObject","inLanguage":"hu","@id":"https:\/\/secure.gravatar.com\/avatar\/4f8d852ffd557188675000c0865dc845f775386e26ee67bd8041eb3d017638fc?s=96&d=mm&r=g","url":"https:\/\/secure.gravatar.com\/avatar\/4f8d852ffd557188675000c0865dc845f775386e26ee67bd8041eb3d017638fc?s=96&d=mm&r=g","contentUrl":"https:\/\/secure.gravatar.com\/avatar\/4f8d852ffd557188675000c0865dc845f775386e26ee67bd8041eb3d017638fc?s=96&d=mm&r=g","caption":"Pencz Dorottya"},"url":"https:\/\/www.danubiushotels.com\/hu\/mozaik\/author\/dorottyapencz"}]}},"_links":{"self":[{"href":"https:\/\/www.danubiushotels.com\/hu\/mozaik\/wp-json\/wp\/v2\/posts\/13091","targetHints":{"allow":["GET"]}}],"collection":[{"href":"https:\/\/www.danubiushotels.com\/hu\/mozaik\/wp-json\/wp\/v2\/posts"}],"about":[{"href":"https:\/\/www.danubiushotels.com\/hu\/mozaik\/wp-json\/wp\/v2\/types\/post"}],"author":[{"embeddable":true,"href":"https:\/\/www.danubiushotels.com\/hu\/mozaik\/wp-json\/wp\/v2\/users\/15"}],"replies":[{"embeddable":true,"href":"https:\/\/www.danubiushotels.com\/hu\/mozaik\/wp-json\/wp\/v2\/comments?post=13091"}],"version-history":[{"count":1,"href":"https:\/\/www.danubiushotels.com\/hu\/mozaik\/wp-json\/wp\/v2\/posts\/13091\/revisions"}],"predecessor-version":[{"id":13093,"href":"https:\/\/www.danubiushotels.com\/hu\/mozaik\/wp-json\/wp\/v2\/posts\/13091\/revisions\/13093"}],"wp:featuredmedia":[{"embeddable":true,"href":"https:\/\/www.danubiushotels.com\/hu\/mozaik\/wp-json\/wp\/v2\/media\/13080"}],"wp:attachment":[{"href":"https:\/\/www.danubiushotels.com\/hu\/mozaik\/wp-json\/wp\/v2\/media?parent=13091"}],"wp:term":[{"taxonomy":"category","embeddable":true,"href":"https:\/\/www.danubiushotels.com\/hu\/mozaik\/wp-json\/wp\/v2\/categories?post=13091"},{"taxonomy":"post_tag","embeddable":true,"href":"https:\/\/www.danubiushotels.com\/hu\/mozaik\/wp-json\/wp\/v2\/tags?post=13091"}],"curies":[{"name":"wp","href":"https:\/\/api.w.org\/{rel}","templated":true}]}}