{"id":13094,"date":"2024-09-10T14:58:33","date_gmt":"2024-09-10T12:58:33","guid":{"rendered":"https:\/\/www.danubiushotels.com\/hu\/mozaik\/?p=13094"},"modified":"2024-09-10T15:22:19","modified_gmt":"2024-09-10T13:22:19","slug":"oszi-kikapcsolodas-a-balaton-partjan","status":"publish","type":"post","link":"https:\/\/www.danubiushotels.com\/hu\/mozaik\/oszi-kikapcsolodas-a-balaton-partjan","title":{"rendered":"\u0150szi kikapcsol\u00f3d\u00e1s a Balaton partj\u00e1n"},"content":{"rendered":"<p><a href=\"https:\/\/www.danubiushotels.com\/hu\/szallodak-balatonfured\/hotel-annabella\"><strong>Danubius Hotel Annabella<\/strong><\/a><\/p>\n<p>Balatonf\u00fcred sz\u00edv\u00e9ben tal\u00e1lhat\u00f3 Annabella sz\u00e1llod\u00e1nk t\u00f6k\u00e9letes v\u00e1laszt\u00e1s mindazok sz\u00e1m\u00e1ra, akik f\u00e9lpanzi\u00f3s ell\u00e1t\u00e1ssal szeretn\u00e9nek kikapcsol\u00f3dni. Az id\u00e9n teljesen fel\u00faj\u00edtott, vadonat\u00faj pr\u00e9mium szob\u00e1ink modern berendez\u00e9ssel \u00e9s maxim\u00e1lis k\u00e9nyelemmel v\u00e1rj\u00e1k vend\u00e9geinket. A sz\u00e1lloda t\u00e1gas z\u00f6ld ter\u00fcletei, sz\u00e1mos konferencia- \u00e9s rendezv\u00e9nyterme ide\u00e1lis k\u00f6rnyezetet biztos\u00edtanak \u00fczleti esem\u00e9nyekhez \u00e9s csapat\u00e9p\u00edt\u0151 programokhoz.<\/p>\n<p><a href=\"https:\/\/www.danubiushotels.com\/hu\/mozaik\/wp-content\/uploads\/2024\/09\/DH_marina_brandfoto_2023_szoba_14_online_S.jpg\"><img loading=\"lazy\" decoding=\"async\" class=\"aligncenter size-large wp-image-13074\" src=\"https:\/\/www.danubiushotels.com\/hu\/mozaik\/wp-content\/uploads\/2024\/09\/DH_marina_brandfoto_2023_szoba_14_online_S-1024x683.jpg\" alt=\"\" width=\"1024\" height=\"683\" srcset=\"https:\/\/www.danubiushotels.com\/hu\/mozaik\/wp-content\/uploads\/2024\/09\/DH_marina_brandfoto_2023_szoba_14_online_S-980x653.jpg 980w, https:\/\/www.danubiushotels.com\/hu\/mozaik\/wp-content\/uploads\/2024\/09\/DH_marina_brandfoto_2023_szoba_14_online_S-480x320.jpg 480w\" sizes=\"(min-width: 0px) and (max-width: 480px) 480px, (min-width: 481px) and (max-width: 980px) 980px, (min-width: 981px) 1024px, 100vw\" \/><\/a><\/p>\n<p><a href=\"https:\/\/www.danubiushotels.com\/hu\/szallodak-balatonfured\/hotel-marina\"><strong>Danubius Hotel Marina<\/strong><\/a><\/p>\n<p>A balatonf\u00fcredi Marina sz\u00e1llod\u00e1nk hatalmas z\u00f6ld ter\u00fclettel \u00e9s saj\u00e1t balatoni partszakasszal b\u00fcszk\u00e9lkedik. Itt vend\u00e9geink nemcsak a kiv\u00e1l\u00f3 szolg\u00e1ltat\u00e1sokat \u00e9lvezhetik, hanem a sz\u00e1lloda k\u00fcl\u00f6nleges \u00e9jszakai b\u00e1rj\u00e1ban is kikapcsol\u00f3dhatnak. Itt k\u00e9t k\u00fcl\u00f6nb\u00f6z\u0151 m\u00e9ret\u0171 terem \u00e1ll rendelkez\u00e9sre, amelyek ide\u00e1lisak \u00fczleti rendezv\u00e9nyekhez, m\u00edg a t\u00e1gas z\u00f6ld ter\u00fcletek lehet\u0151s\u00e9get biztos\u00edtanak szabadt\u00e9ri programokhoz \u00e9s csapat\u00e9p\u00edt\u0151 tev\u00e9kenys\u00e9gekhez, k\u00fcl\u00f6nleges eg\u00e9sz napos sportesem\u00e9nyekhez, ig\u00e9ny szerint sz\u00ednpaddal.<\/p>\n<p><a href=\"https:\/\/www.danubiushotels.com\/hu\/ajanlataink\/felpenzes-ajanlat-balatonon\"><strong>\u0150szi haj\u00f3s csomag mindk\u00e9t sz\u00e1llod\u00e1ban!<\/strong><\/a><\/p>\n<p>Id\u00e9n \u0151sszel mindk\u00e9t sz\u00e1llod\u00e1ban el\u00e9rhet\u0151 egy egyed\u00fcl\u00e1ll\u00f3 haj\u00f3s csomag, amely <a href=\"https:\/\/www.danubiushotels.com\/hu\/ajanlataink\/felpenzes-ajanlat-balatonon\">60 perces \u00e9lm\u00e9nyhaj\u00f3z\u00e1st k\u00edn\u00e1l a Balaton viz\u00e9n<\/a>. Ez a k\u00fcl\u00f6nleges program kiv\u00e1l\u00f3 lehet\u0151s\u00e9g arra, hogy csapat\u00e9p\u00edt\u0151 kalandot szervezzenek, vagy egyszer\u0171en csak \u00e9lvezz\u00e9k a Balaton sz\u00e9ps\u00e9g\u00e9t egy kellemes haj\u00f3\u00fat sor\u00e1n. A pihen\u00e9st tov\u00e1bb fokozza a sz\u00e1llod\u00e1kban tal\u00e1lhat\u00f3 benti \u00e9s kinti medence, valamint forr\u00f3 szaun\u00e1k, amelyek teljes kikapcsol\u00f3d\u00e1st ny\u00fajtanak a h\u0171v\u00f6sebb \u0151szi napokon.<\/p>\n<p>Legyen r\u00e9szese az \u0151szi var\u00e1zslatnak a Balaton partj\u00e1n, \u00e9s \u00e9lvezze a Danubius Hotel Annabella vagy a Danubius Hotel Marina ny\u00fajtotta kiv\u00e9teles szolg\u00e1ltat\u00e1sokat \u00e9s \u00e9lm\u00e9nyeket. Foglalja le id\u0151ben pr\u00e9mium szob\u00e1inkat \u00e9s \u00e9lje \u00e1t a haj\u00f3s csomag k\u00fcl\u00f6nleges pillanatait!<\/p>\n<p><a href=\"https:\/\/www.danubiushotels.com\/hu\/mozaik\/wp-content\/uploads\/2024\/09\/bahart_csobanc.jpg\"><img loading=\"lazy\" decoding=\"async\" class=\"aligncenter size-large wp-image-13082\" src=\"https:\/\/www.danubiushotels.com\/hu\/mozaik\/wp-content\/uploads\/2024\/09\/bahart_csobanc-1024x682.jpg\" alt=\"\" width=\"1024\" height=\"682\" srcset=\"https:\/\/www.danubiushotels.com\/hu\/mozaik\/wp-content\/uploads\/2024\/09\/bahart_csobanc-980x653.jpg 980w, https:\/\/www.danubiushotels.com\/hu\/mozaik\/wp-content\/uploads\/2024\/09\/bahart_csobanc-480x320.jpg 480w\" sizes=\"(min-width: 0px) and (max-width: 480px) 480px, (min-width: 481px) and (max-width: 980px) 980px, (min-width: 981px) 1024px, 100vw\" \/><\/a><\/p>\n","protected":false},"excerpt":{"rendered":"<p>Danubius Hotel Annabella Balatonf\u00fcred sz\u00edv\u00e9ben tal\u00e1lhat\u00f3 Annabella sz\u00e1llod\u00e1nk t\u00f6k\u00e9letes v\u00e1laszt\u00e1s mindazok sz\u00e1m\u00e1ra, akik f\u00e9lpanzi\u00f3s ell\u00e1t\u00e1ssal szeretn\u00e9nek kikapcsol\u00f3dni. Az id\u00e9n teljesen fel\u00faj\u00edtott, vadonat\u00faj pr\u00e9mium szob\u00e1ink modern berendez\u00e9ssel \u00e9s maxim\u00e1lis k\u00e9nyelemmel v\u00e1rj\u00e1k vend\u00e9geinket. A sz\u00e1lloda t\u00e1gas z\u00f6ld ter\u00fcletei, sz\u00e1mos konferencia- \u00e9s rendezv\u00e9nyterme ide\u00e1lis k\u00f6rnyezetet biztos\u00edtanak \u00fczleti esem\u00e9nyekhez \u00e9s csapat\u00e9p\u00edt\u0151 programokhoz. Danubius Hotel Marina A balatonf\u00fcredi Marina sz\u00e1llod\u00e1nk [&hellip;]<\/p>\n","protected":false},"author":15,"featured_media":13082,"comment_status":"closed","ping_status":"open","sticky":false,"template":"","format":"standard","meta":{"_acf_changed":false,"_et_pb_use_builder":"","_et_pb_old_content":"","_et_gb_content_width":"","inline_featured_image":false,"footnotes":""},"categories":[4,1175],"tags":[],"class_list":["post-13094","post","type-post","status-publish","format-standard","has-post-thumbnail","hentry","category-hirek","category-szallodavilag"],"acf":[],"yoast_head":"<!-- This site is optimized with the Yoast SEO plugin v27.4 - https:\/\/yoast.com\/product\/yoast-seo-wordpress\/ -->\n<title>\u0150szi kikapcsol\u00f3d\u00e1s a Balaton partj\u00e1n - Danubius Mozaik<\/title>\n<meta name=\"robots\" content=\"noindex, follow, max-snippet:-1, max-image-preview:large, max-video-preview:-1\" \/>\n<meta property=\"og:locale\" content=\"hu_HU\" \/>\n<meta property=\"og:type\" content=\"article\" \/>\n<meta property=\"og:title\" content=\"\u0150szi kikapcsol\u00f3d\u00e1s a Balaton partj\u00e1n - Danubius Mozaik\" \/>\n<meta property=\"og:description\" content=\"Danubius Hotel Annabella Balatonf\u00fcred sz\u00edv\u00e9ben tal\u00e1lhat\u00f3 Annabella sz\u00e1llod\u00e1nk t\u00f6k\u00e9letes v\u00e1laszt\u00e1s mindazok sz\u00e1m\u00e1ra, akik f\u00e9lpanzi\u00f3s ell\u00e1t\u00e1ssal szeretn\u00e9nek kikapcsol\u00f3dni. Az id\u00e9n teljesen fel\u00faj\u00edtott, vadonat\u00faj pr\u00e9mium szob\u00e1ink modern berendez\u00e9ssel \u00e9s maxim\u00e1lis k\u00e9nyelemmel v\u00e1rj\u00e1k vend\u00e9geinket. A sz\u00e1lloda t\u00e1gas z\u00f6ld ter\u00fcletei, sz\u00e1mos konferencia- \u00e9s rendezv\u00e9nyterme ide\u00e1lis k\u00f6rnyezetet biztos\u00edtanak \u00fczleti esem\u00e9nyekhez \u00e9s csapat\u00e9p\u00edt\u0151 programokhoz. Danubius Hotel Marina A balatonf\u00fcredi Marina sz\u00e1llod\u00e1nk [&hellip;]\" \/>\n<meta property=\"og:url\" content=\"https:\/\/mozaik.icnetworkhu.com\/oszi-kikapcsolodas-a-balaton-partjan\" \/>\n<meta property=\"og:site_name\" content=\"Danubius Mozaik\" \/>\n<meta property=\"article:published_time\" content=\"2024-09-10T12:58:33+00:00\" \/>\n<meta property=\"article:modified_time\" content=\"2024-09-10T13:22:19+00:00\" \/>\n<meta property=\"og:image\" content=\"https:\/\/mozaik.icnetworkhu.com\/wp-content\/uploads\/2024\/09\/bahart_csobanc.jpg\" \/>\n\t<meta property=\"og:image:width\" content=\"1351\" \/>\n\t<meta property=\"og:image:height\" content=\"900\" \/>\n\t<meta property=\"og:image:type\" content=\"image\/jpeg\" \/>\n<meta name=\"author\" content=\"Pencz Dorottya\" \/>\n<meta name=\"twitter:card\" content=\"summary_large_image\" \/>\n<meta name=\"twitter:label1\" content=\"Szerz\u0151:\" \/>\n\t<meta name=\"twitter:data1\" content=\"Pencz Dorottya\" \/>\n\t<meta name=\"twitter:label2\" content=\"Becs\u00fclt olvas\u00e1si id\u0151\" \/>\n\t<meta name=\"twitter:data2\" content=\"2 perc\" \/>\n<script type=\"application\/ld+json\" class=\"yoast-schema-graph\">{\"@context\":\"https:\\\/\\\/schema.org\",\"@graph\":[{\"@type\":\"Article\",\"@id\":\"https:\\\/\\\/mozaik.icnetworkhu.com\\\/oszi-kikapcsolodas-a-balaton-partjan#article\",\"isPartOf\":{\"@id\":\"https:\\\/\\\/mozaik.icnetworkhu.com\\\/oszi-kikapcsolodas-a-balaton-partjan\"},\"author\":{\"name\":\"Pencz Dorottya\",\"@id\":\"https:\\\/\\\/www.danubiushotels.com\\\/hu\\\/mozaik\\\/#\\\/schema\\\/person\\\/14b0b0c2ea10c762d30500b64e1d685d\"},\"headline\":\"\u0150szi kikapcsol\u00f3d\u00e1s a Balaton partj\u00e1n\",\"datePublished\":\"2024-09-10T12:58:33+00:00\",\"dateModified\":\"2024-09-10T13:22:19+00:00\",\"mainEntityOfPage\":{\"@id\":\"https:\\\/\\\/mozaik.icnetworkhu.com\\\/oszi-kikapcsolodas-a-balaton-partjan\"},\"wordCount\":361,\"image\":{\"@id\":\"https:\\\/\\\/mozaik.icnetworkhu.com\\\/oszi-kikapcsolodas-a-balaton-partjan#primaryimage\"},\"thumbnailUrl\":\"https:\\\/\\\/www.danubiushotels.com\\\/hu\\\/mozaik\\\/wp-content\\\/uploads\\\/2024\\\/09\\\/bahart_csobanc.jpg\",\"articleSection\":[\"H\u00edrek\",\"Sz\u00e1llodavil\u00e1g\"],\"inLanguage\":\"hu\"},{\"@type\":\"WebPage\",\"@id\":\"https:\\\/\\\/mozaik.icnetworkhu.com\\\/oszi-kikapcsolodas-a-balaton-partjan\",\"url\":\"https:\\\/\\\/mozaik.icnetworkhu.com\\\/oszi-kikapcsolodas-a-balaton-partjan\",\"name\":\"\u0150szi kikapcsol\u00f3d\u00e1s a Balaton partj\u00e1n - Danubius Mozaik\",\"isPartOf\":{\"@id\":\"https:\\\/\\\/www.danubiushotels.com\\\/hu\\\/mozaik\\\/#website\"},\"primaryImageOfPage\":{\"@id\":\"https:\\\/\\\/mozaik.icnetworkhu.com\\\/oszi-kikapcsolodas-a-balaton-partjan#primaryimage\"},\"image\":{\"@id\":\"https:\\\/\\\/mozaik.icnetworkhu.com\\\/oszi-kikapcsolodas-a-balaton-partjan#primaryimage\"},\"thumbnailUrl\":\"https:\\\/\\\/www.danubiushotels.com\\\/hu\\\/mozaik\\\/wp-content\\\/uploads\\\/2024\\\/09\\\/bahart_csobanc.jpg\",\"datePublished\":\"2024-09-10T12:58:33+00:00\",\"dateModified\":\"2024-09-10T13:22:19+00:00\",\"author\":{\"@id\":\"https:\\\/\\\/www.danubiushotels.com\\\/hu\\\/mozaik\\\/#\\\/schema\\\/person\\\/14b0b0c2ea10c762d30500b64e1d685d\"},\"breadcrumb\":{\"@id\":\"https:\\\/\\\/mozaik.icnetworkhu.com\\\/oszi-kikapcsolodas-a-balaton-partjan#breadcrumb\"},\"inLanguage\":\"hu\",\"potentialAction\":[{\"@type\":\"ReadAction\",\"target\":[\"https:\\\/\\\/mozaik.icnetworkhu.com\\\/oszi-kikapcsolodas-a-balaton-partjan\"]}]},{\"@type\":\"ImageObject\",\"inLanguage\":\"hu\",\"@id\":\"https:\\\/\\\/mozaik.icnetworkhu.com\\\/oszi-kikapcsolodas-a-balaton-partjan#primaryimage\",\"url\":\"https:\\\/\\\/www.danubiushotels.com\\\/hu\\\/mozaik\\\/wp-content\\\/uploads\\\/2024\\\/09\\\/bahart_csobanc.jpg\",\"contentUrl\":\"https:\\\/\\\/www.danubiushotels.com\\\/hu\\\/mozaik\\\/wp-content\\\/uploads\\\/2024\\\/09\\\/bahart_csobanc.jpg\",\"width\":1351,\"height\":900},{\"@type\":\"BreadcrumbList\",\"@id\":\"https:\\\/\\\/mozaik.icnetworkhu.com\\\/oszi-kikapcsolodas-a-balaton-partjan#breadcrumb\",\"itemListElement\":[{\"@type\":\"ListItem\",\"position\":1,\"name\":\"Home\",\"item\":\"https:\\\/\\\/www.danubiushotels.com\\\/hu\\\/mozaik\\\/\"},{\"@type\":\"ListItem\",\"position\":2,\"name\":\"\u0150szi kikapcsol\u00f3d\u00e1s a Balaton partj\u00e1n\"}]},{\"@type\":\"WebSite\",\"@id\":\"https:\\\/\\\/www.danubiushotels.com\\\/hu\\\/mozaik\\\/#website\",\"url\":\"https:\\\/\\\/www.danubiushotels.com\\\/hu\\\/mozaik\\\/\",\"name\":\"Danubius Mozaik\",\"description\":\"Mindig van alkalom a pihen\u00e9sre...\",\"potentialAction\":[{\"@type\":\"SearchAction\",\"target\":{\"@type\":\"EntryPoint\",\"urlTemplate\":\"https:\\\/\\\/www.danubiushotels.com\\\/hu\\\/mozaik\\\/?s={search_term_string}\"},\"query-input\":{\"@type\":\"PropertyValueSpecification\",\"valueRequired\":true,\"valueName\":\"search_term_string\"}}],\"inLanguage\":\"hu\"},{\"@type\":\"Person\",\"@id\":\"https:\\\/\\\/www.danubiushotels.com\\\/hu\\\/mozaik\\\/#\\\/schema\\\/person\\\/14b0b0c2ea10c762d30500b64e1d685d\",\"name\":\"Pencz Dorottya\",\"image\":{\"@type\":\"ImageObject\",\"inLanguage\":\"hu\",\"@id\":\"https:\\\/\\\/secure.gravatar.com\\\/avatar\\\/4f8d852ffd557188675000c0865dc845f775386e26ee67bd8041eb3d017638fc?s=96&d=mm&r=g\",\"url\":\"https:\\\/\\\/secure.gravatar.com\\\/avatar\\\/4f8d852ffd557188675000c0865dc845f775386e26ee67bd8041eb3d017638fc?s=96&d=mm&r=g\",\"contentUrl\":\"https:\\\/\\\/secure.gravatar.com\\\/avatar\\\/4f8d852ffd557188675000c0865dc845f775386e26ee67bd8041eb3d017638fc?s=96&d=mm&r=g\",\"caption\":\"Pencz Dorottya\"},\"url\":\"https:\\\/\\\/www.danubiushotels.com\\\/hu\\\/mozaik\\\/author\\\/dorottyapencz\"}]}<\/script>\n<!-- \/ Yoast SEO plugin. -->","yoast_head_json":{"title":"\u0150szi kikapcsol\u00f3d\u00e1s a Balaton partj\u00e1n - Danubius Mozaik","robots":{"index":"noindex","follow":"follow","max-snippet":"max-snippet:-1","max-image-preview":"max-image-preview:large","max-video-preview":"max-video-preview:-1"},"og_locale":"hu_HU","og_type":"article","og_title":"\u0150szi kikapcsol\u00f3d\u00e1s a Balaton partj\u00e1n - Danubius Mozaik","og_description":"Danubius Hotel Annabella Balatonf\u00fcred sz\u00edv\u00e9ben tal\u00e1lhat\u00f3 Annabella sz\u00e1llod\u00e1nk t\u00f6k\u00e9letes v\u00e1laszt\u00e1s mindazok sz\u00e1m\u00e1ra, akik f\u00e9lpanzi\u00f3s ell\u00e1t\u00e1ssal szeretn\u00e9nek kikapcsol\u00f3dni. Az id\u00e9n teljesen fel\u00faj\u00edtott, vadonat\u00faj pr\u00e9mium szob\u00e1ink modern berendez\u00e9ssel \u00e9s maxim\u00e1lis k\u00e9nyelemmel v\u00e1rj\u00e1k vend\u00e9geinket. A sz\u00e1lloda t\u00e1gas z\u00f6ld ter\u00fcletei, sz\u00e1mos konferencia- \u00e9s rendezv\u00e9nyterme ide\u00e1lis k\u00f6rnyezetet biztos\u00edtanak \u00fczleti esem\u00e9nyekhez \u00e9s csapat\u00e9p\u00edt\u0151 programokhoz. Danubius Hotel Marina A balatonf\u00fcredi Marina sz\u00e1llod\u00e1nk [&hellip;]","og_url":"https:\/\/mozaik.icnetworkhu.com\/oszi-kikapcsolodas-a-balaton-partjan","og_site_name":"Danubius Mozaik","article_published_time":"2024-09-10T12:58:33+00:00","article_modified_time":"2024-09-10T13:22:19+00:00","og_image":[{"width":1351,"height":900,"url":"https:\/\/mozaik.icnetworkhu.com\/wp-content\/uploads\/2024\/09\/bahart_csobanc.jpg","type":"image\/jpeg"}],"author":"Pencz Dorottya","twitter_card":"summary_large_image","twitter_misc":{"Szerz\u0151:":"Pencz Dorottya","Becs\u00fclt olvas\u00e1si id\u0151":"2 perc"},"schema":{"@context":"https:\/\/schema.org","@graph":[{"@type":"Article","@id":"https:\/\/mozaik.icnetworkhu.com\/oszi-kikapcsolodas-a-balaton-partjan#article","isPartOf":{"@id":"https:\/\/mozaik.icnetworkhu.com\/oszi-kikapcsolodas-a-balaton-partjan"},"author":{"name":"Pencz Dorottya","@id":"https:\/\/www.danubiushotels.com\/hu\/mozaik\/#\/schema\/person\/14b0b0c2ea10c762d30500b64e1d685d"},"headline":"\u0150szi kikapcsol\u00f3d\u00e1s a Balaton partj\u00e1n","datePublished":"2024-09-10T12:58:33+00:00","dateModified":"2024-09-10T13:22:19+00:00","mainEntityOfPage":{"@id":"https:\/\/mozaik.icnetworkhu.com\/oszi-kikapcsolodas-a-balaton-partjan"},"wordCount":361,"image":{"@id":"https:\/\/mozaik.icnetworkhu.com\/oszi-kikapcsolodas-a-balaton-partjan#primaryimage"},"thumbnailUrl":"https:\/\/www.danubiushotels.com\/hu\/mozaik\/wp-content\/uploads\/2024\/09\/bahart_csobanc.jpg","articleSection":["H\u00edrek","Sz\u00e1llodavil\u00e1g"],"inLanguage":"hu"},{"@type":"WebPage","@id":"https:\/\/mozaik.icnetworkhu.com\/oszi-kikapcsolodas-a-balaton-partjan","url":"https:\/\/mozaik.icnetworkhu.com\/oszi-kikapcsolodas-a-balaton-partjan","name":"\u0150szi kikapcsol\u00f3d\u00e1s a Balaton partj\u00e1n - Danubius Mozaik","isPartOf":{"@id":"https:\/\/www.danubiushotels.com\/hu\/mozaik\/#website"},"primaryImageOfPage":{"@id":"https:\/\/mozaik.icnetworkhu.com\/oszi-kikapcsolodas-a-balaton-partjan#primaryimage"},"image":{"@id":"https:\/\/mozaik.icnetworkhu.com\/oszi-kikapcsolodas-a-balaton-partjan#primaryimage"},"thumbnailUrl":"https:\/\/www.danubiushotels.com\/hu\/mozaik\/wp-content\/uploads\/2024\/09\/bahart_csobanc.jpg","datePublished":"2024-09-10T12:58:33+00:00","dateModified":"2024-09-10T13:22:19+00:00","author":{"@id":"https:\/\/www.danubiushotels.com\/hu\/mozaik\/#\/schema\/person\/14b0b0c2ea10c762d30500b64e1d685d"},"breadcrumb":{"@id":"https:\/\/mozaik.icnetworkhu.com\/oszi-kikapcsolodas-a-balaton-partjan#breadcrumb"},"inLanguage":"hu","potentialAction":[{"@type":"ReadAction","target":["https:\/\/mozaik.icnetworkhu.com\/oszi-kikapcsolodas-a-balaton-partjan"]}]},{"@type":"ImageObject","inLanguage":"hu","@id":"https:\/\/mozaik.icnetworkhu.com\/oszi-kikapcsolodas-a-balaton-partjan#primaryimage","url":"https:\/\/www.danubiushotels.com\/hu\/mozaik\/wp-content\/uploads\/2024\/09\/bahart_csobanc.jpg","contentUrl":"https:\/\/www.danubiushotels.com\/hu\/mozaik\/wp-content\/uploads\/2024\/09\/bahart_csobanc.jpg","width":1351,"height":900},{"@type":"BreadcrumbList","@id":"https:\/\/mozaik.icnetworkhu.com\/oszi-kikapcsolodas-a-balaton-partjan#breadcrumb","itemListElement":[{"@type":"ListItem","position":1,"name":"Home","item":"https:\/\/www.danubiushotels.com\/hu\/mozaik\/"},{"@type":"ListItem","position":2,"name":"\u0150szi kikapcsol\u00f3d\u00e1s a Balaton partj\u00e1n"}]},{"@type":"WebSite","@id":"https:\/\/www.danubiushotels.com\/hu\/mozaik\/#website","url":"https:\/\/www.danubiushotels.com\/hu\/mozaik\/","name":"Danubius Mozaik","description":"Mindig van alkalom a pihen\u00e9sre...","potentialAction":[{"@type":"SearchAction","target":{"@type":"EntryPoint","urlTemplate":"https:\/\/www.danubiushotels.com\/hu\/mozaik\/?s={search_term_string}"},"query-input":{"@type":"PropertyValueSpecification","valueRequired":true,"valueName":"search_term_string"}}],"inLanguage":"hu"},{"@type":"Person","@id":"https:\/\/www.danubiushotels.com\/hu\/mozaik\/#\/schema\/person\/14b0b0c2ea10c762d30500b64e1d685d","name":"Pencz Dorottya","image":{"@type":"ImageObject","inLanguage":"hu","@id":"https:\/\/secure.gravatar.com\/avatar\/4f8d852ffd557188675000c0865dc845f775386e26ee67bd8041eb3d017638fc?s=96&d=mm&r=g","url":"https:\/\/secure.gravatar.com\/avatar\/4f8d852ffd557188675000c0865dc845f775386e26ee67bd8041eb3d017638fc?s=96&d=mm&r=g","contentUrl":"https:\/\/secure.gravatar.com\/avatar\/4f8d852ffd557188675000c0865dc845f775386e26ee67bd8041eb3d017638fc?s=96&d=mm&r=g","caption":"Pencz Dorottya"},"url":"https:\/\/www.danubiushotels.com\/hu\/mozaik\/author\/dorottyapencz"}]}},"_links":{"self":[{"href":"https:\/\/www.danubiushotels.com\/hu\/mozaik\/wp-json\/wp\/v2\/posts\/13094","targetHints":{"allow":["GET"]}}],"collection":[{"href":"https:\/\/www.danubiushotels.com\/hu\/mozaik\/wp-json\/wp\/v2\/posts"}],"about":[{"href":"https:\/\/www.danubiushotels.com\/hu\/mozaik\/wp-json\/wp\/v2\/types\/post"}],"author":[{"embeddable":true,"href":"https:\/\/www.danubiushotels.com\/hu\/mozaik\/wp-json\/wp\/v2\/users\/15"}],"replies":[{"embeddable":true,"href":"https:\/\/www.danubiushotels.com\/hu\/mozaik\/wp-json\/wp\/v2\/comments?post=13094"}],"version-history":[{"count":1,"href":"https:\/\/www.danubiushotels.com\/hu\/mozaik\/wp-json\/wp\/v2\/posts\/13094\/revisions"}],"predecessor-version":[{"id":13095,"href":"https:\/\/www.danubiushotels.com\/hu\/mozaik\/wp-json\/wp\/v2\/posts\/13094\/revisions\/13095"}],"wp:featuredmedia":[{"embeddable":true,"href":"https:\/\/www.danubiushotels.com\/hu\/mozaik\/wp-json\/wp\/v2\/media\/13082"}],"wp:attachment":[{"href":"https:\/\/www.danubiushotels.com\/hu\/mozaik\/wp-json\/wp\/v2\/media?parent=13094"}],"wp:term":[{"taxonomy":"category","embeddable":true,"href":"https:\/\/www.danubiushotels.com\/hu\/mozaik\/wp-json\/wp\/v2\/categories?post=13094"},{"taxonomy":"post_tag","embeddable":true,"href":"https:\/\/www.danubiushotels.com\/hu\/mozaik\/wp-json\/wp\/v2\/tags?post=13094"}],"curies":[{"name":"wp","href":"https:\/\/api.w.org\/{rel}","templated":true}]}}