{"id":13116,"date":"2024-12-05T11:37:19","date_gmt":"2024-12-05T10:37:19","guid":{"rendered":"https:\/\/www.danubiushotels.com\/hu\/mozaik\/?p=13116"},"modified":"2024-12-09T11:46:15","modified_gmt":"2024-12-09T10:46:15","slug":"karacsonyi-ajandekutalvany-a-helia-spa-fitness-centerben","status":"publish","type":"post","link":"https:\/\/www.danubiushotels.com\/hu\/mozaik\/karacsonyi-ajandekutalvany-a-helia-spa-fitness-centerben","title":{"rendered":"Kar\u00e1csonyi aj\u00e1nd\u00e9kutalv\u00e1ny a Helia Spa &#038; Fitness Centerben"},"content":{"rendered":"<p><strong>K\u00e9nyeztet\u0151 wellness aj\u00e1nlatok, kedvezm\u00e9nyes aj\u00e1nd\u00e9kutalv\u00e1nyok v\u00e1rj\u00e1k a Helia Spa &amp; Fitness Centerben. Ha a t\u00f6k\u00e9letes aj\u00e1nd\u00e9kot keresi, itt garant\u00e1ltan megtal\u00e1lja.<\/strong><\/p>\n<p>Helia Spa &amp; Fitness Center\u00fcnk sz\u00e1mos aj\u00e1nd\u00e9k \u00f6tletet k\u00edn\u00e1l az \u00fcnnepekre. A kedvezm\u00e9nyes t\u00e9li aj\u00e1nlatok d\u00edsz aj\u00e1nd\u00e9kutalv\u00e1ny tasakban t\u00f6k\u00e9letes v\u00e1laszt\u00e1s a koll\u00e9g\u00e1k\/partnerek, vagy ak\u00e1r csal\u00e1dtagok, bar\u00e1tok r\u00e9sz\u00e9re. Az egy\u00e9bk\u00e9nt is sz\u00e9les aj\u00e1nd\u00e9kutalv\u00e1ny palett\u00e1n k\u00edv\u00fcl most az al\u00e1bbi utalv\u00e1nyok kedvezm\u00e9nyes \u00e1ron v\u00e1s\u00e1rolhat\u00f3k meg szem\u00e9lyesen a Helia Spa &amp; Fitness Center recepci\u00f3j\u00e1n vagy e-mailben.<\/p>\n<ul>\n<li><strong>T\u00e9li var\u00e1zs 60 perces massz\u00e1zs<\/strong> (v\u00e1laszthat\u00f3 hat\u00f3anyagos teljes test massz\u00e1zs: narancsos fah\u00e9j, di\u00f3, fah\u00e9jas szilva) \u00a0\u00a0\u00a0\u00a0 18 000 Ft helyett most 16 500 Ft-\u00e9rt!<\/li>\n<li><strong>T\u00e9li var\u00e1zs Day Spa program<\/strong> (Spa&amp; Fitness napi bel\u00e9p\u0151 60 perces v\u00e1laszthat\u00f3 hat\u00f3anyagos massz\u00e1zzsal: narancsos fah\u00e9j, di\u00f3, fah\u00e9jas szilva) 21\u00a0900 Ft helyett most 19\u00a0900 Ft-\u00e9rt!<\/li>\n<li><strong>T\u00e9li eg\u00e9szs\u00e9gmeg\u0151rz\u0151 5 alkalmas b\u00e9rlet<\/strong> (Spa&amp; Fitness b\u00e9rlet s\u00f3barlang haszn\u00e1lattal) 38\u00a0000 Ft helyett most 33\u00a0000 Ft-\u00e9rt!<\/li>\n<li><strong>Er\u0151s\u00edtett g\u00e9l lakkoz\u00e1s<\/strong> 7\u00a0500 Ft helyett most 6\u00a0500 Ft-\u00e9rt!<\/li>\n<\/ul>\n<p>Az utalv\u00e1nyok 2025. m\u00e1rcius 31-ig haszn\u00e1lhat\u00f3k fel. Tov\u00e1bbi r\u00e9szletek\u00e9rt keresse Spa recepci\u00f3nkat a helia.spa@danubiushotels.com email c\u00edmen.<\/p>\n<p><a href=\"https:\/\/www.danubiushotels.com\/hu\/mozaik\/wp-content\/uploads\/2024\/12\/image002-scaled.jpg\"><img loading=\"lazy\" decoding=\"async\" class=\"aligncenter wp-image-13117 size-large\" src=\"https:\/\/www.danubiushotels.com\/hu\/mozaik\/wp-content\/uploads\/2024\/12\/image002-1024x845.jpg\" alt=\"\" width=\"1024\" height=\"845\" srcset=\"https:\/\/www.danubiushotels.com\/hu\/mozaik\/wp-content\/uploads\/2024\/12\/image002-980x808.jpg 980w, https:\/\/www.danubiushotels.com\/hu\/mozaik\/wp-content\/uploads\/2024\/12\/image002-480x396.jpg 480w\" sizes=\"(min-width: 0px) and (max-width: 480px) 480px, (min-width: 481px) and (max-width: 980px) 980px, (min-width: 981px) 1024px, 100vw\" \/><\/a><\/p>\n<p>&nbsp;<\/p>\n","protected":false},"excerpt":{"rendered":"<p>K\u00e9nyeztet\u0151 wellness aj\u00e1nlatok, kedvezm\u00e9nyes aj\u00e1nd\u00e9kutalv\u00e1nyok v\u00e1rj\u00e1k a Helia Spa &amp; Fitness Centerben. Ha a t\u00f6k\u00e9letes aj\u00e1nd\u00e9kot keresi, itt garant\u00e1ltan megtal\u00e1lja. Helia Spa &amp; Fitness Center\u00fcnk sz\u00e1mos aj\u00e1nd\u00e9k \u00f6tletet k\u00edn\u00e1l az \u00fcnnepekre. A kedvezm\u00e9nyes t\u00e9li aj\u00e1nlatok d\u00edsz aj\u00e1nd\u00e9kutalv\u00e1ny tasakban t\u00f6k\u00e9letes v\u00e1laszt\u00e1s a koll\u00e9g\u00e1k\/partnerek, vagy ak\u00e1r csal\u00e1dtagok, bar\u00e1tok r\u00e9sz\u00e9re. Az egy\u00e9bk\u00e9nt is sz\u00e9les aj\u00e1nd\u00e9kutalv\u00e1ny palett\u00e1n k\u00edv\u00fcl most [&hellip;]<\/p>\n","protected":false},"author":16,"featured_media":13117,"comment_status":"closed","ping_status":"open","sticky":false,"template":"","format":"standard","meta":{"_acf_changed":false,"_et_pb_use_builder":"","_et_pb_old_content":"","_et_gb_content_width":"","inline_featured_image":false,"footnotes":""},"categories":[4,1177],"tags":[],"class_list":["post-13116","post","type-post","status-publish","format-standard","has-post-thumbnail","hentry","category-hirek","category-wellness"],"acf":[],"yoast_head":"<!-- This site is optimized with the Yoast SEO plugin v27.4 - https:\/\/yoast.com\/product\/yoast-seo-wordpress\/ -->\n<title>Kar\u00e1csonyi aj\u00e1nd\u00e9kutalv\u00e1ny a Helia Spa &amp; Fitness Centerben - Danubius Mozaik<\/title>\n<meta name=\"robots\" content=\"noindex, follow, max-snippet:-1, max-image-preview:large, max-video-preview:-1\" \/>\n<meta property=\"og:locale\" content=\"hu_HU\" \/>\n<meta property=\"og:type\" content=\"article\" \/>\n<meta property=\"og:title\" content=\"Kar\u00e1csonyi aj\u00e1nd\u00e9kutalv\u00e1ny a Helia Spa &amp; Fitness Centerben - Danubius Mozaik\" \/>\n<meta property=\"og:description\" content=\"K\u00e9nyeztet\u0151 wellness aj\u00e1nlatok, kedvezm\u00e9nyes aj\u00e1nd\u00e9kutalv\u00e1nyok v\u00e1rj\u00e1k a Helia Spa &amp; Fitness Centerben. Ha a t\u00f6k\u00e9letes aj\u00e1nd\u00e9kot keresi, itt garant\u00e1ltan megtal\u00e1lja. Helia Spa &amp; Fitness Center\u00fcnk sz\u00e1mos aj\u00e1nd\u00e9k \u00f6tletet k\u00edn\u00e1l az \u00fcnnepekre. A kedvezm\u00e9nyes t\u00e9li aj\u00e1nlatok d\u00edsz aj\u00e1nd\u00e9kutalv\u00e1ny tasakban t\u00f6k\u00e9letes v\u00e1laszt\u00e1s a koll\u00e9g\u00e1k\/partnerek, vagy ak\u00e1r csal\u00e1dtagok, bar\u00e1tok r\u00e9sz\u00e9re. Az egy\u00e9bk\u00e9nt is sz\u00e9les aj\u00e1nd\u00e9kutalv\u00e1ny palett\u00e1n k\u00edv\u00fcl most [&hellip;]\" \/>\n<meta property=\"og:url\" content=\"https:\/\/www.danubiushotels.com\/hu\/mozaik\/karacsonyi-ajandekutalvany-a-helia-spa-fitness-centerben\" \/>\n<meta property=\"og:site_name\" content=\"Danubius Mozaik\" \/>\n<meta property=\"article:published_time\" content=\"2024-12-05T10:37:19+00:00\" \/>\n<meta property=\"article:modified_time\" content=\"2024-12-09T10:46:15+00:00\" \/>\n<meta property=\"og:image\" content=\"https:\/\/www.danubiushotels.com\/hu\/mozaik\/wp-content\/uploads\/2024\/12\/image002-scaled.jpg\" \/>\n\t<meta property=\"og:image:width\" content=\"2560\" \/>\n\t<meta property=\"og:image:height\" content=\"2111\" \/>\n\t<meta property=\"og:image:type\" content=\"image\/jpeg\" \/>\n<meta name=\"author\" content=\"Szab\u00f3 \u00c1gnes\" \/>\n<meta name=\"twitter:card\" content=\"summary_large_image\" \/>\n<meta name=\"twitter:label1\" content=\"Szerz\u0151:\" \/>\n\t<meta name=\"twitter:data1\" content=\"Szab\u00f3 \u00c1gnes\" \/>\n\t<meta name=\"twitter:label2\" content=\"Becs\u00fclt olvas\u00e1si id\u0151\" \/>\n\t<meta name=\"twitter:data2\" content=\"2 perc\" \/>\n<script type=\"application\/ld+json\" class=\"yoast-schema-graph\">{\"@context\":\"https:\\\/\\\/schema.org\",\"@graph\":[{\"@type\":\"Article\",\"@id\":\"https:\\\/\\\/www.danubiushotels.com\\\/hu\\\/mozaik\\\/karacsonyi-ajandekutalvany-a-helia-spa-fitness-centerben#article\",\"isPartOf\":{\"@id\":\"https:\\\/\\\/www.danubiushotels.com\\\/hu\\\/mozaik\\\/karacsonyi-ajandekutalvany-a-helia-spa-fitness-centerben\"},\"author\":{\"name\":\"Szab\u00f3 \u00c1gnes\",\"@id\":\"https:\\\/\\\/www.danubiushotels.com\\\/hu\\\/mozaik\\\/#\\\/schema\\\/person\\\/542f1349acf8d28401b230bc68ea4cdb\"},\"headline\":\"Kar\u00e1csonyi aj\u00e1nd\u00e9kutalv\u00e1ny a Helia Spa &#038; Fitness Centerben\",\"datePublished\":\"2024-12-05T10:37:19+00:00\",\"dateModified\":\"2024-12-09T10:46:15+00:00\",\"mainEntityOfPage\":{\"@id\":\"https:\\\/\\\/www.danubiushotels.com\\\/hu\\\/mozaik\\\/karacsonyi-ajandekutalvany-a-helia-spa-fitness-centerben\"},\"wordCount\":262,\"image\":{\"@id\":\"https:\\\/\\\/www.danubiushotels.com\\\/hu\\\/mozaik\\\/karacsonyi-ajandekutalvany-a-helia-spa-fitness-centerben#primaryimage\"},\"thumbnailUrl\":\"https:\\\/\\\/www.danubiushotels.com\\\/hu\\\/mozaik\\\/wp-content\\\/uploads\\\/2024\\\/12\\\/image002-scaled.jpg\",\"articleSection\":[\"H\u00edrek\",\"Wellness\"],\"inLanguage\":\"hu\"},{\"@type\":\"WebPage\",\"@id\":\"https:\\\/\\\/www.danubiushotels.com\\\/hu\\\/mozaik\\\/karacsonyi-ajandekutalvany-a-helia-spa-fitness-centerben\",\"url\":\"https:\\\/\\\/www.danubiushotels.com\\\/hu\\\/mozaik\\\/karacsonyi-ajandekutalvany-a-helia-spa-fitness-centerben\",\"name\":\"Kar\u00e1csonyi aj\u00e1nd\u00e9kutalv\u00e1ny a Helia Spa & Fitness Centerben - Danubius Mozaik\",\"isPartOf\":{\"@id\":\"https:\\\/\\\/www.danubiushotels.com\\\/hu\\\/mozaik\\\/#website\"},\"primaryImageOfPage\":{\"@id\":\"https:\\\/\\\/www.danubiushotels.com\\\/hu\\\/mozaik\\\/karacsonyi-ajandekutalvany-a-helia-spa-fitness-centerben#primaryimage\"},\"image\":{\"@id\":\"https:\\\/\\\/www.danubiushotels.com\\\/hu\\\/mozaik\\\/karacsonyi-ajandekutalvany-a-helia-spa-fitness-centerben#primaryimage\"},\"thumbnailUrl\":\"https:\\\/\\\/www.danubiushotels.com\\\/hu\\\/mozaik\\\/wp-content\\\/uploads\\\/2024\\\/12\\\/image002-scaled.jpg\",\"datePublished\":\"2024-12-05T10:37:19+00:00\",\"dateModified\":\"2024-12-09T10:46:15+00:00\",\"author\":{\"@id\":\"https:\\\/\\\/www.danubiushotels.com\\\/hu\\\/mozaik\\\/#\\\/schema\\\/person\\\/542f1349acf8d28401b230bc68ea4cdb\"},\"breadcrumb\":{\"@id\":\"https:\\\/\\\/www.danubiushotels.com\\\/hu\\\/mozaik\\\/karacsonyi-ajandekutalvany-a-helia-spa-fitness-centerben#breadcrumb\"},\"inLanguage\":\"hu\",\"potentialAction\":[{\"@type\":\"ReadAction\",\"target\":[\"https:\\\/\\\/www.danubiushotels.com\\\/hu\\\/mozaik\\\/karacsonyi-ajandekutalvany-a-helia-spa-fitness-centerben\"]}]},{\"@type\":\"ImageObject\",\"inLanguage\":\"hu\",\"@id\":\"https:\\\/\\\/www.danubiushotels.com\\\/hu\\\/mozaik\\\/karacsonyi-ajandekutalvany-a-helia-spa-fitness-centerben#primaryimage\",\"url\":\"https:\\\/\\\/www.danubiushotels.com\\\/hu\\\/mozaik\\\/wp-content\\\/uploads\\\/2024\\\/12\\\/image002-scaled.jpg\",\"contentUrl\":\"https:\\\/\\\/www.danubiushotels.com\\\/hu\\\/mozaik\\\/wp-content\\\/uploads\\\/2024\\\/12\\\/image002-scaled.jpg\",\"width\":2560,\"height\":2111},{\"@type\":\"BreadcrumbList\",\"@id\":\"https:\\\/\\\/www.danubiushotels.com\\\/hu\\\/mozaik\\\/karacsonyi-ajandekutalvany-a-helia-spa-fitness-centerben#breadcrumb\",\"itemListElement\":[{\"@type\":\"ListItem\",\"position\":1,\"name\":\"Home\",\"item\":\"https:\\\/\\\/www.danubiushotels.com\\\/hu\\\/mozaik\\\/\"},{\"@type\":\"ListItem\",\"position\":2,\"name\":\"Kar\u00e1csonyi aj\u00e1nd\u00e9kutalv\u00e1ny a Helia Spa &#038; Fitness Centerben\"}]},{\"@type\":\"WebSite\",\"@id\":\"https:\\\/\\\/www.danubiushotels.com\\\/hu\\\/mozaik\\\/#website\",\"url\":\"https:\\\/\\\/www.danubiushotels.com\\\/hu\\\/mozaik\\\/\",\"name\":\"Danubius Mozaik\",\"description\":\"Mindig van alkalom a pihen\u00e9sre...\",\"potentialAction\":[{\"@type\":\"SearchAction\",\"target\":{\"@type\":\"EntryPoint\",\"urlTemplate\":\"https:\\\/\\\/www.danubiushotels.com\\\/hu\\\/mozaik\\\/?s={search_term_string}\"},\"query-input\":{\"@type\":\"PropertyValueSpecification\",\"valueRequired\":true,\"valueName\":\"search_term_string\"}}],\"inLanguage\":\"hu\"},{\"@type\":\"Person\",\"@id\":\"https:\\\/\\\/www.danubiushotels.com\\\/hu\\\/mozaik\\\/#\\\/schema\\\/person\\\/542f1349acf8d28401b230bc68ea4cdb\",\"name\":\"Szab\u00f3 \u00c1gnes\",\"image\":{\"@type\":\"ImageObject\",\"inLanguage\":\"hu\",\"@id\":\"https:\\\/\\\/secure.gravatar.com\\\/avatar\\\/c3594f2f1cdce4e4e61a0ccbf30a1b1e8399422660f44ec2b029a8282a33f480?s=96&d=mm&r=g\",\"url\":\"https:\\\/\\\/secure.gravatar.com\\\/avatar\\\/c3594f2f1cdce4e4e61a0ccbf30a1b1e8399422660f44ec2b029a8282a33f480?s=96&d=mm&r=g\",\"contentUrl\":\"https:\\\/\\\/secure.gravatar.com\\\/avatar\\\/c3594f2f1cdce4e4e61a0ccbf30a1b1e8399422660f44ec2b029a8282a33f480?s=96&d=mm&r=g\",\"caption\":\"Szab\u00f3 \u00c1gnes\"},\"url\":\"https:\\\/\\\/www.danubiushotels.com\\\/hu\\\/mozaik\\\/author\\\/szaboagnes\"}]}<\/script>\n<!-- \/ Yoast SEO plugin. -->","yoast_head_json":{"title":"Kar\u00e1csonyi aj\u00e1nd\u00e9kutalv\u00e1ny a Helia Spa & Fitness Centerben - Danubius Mozaik","robots":{"index":"noindex","follow":"follow","max-snippet":"max-snippet:-1","max-image-preview":"max-image-preview:large","max-video-preview":"max-video-preview:-1"},"og_locale":"hu_HU","og_type":"article","og_title":"Kar\u00e1csonyi aj\u00e1nd\u00e9kutalv\u00e1ny a Helia Spa & Fitness Centerben - Danubius Mozaik","og_description":"K\u00e9nyeztet\u0151 wellness aj\u00e1nlatok, kedvezm\u00e9nyes aj\u00e1nd\u00e9kutalv\u00e1nyok v\u00e1rj\u00e1k a Helia Spa &amp; Fitness Centerben. Ha a t\u00f6k\u00e9letes aj\u00e1nd\u00e9kot keresi, itt garant\u00e1ltan megtal\u00e1lja. Helia Spa &amp; Fitness Center\u00fcnk sz\u00e1mos aj\u00e1nd\u00e9k \u00f6tletet k\u00edn\u00e1l az \u00fcnnepekre. A kedvezm\u00e9nyes t\u00e9li aj\u00e1nlatok d\u00edsz aj\u00e1nd\u00e9kutalv\u00e1ny tasakban t\u00f6k\u00e9letes v\u00e1laszt\u00e1s a koll\u00e9g\u00e1k\/partnerek, vagy ak\u00e1r csal\u00e1dtagok, bar\u00e1tok r\u00e9sz\u00e9re. Az egy\u00e9bk\u00e9nt is sz\u00e9les aj\u00e1nd\u00e9kutalv\u00e1ny palett\u00e1n k\u00edv\u00fcl most [&hellip;]","og_url":"https:\/\/www.danubiushotels.com\/hu\/mozaik\/karacsonyi-ajandekutalvany-a-helia-spa-fitness-centerben","og_site_name":"Danubius Mozaik","article_published_time":"2024-12-05T10:37:19+00:00","article_modified_time":"2024-12-09T10:46:15+00:00","og_image":[{"width":2560,"height":2111,"url":"https:\/\/www.danubiushotels.com\/hu\/mozaik\/wp-content\/uploads\/2024\/12\/image002-scaled.jpg","type":"image\/jpeg"}],"author":"Szab\u00f3 \u00c1gnes","twitter_card":"summary_large_image","twitter_misc":{"Szerz\u0151:":"Szab\u00f3 \u00c1gnes","Becs\u00fclt olvas\u00e1si id\u0151":"2 perc"},"schema":{"@context":"https:\/\/schema.org","@graph":[{"@type":"Article","@id":"https:\/\/www.danubiushotels.com\/hu\/mozaik\/karacsonyi-ajandekutalvany-a-helia-spa-fitness-centerben#article","isPartOf":{"@id":"https:\/\/www.danubiushotels.com\/hu\/mozaik\/karacsonyi-ajandekutalvany-a-helia-spa-fitness-centerben"},"author":{"name":"Szab\u00f3 \u00c1gnes","@id":"https:\/\/www.danubiushotels.com\/hu\/mozaik\/#\/schema\/person\/542f1349acf8d28401b230bc68ea4cdb"},"headline":"Kar\u00e1csonyi aj\u00e1nd\u00e9kutalv\u00e1ny a Helia Spa &#038; Fitness Centerben","datePublished":"2024-12-05T10:37:19+00:00","dateModified":"2024-12-09T10:46:15+00:00","mainEntityOfPage":{"@id":"https:\/\/www.danubiushotels.com\/hu\/mozaik\/karacsonyi-ajandekutalvany-a-helia-spa-fitness-centerben"},"wordCount":262,"image":{"@id":"https:\/\/www.danubiushotels.com\/hu\/mozaik\/karacsonyi-ajandekutalvany-a-helia-spa-fitness-centerben#primaryimage"},"thumbnailUrl":"https:\/\/www.danubiushotels.com\/hu\/mozaik\/wp-content\/uploads\/2024\/12\/image002-scaled.jpg","articleSection":["H\u00edrek","Wellness"],"inLanguage":"hu"},{"@type":"WebPage","@id":"https:\/\/www.danubiushotels.com\/hu\/mozaik\/karacsonyi-ajandekutalvany-a-helia-spa-fitness-centerben","url":"https:\/\/www.danubiushotels.com\/hu\/mozaik\/karacsonyi-ajandekutalvany-a-helia-spa-fitness-centerben","name":"Kar\u00e1csonyi aj\u00e1nd\u00e9kutalv\u00e1ny a Helia Spa & Fitness Centerben - Danubius Mozaik","isPartOf":{"@id":"https:\/\/www.danubiushotels.com\/hu\/mozaik\/#website"},"primaryImageOfPage":{"@id":"https:\/\/www.danubiushotels.com\/hu\/mozaik\/karacsonyi-ajandekutalvany-a-helia-spa-fitness-centerben#primaryimage"},"image":{"@id":"https:\/\/www.danubiushotels.com\/hu\/mozaik\/karacsonyi-ajandekutalvany-a-helia-spa-fitness-centerben#primaryimage"},"thumbnailUrl":"https:\/\/www.danubiushotels.com\/hu\/mozaik\/wp-content\/uploads\/2024\/12\/image002-scaled.jpg","datePublished":"2024-12-05T10:37:19+00:00","dateModified":"2024-12-09T10:46:15+00:00","author":{"@id":"https:\/\/www.danubiushotels.com\/hu\/mozaik\/#\/schema\/person\/542f1349acf8d28401b230bc68ea4cdb"},"breadcrumb":{"@id":"https:\/\/www.danubiushotels.com\/hu\/mozaik\/karacsonyi-ajandekutalvany-a-helia-spa-fitness-centerben#breadcrumb"},"inLanguage":"hu","potentialAction":[{"@type":"ReadAction","target":["https:\/\/www.danubiushotels.com\/hu\/mozaik\/karacsonyi-ajandekutalvany-a-helia-spa-fitness-centerben"]}]},{"@type":"ImageObject","inLanguage":"hu","@id":"https:\/\/www.danubiushotels.com\/hu\/mozaik\/karacsonyi-ajandekutalvany-a-helia-spa-fitness-centerben#primaryimage","url":"https:\/\/www.danubiushotels.com\/hu\/mozaik\/wp-content\/uploads\/2024\/12\/image002-scaled.jpg","contentUrl":"https:\/\/www.danubiushotels.com\/hu\/mozaik\/wp-content\/uploads\/2024\/12\/image002-scaled.jpg","width":2560,"height":2111},{"@type":"BreadcrumbList","@id":"https:\/\/www.danubiushotels.com\/hu\/mozaik\/karacsonyi-ajandekutalvany-a-helia-spa-fitness-centerben#breadcrumb","itemListElement":[{"@type":"ListItem","position":1,"name":"Home","item":"https:\/\/www.danubiushotels.com\/hu\/mozaik\/"},{"@type":"ListItem","position":2,"name":"Kar\u00e1csonyi aj\u00e1nd\u00e9kutalv\u00e1ny a Helia Spa &#038; Fitness Centerben"}]},{"@type":"WebSite","@id":"https:\/\/www.danubiushotels.com\/hu\/mozaik\/#website","url":"https:\/\/www.danubiushotels.com\/hu\/mozaik\/","name":"Danubius Mozaik","description":"Mindig van alkalom a pihen\u00e9sre...","potentialAction":[{"@type":"SearchAction","target":{"@type":"EntryPoint","urlTemplate":"https:\/\/www.danubiushotels.com\/hu\/mozaik\/?s={search_term_string}"},"query-input":{"@type":"PropertyValueSpecification","valueRequired":true,"valueName":"search_term_string"}}],"inLanguage":"hu"},{"@type":"Person","@id":"https:\/\/www.danubiushotels.com\/hu\/mozaik\/#\/schema\/person\/542f1349acf8d28401b230bc68ea4cdb","name":"Szab\u00f3 \u00c1gnes","image":{"@type":"ImageObject","inLanguage":"hu","@id":"https:\/\/secure.gravatar.com\/avatar\/c3594f2f1cdce4e4e61a0ccbf30a1b1e8399422660f44ec2b029a8282a33f480?s=96&d=mm&r=g","url":"https:\/\/secure.gravatar.com\/avatar\/c3594f2f1cdce4e4e61a0ccbf30a1b1e8399422660f44ec2b029a8282a33f480?s=96&d=mm&r=g","contentUrl":"https:\/\/secure.gravatar.com\/avatar\/c3594f2f1cdce4e4e61a0ccbf30a1b1e8399422660f44ec2b029a8282a33f480?s=96&d=mm&r=g","caption":"Szab\u00f3 \u00c1gnes"},"url":"https:\/\/www.danubiushotels.com\/hu\/mozaik\/author\/szaboagnes"}]}},"_links":{"self":[{"href":"https:\/\/www.danubiushotels.com\/hu\/mozaik\/wp-json\/wp\/v2\/posts\/13116","targetHints":{"allow":["GET"]}}],"collection":[{"href":"https:\/\/www.danubiushotels.com\/hu\/mozaik\/wp-json\/wp\/v2\/posts"}],"about":[{"href":"https:\/\/www.danubiushotels.com\/hu\/mozaik\/wp-json\/wp\/v2\/types\/post"}],"author":[{"embeddable":true,"href":"https:\/\/www.danubiushotels.com\/hu\/mozaik\/wp-json\/wp\/v2\/users\/16"}],"replies":[{"embeddable":true,"href":"https:\/\/www.danubiushotels.com\/hu\/mozaik\/wp-json\/wp\/v2\/comments?post=13116"}],"version-history":[{"count":4,"href":"https:\/\/www.danubiushotels.com\/hu\/mozaik\/wp-json\/wp\/v2\/posts\/13116\/revisions"}],"predecessor-version":[{"id":13121,"href":"https:\/\/www.danubiushotels.com\/hu\/mozaik\/wp-json\/wp\/v2\/posts\/13116\/revisions\/13121"}],"wp:featuredmedia":[{"embeddable":true,"href":"https:\/\/www.danubiushotels.com\/hu\/mozaik\/wp-json\/wp\/v2\/media\/13117"}],"wp:attachment":[{"href":"https:\/\/www.danubiushotels.com\/hu\/mozaik\/wp-json\/wp\/v2\/media?parent=13116"}],"wp:term":[{"taxonomy":"category","embeddable":true,"href":"https:\/\/www.danubiushotels.com\/hu\/mozaik\/wp-json\/wp\/v2\/categories?post=13116"},{"taxonomy":"post_tag","embeddable":true,"href":"https:\/\/www.danubiushotels.com\/hu\/mozaik\/wp-json\/wp\/v2\/tags?post=13116"}],"curies":[{"name":"wp","href":"https:\/\/api.w.org\/{rel}","templated":true}]}}