{"id":13144,"date":"2024-12-05T12:13:55","date_gmt":"2024-12-05T11:13:55","guid":{"rendered":"https:\/\/www.danubiushotels.com\/hu\/mozaik\/?p=13144"},"modified":"2024-12-09T11:38:28","modified_gmt":"2024-12-09T10:38:28","slug":"megujult-wellness-reszleg-a-hevizi-ensana-thermal-aqua-szallodaban","status":"publish","type":"post","link":"https:\/\/www.danubiushotels.com\/hu\/mozaik\/megujult-wellness-reszleg-a-hevizi-ensana-thermal-aqua-szallodaban","title":{"rendered":"Meg\u00fajult wellness r\u00e9szleg a h\u00e9v\u00edzi Ensana Thermal Aqua sz\u00e1llod\u00e1ban"},"content":{"rendered":"<p><strong>Meg\u00fajult a h\u00e9v\u00edzi<a href=\"https:\/\/ensanahotels.com\/hu\/szallodak\/thermal-aqua\"> Ensana Thermal Aqua<\/a> sz\u00e1lloda. M\u00e1r modern term\u00e1lmedenc\u00e9k \u00e9s t\u00e1gas pihen\u0151t\u00e9r is v\u00e1rja a pihenni v\u00e1gy\u00f3 vend\u00e9geket.<\/strong><\/p>\n<p>Okt\u00f3berben lez\u00e1rult az \u00e1tfog\u00f3 sz\u00e1llodafel\u00faj\u00edt\u00e1s m\u00e1sodik \u00fcteme az <a href=\"https:\/\/ensanahotels.com\/hu\/szallodak\/thermal-aqua\">Ensana Thermal Aqua<\/a> sz\u00e1llod\u00e1ban. A rekonstrukci\u00f3 mostani szakasza kifejezetten a term\u00e1lmedenc\u00e9kre \u00e9s a pihen\u0151ter\u00fcletre koncentr\u00e1lt, moderniz\u00e1lva \u00e9s komfortosabb\u00e1 t\u00e9ve a felt\u00f6lt\u0151d\u00e9s helysz\u00edn\u00e9t.<\/p>\n\n\t\t<style type=\"text\/css\">\n\t\t\t#gallery-1 {\n\t\t\t\tmargin: auto;\n\t\t\t}\n\t\t\t#gallery-1 .gallery-item {\n\t\t\t\tfloat: left;\n\t\t\t\tmargin-top: 10px;\n\t\t\t\ttext-align: center;\n\t\t\t\twidth: 50%;\n\t\t\t}\n\t\t\t#gallery-1 img {\n\t\t\t\tborder: 2px solid #cfcfcf;\n\t\t\t}\n\t\t\t#gallery-1 .gallery-caption {\n\t\t\t\tmargin-left: 0;\n\t\t\t}\n\t\t\t\/* see gallery_shortcode() in wp-includes\/media.php *\/\n\t\t<\/style>\n\t\t<div id='gallery-1' class='gallery galleryid-13144 gallery-columns-2 gallery-size-large'><dl class='gallery-item'>\n\t\t\t<dt class='gallery-icon landscape'>\n\t\t\t\t<a href='https:\/\/www.danubiushotels.com\/hu\/mozaik\/megujult-wellness-reszleg-a-hevizi-ensana-thermal-aqua-szallodaban\/thermal-aqua-6'><img loading=\"lazy\" decoding=\"async\" width=\"1024\" height=\"683\" src=\"https:\/\/www.danubiushotels.com\/hu\/mozaik\/wp-content\/uploads\/2024\/12\/Thermal-Aqua-6-1024x683.jpg\" class=\"attachment-large size-large\" alt=\"\" srcset=\"https:\/\/www.danubiushotels.com\/hu\/mozaik\/wp-content\/uploads\/2024\/12\/Thermal-Aqua-6-980x653.jpg 980w, https:\/\/www.danubiushotels.com\/hu\/mozaik\/wp-content\/uploads\/2024\/12\/Thermal-Aqua-6-480x320.jpg 480w\" sizes=\"(min-width: 0px) and (max-width: 480px) 480px, (min-width: 481px) and (max-width: 980px) 980px, (min-width: 981px) 1024px, 100vw\" \/><\/a>\n\t\t\t<\/dt><\/dl><dl class='gallery-item'>\n\t\t\t<dt class='gallery-icon landscape'>\n\t\t\t\t<a href='https:\/\/www.danubiushotels.com\/hu\/mozaik\/megujult-wellness-reszleg-a-hevizi-ensana-thermal-aqua-szallodaban\/thermal-aqua-2'><img loading=\"lazy\" decoding=\"async\" width=\"1024\" height=\"683\" src=\"https:\/\/www.danubiushotels.com\/hu\/mozaik\/wp-content\/uploads\/2024\/12\/Thermal-Aqua-2-1024x683.jpg\" class=\"attachment-large size-large\" alt=\"\" srcset=\"https:\/\/www.danubiushotels.com\/hu\/mozaik\/wp-content\/uploads\/2024\/12\/Thermal-Aqua-2-980x653.jpg 980w, https:\/\/www.danubiushotels.com\/hu\/mozaik\/wp-content\/uploads\/2024\/12\/Thermal-Aqua-2-480x320.jpg 480w\" sizes=\"(min-width: 0px) and (max-width: 480px) 480px, (min-width: 481px) and (max-width: 980px) 980px, (min-width: 981px) 1024px, 100vw\" \/><\/a>\n\t\t\t<\/dt><\/dl><br style=\"clear: both\" \/>\n\t\t<\/div>\n\n<p>A fel\u00faj\u00edt\u00e1s sor\u00e1n a term\u00e1lmedenc\u00e9k \u00e9s k\u00f6rnyezet\u00fck teljesen \u00faj arculatot kaptak, a felhaszn\u00e1lt sz\u00ednek \u00e9s anyagok a m\u00e1jusban \u00e1tadott szaunavil\u00e1ggal t\u00f6k\u00e9letesen harmoniz\u00e1lnak. A k\u00e9t elt\u00e9r\u0151 h\u0151fok\u00fa term\u00e1lmedence meg\u00fajult burkolata vil\u00e1gos sz\u00edn\u0171, cs\u00fasz\u00e1smentes k\u0151porcel\u00e1nb\u00f3l k\u00e9sz\u00fclt, \u00edgy biztos\u00edtva minden vend\u00e9g sz\u00e1m\u00e1ra a biztons\u00e1gos \u00e9s k\u00e9nyelmes f\u00fcrd\u0151z\u00e9st. A medenc\u00e9k bej\u00e1rat\u00e1nak \u00e1thelyez\u00e9s\u00e9vel r\u00e1ad\u00e1sul k\u00f6nnyebb\u00e9 \u00e9s gyorsabb\u00e1 v\u00e1lt a gy\u00f3gymedenc\u00e9kbe val\u00f3 bejut\u00e1s.<\/p>\n<p><a href=\"https:\/\/www.danubiushotels.com\/hu\/mozaik\/wp-content\/uploads\/2024\/12\/Thermal-Aqua-3-scaled.jpg\"><img loading=\"lazy\" decoding=\"async\" class=\"aligncenter wp-image-13149 size-large\" src=\"https:\/\/www.danubiushotels.com\/hu\/mozaik\/wp-content\/uploads\/2024\/12\/Thermal-Aqua-3-1024x683.jpg\" alt=\"\" width=\"1024\" height=\"683\" srcset=\"https:\/\/www.danubiushotels.com\/hu\/mozaik\/wp-content\/uploads\/2024\/12\/Thermal-Aqua-3-980x653.jpg 980w, https:\/\/www.danubiushotels.com\/hu\/mozaik\/wp-content\/uploads\/2024\/12\/Thermal-Aqua-3-480x320.jpg 480w\" sizes=\"(min-width: 0px) and (max-width: 480px) 480px, (min-width: 481px) and (max-width: 980px) 980px, (min-width: 981px) 1024px, 100vw\" \/><\/a><\/p>\n<p>A tervez\u0151 k\u00fcl\u00f6nleges dekor\u00e1ci\u00f3s elemeket is \u00e1lmodott a meg\u00fajult t\u00e9rbe, melyek a term\u00e9szetk\u00f6zeli hangulatot hangs\u00falyozz\u00e1k. A modern padl\u00f3burkolatok mellett a medenc\u00e9k \u00e9s a pihen\u0151ter\u00fclet f\u00f6l\u00e9 beny\u00fal\u00f3 fa elemek leny\u0171g\u00f6z\u0151en id\u00e9zik meg a hull\u00e1mz\u00f3 vizet. A melegebb hat\u00e1s\u00fa fa anyagok mellett eleg\u00e1ns, m\u00e1rv\u00e1ny hat\u00e1s\u00fa porcel\u00e1n lapokb\u00f3l k\u00e9sz\u00fclt falburkolatokat is haszn\u00e1ltak, melyek a term\u00e9szetes, nat\u00far sz\u00ednvil\u00e1ggal egy\u00fctt harmonikus \u00e9s nyugodt l\u00e9gk\u00f6rt teremtenek. A kellemes meleg v\u00edzb\u0151l a hatalmas ablakokon kereszt\u00fcl a kert z\u00f6ld panor\u00e1m\u00e1j\u00e1ban is gy\u00f6ny\u00f6rk\u00f6dhet\u00fcnk.<\/p>\n\n\t\t<style type=\"text\/css\">\n\t\t\t#gallery-2 {\n\t\t\t\tmargin: auto;\n\t\t\t}\n\t\t\t#gallery-2 .gallery-item {\n\t\t\t\tfloat: left;\n\t\t\t\tmargin-top: 10px;\n\t\t\t\ttext-align: center;\n\t\t\t\twidth: 50%;\n\t\t\t}\n\t\t\t#gallery-2 img {\n\t\t\t\tborder: 2px solid #cfcfcf;\n\t\t\t}\n\t\t\t#gallery-2 .gallery-caption {\n\t\t\t\tmargin-left: 0;\n\t\t\t}\n\t\t\t\/* see gallery_shortcode() in wp-includes\/media.php *\/\n\t\t<\/style>\n\t\t<div id='gallery-2' class='gallery galleryid-13144 gallery-columns-2 gallery-size-large'><dl class='gallery-item'>\n\t\t\t<dt class='gallery-icon landscape'>\n\t\t\t\t<a href='https:\/\/www.danubiushotels.com\/hu\/mozaik\/megujult-wellness-reszleg-a-hevizi-ensana-thermal-aqua-szallodaban\/thermal-aqua-5'><img loading=\"lazy\" decoding=\"async\" width=\"1024\" height=\"683\" src=\"https:\/\/www.danubiushotels.com\/hu\/mozaik\/wp-content\/uploads\/2024\/12\/Thermal-Aqua-5-1024x683.jpg\" class=\"attachment-large size-large\" alt=\"\" srcset=\"https:\/\/www.danubiushotels.com\/hu\/mozaik\/wp-content\/uploads\/2024\/12\/Thermal-Aqua-5-980x653.jpg 980w, https:\/\/www.danubiushotels.com\/hu\/mozaik\/wp-content\/uploads\/2024\/12\/Thermal-Aqua-5-480x320.jpg 480w\" sizes=\"(min-width: 0px) and (max-width: 480px) 480px, (min-width: 481px) and (max-width: 980px) 980px, (min-width: 981px) 1024px, 100vw\" \/><\/a>\n\t\t\t<\/dt><\/dl><dl class='gallery-item'>\n\t\t\t<dt class='gallery-icon landscape'>\n\t\t\t\t<a href='https:\/\/www.danubiushotels.com\/hu\/mozaik\/megujult-wellness-reszleg-a-hevizi-ensana-thermal-aqua-szallodaban\/thermal-aqua-4'><img loading=\"lazy\" decoding=\"async\" width=\"1024\" height=\"683\" src=\"https:\/\/www.danubiushotels.com\/hu\/mozaik\/wp-content\/uploads\/2024\/12\/Thermal-Aqua-4-1024x683.jpg\" class=\"attachment-large size-large\" alt=\"\" srcset=\"https:\/\/www.danubiushotels.com\/hu\/mozaik\/wp-content\/uploads\/2024\/12\/Thermal-Aqua-4-980x653.jpg 980w, https:\/\/www.danubiushotels.com\/hu\/mozaik\/wp-content\/uploads\/2024\/12\/Thermal-Aqua-4-480x320.jpg 480w\" sizes=\"(min-width: 0px) and (max-width: 480px) 480px, (min-width: 481px) and (max-width: 980px) 980px, (min-width: 981px) 1024px, 100vw\" \/><\/a>\n\t\t\t<\/dt><\/dl><br style=\"clear: both\" \/>\n\t\t<\/div>\n\n<p>A sz\u00e1lloda igazgat\u00f3ja Henrik Istv\u00e1n hangs\u00falyozta:<\/p>\n<p>&#8222;A meg\u00fajult term\u00e1lmedenc\u00e9k \u00e9s a t\u00e1gas pihen\u0151t\u00e9r biztosan hozz\u00e1j\u00e1rulnak ahhoz, hogy vend\u00e9geink a sz\u00e1llod\u00e1nkban elt\u00f6lt\u00f6tt napok alatt t\u00f6k\u00e9letesen felt\u00f6lt\u0151dhessenek. A j\u00f6v\u0151ben az \u00e1tfog\u00f3 sz\u00e1llodafel\u00faj\u00edt\u00e1si projekt r\u00e9szek\u00e9nt tov\u00e1bbi pr\u00e9mium szob\u00e1k kialak\u00edt\u00e1s\u00e1t tervezz\u00fck, valamint sz\u00ednes\u00edteni szeretn\u00e9nk a vend\u00e9gek testi-lelki harm\u00f3ni\u00e1j\u00e1t el\u0151seg\u00edt\u0151 term\u00e9kpalett\u00e1t.&#8221;<\/p>\n","protected":false},"excerpt":{"rendered":"<p>Meg\u00fajult a h\u00e9v\u00edzi Ensana Thermal Aqua sz\u00e1lloda. M\u00e1r modern term\u00e1lmedenc\u00e9k \u00e9s t\u00e1gas pihen\u0151t\u00e9r is v\u00e1rja a pihenni v\u00e1gy\u00f3 vend\u00e9geket. Okt\u00f3berben lez\u00e1rult az \u00e1tfog\u00f3 sz\u00e1llodafel\u00faj\u00edt\u00e1s m\u00e1sodik \u00fcteme az Ensana Thermal Aqua sz\u00e1llod\u00e1ban. A rekonstrukci\u00f3 mostani szakasza kifejezetten a term\u00e1lmedenc\u00e9kre \u00e9s a pihen\u0151ter\u00fcletre koncentr\u00e1lt, moderniz\u00e1lva \u00e9s komfortosabb\u00e1 t\u00e9ve a felt\u00f6lt\u0151d\u00e9s helysz\u00edn\u00e9t. A fel\u00faj\u00edt\u00e1s sor\u00e1n a term\u00e1lmedenc\u00e9k \u00e9s [&hellip;]<\/p>\n","protected":false},"author":16,"featured_media":13147,"comment_status":"closed","ping_status":"open","sticky":false,"template":"","format":"standard","meta":{"_acf_changed":false,"_et_pb_use_builder":"","_et_pb_old_content":"","_et_gb_content_width":"","inline_featured_image":false,"footnotes":""},"categories":[4,1175,1177],"tags":[],"class_list":["post-13144","post","type-post","status-publish","format-standard","has-post-thumbnail","hentry","category-hirek","category-szallodavilag","category-wellness"],"acf":[],"yoast_head":"<!-- This site is optimized with the Yoast SEO plugin v27.4 - https:\/\/yoast.com\/product\/yoast-seo-wordpress\/ -->\n<title>Meg\u00fajult wellness r\u00e9szleg a h\u00e9v\u00edzi Ensana Thermal Aqua sz\u00e1llod\u00e1ban - Danubius Mozaik<\/title>\n<meta name=\"robots\" content=\"noindex, follow, max-snippet:-1, max-image-preview:large, max-video-preview:-1\" \/>\n<meta property=\"og:locale\" content=\"hu_HU\" \/>\n<meta property=\"og:type\" content=\"article\" \/>\n<meta property=\"og:title\" content=\"Meg\u00fajult wellness r\u00e9szleg a h\u00e9v\u00edzi Ensana Thermal Aqua sz\u00e1llod\u00e1ban - Danubius Mozaik\" \/>\n<meta property=\"og:description\" content=\"Meg\u00fajult a h\u00e9v\u00edzi Ensana Thermal Aqua sz\u00e1lloda. M\u00e1r modern term\u00e1lmedenc\u00e9k \u00e9s t\u00e1gas pihen\u0151t\u00e9r is v\u00e1rja a pihenni v\u00e1gy\u00f3 vend\u00e9geket. Okt\u00f3berben lez\u00e1rult az \u00e1tfog\u00f3 sz\u00e1llodafel\u00faj\u00edt\u00e1s m\u00e1sodik \u00fcteme az Ensana Thermal Aqua sz\u00e1llod\u00e1ban. A rekonstrukci\u00f3 mostani szakasza kifejezetten a term\u00e1lmedenc\u00e9kre \u00e9s a pihen\u0151ter\u00fcletre koncentr\u00e1lt, moderniz\u00e1lva \u00e9s komfortosabb\u00e1 t\u00e9ve a felt\u00f6lt\u0151d\u00e9s helysz\u00edn\u00e9t. A fel\u00faj\u00edt\u00e1s sor\u00e1n a term\u00e1lmedenc\u00e9k \u00e9s [&hellip;]\" \/>\n<meta property=\"og:url\" content=\"https:\/\/www.danubiushotels.com\/hu\/mozaik\/megujult-wellness-reszleg-a-hevizi-ensana-thermal-aqua-szallodaban\" \/>\n<meta property=\"og:site_name\" content=\"Danubius Mozaik\" \/>\n<meta property=\"article:published_time\" content=\"2024-12-05T11:13:55+00:00\" \/>\n<meta property=\"article:modified_time\" content=\"2024-12-09T10:38:28+00:00\" \/>\n<meta property=\"og:image\" content=\"https:\/\/www.danubiushotels.com\/hu\/mozaik\/wp-content\/uploads\/2024\/12\/Thermal-Aqua-6-scaled.jpg\" \/>\n\t<meta property=\"og:image:width\" content=\"2560\" \/>\n\t<meta property=\"og:image:height\" content=\"1707\" \/>\n\t<meta property=\"og:image:type\" content=\"image\/jpeg\" \/>\n<meta name=\"author\" content=\"Szab\u00f3 \u00c1gnes\" \/>\n<meta name=\"twitter:card\" content=\"summary_large_image\" \/>\n<meta name=\"twitter:label1\" content=\"Szerz\u0151:\" \/>\n\t<meta name=\"twitter:data1\" content=\"Szab\u00f3 \u00c1gnes\" \/>\n\t<meta name=\"twitter:label2\" content=\"Becs\u00fclt olvas\u00e1si id\u0151\" \/>\n\t<meta name=\"twitter:data2\" content=\"2 perc\" \/>\n<script type=\"application\/ld+json\" class=\"yoast-schema-graph\">{\"@context\":\"https:\\\/\\\/schema.org\",\"@graph\":[{\"@type\":\"Article\",\"@id\":\"https:\\\/\\\/www.danubiushotels.com\\\/hu\\\/mozaik\\\/megujult-wellness-reszleg-a-hevizi-ensana-thermal-aqua-szallodaban#article\",\"isPartOf\":{\"@id\":\"https:\\\/\\\/www.danubiushotels.com\\\/hu\\\/mozaik\\\/megujult-wellness-reszleg-a-hevizi-ensana-thermal-aqua-szallodaban\"},\"author\":{\"name\":\"Szab\u00f3 \u00c1gnes\",\"@id\":\"https:\\\/\\\/www.danubiushotels.com\\\/hu\\\/mozaik\\\/#\\\/schema\\\/person\\\/542f1349acf8d28401b230bc68ea4cdb\"},\"headline\":\"Meg\u00fajult wellness r\u00e9szleg a h\u00e9v\u00edzi Ensana Thermal Aqua sz\u00e1llod\u00e1ban\",\"datePublished\":\"2024-12-05T11:13:55+00:00\",\"dateModified\":\"2024-12-09T10:38:28+00:00\",\"mainEntityOfPage\":{\"@id\":\"https:\\\/\\\/www.danubiushotels.com\\\/hu\\\/mozaik\\\/megujult-wellness-reszleg-a-hevizi-ensana-thermal-aqua-szallodaban\"},\"wordCount\":431,\"image\":{\"@id\":\"https:\\\/\\\/www.danubiushotels.com\\\/hu\\\/mozaik\\\/megujult-wellness-reszleg-a-hevizi-ensana-thermal-aqua-szallodaban#primaryimage\"},\"thumbnailUrl\":\"https:\\\/\\\/www.danubiushotels.com\\\/hu\\\/mozaik\\\/wp-content\\\/uploads\\\/2024\\\/12\\\/Thermal-Aqua-6-scaled.jpg\",\"articleSection\":[\"H\u00edrek\",\"Sz\u00e1llodavil\u00e1g\",\"Wellness\"],\"inLanguage\":\"hu\"},{\"@type\":\"WebPage\",\"@id\":\"https:\\\/\\\/www.danubiushotels.com\\\/hu\\\/mozaik\\\/megujult-wellness-reszleg-a-hevizi-ensana-thermal-aqua-szallodaban\",\"url\":\"https:\\\/\\\/www.danubiushotels.com\\\/hu\\\/mozaik\\\/megujult-wellness-reszleg-a-hevizi-ensana-thermal-aqua-szallodaban\",\"name\":\"Meg\u00fajult wellness r\u00e9szleg a h\u00e9v\u00edzi Ensana Thermal Aqua sz\u00e1llod\u00e1ban - Danubius Mozaik\",\"isPartOf\":{\"@id\":\"https:\\\/\\\/www.danubiushotels.com\\\/hu\\\/mozaik\\\/#website\"},\"primaryImageOfPage\":{\"@id\":\"https:\\\/\\\/www.danubiushotels.com\\\/hu\\\/mozaik\\\/megujult-wellness-reszleg-a-hevizi-ensana-thermal-aqua-szallodaban#primaryimage\"},\"image\":{\"@id\":\"https:\\\/\\\/www.danubiushotels.com\\\/hu\\\/mozaik\\\/megujult-wellness-reszleg-a-hevizi-ensana-thermal-aqua-szallodaban#primaryimage\"},\"thumbnailUrl\":\"https:\\\/\\\/www.danubiushotels.com\\\/hu\\\/mozaik\\\/wp-content\\\/uploads\\\/2024\\\/12\\\/Thermal-Aqua-6-scaled.jpg\",\"datePublished\":\"2024-12-05T11:13:55+00:00\",\"dateModified\":\"2024-12-09T10:38:28+00:00\",\"author\":{\"@id\":\"https:\\\/\\\/www.danubiushotels.com\\\/hu\\\/mozaik\\\/#\\\/schema\\\/person\\\/542f1349acf8d28401b230bc68ea4cdb\"},\"breadcrumb\":{\"@id\":\"https:\\\/\\\/www.danubiushotels.com\\\/hu\\\/mozaik\\\/megujult-wellness-reszleg-a-hevizi-ensana-thermal-aqua-szallodaban#breadcrumb\"},\"inLanguage\":\"hu\",\"potentialAction\":[{\"@type\":\"ReadAction\",\"target\":[\"https:\\\/\\\/www.danubiushotels.com\\\/hu\\\/mozaik\\\/megujult-wellness-reszleg-a-hevizi-ensana-thermal-aqua-szallodaban\"]}]},{\"@type\":\"ImageObject\",\"inLanguage\":\"hu\",\"@id\":\"https:\\\/\\\/www.danubiushotels.com\\\/hu\\\/mozaik\\\/megujult-wellness-reszleg-a-hevizi-ensana-thermal-aqua-szallodaban#primaryimage\",\"url\":\"https:\\\/\\\/www.danubiushotels.com\\\/hu\\\/mozaik\\\/wp-content\\\/uploads\\\/2024\\\/12\\\/Thermal-Aqua-6-scaled.jpg\",\"contentUrl\":\"https:\\\/\\\/www.danubiushotels.com\\\/hu\\\/mozaik\\\/wp-content\\\/uploads\\\/2024\\\/12\\\/Thermal-Aqua-6-scaled.jpg\",\"width\":2560,\"height\":1707},{\"@type\":\"BreadcrumbList\",\"@id\":\"https:\\\/\\\/www.danubiushotels.com\\\/hu\\\/mozaik\\\/megujult-wellness-reszleg-a-hevizi-ensana-thermal-aqua-szallodaban#breadcrumb\",\"itemListElement\":[{\"@type\":\"ListItem\",\"position\":1,\"name\":\"Home\",\"item\":\"https:\\\/\\\/www.danubiushotels.com\\\/hu\\\/mozaik\\\/\"},{\"@type\":\"ListItem\",\"position\":2,\"name\":\"Meg\u00fajult wellness r\u00e9szleg a h\u00e9v\u00edzi Ensana Thermal Aqua sz\u00e1llod\u00e1ban\"}]},{\"@type\":\"WebSite\",\"@id\":\"https:\\\/\\\/www.danubiushotels.com\\\/hu\\\/mozaik\\\/#website\",\"url\":\"https:\\\/\\\/www.danubiushotels.com\\\/hu\\\/mozaik\\\/\",\"name\":\"Danubius Mozaik\",\"description\":\"Mindig van alkalom a pihen\u00e9sre...\",\"potentialAction\":[{\"@type\":\"SearchAction\",\"target\":{\"@type\":\"EntryPoint\",\"urlTemplate\":\"https:\\\/\\\/www.danubiushotels.com\\\/hu\\\/mozaik\\\/?s={search_term_string}\"},\"query-input\":{\"@type\":\"PropertyValueSpecification\",\"valueRequired\":true,\"valueName\":\"search_term_string\"}}],\"inLanguage\":\"hu\"},{\"@type\":\"Person\",\"@id\":\"https:\\\/\\\/www.danubiushotels.com\\\/hu\\\/mozaik\\\/#\\\/schema\\\/person\\\/542f1349acf8d28401b230bc68ea4cdb\",\"name\":\"Szab\u00f3 \u00c1gnes\",\"image\":{\"@type\":\"ImageObject\",\"inLanguage\":\"hu\",\"@id\":\"https:\\\/\\\/secure.gravatar.com\\\/avatar\\\/c3594f2f1cdce4e4e61a0ccbf30a1b1e8399422660f44ec2b029a8282a33f480?s=96&d=mm&r=g\",\"url\":\"https:\\\/\\\/secure.gravatar.com\\\/avatar\\\/c3594f2f1cdce4e4e61a0ccbf30a1b1e8399422660f44ec2b029a8282a33f480?s=96&d=mm&r=g\",\"contentUrl\":\"https:\\\/\\\/secure.gravatar.com\\\/avatar\\\/c3594f2f1cdce4e4e61a0ccbf30a1b1e8399422660f44ec2b029a8282a33f480?s=96&d=mm&r=g\",\"caption\":\"Szab\u00f3 \u00c1gnes\"},\"url\":\"https:\\\/\\\/www.danubiushotels.com\\\/hu\\\/mozaik\\\/author\\\/szaboagnes\"}]}<\/script>\n<!-- \/ Yoast SEO plugin. -->","yoast_head_json":{"title":"Meg\u00fajult wellness r\u00e9szleg a h\u00e9v\u00edzi Ensana Thermal Aqua sz\u00e1llod\u00e1ban - Danubius Mozaik","robots":{"index":"noindex","follow":"follow","max-snippet":"max-snippet:-1","max-image-preview":"max-image-preview:large","max-video-preview":"max-video-preview:-1"},"og_locale":"hu_HU","og_type":"article","og_title":"Meg\u00fajult wellness r\u00e9szleg a h\u00e9v\u00edzi Ensana Thermal Aqua sz\u00e1llod\u00e1ban - Danubius Mozaik","og_description":"Meg\u00fajult a h\u00e9v\u00edzi Ensana Thermal Aqua sz\u00e1lloda. M\u00e1r modern term\u00e1lmedenc\u00e9k \u00e9s t\u00e1gas pihen\u0151t\u00e9r is v\u00e1rja a pihenni v\u00e1gy\u00f3 vend\u00e9geket. Okt\u00f3berben lez\u00e1rult az \u00e1tfog\u00f3 sz\u00e1llodafel\u00faj\u00edt\u00e1s m\u00e1sodik \u00fcteme az Ensana Thermal Aqua sz\u00e1llod\u00e1ban. A rekonstrukci\u00f3 mostani szakasza kifejezetten a term\u00e1lmedenc\u00e9kre \u00e9s a pihen\u0151ter\u00fcletre koncentr\u00e1lt, moderniz\u00e1lva \u00e9s komfortosabb\u00e1 t\u00e9ve a felt\u00f6lt\u0151d\u00e9s helysz\u00edn\u00e9t. A fel\u00faj\u00edt\u00e1s sor\u00e1n a term\u00e1lmedenc\u00e9k \u00e9s [&hellip;]","og_url":"https:\/\/www.danubiushotels.com\/hu\/mozaik\/megujult-wellness-reszleg-a-hevizi-ensana-thermal-aqua-szallodaban","og_site_name":"Danubius Mozaik","article_published_time":"2024-12-05T11:13:55+00:00","article_modified_time":"2024-12-09T10:38:28+00:00","og_image":[{"width":2560,"height":1707,"url":"https:\/\/www.danubiushotels.com\/hu\/mozaik\/wp-content\/uploads\/2024\/12\/Thermal-Aqua-6-scaled.jpg","type":"image\/jpeg"}],"author":"Szab\u00f3 \u00c1gnes","twitter_card":"summary_large_image","twitter_misc":{"Szerz\u0151:":"Szab\u00f3 \u00c1gnes","Becs\u00fclt olvas\u00e1si id\u0151":"2 perc"},"schema":{"@context":"https:\/\/schema.org","@graph":[{"@type":"Article","@id":"https:\/\/www.danubiushotels.com\/hu\/mozaik\/megujult-wellness-reszleg-a-hevizi-ensana-thermal-aqua-szallodaban#article","isPartOf":{"@id":"https:\/\/www.danubiushotels.com\/hu\/mozaik\/megujult-wellness-reszleg-a-hevizi-ensana-thermal-aqua-szallodaban"},"author":{"name":"Szab\u00f3 \u00c1gnes","@id":"https:\/\/www.danubiushotels.com\/hu\/mozaik\/#\/schema\/person\/542f1349acf8d28401b230bc68ea4cdb"},"headline":"Meg\u00fajult wellness r\u00e9szleg a h\u00e9v\u00edzi Ensana Thermal Aqua sz\u00e1llod\u00e1ban","datePublished":"2024-12-05T11:13:55+00:00","dateModified":"2024-12-09T10:38:28+00:00","mainEntityOfPage":{"@id":"https:\/\/www.danubiushotels.com\/hu\/mozaik\/megujult-wellness-reszleg-a-hevizi-ensana-thermal-aqua-szallodaban"},"wordCount":431,"image":{"@id":"https:\/\/www.danubiushotels.com\/hu\/mozaik\/megujult-wellness-reszleg-a-hevizi-ensana-thermal-aqua-szallodaban#primaryimage"},"thumbnailUrl":"https:\/\/www.danubiushotels.com\/hu\/mozaik\/wp-content\/uploads\/2024\/12\/Thermal-Aqua-6-scaled.jpg","articleSection":["H\u00edrek","Sz\u00e1llodavil\u00e1g","Wellness"],"inLanguage":"hu"},{"@type":"WebPage","@id":"https:\/\/www.danubiushotels.com\/hu\/mozaik\/megujult-wellness-reszleg-a-hevizi-ensana-thermal-aqua-szallodaban","url":"https:\/\/www.danubiushotels.com\/hu\/mozaik\/megujult-wellness-reszleg-a-hevizi-ensana-thermal-aqua-szallodaban","name":"Meg\u00fajult wellness r\u00e9szleg a h\u00e9v\u00edzi Ensana Thermal Aqua sz\u00e1llod\u00e1ban - Danubius Mozaik","isPartOf":{"@id":"https:\/\/www.danubiushotels.com\/hu\/mozaik\/#website"},"primaryImageOfPage":{"@id":"https:\/\/www.danubiushotels.com\/hu\/mozaik\/megujult-wellness-reszleg-a-hevizi-ensana-thermal-aqua-szallodaban#primaryimage"},"image":{"@id":"https:\/\/www.danubiushotels.com\/hu\/mozaik\/megujult-wellness-reszleg-a-hevizi-ensana-thermal-aqua-szallodaban#primaryimage"},"thumbnailUrl":"https:\/\/www.danubiushotels.com\/hu\/mozaik\/wp-content\/uploads\/2024\/12\/Thermal-Aqua-6-scaled.jpg","datePublished":"2024-12-05T11:13:55+00:00","dateModified":"2024-12-09T10:38:28+00:00","author":{"@id":"https:\/\/www.danubiushotels.com\/hu\/mozaik\/#\/schema\/person\/542f1349acf8d28401b230bc68ea4cdb"},"breadcrumb":{"@id":"https:\/\/www.danubiushotels.com\/hu\/mozaik\/megujult-wellness-reszleg-a-hevizi-ensana-thermal-aqua-szallodaban#breadcrumb"},"inLanguage":"hu","potentialAction":[{"@type":"ReadAction","target":["https:\/\/www.danubiushotels.com\/hu\/mozaik\/megujult-wellness-reszleg-a-hevizi-ensana-thermal-aqua-szallodaban"]}]},{"@type":"ImageObject","inLanguage":"hu","@id":"https:\/\/www.danubiushotels.com\/hu\/mozaik\/megujult-wellness-reszleg-a-hevizi-ensana-thermal-aqua-szallodaban#primaryimage","url":"https:\/\/www.danubiushotels.com\/hu\/mozaik\/wp-content\/uploads\/2024\/12\/Thermal-Aqua-6-scaled.jpg","contentUrl":"https:\/\/www.danubiushotels.com\/hu\/mozaik\/wp-content\/uploads\/2024\/12\/Thermal-Aqua-6-scaled.jpg","width":2560,"height":1707},{"@type":"BreadcrumbList","@id":"https:\/\/www.danubiushotels.com\/hu\/mozaik\/megujult-wellness-reszleg-a-hevizi-ensana-thermal-aqua-szallodaban#breadcrumb","itemListElement":[{"@type":"ListItem","position":1,"name":"Home","item":"https:\/\/www.danubiushotels.com\/hu\/mozaik\/"},{"@type":"ListItem","position":2,"name":"Meg\u00fajult wellness r\u00e9szleg a h\u00e9v\u00edzi Ensana Thermal Aqua sz\u00e1llod\u00e1ban"}]},{"@type":"WebSite","@id":"https:\/\/www.danubiushotels.com\/hu\/mozaik\/#website","url":"https:\/\/www.danubiushotels.com\/hu\/mozaik\/","name":"Danubius Mozaik","description":"Mindig van alkalom a pihen\u00e9sre...","potentialAction":[{"@type":"SearchAction","target":{"@type":"EntryPoint","urlTemplate":"https:\/\/www.danubiushotels.com\/hu\/mozaik\/?s={search_term_string}"},"query-input":{"@type":"PropertyValueSpecification","valueRequired":true,"valueName":"search_term_string"}}],"inLanguage":"hu"},{"@type":"Person","@id":"https:\/\/www.danubiushotels.com\/hu\/mozaik\/#\/schema\/person\/542f1349acf8d28401b230bc68ea4cdb","name":"Szab\u00f3 \u00c1gnes","image":{"@type":"ImageObject","inLanguage":"hu","@id":"https:\/\/secure.gravatar.com\/avatar\/c3594f2f1cdce4e4e61a0ccbf30a1b1e8399422660f44ec2b029a8282a33f480?s=96&d=mm&r=g","url":"https:\/\/secure.gravatar.com\/avatar\/c3594f2f1cdce4e4e61a0ccbf30a1b1e8399422660f44ec2b029a8282a33f480?s=96&d=mm&r=g","contentUrl":"https:\/\/secure.gravatar.com\/avatar\/c3594f2f1cdce4e4e61a0ccbf30a1b1e8399422660f44ec2b029a8282a33f480?s=96&d=mm&r=g","caption":"Szab\u00f3 \u00c1gnes"},"url":"https:\/\/www.danubiushotels.com\/hu\/mozaik\/author\/szaboagnes"}]}},"_links":{"self":[{"href":"https:\/\/www.danubiushotels.com\/hu\/mozaik\/wp-json\/wp\/v2\/posts\/13144","targetHints":{"allow":["GET"]}}],"collection":[{"href":"https:\/\/www.danubiushotels.com\/hu\/mozaik\/wp-json\/wp\/v2\/posts"}],"about":[{"href":"https:\/\/www.danubiushotels.com\/hu\/mozaik\/wp-json\/wp\/v2\/types\/post"}],"author":[{"embeddable":true,"href":"https:\/\/www.danubiushotels.com\/hu\/mozaik\/wp-json\/wp\/v2\/users\/16"}],"replies":[{"embeddable":true,"href":"https:\/\/www.danubiushotels.com\/hu\/mozaik\/wp-json\/wp\/v2\/comments?post=13144"}],"version-history":[{"count":4,"href":"https:\/\/www.danubiushotels.com\/hu\/mozaik\/wp-json\/wp\/v2\/posts\/13144\/revisions"}],"predecessor-version":[{"id":13182,"href":"https:\/\/www.danubiushotels.com\/hu\/mozaik\/wp-json\/wp\/v2\/posts\/13144\/revisions\/13182"}],"wp:featuredmedia":[{"embeddable":true,"href":"https:\/\/www.danubiushotels.com\/hu\/mozaik\/wp-json\/wp\/v2\/media\/13147"}],"wp:attachment":[{"href":"https:\/\/www.danubiushotels.com\/hu\/mozaik\/wp-json\/wp\/v2\/media?parent=13144"}],"wp:term":[{"taxonomy":"category","embeddable":true,"href":"https:\/\/www.danubiushotels.com\/hu\/mozaik\/wp-json\/wp\/v2\/categories?post=13144"},{"taxonomy":"post_tag","embeddable":true,"href":"https:\/\/www.danubiushotels.com\/hu\/mozaik\/wp-json\/wp\/v2\/tags?post=13144"}],"curies":[{"name":"wp","href":"https:\/\/api.w.org\/{rel}","templated":true}]}}