{"id":13152,"date":"2024-12-05T13:02:48","date_gmt":"2024-12-05T12:02:48","guid":{"rendered":"https:\/\/www.danubiushotels.com\/hu\/mozaik\/?p=13152"},"modified":"2024-12-12T14:56:15","modified_gmt":"2024-12-12T13:56:15","slug":"evindito-ajanlat-hevizen","status":"publish","type":"post","link":"https:\/\/www.danubiushotels.com\/hu\/mozaik\/evindito-ajanlat-hevizen","title":{"rendered":"\u00c9vind\u00edt\u00f3 aj\u00e1nlat H\u00e9v\u00edzen"},"content":{"rendered":"<p><strong>Kezdje 2025-\u00f6t egy energikus \u00e9s motiv\u00e1lt csapattal!<\/strong><\/p>\n<p>A decemberi \u00fcnnepi id\u0151szak \u00e9s az \u00e9v v\u00e9gi f\u00e1radts\u00e1g egyar\u00e1nt hat\u00e1ssal lehet a munkahelyi teljes\u00edtm\u00e9ny\u00fcnkre. Az \u00e9v v\u00e9gi n\u00e9h\u00e1ny napos pihen\u00e9s ut\u00e1n r\u00e1ad\u00e1sul neh\u00e9z visszat\u00e9rni a kor\u00e1bban megszokott napi rutinba. Ez\u00e9rt mi is lehetne ilyenkor jobb program, mint a csapat\u00e9p\u00edt\u00e9s?<\/p>\n<p>Az<strong><a href=\"https:\/\/ensanahotels.com\/hu\/szallodak\/thermal-heviz\"> Ensana Thermal H\u00e9v\u00edz<\/a> <\/strong>sz\u00e1lloda \u00e9vind\u00edt\u00f3 aj\u00e1nlata seg\u00edt csapata \u00fajb\u00f3li \u00f6sszehangol\u00e1s\u00e1ban. Megnyugtat\u00f3 term\u00e9szetk\u00f6zeli k\u00f6rnyezetben, sokoldal\u00fa szolg\u00e1ltat\u00e1sainkkal, ig\u00e9nyre szabott egyedi programokat szervezhet\u00fcnk, amelyek garant\u00e1ltan felt\u00f6ltik a munkat\u00e1rsak energiaszintj\u00e9t \u00e9s meger\u0151s\u00edtik a k\u00f6z\u00f6s c\u00e9lok ir\u00e1nti elk\u00f6telez\u0151d\u00e9st.<\/p>\n<p><strong>Foglalja le most kedvez\u0151 \u00e9vind\u00edt\u00f3 aj\u00e1nlatunkat, \u00e9s biztos\u00edtsa, hogy a csapat minden tagja motiv\u00e1ltan \u00e9s energikusan kezdje az \u00e9vet!<\/strong><\/p>\n\n\t\t<style type=\"text\/css\">\n\t\t\t#gallery-1 {\n\t\t\t\tmargin: auto;\n\t\t\t}\n\t\t\t#gallery-1 .gallery-item {\n\t\t\t\tfloat: left;\n\t\t\t\tmargin-top: 10px;\n\t\t\t\ttext-align: center;\n\t\t\t\twidth: 50%;\n\t\t\t}\n\t\t\t#gallery-1 img {\n\t\t\t\tborder: 2px solid #cfcfcf;\n\t\t\t}\n\t\t\t#gallery-1 .gallery-caption {\n\t\t\t\tmargin-left: 0;\n\t\t\t}\n\t\t\t\/* see gallery_shortcode() in wp-includes\/media.php *\/\n\t\t<\/style>\n\t\t<div id='gallery-1' class='gallery galleryid-13152 gallery-columns-2 gallery-size-large'><dl class='gallery-item'>\n\t\t\t<dt class='gallery-icon landscape'>\n\t\t\t\t<a href='https:\/\/www.danubiushotels.com\/hu\/mozaik\/evindito-ajanlat-hevizen\/thermal-heviz-2-2'><img loading=\"lazy\" decoding=\"async\" width=\"1024\" height=\"683\" src=\"https:\/\/www.danubiushotels.com\/hu\/mozaik\/wp-content\/uploads\/2024\/12\/Thermal-Heviz-2-1024x683.jpg\" class=\"attachment-large size-large\" alt=\"\" srcset=\"https:\/\/www.danubiushotels.com\/hu\/mozaik\/wp-content\/uploads\/2024\/12\/Thermal-Heviz-2-980x653.jpg 980w, https:\/\/www.danubiushotels.com\/hu\/mozaik\/wp-content\/uploads\/2024\/12\/Thermal-Heviz-2-480x320.jpg 480w\" sizes=\"(min-width: 0px) and (max-width: 480px) 480px, (min-width: 481px) and (max-width: 980px) 980px, (min-width: 981px) 1024px, 100vw\" \/><\/a>\n\t\t\t<\/dt><\/dl><dl class='gallery-item'>\n\t\t\t<dt class='gallery-icon landscape'>\n\t\t\t\t<a href='https:\/\/www.danubiushotels.com\/hu\/mozaik\/evindito-ajanlat-hevizen\/thermal-heviz-3'><img loading=\"lazy\" decoding=\"async\" width=\"1024\" height=\"683\" src=\"https:\/\/www.danubiushotels.com\/hu\/mozaik\/wp-content\/uploads\/2024\/12\/Thermal-Heviz-3-1024x683.jpg\" class=\"attachment-large size-large\" alt=\"\" srcset=\"https:\/\/www.danubiushotels.com\/hu\/mozaik\/wp-content\/uploads\/2024\/12\/Thermal-Heviz-3-980x653.jpg 980w, https:\/\/www.danubiushotels.com\/hu\/mozaik\/wp-content\/uploads\/2024\/12\/Thermal-Heviz-3-480x320.jpg 480w\" sizes=\"(min-width: 0px) and (max-width: 480px) 480px, (min-width: 481px) and (max-width: 980px) 980px, (min-width: 981px) 1024px, 100vw\" \/><\/a>\n\t\t\t<\/dt><\/dl><br style=\"clear: both\" \/>\n\t\t<\/div>\n\n<p><strong>Ensana Thermal H\u00e9v\u00edz \u00e9vind\u00edt\u00f3 aj\u00e1nlata<br \/>\n<\/strong><br \/>\nJanu\u00e1ri rendezv\u00e9ny foglal\u00e1sa eset\u00e9n a terem b\u00e9rl\u00e9si k\u00f6lts\u00e9g\u00e9t nem sz\u00e1moljuk fel, \u00e9s a vend\u00e9geknek az \u00faj \u00e9v tisztelet\u00e9re egy \u00fcdv\u00f6zl\u0151 itallal is kedvesked\u00fcnk.<br \/>\nSzolg\u00e1ltat\u00e1saink:<br \/>\n&#8211; Sz\u00e1ll\u00e1s f\u00e9lpanzi\u00f3s ell\u00e1t\u00e1ssal<br \/>\n&#8211; K\u00e1v\u00e9sz\u00fcnetek: a klasszikus harapnival\u00f3k mellett egyedi vari\u00e1ci\u00f3k is k\u00e9rhet\u0151ek, ak\u00e1r koncentr\u00e1ci\u00f3t seg\u00edt\u0151, energetiz\u00e1l\u00f3 fog\u00e1sokkal \u00e9s eg\u00e9szs\u00e9ges falatokkal<\/p>\n<p>Gy\u0171jts\u00f6n be csapat\u00e1val egy csokornyi \u00e9lm\u00e9nyt, hogy a dolgos h\u00e9tk\u00f6znapokon b\u0151ven legyen mire visszaeml\u00e9kezni! Ehhez aj\u00e1nljuk az al\u00e1bbi kieg\u00e9sz\u00edt\u0151 programokat (fel\u00e1r ellen\u00e9ben):<br \/>\n&#8211; Gyertyaf\u00e9nyes f\u00fcrd\u0151z\u00e9s: z\u00e1rtk\u00f6r\u0171 f\u00fcrd\u0151hosszabb\u00edt\u00e1s 21:00 &#8211; 23:00 \u00f3r\u00e1ig<br \/>\n&#8211; Tematikus szaunaprogram szaunamester vezet\u00e9s\u00e9vel a f\u00fcrd\u0151hosszabb\u00edt\u00e1s keret\u00e9ben<br \/>\n&#8211; A t\u00e9li id\u0151szakban sejtelmes p\u00e1rafelh\u0151be burkol\u00f3z\u00f3 H\u00e9v\u00edzi-t\u00f3 k\u00fcl\u00f6nleges l\u00e1tv\u00e1nyt ny\u00fajt. Sz\u00e1llod\u00e1nkban kedvezm\u00e9nyes \u00e1r\u00fa t\u00f3bel\u00e9p\u0151t k\u00edn\u00e1lunk a csapat\u00e9p\u00edt\u00e9shez.<br \/>\n&#8211; A v\u00edzit\u00far\u00e1kat szeret\u0151knek igazi csemege a g\u0151z\u00f6lg\u0151 viz\u0171 h\u00e9v\u00edzi-patakon t\u00f6rt\u00e9n\u0151 kenut\u00fara.<\/p>\n\n\t\t<style type=\"text\/css\">\n\t\t\t#gallery-2 {\n\t\t\t\tmargin: auto;\n\t\t\t}\n\t\t\t#gallery-2 .gallery-item {\n\t\t\t\tfloat: left;\n\t\t\t\tmargin-top: 10px;\n\t\t\t\ttext-align: center;\n\t\t\t\twidth: 50%;\n\t\t\t}\n\t\t\t#gallery-2 img {\n\t\t\t\tborder: 2px solid #cfcfcf;\n\t\t\t}\n\t\t\t#gallery-2 .gallery-caption {\n\t\t\t\tmargin-left: 0;\n\t\t\t}\n\t\t\t\/* see gallery_shortcode() in wp-includes\/media.php *\/\n\t\t<\/style>\n\t\t<div id='gallery-2' class='gallery galleryid-13152 gallery-columns-2 gallery-size-large'><dl class='gallery-item'>\n\t\t\t<dt class='gallery-icon landscape'>\n\t\t\t\t<a href='https:\/\/www.danubiushotels.com\/hu\/mozaik\/evindito-ajanlat-hevizen\/thermal-heviz-1-2'><img loading=\"lazy\" decoding=\"async\" width=\"1024\" height=\"683\" src=\"https:\/\/www.danubiushotels.com\/hu\/mozaik\/wp-content\/uploads\/2024\/12\/Thermal-Heviz-1-1024x683.jpg\" class=\"attachment-large size-large\" alt=\"\" srcset=\"https:\/\/www.danubiushotels.com\/hu\/mozaik\/wp-content\/uploads\/2024\/12\/Thermal-Heviz-1-980x653.jpg 980w, https:\/\/www.danubiushotels.com\/hu\/mozaik\/wp-content\/uploads\/2024\/12\/Thermal-Heviz-1-480x320.jpg 480w\" sizes=\"(min-width: 0px) and (max-width: 480px) 480px, (min-width: 481px) and (max-width: 980px) 980px, (min-width: 981px) 1024px, 100vw\" \/><\/a>\n\t\t\t<\/dt><\/dl><dl class='gallery-item'>\n\t\t\t<dt class='gallery-icon landscape'>\n\t\t\t\t<a href='https:\/\/www.danubiushotels.com\/hu\/mozaik\/evindito-ajanlat-hevizen\/thermal-heviz-4-2'><img loading=\"lazy\" decoding=\"async\" width=\"1024\" height=\"683\" src=\"https:\/\/www.danubiushotels.com\/hu\/mozaik\/wp-content\/uploads\/2024\/12\/Thermal-Heviz-4-1024x683.jpg\" class=\"attachment-large size-large\" alt=\"\" srcset=\"https:\/\/www.danubiushotels.com\/hu\/mozaik\/wp-content\/uploads\/2024\/12\/Thermal-Heviz-4-980x653.jpg 980w, https:\/\/www.danubiushotels.com\/hu\/mozaik\/wp-content\/uploads\/2024\/12\/Thermal-Heviz-4-480x320.jpg 480w\" sizes=\"(min-width: 0px) and (max-width: 480px) 480px, (min-width: 481px) and (max-width: 980px) 980px, (min-width: 981px) 1024px, 100vw\" \/><\/a>\n\t\t\t<\/dt><\/dl><br style=\"clear: both\" \/>\n\t\t<\/div>\n\n<p><strong>Az aj\u00e1nlat a 2025.01.02. \u00e9s 31. k\u00f6z\u00f6tt megval\u00f3sul\u00f3 rendezv\u00e9nyekre vonatkozik<\/strong><\/p>\n<p>Tov\u00e1bbi inform\u00e1ci\u00f3k\u00e9rt vegye fel vel\u00fcnk a kapcsolatot:<br \/>\nVarga Zolt\u00e1n<br \/>\nTelefonsz\u00e1m: +36 30 630 39 75<br \/>\nE-mail: <a href=\"mailto:mice.he@hu.ensanahotels.com\">mice.he@hu.ensanahotels.com<\/a><\/p>\n","protected":false},"excerpt":{"rendered":"<p>Kezdje 2025-\u00f6t egy energikus \u00e9s motiv\u00e1lt csapattal! A decemberi \u00fcnnepi id\u0151szak \u00e9s az \u00e9v v\u00e9gi f\u00e1radts\u00e1g egyar\u00e1nt hat\u00e1ssal lehet a munkahelyi teljes\u00edtm\u00e9ny\u00fcnkre. Az \u00e9v v\u00e9gi n\u00e9h\u00e1ny napos pihen\u00e9s ut\u00e1n r\u00e1ad\u00e1sul neh\u00e9z visszat\u00e9rni a kor\u00e1bban megszokott napi rutinba. Ez\u00e9rt mi is lehetne ilyenkor jobb program, mint a csapat\u00e9p\u00edt\u00e9s? Az Ensana Thermal H\u00e9v\u00edz sz\u00e1lloda \u00e9vind\u00edt\u00f3 aj\u00e1nlata seg\u00edt [&hellip;]<\/p>\n","protected":false},"author":16,"featured_media":13155,"comment_status":"closed","ping_status":"open","sticky":false,"template":"","format":"standard","meta":{"_acf_changed":false,"_et_pb_use_builder":"","_et_pb_old_content":"","_et_gb_content_width":"","inline_featured_image":false,"footnotes":""},"categories":[1178,4,1175,1177],"tags":[],"class_list":["post-13152","post","type-post","status-publish","format-standard","has-post-thumbnail","hentry","category-csapatepites","category-hirek","category-szallodavilag","category-wellness"],"acf":[],"yoast_head":"<!-- This site is optimized with the Yoast SEO plugin v27.4 - https:\/\/yoast.com\/product\/yoast-seo-wordpress\/ -->\n<title>\u00c9vind\u00edt\u00f3 aj\u00e1nlat H\u00e9v\u00edzen - Danubius Mozaik<\/title>\n<meta name=\"robots\" content=\"noindex, follow, max-snippet:-1, max-image-preview:large, max-video-preview:-1\" \/>\n<meta property=\"og:locale\" content=\"hu_HU\" \/>\n<meta property=\"og:type\" content=\"article\" \/>\n<meta property=\"og:title\" content=\"\u00c9vind\u00edt\u00f3 aj\u00e1nlat H\u00e9v\u00edzen - Danubius Mozaik\" \/>\n<meta property=\"og:description\" content=\"Kezdje 2025-\u00f6t egy energikus \u00e9s motiv\u00e1lt csapattal! A decemberi \u00fcnnepi id\u0151szak \u00e9s az \u00e9v v\u00e9gi f\u00e1radts\u00e1g egyar\u00e1nt hat\u00e1ssal lehet a munkahelyi teljes\u00edtm\u00e9ny\u00fcnkre. Az \u00e9v v\u00e9gi n\u00e9h\u00e1ny napos pihen\u00e9s ut\u00e1n r\u00e1ad\u00e1sul neh\u00e9z visszat\u00e9rni a kor\u00e1bban megszokott napi rutinba. Ez\u00e9rt mi is lehetne ilyenkor jobb program, mint a csapat\u00e9p\u00edt\u00e9s? Az Ensana Thermal H\u00e9v\u00edz sz\u00e1lloda \u00e9vind\u00edt\u00f3 aj\u00e1nlata seg\u00edt [&hellip;]\" \/>\n<meta property=\"og:url\" content=\"https:\/\/www.danubiushotels.com\/hu\/mozaik\/evindito-ajanlat-hevizen\" \/>\n<meta property=\"og:site_name\" content=\"Danubius Mozaik\" \/>\n<meta property=\"article:published_time\" content=\"2024-12-05T12:02:48+00:00\" \/>\n<meta property=\"article:modified_time\" content=\"2024-12-12T13:56:15+00:00\" \/>\n<meta property=\"og:image\" content=\"https:\/\/www.danubiushotels.com\/hu\/mozaik\/wp-content\/uploads\/2024\/12\/Thermal-Heviz-3-scaled.jpg\" \/>\n\t<meta property=\"og:image:width\" content=\"2560\" \/>\n\t<meta property=\"og:image:height\" content=\"1707\" \/>\n\t<meta property=\"og:image:type\" content=\"image\/jpeg\" \/>\n<meta name=\"author\" content=\"Szab\u00f3 \u00c1gnes\" \/>\n<meta name=\"twitter:card\" content=\"summary_large_image\" \/>\n<meta name=\"twitter:label1\" content=\"Szerz\u0151:\" \/>\n\t<meta name=\"twitter:data1\" content=\"Szab\u00f3 \u00c1gnes\" \/>\n\t<meta name=\"twitter:label2\" content=\"Becs\u00fclt olvas\u00e1si id\u0151\" \/>\n\t<meta name=\"twitter:data2\" content=\"2 perc\" \/>\n<script type=\"application\/ld+json\" class=\"yoast-schema-graph\">{\"@context\":\"https:\\\/\\\/schema.org\",\"@graph\":[{\"@type\":\"Article\",\"@id\":\"https:\\\/\\\/www.danubiushotels.com\\\/hu\\\/mozaik\\\/evindito-ajanlat-hevizen#article\",\"isPartOf\":{\"@id\":\"https:\\\/\\\/www.danubiushotels.com\\\/hu\\\/mozaik\\\/evindito-ajanlat-hevizen\"},\"author\":{\"name\":\"Szab\u00f3 \u00c1gnes\",\"@id\":\"https:\\\/\\\/www.danubiushotels.com\\\/hu\\\/mozaik\\\/#\\\/schema\\\/person\\\/542f1349acf8d28401b230bc68ea4cdb\"},\"headline\":\"\u00c9vind\u00edt\u00f3 aj\u00e1nlat H\u00e9v\u00edzen\",\"datePublished\":\"2024-12-05T12:02:48+00:00\",\"dateModified\":\"2024-12-12T13:56:15+00:00\",\"mainEntityOfPage\":{\"@id\":\"https:\\\/\\\/www.danubiushotels.com\\\/hu\\\/mozaik\\\/evindito-ajanlat-hevizen\"},\"wordCount\":437,\"image\":{\"@id\":\"https:\\\/\\\/www.danubiushotels.com\\\/hu\\\/mozaik\\\/evindito-ajanlat-hevizen#primaryimage\"},\"thumbnailUrl\":\"https:\\\/\\\/www.danubiushotels.com\\\/hu\\\/mozaik\\\/wp-content\\\/uploads\\\/2024\\\/12\\\/Thermal-Heviz-3-scaled.jpg\",\"articleSection\":[\"Csapat\u00e9p\u00edt\u00e9s\",\"H\u00edrek\",\"Sz\u00e1llodavil\u00e1g\",\"Wellness\"],\"inLanguage\":\"hu\"},{\"@type\":\"WebPage\",\"@id\":\"https:\\\/\\\/www.danubiushotels.com\\\/hu\\\/mozaik\\\/evindito-ajanlat-hevizen\",\"url\":\"https:\\\/\\\/www.danubiushotels.com\\\/hu\\\/mozaik\\\/evindito-ajanlat-hevizen\",\"name\":\"\u00c9vind\u00edt\u00f3 aj\u00e1nlat H\u00e9v\u00edzen - Danubius Mozaik\",\"isPartOf\":{\"@id\":\"https:\\\/\\\/www.danubiushotels.com\\\/hu\\\/mozaik\\\/#website\"},\"primaryImageOfPage\":{\"@id\":\"https:\\\/\\\/www.danubiushotels.com\\\/hu\\\/mozaik\\\/evindito-ajanlat-hevizen#primaryimage\"},\"image\":{\"@id\":\"https:\\\/\\\/www.danubiushotels.com\\\/hu\\\/mozaik\\\/evindito-ajanlat-hevizen#primaryimage\"},\"thumbnailUrl\":\"https:\\\/\\\/www.danubiushotels.com\\\/hu\\\/mozaik\\\/wp-content\\\/uploads\\\/2024\\\/12\\\/Thermal-Heviz-3-scaled.jpg\",\"datePublished\":\"2024-12-05T12:02:48+00:00\",\"dateModified\":\"2024-12-12T13:56:15+00:00\",\"author\":{\"@id\":\"https:\\\/\\\/www.danubiushotels.com\\\/hu\\\/mozaik\\\/#\\\/schema\\\/person\\\/542f1349acf8d28401b230bc68ea4cdb\"},\"breadcrumb\":{\"@id\":\"https:\\\/\\\/www.danubiushotels.com\\\/hu\\\/mozaik\\\/evindito-ajanlat-hevizen#breadcrumb\"},\"inLanguage\":\"hu\",\"potentialAction\":[{\"@type\":\"ReadAction\",\"target\":[\"https:\\\/\\\/www.danubiushotels.com\\\/hu\\\/mozaik\\\/evindito-ajanlat-hevizen\"]}]},{\"@type\":\"ImageObject\",\"inLanguage\":\"hu\",\"@id\":\"https:\\\/\\\/www.danubiushotels.com\\\/hu\\\/mozaik\\\/evindito-ajanlat-hevizen#primaryimage\",\"url\":\"https:\\\/\\\/www.danubiushotels.com\\\/hu\\\/mozaik\\\/wp-content\\\/uploads\\\/2024\\\/12\\\/Thermal-Heviz-3-scaled.jpg\",\"contentUrl\":\"https:\\\/\\\/www.danubiushotels.com\\\/hu\\\/mozaik\\\/wp-content\\\/uploads\\\/2024\\\/12\\\/Thermal-Heviz-3-scaled.jpg\",\"width\":2560,\"height\":1707},{\"@type\":\"BreadcrumbList\",\"@id\":\"https:\\\/\\\/www.danubiushotels.com\\\/hu\\\/mozaik\\\/evindito-ajanlat-hevizen#breadcrumb\",\"itemListElement\":[{\"@type\":\"ListItem\",\"position\":1,\"name\":\"Home\",\"item\":\"https:\\\/\\\/www.danubiushotels.com\\\/hu\\\/mozaik\\\/\"},{\"@type\":\"ListItem\",\"position\":2,\"name\":\"\u00c9vind\u00edt\u00f3 aj\u00e1nlat H\u00e9v\u00edzen\"}]},{\"@type\":\"WebSite\",\"@id\":\"https:\\\/\\\/www.danubiushotels.com\\\/hu\\\/mozaik\\\/#website\",\"url\":\"https:\\\/\\\/www.danubiushotels.com\\\/hu\\\/mozaik\\\/\",\"name\":\"Danubius Mozaik\",\"description\":\"Mindig van alkalom a pihen\u00e9sre...\",\"potentialAction\":[{\"@type\":\"SearchAction\",\"target\":{\"@type\":\"EntryPoint\",\"urlTemplate\":\"https:\\\/\\\/www.danubiushotels.com\\\/hu\\\/mozaik\\\/?s={search_term_string}\"},\"query-input\":{\"@type\":\"PropertyValueSpecification\",\"valueRequired\":true,\"valueName\":\"search_term_string\"}}],\"inLanguage\":\"hu\"},{\"@type\":\"Person\",\"@id\":\"https:\\\/\\\/www.danubiushotels.com\\\/hu\\\/mozaik\\\/#\\\/schema\\\/person\\\/542f1349acf8d28401b230bc68ea4cdb\",\"name\":\"Szab\u00f3 \u00c1gnes\",\"image\":{\"@type\":\"ImageObject\",\"inLanguage\":\"hu\",\"@id\":\"https:\\\/\\\/secure.gravatar.com\\\/avatar\\\/c3594f2f1cdce4e4e61a0ccbf30a1b1e8399422660f44ec2b029a8282a33f480?s=96&d=mm&r=g\",\"url\":\"https:\\\/\\\/secure.gravatar.com\\\/avatar\\\/c3594f2f1cdce4e4e61a0ccbf30a1b1e8399422660f44ec2b029a8282a33f480?s=96&d=mm&r=g\",\"contentUrl\":\"https:\\\/\\\/secure.gravatar.com\\\/avatar\\\/c3594f2f1cdce4e4e61a0ccbf30a1b1e8399422660f44ec2b029a8282a33f480?s=96&d=mm&r=g\",\"caption\":\"Szab\u00f3 \u00c1gnes\"},\"url\":\"https:\\\/\\\/www.danubiushotels.com\\\/hu\\\/mozaik\\\/author\\\/szaboagnes\"}]}<\/script>\n<!-- \/ Yoast SEO plugin. -->","yoast_head_json":{"title":"\u00c9vind\u00edt\u00f3 aj\u00e1nlat H\u00e9v\u00edzen - Danubius Mozaik","robots":{"index":"noindex","follow":"follow","max-snippet":"max-snippet:-1","max-image-preview":"max-image-preview:large","max-video-preview":"max-video-preview:-1"},"og_locale":"hu_HU","og_type":"article","og_title":"\u00c9vind\u00edt\u00f3 aj\u00e1nlat H\u00e9v\u00edzen - Danubius Mozaik","og_description":"Kezdje 2025-\u00f6t egy energikus \u00e9s motiv\u00e1lt csapattal! A decemberi \u00fcnnepi id\u0151szak \u00e9s az \u00e9v v\u00e9gi f\u00e1radts\u00e1g egyar\u00e1nt hat\u00e1ssal lehet a munkahelyi teljes\u00edtm\u00e9ny\u00fcnkre. Az \u00e9v v\u00e9gi n\u00e9h\u00e1ny napos pihen\u00e9s ut\u00e1n r\u00e1ad\u00e1sul neh\u00e9z visszat\u00e9rni a kor\u00e1bban megszokott napi rutinba. Ez\u00e9rt mi is lehetne ilyenkor jobb program, mint a csapat\u00e9p\u00edt\u00e9s? Az Ensana Thermal H\u00e9v\u00edz sz\u00e1lloda \u00e9vind\u00edt\u00f3 aj\u00e1nlata seg\u00edt [&hellip;]","og_url":"https:\/\/www.danubiushotels.com\/hu\/mozaik\/evindito-ajanlat-hevizen","og_site_name":"Danubius Mozaik","article_published_time":"2024-12-05T12:02:48+00:00","article_modified_time":"2024-12-12T13:56:15+00:00","og_image":[{"width":2560,"height":1707,"url":"https:\/\/www.danubiushotels.com\/hu\/mozaik\/wp-content\/uploads\/2024\/12\/Thermal-Heviz-3-scaled.jpg","type":"image\/jpeg"}],"author":"Szab\u00f3 \u00c1gnes","twitter_card":"summary_large_image","twitter_misc":{"Szerz\u0151:":"Szab\u00f3 \u00c1gnes","Becs\u00fclt olvas\u00e1si id\u0151":"2 perc"},"schema":{"@context":"https:\/\/schema.org","@graph":[{"@type":"Article","@id":"https:\/\/www.danubiushotels.com\/hu\/mozaik\/evindito-ajanlat-hevizen#article","isPartOf":{"@id":"https:\/\/www.danubiushotels.com\/hu\/mozaik\/evindito-ajanlat-hevizen"},"author":{"name":"Szab\u00f3 \u00c1gnes","@id":"https:\/\/www.danubiushotels.com\/hu\/mozaik\/#\/schema\/person\/542f1349acf8d28401b230bc68ea4cdb"},"headline":"\u00c9vind\u00edt\u00f3 aj\u00e1nlat H\u00e9v\u00edzen","datePublished":"2024-12-05T12:02:48+00:00","dateModified":"2024-12-12T13:56:15+00:00","mainEntityOfPage":{"@id":"https:\/\/www.danubiushotels.com\/hu\/mozaik\/evindito-ajanlat-hevizen"},"wordCount":437,"image":{"@id":"https:\/\/www.danubiushotels.com\/hu\/mozaik\/evindito-ajanlat-hevizen#primaryimage"},"thumbnailUrl":"https:\/\/www.danubiushotels.com\/hu\/mozaik\/wp-content\/uploads\/2024\/12\/Thermal-Heviz-3-scaled.jpg","articleSection":["Csapat\u00e9p\u00edt\u00e9s","H\u00edrek","Sz\u00e1llodavil\u00e1g","Wellness"],"inLanguage":"hu"},{"@type":"WebPage","@id":"https:\/\/www.danubiushotels.com\/hu\/mozaik\/evindito-ajanlat-hevizen","url":"https:\/\/www.danubiushotels.com\/hu\/mozaik\/evindito-ajanlat-hevizen","name":"\u00c9vind\u00edt\u00f3 aj\u00e1nlat H\u00e9v\u00edzen - Danubius Mozaik","isPartOf":{"@id":"https:\/\/www.danubiushotels.com\/hu\/mozaik\/#website"},"primaryImageOfPage":{"@id":"https:\/\/www.danubiushotels.com\/hu\/mozaik\/evindito-ajanlat-hevizen#primaryimage"},"image":{"@id":"https:\/\/www.danubiushotels.com\/hu\/mozaik\/evindito-ajanlat-hevizen#primaryimage"},"thumbnailUrl":"https:\/\/www.danubiushotels.com\/hu\/mozaik\/wp-content\/uploads\/2024\/12\/Thermal-Heviz-3-scaled.jpg","datePublished":"2024-12-05T12:02:48+00:00","dateModified":"2024-12-12T13:56:15+00:00","author":{"@id":"https:\/\/www.danubiushotels.com\/hu\/mozaik\/#\/schema\/person\/542f1349acf8d28401b230bc68ea4cdb"},"breadcrumb":{"@id":"https:\/\/www.danubiushotels.com\/hu\/mozaik\/evindito-ajanlat-hevizen#breadcrumb"},"inLanguage":"hu","potentialAction":[{"@type":"ReadAction","target":["https:\/\/www.danubiushotels.com\/hu\/mozaik\/evindito-ajanlat-hevizen"]}]},{"@type":"ImageObject","inLanguage":"hu","@id":"https:\/\/www.danubiushotels.com\/hu\/mozaik\/evindito-ajanlat-hevizen#primaryimage","url":"https:\/\/www.danubiushotels.com\/hu\/mozaik\/wp-content\/uploads\/2024\/12\/Thermal-Heviz-3-scaled.jpg","contentUrl":"https:\/\/www.danubiushotels.com\/hu\/mozaik\/wp-content\/uploads\/2024\/12\/Thermal-Heviz-3-scaled.jpg","width":2560,"height":1707},{"@type":"BreadcrumbList","@id":"https:\/\/www.danubiushotels.com\/hu\/mozaik\/evindito-ajanlat-hevizen#breadcrumb","itemListElement":[{"@type":"ListItem","position":1,"name":"Home","item":"https:\/\/www.danubiushotels.com\/hu\/mozaik\/"},{"@type":"ListItem","position":2,"name":"\u00c9vind\u00edt\u00f3 aj\u00e1nlat H\u00e9v\u00edzen"}]},{"@type":"WebSite","@id":"https:\/\/www.danubiushotels.com\/hu\/mozaik\/#website","url":"https:\/\/www.danubiushotels.com\/hu\/mozaik\/","name":"Danubius Mozaik","description":"Mindig van alkalom a pihen\u00e9sre...","potentialAction":[{"@type":"SearchAction","target":{"@type":"EntryPoint","urlTemplate":"https:\/\/www.danubiushotels.com\/hu\/mozaik\/?s={search_term_string}"},"query-input":{"@type":"PropertyValueSpecification","valueRequired":true,"valueName":"search_term_string"}}],"inLanguage":"hu"},{"@type":"Person","@id":"https:\/\/www.danubiushotels.com\/hu\/mozaik\/#\/schema\/person\/542f1349acf8d28401b230bc68ea4cdb","name":"Szab\u00f3 \u00c1gnes","image":{"@type":"ImageObject","inLanguage":"hu","@id":"https:\/\/secure.gravatar.com\/avatar\/c3594f2f1cdce4e4e61a0ccbf30a1b1e8399422660f44ec2b029a8282a33f480?s=96&d=mm&r=g","url":"https:\/\/secure.gravatar.com\/avatar\/c3594f2f1cdce4e4e61a0ccbf30a1b1e8399422660f44ec2b029a8282a33f480?s=96&d=mm&r=g","contentUrl":"https:\/\/secure.gravatar.com\/avatar\/c3594f2f1cdce4e4e61a0ccbf30a1b1e8399422660f44ec2b029a8282a33f480?s=96&d=mm&r=g","caption":"Szab\u00f3 \u00c1gnes"},"url":"https:\/\/www.danubiushotels.com\/hu\/mozaik\/author\/szaboagnes"}]}},"_links":{"self":[{"href":"https:\/\/www.danubiushotels.com\/hu\/mozaik\/wp-json\/wp\/v2\/posts\/13152","targetHints":{"allow":["GET"]}}],"collection":[{"href":"https:\/\/www.danubiushotels.com\/hu\/mozaik\/wp-json\/wp\/v2\/posts"}],"about":[{"href":"https:\/\/www.danubiushotels.com\/hu\/mozaik\/wp-json\/wp\/v2\/types\/post"}],"author":[{"embeddable":true,"href":"https:\/\/www.danubiushotels.com\/hu\/mozaik\/wp-json\/wp\/v2\/users\/16"}],"replies":[{"embeddable":true,"href":"https:\/\/www.danubiushotels.com\/hu\/mozaik\/wp-json\/wp\/v2\/comments?post=13152"}],"version-history":[{"count":5,"href":"https:\/\/www.danubiushotels.com\/hu\/mozaik\/wp-json\/wp\/v2\/posts\/13152\/revisions"}],"predecessor-version":[{"id":13205,"href":"https:\/\/www.danubiushotels.com\/hu\/mozaik\/wp-json\/wp\/v2\/posts\/13152\/revisions\/13205"}],"wp:featuredmedia":[{"embeddable":true,"href":"https:\/\/www.danubiushotels.com\/hu\/mozaik\/wp-json\/wp\/v2\/media\/13155"}],"wp:attachment":[{"href":"https:\/\/www.danubiushotels.com\/hu\/mozaik\/wp-json\/wp\/v2\/media?parent=13152"}],"wp:term":[{"taxonomy":"category","embeddable":true,"href":"https:\/\/www.danubiushotels.com\/hu\/mozaik\/wp-json\/wp\/v2\/categories?post=13152"},{"taxonomy":"post_tag","embeddable":true,"href":"https:\/\/www.danubiushotels.com\/hu\/mozaik\/wp-json\/wp\/v2\/tags?post=13152"}],"curies":[{"name":"wp","href":"https:\/\/api.w.org\/{rel}","templated":true}]}}