{"id":13247,"date":"2025-03-24T11:00:32","date_gmt":"2025-03-24T10:00:32","guid":{"rendered":"https:\/\/www.danubiushotels.com\/hu\/mozaik\/?p=13247"},"modified":"2025-03-25T11:16:42","modified_gmt":"2025-03-25T10:16:42","slug":"tavaszi-megujulas-videki-szallodainkban","status":"publish","type":"post","link":"https:\/\/www.danubiushotels.com\/hu\/mozaik\/tavaszi-megujulas-videki-szallodainkban","title":{"rendered":"Tavaszi meg\u00fajul\u00e1s vid\u00e9ki sz\u00e1llod\u00e1inkban"},"content":{"rendered":"<h4><strong>Danubius Hotel R\u00e1ba<\/strong><\/h4>\n<p>A belv\u00e1ros felfedez\u00e9s\u00e9hez t\u00f6k\u00e9letes kiindul\u00f3pontot k\u00edn\u00e1l gy\u0151ri sz\u00e1llod\u00e1nk. <strong>A m\u00e9lt\u00e1n h\u00edres <a href=\"https:\/\/belgagyor.hu\/\">Belga S\u00f6r\u00f6z\u0151 \u00e9s \u00c9tterem<\/a> a sz\u00e1llodai vend\u00e9gl\u00e1t\u00e1st \u00edzekkel, t\u00f6rt\u00e9nelemmel \u00e9s egyedis\u00e9ggel teszi k\u00fcl\u00f6nlegess\u00e9.<\/strong> \u00c9rdemes ide helyet foglalni \u00e9s a rengeteg \u00e9p\u00edt\u00e9szeti \u00e9rdekess\u00e9get, sz\u00e9ps\u00e9get tartogat\u00f3 belv\u00e1rosi s\u00e9ta ut\u00e1n kipr\u00f3b\u00e1lni az \u00faj tavaszi \u00e9tlap k\u00fcl\u00f6nlegess\u00e9geit. <strong>A <a href=\"https:\/\/www.danubiushotels.com\/hu\/szallodak-gyor\/hotel-raba\">sz\u00e1lloda<\/a> Gy\u0151r emblematikus \u00e9p\u00fclete<\/strong>, \u00e9s k\u00f6zponti elhelyezked\u00e9se miatt is kiemelten n\u00e9pszer\u0171 az \u00fczleti utaz\u00f3k k\u00f6r\u00e9ben.\u00a0 Els\u0151sorban az \u0151 ig\u00e9nyeiket figyelembe v\u00e9ve \u00fajult meg a sz\u00e1lloda fitness terme is tavasszal. Hisz\u2019 egy fontos t\u00e1rgyal\u00e1sra \u00e9rdemes frissen \u00e9rkezni!<\/p>\n\n\t\t<style type=\"text\/css\">\n\t\t\t#gallery-1 {\n\t\t\t\tmargin: auto;\n\t\t\t}\n\t\t\t#gallery-1 .gallery-item {\n\t\t\t\tfloat: left;\n\t\t\t\tmargin-top: 10px;\n\t\t\t\ttext-align: center;\n\t\t\t\twidth: 50%;\n\t\t\t}\n\t\t\t#gallery-1 img {\n\t\t\t\tborder: 2px solid #cfcfcf;\n\t\t\t}\n\t\t\t#gallery-1 .gallery-caption {\n\t\t\t\tmargin-left: 0;\n\t\t\t}\n\t\t\t\/* see gallery_shortcode() in wp-includes\/media.php *\/\n\t\t<\/style>\n\t\t<div id='gallery-1' class='gallery galleryid-13247 gallery-columns-2 gallery-size-large'><dl class='gallery-item'>\n\t\t\t<dt class='gallery-icon landscape'>\n\t\t\t\t<a href='https:\/\/www.danubiushotels.com\/hu\/mozaik\/wp-content\/uploads\/2025\/03\/DH_Raba_terrace_1-scaled.jpg'><img loading=\"lazy\" decoding=\"async\" width=\"1024\" height=\"681\" src=\"https:\/\/www.danubiushotels.com\/hu\/mozaik\/wp-content\/uploads\/2025\/03\/DH_Raba_terrace_1-1024x681.jpg\" class=\"attachment-large size-large\" alt=\"\" srcset=\"https:\/\/www.danubiushotels.com\/hu\/mozaik\/wp-content\/uploads\/2025\/03\/DH_Raba_terrace_1-980x652.jpg 980w, https:\/\/www.danubiushotels.com\/hu\/mozaik\/wp-content\/uploads\/2025\/03\/DH_Raba_terrace_1-480x319.jpg 480w\" sizes=\"(min-width: 0px) and (max-width: 480px) 480px, (min-width: 481px) and (max-width: 980px) 980px, (min-width: 981px) 1024px, 100vw\" \/><\/a>\n\t\t\t<\/dt><\/dl><dl class='gallery-item'>\n\t\t\t<dt class='gallery-icon landscape'>\n\t\t\t\t<a href='https:\/\/www.danubiushotels.com\/hu\/mozaik\/wp-content\/uploads\/2025\/03\/Belga_2-scaled.jpg'><img loading=\"lazy\" decoding=\"async\" width=\"1024\" height=\"687\" src=\"https:\/\/www.danubiushotels.com\/hu\/mozaik\/wp-content\/uploads\/2025\/03\/Belga_2-1024x687.jpg\" class=\"attachment-large size-large\" alt=\"\" srcset=\"https:\/\/www.danubiushotels.com\/hu\/mozaik\/wp-content\/uploads\/2025\/03\/Belga_2-980x657.jpg 980w, https:\/\/www.danubiushotels.com\/hu\/mozaik\/wp-content\/uploads\/2025\/03\/Belga_2-480x322.jpg 480w\" sizes=\"(min-width: 0px) and (max-width: 480px) 480px, (min-width: 481px) and (max-width: 980px) 980px, (min-width: 981px) 1024px, 100vw\" \/><\/a>\n\t\t\t<\/dt><\/dl><br style=\"clear: both\" \/>\n\t\t<\/div>\n\n<h4><strong>Danubius Hotel B\u00fck<\/strong><\/h4>\n<p><strong><a href=\"https:\/\/www.danubiushotels.com\/hu\/szallodak-bukfurdo\/danubius-hotel-buk\">Danubius Hotel B\u00fck<\/a> <\/strong>sz\u00e1llod\u00e1nk l\u00e1tv\u00e1nyos meg\u00fajul\u00e1si szakaszhoz \u00e9rkezik, mert <strong>id\u00e9n tavasszal m\u00e1r a teljes lobby \u00e9s a b\u00e1r is \u00e1talakulva v\u00e1rja a vend\u00e9geket<\/strong>. A <a href=\"https:\/\/www.danubiushotels.com\/hu\/mozaik\/oszi-elmenyek-bukfurdon\">wellness r\u00e9szleg tavalyi meg\u00fajul\u00e1sa ut\u00e1n<\/a> vend\u00e9geink \u00edgy majdnem a teljes k\u00f6z\u00f6ss\u00e9gi t\u00e9rben \u00e9lvezhetik Nathalie Rottenburg bels\u0151\u00e9p\u00edt\u00e9sz \u00e1ltal tervezett modern, \u00e1tgondolt \u00e9s vend\u00e9gig\u00e9nyekre tervezett \u00a0k\u00f6rnyezetet.<\/p>\n\n\t\t<style type=\"text\/css\">\n\t\t\t#gallery-2 {\n\t\t\t\tmargin: auto;\n\t\t\t}\n\t\t\t#gallery-2 .gallery-item {\n\t\t\t\tfloat: left;\n\t\t\t\tmargin-top: 10px;\n\t\t\t\ttext-align: center;\n\t\t\t\twidth: 50%;\n\t\t\t}\n\t\t\t#gallery-2 img {\n\t\t\t\tborder: 2px solid #cfcfcf;\n\t\t\t}\n\t\t\t#gallery-2 .gallery-caption {\n\t\t\t\tmargin-left: 0;\n\t\t\t}\n\t\t\t\/* see gallery_shortcode() in wp-includes\/media.php *\/\n\t\t<\/style>\n\t\t<div id='gallery-2' class='gallery galleryid-13247 gallery-columns-2 gallery-size-large'><dl class='gallery-item'>\n\t\t\t<dt class='gallery-icon landscape'>\n\t\t\t\t<a href='https:\/\/www.danubiushotels.com\/hu\/mozaik\/wp-content\/uploads\/2025\/03\/DH_Buk_saunaworld_1-scaled.jpg'><img loading=\"lazy\" decoding=\"async\" width=\"1024\" height=\"681\" src=\"https:\/\/www.danubiushotels.com\/hu\/mozaik\/wp-content\/uploads\/2025\/03\/DH_Buk_saunaworld_1-1024x681.jpg\" class=\"attachment-large size-large\" alt=\"\" srcset=\"https:\/\/www.danubiushotels.com\/hu\/mozaik\/wp-content\/uploads\/2025\/03\/DH_Buk_saunaworld_1-980x652.jpg 980w, https:\/\/www.danubiushotels.com\/hu\/mozaik\/wp-content\/uploads\/2025\/03\/DH_Buk_saunaworld_1-480x319.jpg 480w\" sizes=\"(min-width: 0px) and (max-width: 480px) 480px, (min-width: 481px) and (max-width: 980px) 980px, (min-width: 981px) 1024px, 100vw\" \/><\/a>\n\t\t\t<\/dt><\/dl><dl class='gallery-item'>\n\t\t\t<dt class='gallery-icon landscape'>\n\t\t\t\t<a href='https:\/\/www.danubiushotels.com\/hu\/mozaik\/wp-content\/uploads\/2025\/03\/DH_Buk_wellness_1-scaled.jpg'><img loading=\"lazy\" decoding=\"async\" width=\"1024\" height=\"681\" src=\"https:\/\/www.danubiushotels.com\/hu\/mozaik\/wp-content\/uploads\/2025\/03\/DH_Buk_wellness_1-1024x681.jpg\" class=\"attachment-large size-large\" alt=\"\" srcset=\"https:\/\/www.danubiushotels.com\/hu\/mozaik\/wp-content\/uploads\/2025\/03\/DH_Buk_wellness_1-980x652.jpg 980w, https:\/\/www.danubiushotels.com\/hu\/mozaik\/wp-content\/uploads\/2025\/03\/DH_Buk_wellness_1-480x319.jpg 480w\" sizes=\"(min-width: 0px) and (max-width: 480px) 480px, (min-width: 481px) and (max-width: 980px) 980px, (min-width: 981px) 1024px, 100vw\" \/><\/a>\n\t\t\t<\/dt><\/dl><br style=\"clear: both\" \/>\n\t\t<\/div>\n\n<h4><strong>Danubius Hotel Annabella<\/strong><\/h4>\n<p>Folytat\u00f3dott az ikonikus <a href=\"https:\/\/www.danubiushotels.com\/hu\/szallodak-balatonfured\/hotel-annabella\/szobak\">balatonf\u00fcredi sz\u00e1lloda szob\u00e1inak fel\u00faj\u00edt\u00e1sa<\/a>, \u00e9s a tavaszi nyit\u00e1sra, \u00e1prilis 17-re, \u00fajabb 130 Pr\u00e9mium szoba \u00e9s 4 lakoszt\u00e1ly k\u00e9sz\u00fcl el. Pr\u00e9mium szob\u00e1inkkal m\u00e9g k\u00e9nyelmesebb\u00e9 \u00e9s igaz\u00e1n meghitt\u00e9 szeretn\u00e9nk var\u00e1zsolni a balatoni pihen\u00e9st vend\u00e9geink sz\u00e1m\u00e1ra.<\/p>\n<p><strong>A 60-as \u00e9veket id\u00e9z\u0151 enteri\u0151rben a harm\u00f3nia \u00e9s a balatoni ny\u00e1r a f\u0151szerepl\u0151 meg\u00fajult k\u00f6nt\u00f6sben.<\/strong><\/p>\n<p>A teljesk\u00f6r\u0171en fel\u00faj\u00edtott, erk\u00e9lyes, modern, j\u00f3l felszerelt szoba sz\u00edneiben a balatoni nyarat \u00e9s \u00e9let\u00e9rz\u00e9st id\u00e9zik. A tengerk\u00e9k \u00e9s a naps\u00e1rga harm\u00f3ni\u00e1ja lengi k\u00f6rbe a teret, pont azt a hangulatot id\u00e9zik, amikor a balatoni napfelkelt\u00e9re \u00e9bred\u00fcnk vagy napnyugtakor s\u00e9t\u00e1lunk a parton. A letisztult Pr\u00e9mium szob\u00e1k francia\u00e1ggyal vagy k\u00e9t k\u00fcl\u00f6n \u00e1ggyal is k\u00e9rhet\u0151ek.<\/p>\n\n\t\t<style type=\"text\/css\">\n\t\t\t#gallery-3 {\n\t\t\t\tmargin: auto;\n\t\t\t}\n\t\t\t#gallery-3 .gallery-item {\n\t\t\t\tfloat: left;\n\t\t\t\tmargin-top: 10px;\n\t\t\t\ttext-align: center;\n\t\t\t\twidth: 50%;\n\t\t\t}\n\t\t\t#gallery-3 img {\n\t\t\t\tborder: 2px solid #cfcfcf;\n\t\t\t}\n\t\t\t#gallery-3 .gallery-caption {\n\t\t\t\tmargin-left: 0;\n\t\t\t}\n\t\t\t\/* see gallery_shortcode() in wp-includes\/media.php *\/\n\t\t<\/style>\n\t\t<div id='gallery-3' class='gallery galleryid-13247 gallery-columns-2 gallery-size-large'><dl class='gallery-item'>\n\t\t\t<dt class='gallery-icon landscape'>\n\t\t\t\t<a href='https:\/\/www.danubiushotels.com\/hu\/mozaik\/wp-content\/uploads\/2025\/03\/Annabella_premium_apartman-scaled.jpg'><img loading=\"lazy\" decoding=\"async\" width=\"1024\" height=\"681\" src=\"https:\/\/www.danubiushotels.com\/hu\/mozaik\/wp-content\/uploads\/2025\/03\/Annabella_premium_apartman-1024x681.jpg\" class=\"attachment-large size-large\" alt=\"\" srcset=\"https:\/\/www.danubiushotels.com\/hu\/mozaik\/wp-content\/uploads\/2025\/03\/Annabella_premium_apartman-980x652.jpg 980w, https:\/\/www.danubiushotels.com\/hu\/mozaik\/wp-content\/uploads\/2025\/03\/Annabella_premium_apartman-480x319.jpg 480w\" sizes=\"(min-width: 0px) and (max-width: 480px) 480px, (min-width: 481px) and (max-width: 980px) 980px, (min-width: 981px) 1024px, 100vw\" \/><\/a>\n\t\t\t<\/dt><\/dl><dl class='gallery-item'>\n\t\t\t<dt class='gallery-icon landscape'>\n\t\t\t\t<a href='https:\/\/www.danubiushotels.com\/hu\/mozaik\/wp-content\/uploads\/2025\/03\/Annabella_premium_apartman2-scaled.jpg'><img loading=\"lazy\" decoding=\"async\" width=\"1024\" height=\"681\" src=\"https:\/\/www.danubiushotels.com\/hu\/mozaik\/wp-content\/uploads\/2025\/03\/Annabella_premium_apartman2-1024x681.jpg\" class=\"attachment-large size-large\" alt=\"\" srcset=\"https:\/\/www.danubiushotels.com\/hu\/mozaik\/wp-content\/uploads\/2025\/03\/Annabella_premium_apartman2-980x652.jpg 980w, https:\/\/www.danubiushotels.com\/hu\/mozaik\/wp-content\/uploads\/2025\/03\/Annabella_premium_apartman2-480x319.jpg 480w\" sizes=\"(min-width: 0px) and (max-width: 480px) 480px, (min-width: 481px) and (max-width: 980px) 980px, (min-width: 981px) 1024px, 100vw\" \/><\/a>\n\t\t\t<\/dt><\/dl><br style=\"clear: both\" \/>\n\t\t<\/div>\n\n<p>A bels\u0151\u00e9p\u00edt\u00e9szeti megold\u00e1sok r\u00e1er\u0151s\u00edtenek a sz\u00e1lloda eredeti koncepci\u00f3j\u00e1ra: t\u00f6k\u00e9letes k\u00e9nyelem \u00e9s az igaz\u00e1n feledhetetlen balatoni eml\u00e9kek az eg\u00e9sz csal\u00e1d sz\u00e1m\u00e1ra.<\/p>\n<p><strong><a href=\"https:\/\/www.danubiushotels.com\/w\/hd\/2025\/Danubius_Hotel_Annabella_Csapatepito_flyer.pdf\">Tekintse meg csapat\u00e9p\u00edt\u0151 programjainkat is &gt;&gt;\u00a0<\/a><\/strong><\/p>\n","protected":false},"excerpt":{"rendered":"<p>Danubius Hotel R\u00e1ba A belv\u00e1ros felfedez\u00e9s\u00e9hez t\u00f6k\u00e9letes kiindul\u00f3pontot k\u00edn\u00e1l gy\u0151ri sz\u00e1llod\u00e1nk. A m\u00e9lt\u00e1n h\u00edres Belga S\u00f6r\u00f6z\u0151 \u00e9s \u00c9tterem a sz\u00e1llodai vend\u00e9gl\u00e1t\u00e1st \u00edzekkel, t\u00f6rt\u00e9nelemmel \u00e9s egyedis\u00e9ggel teszi k\u00fcl\u00f6nlegess\u00e9. \u00c9rdemes ide helyet foglalni \u00e9s a rengeteg \u00e9p\u00edt\u00e9szeti \u00e9rdekess\u00e9get, sz\u00e9ps\u00e9get tartogat\u00f3 belv\u00e1rosi s\u00e9ta ut\u00e1n kipr\u00f3b\u00e1lni az \u00faj tavaszi \u00e9tlap k\u00fcl\u00f6nlegess\u00e9geit. A sz\u00e1lloda Gy\u0151r emblematikus \u00e9p\u00fclete, \u00e9s k\u00f6zponti elhelyezked\u00e9se [&hellip;]<\/p>\n","protected":false},"author":16,"featured_media":13250,"comment_status":"closed","ping_status":"open","sticky":false,"template":"","format":"standard","meta":{"_acf_changed":false,"_et_pb_use_builder":"","_et_pb_old_content":"","_et_gb_content_width":"","inline_featured_image":false,"footnotes":""},"categories":[1178,1176,4,1175,1177],"tags":[],"class_list":["post-13247","post","type-post","status-publish","format-standard","has-post-thumbnail","hentry","category-csapatepites","category-gasztro","category-hirek","category-szallodavilag","category-wellness"],"acf":[],"yoast_head":"<!-- This site is optimized with the Yoast SEO plugin v27.4 - https:\/\/yoast.com\/product\/yoast-seo-wordpress\/ -->\n<title>Tavaszi meg\u00fajul\u00e1s vid\u00e9ki sz\u00e1llod\u00e1inkban - Danubius Mozaik<\/title>\n<meta name=\"robots\" content=\"noindex, follow, max-snippet:-1, max-image-preview:large, max-video-preview:-1\" \/>\n<meta property=\"og:locale\" content=\"hu_HU\" \/>\n<meta property=\"og:type\" content=\"article\" \/>\n<meta property=\"og:title\" content=\"Tavaszi meg\u00fajul\u00e1s vid\u00e9ki sz\u00e1llod\u00e1inkban - Danubius Mozaik\" \/>\n<meta property=\"og:description\" content=\"Danubius Hotel R\u00e1ba A belv\u00e1ros felfedez\u00e9s\u00e9hez t\u00f6k\u00e9letes kiindul\u00f3pontot k\u00edn\u00e1l gy\u0151ri sz\u00e1llod\u00e1nk. A m\u00e9lt\u00e1n h\u00edres Belga S\u00f6r\u00f6z\u0151 \u00e9s \u00c9tterem a sz\u00e1llodai vend\u00e9gl\u00e1t\u00e1st \u00edzekkel, t\u00f6rt\u00e9nelemmel \u00e9s egyedis\u00e9ggel teszi k\u00fcl\u00f6nlegess\u00e9. \u00c9rdemes ide helyet foglalni \u00e9s a rengeteg \u00e9p\u00edt\u00e9szeti \u00e9rdekess\u00e9get, sz\u00e9ps\u00e9get tartogat\u00f3 belv\u00e1rosi s\u00e9ta ut\u00e1n kipr\u00f3b\u00e1lni az \u00faj tavaszi \u00e9tlap k\u00fcl\u00f6nlegess\u00e9geit. A sz\u00e1lloda Gy\u0151r emblematikus \u00e9p\u00fclete, \u00e9s k\u00f6zponti elhelyezked\u00e9se [&hellip;]\" \/>\n<meta property=\"og:url\" content=\"https:\/\/www.danubiushotels.com\/hu\/mozaik\/tavaszi-megujulas-videki-szallodainkban\" \/>\n<meta property=\"og:site_name\" content=\"Danubius Mozaik\" \/>\n<meta property=\"article:published_time\" content=\"2025-03-24T10:00:32+00:00\" \/>\n<meta property=\"article:modified_time\" content=\"2025-03-25T10:16:42+00:00\" \/>\n<meta property=\"og:image\" content=\"https:\/\/www.danubiushotels.com\/hu\/mozaik\/wp-content\/uploads\/2025\/03\/DH_Raba_terrace_1-scaled.jpg\" \/>\n\t<meta property=\"og:image:width\" content=\"2560\" \/>\n\t<meta property=\"og:image:height\" content=\"1703\" \/>\n\t<meta property=\"og:image:type\" content=\"image\/jpeg\" \/>\n<meta name=\"author\" content=\"Szab\u00f3 \u00c1gnes\" \/>\n<meta name=\"twitter:card\" content=\"summary_large_image\" \/>\n<meta name=\"twitter:label1\" content=\"Szerz\u0151:\" \/>\n\t<meta name=\"twitter:data1\" content=\"Szab\u00f3 \u00c1gnes\" \/>\n\t<meta name=\"twitter:label2\" content=\"Becs\u00fclt olvas\u00e1si id\u0151\" \/>\n\t<meta name=\"twitter:data2\" content=\"2 perc\" \/>\n<script type=\"application\/ld+json\" class=\"yoast-schema-graph\">{\"@context\":\"https:\\\/\\\/schema.org\",\"@graph\":[{\"@type\":\"Article\",\"@id\":\"https:\\\/\\\/www.danubiushotels.com\\\/hu\\\/mozaik\\\/tavaszi-megujulas-videki-szallodainkban#article\",\"isPartOf\":{\"@id\":\"https:\\\/\\\/www.danubiushotels.com\\\/hu\\\/mozaik\\\/tavaszi-megujulas-videki-szallodainkban\"},\"author\":{\"name\":\"Szab\u00f3 \u00c1gnes\",\"@id\":\"https:\\\/\\\/www.danubiushotels.com\\\/hu\\\/mozaik\\\/#\\\/schema\\\/person\\\/542f1349acf8d28401b230bc68ea4cdb\"},\"headline\":\"Tavaszi meg\u00fajul\u00e1s vid\u00e9ki sz\u00e1llod\u00e1inkban\",\"datePublished\":\"2025-03-24T10:00:32+00:00\",\"dateModified\":\"2025-03-25T10:16:42+00:00\",\"mainEntityOfPage\":{\"@id\":\"https:\\\/\\\/www.danubiushotels.com\\\/hu\\\/mozaik\\\/tavaszi-megujulas-videki-szallodainkban\"},\"wordCount\":456,\"image\":{\"@id\":\"https:\\\/\\\/www.danubiushotels.com\\\/hu\\\/mozaik\\\/tavaszi-megujulas-videki-szallodainkban#primaryimage\"},\"thumbnailUrl\":\"https:\\\/\\\/www.danubiushotels.com\\\/hu\\\/mozaik\\\/wp-content\\\/uploads\\\/2025\\\/03\\\/DH_Raba_terrace_1-scaled.jpg\",\"articleSection\":[\"Csapat\u00e9p\u00edt\u00e9s\",\"Gasztro\",\"H\u00edrek\",\"Sz\u00e1llodavil\u00e1g\",\"Wellness\"],\"inLanguage\":\"hu\"},{\"@type\":\"WebPage\",\"@id\":\"https:\\\/\\\/www.danubiushotels.com\\\/hu\\\/mozaik\\\/tavaszi-megujulas-videki-szallodainkban\",\"url\":\"https:\\\/\\\/www.danubiushotels.com\\\/hu\\\/mozaik\\\/tavaszi-megujulas-videki-szallodainkban\",\"name\":\"Tavaszi meg\u00fajul\u00e1s vid\u00e9ki sz\u00e1llod\u00e1inkban - Danubius Mozaik\",\"isPartOf\":{\"@id\":\"https:\\\/\\\/www.danubiushotels.com\\\/hu\\\/mozaik\\\/#website\"},\"primaryImageOfPage\":{\"@id\":\"https:\\\/\\\/www.danubiushotels.com\\\/hu\\\/mozaik\\\/tavaszi-megujulas-videki-szallodainkban#primaryimage\"},\"image\":{\"@id\":\"https:\\\/\\\/www.danubiushotels.com\\\/hu\\\/mozaik\\\/tavaszi-megujulas-videki-szallodainkban#primaryimage\"},\"thumbnailUrl\":\"https:\\\/\\\/www.danubiushotels.com\\\/hu\\\/mozaik\\\/wp-content\\\/uploads\\\/2025\\\/03\\\/DH_Raba_terrace_1-scaled.jpg\",\"datePublished\":\"2025-03-24T10:00:32+00:00\",\"dateModified\":\"2025-03-25T10:16:42+00:00\",\"author\":{\"@id\":\"https:\\\/\\\/www.danubiushotels.com\\\/hu\\\/mozaik\\\/#\\\/schema\\\/person\\\/542f1349acf8d28401b230bc68ea4cdb\"},\"breadcrumb\":{\"@id\":\"https:\\\/\\\/www.danubiushotels.com\\\/hu\\\/mozaik\\\/tavaszi-megujulas-videki-szallodainkban#breadcrumb\"},\"inLanguage\":\"hu\",\"potentialAction\":[{\"@type\":\"ReadAction\",\"target\":[\"https:\\\/\\\/www.danubiushotels.com\\\/hu\\\/mozaik\\\/tavaszi-megujulas-videki-szallodainkban\"]}]},{\"@type\":\"ImageObject\",\"inLanguage\":\"hu\",\"@id\":\"https:\\\/\\\/www.danubiushotels.com\\\/hu\\\/mozaik\\\/tavaszi-megujulas-videki-szallodainkban#primaryimage\",\"url\":\"https:\\\/\\\/www.danubiushotels.com\\\/hu\\\/mozaik\\\/wp-content\\\/uploads\\\/2025\\\/03\\\/DH_Raba_terrace_1-scaled.jpg\",\"contentUrl\":\"https:\\\/\\\/www.danubiushotels.com\\\/hu\\\/mozaik\\\/wp-content\\\/uploads\\\/2025\\\/03\\\/DH_Raba_terrace_1-scaled.jpg\",\"width\":2560,\"height\":1703},{\"@type\":\"BreadcrumbList\",\"@id\":\"https:\\\/\\\/www.danubiushotels.com\\\/hu\\\/mozaik\\\/tavaszi-megujulas-videki-szallodainkban#breadcrumb\",\"itemListElement\":[{\"@type\":\"ListItem\",\"position\":1,\"name\":\"Home\",\"item\":\"https:\\\/\\\/www.danubiushotels.com\\\/hu\\\/mozaik\\\/\"},{\"@type\":\"ListItem\",\"position\":2,\"name\":\"Tavaszi meg\u00fajul\u00e1s vid\u00e9ki sz\u00e1llod\u00e1inkban\"}]},{\"@type\":\"WebSite\",\"@id\":\"https:\\\/\\\/www.danubiushotels.com\\\/hu\\\/mozaik\\\/#website\",\"url\":\"https:\\\/\\\/www.danubiushotels.com\\\/hu\\\/mozaik\\\/\",\"name\":\"Danubius Mozaik\",\"description\":\"Mindig van alkalom a pihen\u00e9sre...\",\"potentialAction\":[{\"@type\":\"SearchAction\",\"target\":{\"@type\":\"EntryPoint\",\"urlTemplate\":\"https:\\\/\\\/www.danubiushotels.com\\\/hu\\\/mozaik\\\/?s={search_term_string}\"},\"query-input\":{\"@type\":\"PropertyValueSpecification\",\"valueRequired\":true,\"valueName\":\"search_term_string\"}}],\"inLanguage\":\"hu\"},{\"@type\":\"Person\",\"@id\":\"https:\\\/\\\/www.danubiushotels.com\\\/hu\\\/mozaik\\\/#\\\/schema\\\/person\\\/542f1349acf8d28401b230bc68ea4cdb\",\"name\":\"Szab\u00f3 \u00c1gnes\",\"image\":{\"@type\":\"ImageObject\",\"inLanguage\":\"hu\",\"@id\":\"https:\\\/\\\/secure.gravatar.com\\\/avatar\\\/c3594f2f1cdce4e4e61a0ccbf30a1b1e8399422660f44ec2b029a8282a33f480?s=96&d=mm&r=g\",\"url\":\"https:\\\/\\\/secure.gravatar.com\\\/avatar\\\/c3594f2f1cdce4e4e61a0ccbf30a1b1e8399422660f44ec2b029a8282a33f480?s=96&d=mm&r=g\",\"contentUrl\":\"https:\\\/\\\/secure.gravatar.com\\\/avatar\\\/c3594f2f1cdce4e4e61a0ccbf30a1b1e8399422660f44ec2b029a8282a33f480?s=96&d=mm&r=g\",\"caption\":\"Szab\u00f3 \u00c1gnes\"},\"url\":\"https:\\\/\\\/www.danubiushotels.com\\\/hu\\\/mozaik\\\/author\\\/szaboagnes\"}]}<\/script>\n<!-- \/ Yoast SEO plugin. -->","yoast_head_json":{"title":"Tavaszi meg\u00fajul\u00e1s vid\u00e9ki sz\u00e1llod\u00e1inkban - Danubius Mozaik","robots":{"index":"noindex","follow":"follow","max-snippet":"max-snippet:-1","max-image-preview":"max-image-preview:large","max-video-preview":"max-video-preview:-1"},"og_locale":"hu_HU","og_type":"article","og_title":"Tavaszi meg\u00fajul\u00e1s vid\u00e9ki sz\u00e1llod\u00e1inkban - Danubius Mozaik","og_description":"Danubius Hotel R\u00e1ba A belv\u00e1ros felfedez\u00e9s\u00e9hez t\u00f6k\u00e9letes kiindul\u00f3pontot k\u00edn\u00e1l gy\u0151ri sz\u00e1llod\u00e1nk. A m\u00e9lt\u00e1n h\u00edres Belga S\u00f6r\u00f6z\u0151 \u00e9s \u00c9tterem a sz\u00e1llodai vend\u00e9gl\u00e1t\u00e1st \u00edzekkel, t\u00f6rt\u00e9nelemmel \u00e9s egyedis\u00e9ggel teszi k\u00fcl\u00f6nlegess\u00e9. \u00c9rdemes ide helyet foglalni \u00e9s a rengeteg \u00e9p\u00edt\u00e9szeti \u00e9rdekess\u00e9get, sz\u00e9ps\u00e9get tartogat\u00f3 belv\u00e1rosi s\u00e9ta ut\u00e1n kipr\u00f3b\u00e1lni az \u00faj tavaszi \u00e9tlap k\u00fcl\u00f6nlegess\u00e9geit. A sz\u00e1lloda Gy\u0151r emblematikus \u00e9p\u00fclete, \u00e9s k\u00f6zponti elhelyezked\u00e9se [&hellip;]","og_url":"https:\/\/www.danubiushotels.com\/hu\/mozaik\/tavaszi-megujulas-videki-szallodainkban","og_site_name":"Danubius Mozaik","article_published_time":"2025-03-24T10:00:32+00:00","article_modified_time":"2025-03-25T10:16:42+00:00","og_image":[{"width":2560,"height":1703,"url":"https:\/\/www.danubiushotels.com\/hu\/mozaik\/wp-content\/uploads\/2025\/03\/DH_Raba_terrace_1-scaled.jpg","type":"image\/jpeg"}],"author":"Szab\u00f3 \u00c1gnes","twitter_card":"summary_large_image","twitter_misc":{"Szerz\u0151:":"Szab\u00f3 \u00c1gnes","Becs\u00fclt olvas\u00e1si id\u0151":"2 perc"},"schema":{"@context":"https:\/\/schema.org","@graph":[{"@type":"Article","@id":"https:\/\/www.danubiushotels.com\/hu\/mozaik\/tavaszi-megujulas-videki-szallodainkban#article","isPartOf":{"@id":"https:\/\/www.danubiushotels.com\/hu\/mozaik\/tavaszi-megujulas-videki-szallodainkban"},"author":{"name":"Szab\u00f3 \u00c1gnes","@id":"https:\/\/www.danubiushotels.com\/hu\/mozaik\/#\/schema\/person\/542f1349acf8d28401b230bc68ea4cdb"},"headline":"Tavaszi meg\u00fajul\u00e1s vid\u00e9ki sz\u00e1llod\u00e1inkban","datePublished":"2025-03-24T10:00:32+00:00","dateModified":"2025-03-25T10:16:42+00:00","mainEntityOfPage":{"@id":"https:\/\/www.danubiushotels.com\/hu\/mozaik\/tavaszi-megujulas-videki-szallodainkban"},"wordCount":456,"image":{"@id":"https:\/\/www.danubiushotels.com\/hu\/mozaik\/tavaszi-megujulas-videki-szallodainkban#primaryimage"},"thumbnailUrl":"https:\/\/www.danubiushotels.com\/hu\/mozaik\/wp-content\/uploads\/2025\/03\/DH_Raba_terrace_1-scaled.jpg","articleSection":["Csapat\u00e9p\u00edt\u00e9s","Gasztro","H\u00edrek","Sz\u00e1llodavil\u00e1g","Wellness"],"inLanguage":"hu"},{"@type":"WebPage","@id":"https:\/\/www.danubiushotels.com\/hu\/mozaik\/tavaszi-megujulas-videki-szallodainkban","url":"https:\/\/www.danubiushotels.com\/hu\/mozaik\/tavaszi-megujulas-videki-szallodainkban","name":"Tavaszi meg\u00fajul\u00e1s vid\u00e9ki sz\u00e1llod\u00e1inkban - Danubius Mozaik","isPartOf":{"@id":"https:\/\/www.danubiushotels.com\/hu\/mozaik\/#website"},"primaryImageOfPage":{"@id":"https:\/\/www.danubiushotels.com\/hu\/mozaik\/tavaszi-megujulas-videki-szallodainkban#primaryimage"},"image":{"@id":"https:\/\/www.danubiushotels.com\/hu\/mozaik\/tavaszi-megujulas-videki-szallodainkban#primaryimage"},"thumbnailUrl":"https:\/\/www.danubiushotels.com\/hu\/mozaik\/wp-content\/uploads\/2025\/03\/DH_Raba_terrace_1-scaled.jpg","datePublished":"2025-03-24T10:00:32+00:00","dateModified":"2025-03-25T10:16:42+00:00","author":{"@id":"https:\/\/www.danubiushotels.com\/hu\/mozaik\/#\/schema\/person\/542f1349acf8d28401b230bc68ea4cdb"},"breadcrumb":{"@id":"https:\/\/www.danubiushotels.com\/hu\/mozaik\/tavaszi-megujulas-videki-szallodainkban#breadcrumb"},"inLanguage":"hu","potentialAction":[{"@type":"ReadAction","target":["https:\/\/www.danubiushotels.com\/hu\/mozaik\/tavaszi-megujulas-videki-szallodainkban"]}]},{"@type":"ImageObject","inLanguage":"hu","@id":"https:\/\/www.danubiushotels.com\/hu\/mozaik\/tavaszi-megujulas-videki-szallodainkban#primaryimage","url":"https:\/\/www.danubiushotels.com\/hu\/mozaik\/wp-content\/uploads\/2025\/03\/DH_Raba_terrace_1-scaled.jpg","contentUrl":"https:\/\/www.danubiushotels.com\/hu\/mozaik\/wp-content\/uploads\/2025\/03\/DH_Raba_terrace_1-scaled.jpg","width":2560,"height":1703},{"@type":"BreadcrumbList","@id":"https:\/\/www.danubiushotels.com\/hu\/mozaik\/tavaszi-megujulas-videki-szallodainkban#breadcrumb","itemListElement":[{"@type":"ListItem","position":1,"name":"Home","item":"https:\/\/www.danubiushotels.com\/hu\/mozaik\/"},{"@type":"ListItem","position":2,"name":"Tavaszi meg\u00fajul\u00e1s vid\u00e9ki sz\u00e1llod\u00e1inkban"}]},{"@type":"WebSite","@id":"https:\/\/www.danubiushotels.com\/hu\/mozaik\/#website","url":"https:\/\/www.danubiushotels.com\/hu\/mozaik\/","name":"Danubius Mozaik","description":"Mindig van alkalom a pihen\u00e9sre...","potentialAction":[{"@type":"SearchAction","target":{"@type":"EntryPoint","urlTemplate":"https:\/\/www.danubiushotels.com\/hu\/mozaik\/?s={search_term_string}"},"query-input":{"@type":"PropertyValueSpecification","valueRequired":true,"valueName":"search_term_string"}}],"inLanguage":"hu"},{"@type":"Person","@id":"https:\/\/www.danubiushotels.com\/hu\/mozaik\/#\/schema\/person\/542f1349acf8d28401b230bc68ea4cdb","name":"Szab\u00f3 \u00c1gnes","image":{"@type":"ImageObject","inLanguage":"hu","@id":"https:\/\/secure.gravatar.com\/avatar\/c3594f2f1cdce4e4e61a0ccbf30a1b1e8399422660f44ec2b029a8282a33f480?s=96&d=mm&r=g","url":"https:\/\/secure.gravatar.com\/avatar\/c3594f2f1cdce4e4e61a0ccbf30a1b1e8399422660f44ec2b029a8282a33f480?s=96&d=mm&r=g","contentUrl":"https:\/\/secure.gravatar.com\/avatar\/c3594f2f1cdce4e4e61a0ccbf30a1b1e8399422660f44ec2b029a8282a33f480?s=96&d=mm&r=g","caption":"Szab\u00f3 \u00c1gnes"},"url":"https:\/\/www.danubiushotels.com\/hu\/mozaik\/author\/szaboagnes"}]}},"_links":{"self":[{"href":"https:\/\/www.danubiushotels.com\/hu\/mozaik\/wp-json\/wp\/v2\/posts\/13247","targetHints":{"allow":["GET"]}}],"collection":[{"href":"https:\/\/www.danubiushotels.com\/hu\/mozaik\/wp-json\/wp\/v2\/posts"}],"about":[{"href":"https:\/\/www.danubiushotels.com\/hu\/mozaik\/wp-json\/wp\/v2\/types\/post"}],"author":[{"embeddable":true,"href":"https:\/\/www.danubiushotels.com\/hu\/mozaik\/wp-json\/wp\/v2\/users\/16"}],"replies":[{"embeddable":true,"href":"https:\/\/www.danubiushotels.com\/hu\/mozaik\/wp-json\/wp\/v2\/comments?post=13247"}],"version-history":[{"count":4,"href":"https:\/\/www.danubiushotels.com\/hu\/mozaik\/wp-json\/wp\/v2\/posts\/13247\/revisions"}],"predecessor-version":[{"id":13269,"href":"https:\/\/www.danubiushotels.com\/hu\/mozaik\/wp-json\/wp\/v2\/posts\/13247\/revisions\/13269"}],"wp:featuredmedia":[{"embeddable":true,"href":"https:\/\/www.danubiushotels.com\/hu\/mozaik\/wp-json\/wp\/v2\/media\/13250"}],"wp:attachment":[{"href":"https:\/\/www.danubiushotels.com\/hu\/mozaik\/wp-json\/wp\/v2\/media?parent=13247"}],"wp:term":[{"taxonomy":"category","embeddable":true,"href":"https:\/\/www.danubiushotels.com\/hu\/mozaik\/wp-json\/wp\/v2\/categories?post=13247"},{"taxonomy":"post_tag","embeddable":true,"href":"https:\/\/www.danubiushotels.com\/hu\/mozaik\/wp-json\/wp\/v2\/tags?post=13247"}],"curies":[{"name":"wp","href":"https:\/\/api.w.org\/{rel}","templated":true}]}}