{"id":13280,"date":"2025-08-29T14:05:23","date_gmt":"2025-08-29T12:05:23","guid":{"rendered":"https:\/\/www.danubiushotels.com\/hu\/mozaik\/?p=13280"},"modified":"2025-09-02T10:37:26","modified_gmt":"2025-09-02T08:37:26","slug":"aktiv-kikapcsolodas-es-csapatepites-bukon-es-gyorben","status":"publish","type":"post","link":"https:\/\/www.danubiushotels.com\/hu\/mozaik\/aktiv-kikapcsolodas-es-csapatepites-bukon-es-gyorben","title":{"rendered":"Akt\u00edv kikapcsol\u00f3d\u00e1s \u00e9s csapat\u00e9p\u00edt\u00e9s B\u00fck\u00f6n \u00e9s Gy\u0151rben"},"content":{"rendered":"<p><span data-contrast=\"auto\">Nyugat-Magyarorsz\u00e1g k\u00e9t ikonikus sz\u00e1llod\u00e1ja, a <a href=\"https:\/\/www.danubiushotels.com\/hu\/szallodak-bukfurdo\/danubius-hotel-buk\" target=\"_blank\" rel=\"noopener\"><strong>Danubius Hotel B\u00fck<\/strong><\/a> \u00e9s a<a href=\"https:\/\/www.danubiushotels.com\/hu\/szallodak-gyor\/hotel-raba\" target=\"_blank\" rel=\"noopener\"><strong> Danubius Hotel R\u00e1ba<\/strong><\/a> id\u00e9n \u0151sszel is t\u00f6k\u00e9letes v\u00e1laszt\u00e1s akt\u00edv c\u00e9ges programokhoz \u00e9s felk\u00e9sz\u00fcl\u00e9sekhez.<\/span><\/p>\n<p><span class=\"TextRun SCXW265639377 BCX0\" lang=\"HU-HU\" xml:lang=\"HU-HU\" data-contrast=\"auto\"><span class=\"NormalTextRun SCXW265639377 BCX0\"><a href=\"https:\/\/www.danubiushotels.com\/hu\/szallodak-bukfurdo\/danubius-hotel-buk\" target=\"_blank\" rel=\"noopener\">Danubius Hotel B\u00fck<\/a> sz\u00e1llod\u00e1nkban<\/span><\/span><span class=\"TextRun SCXW265639377 BCX0\" lang=\"HU-HU\" xml:lang=\"HU-HU\" data-contrast=\"auto\"><span class=\"NormalTextRun SCXW265639377 BCX0\">\u00a0id\u00e9n ny\u00e1r elej\u00e9n<strong> meg\u00fajult lobby \u00e9s Lobby b\u00e1r<\/strong> harmonikusan illeszkedik a kor\u00e1bban fel\u00faj\u00edtott szob\u00e1k hangulat\u00e1hoz, m\u00edg a parkos\u00edtott k\u00f6rnyezet \u00e9s az akt\u00edv csapat\u00e9p\u00edt\u0151 programok \u2013 mobil szabadul\u00f3szob\u00e1t\u00f3l a l\u00e9zerharcig \u2013 t\u00f6k\u00e9letes kieg\u00e9sz\u00edt\u00e9st ny\u00fajtanak c\u00e9ges rendezv\u00e9nyekhez.<\/span><\/span><\/p>\n\n\t\t<style type=\"text\/css\">\n\t\t\t#gallery-1 {\n\t\t\t\tmargin: auto;\n\t\t\t}\n\t\t\t#gallery-1 .gallery-item {\n\t\t\t\tfloat: left;\n\t\t\t\tmargin-top: 10px;\n\t\t\t\ttext-align: center;\n\t\t\t\twidth: 50%;\n\t\t\t}\n\t\t\t#gallery-1 img {\n\t\t\t\tborder: 2px solid #cfcfcf;\n\t\t\t}\n\t\t\t#gallery-1 .gallery-caption {\n\t\t\t\tmargin-left: 0;\n\t\t\t}\n\t\t\t\/* see gallery_shortcode() in wp-includes\/media.php *\/\n\t\t<\/style>\n\t\t<div id='gallery-1' class='gallery galleryid-13280 gallery-columns-2 gallery-size-large'><dl class='gallery-item'>\n\t\t\t<dt class='gallery-icon landscape'>\n\t\t\t\t<a href='https:\/\/www.danubiushotels.com\/hu\/mozaik\/wp-content\/uploads\/2025\/08\/Medium-DH_Buk_lobby-007-1.jpg'><img loading=\"lazy\" decoding=\"async\" width=\"1024\" height=\"683\" src=\"https:\/\/www.danubiushotels.com\/hu\/mozaik\/wp-content\/uploads\/2025\/08\/Medium-DH_Buk_lobby-007-1-1024x683.jpg\" class=\"attachment-large size-large\" alt=\"\" srcset=\"https:\/\/www.danubiushotels.com\/hu\/mozaik\/wp-content\/uploads\/2025\/08\/Medium-DH_Buk_lobby-007-1-1024x683.jpg 1024w, https:\/\/www.danubiushotels.com\/hu\/mozaik\/wp-content\/uploads\/2025\/08\/Medium-DH_Buk_lobby-007-1-980x653.jpg 980w, https:\/\/www.danubiushotels.com\/hu\/mozaik\/wp-content\/uploads\/2025\/08\/Medium-DH_Buk_lobby-007-1-480x320.jpg 480w\" sizes=\"(min-width: 0px) and (max-width: 480px) 480px, (min-width: 481px) and (max-width: 980px) 980px, (min-width: 981px) 1024px, 100vw\" \/><\/a>\n\t\t\t<\/dt><\/dl><dl class='gallery-item'>\n\t\t\t<dt class='gallery-icon landscape'>\n\t\t\t\t<a href='https:\/\/www.danubiushotels.com\/hu\/mozaik\/wp-content\/uploads\/2025\/08\/Medium-DH_Buk_drink_bar-002.jpg'><img loading=\"lazy\" decoding=\"async\" width=\"1024\" height=\"683\" src=\"https:\/\/www.danubiushotels.com\/hu\/mozaik\/wp-content\/uploads\/2025\/08\/Medium-DH_Buk_drink_bar-002-1024x683.jpg\" class=\"attachment-large size-large\" alt=\"\" srcset=\"https:\/\/www.danubiushotels.com\/hu\/mozaik\/wp-content\/uploads\/2025\/08\/Medium-DH_Buk_drink_bar-002-1024x683.jpg 1024w, https:\/\/www.danubiushotels.com\/hu\/mozaik\/wp-content\/uploads\/2025\/08\/Medium-DH_Buk_drink_bar-002-980x653.jpg 980w, https:\/\/www.danubiushotels.com\/hu\/mozaik\/wp-content\/uploads\/2025\/08\/Medium-DH_Buk_drink_bar-002-480x320.jpg 480w\" sizes=\"(min-width: 0px) and (max-width: 480px) 480px, (min-width: 481px) and (max-width: 980px) 980px, (min-width: 981px) 1024px, 100vw\" \/><\/a>\n\t\t\t<\/dt><\/dl><br style=\"clear: both\" \/>\n\t\t<\/div>\n\n<p><span data-contrast=\"auto\"><strong>Emellett B\u00fckf\u00fcrd\u0151n szeptember v\u00e9g\u00e9t\u0151l egy teljesen meg\u00fajult bels\u0151 medencet\u00e9r v\u00e1rja a vend\u00e9geket!<br \/>\n<\/strong>A modern wellnessr\u00e9szleg, a t\u00e1gas szaunavil\u00e1g \u00e9s a sportos infrastrukt\u00fara ide\u00e1lis h\u00e1tteret ny\u00fajt edz\u0151t\u00e1borokhoz, sportnapokhoz \u00e9s kikapcsol\u00f3d\u00e1ssal egybek\u00f6t\u00f6tt csapat\u00e9p\u00edt\u00e9sekhez.<\/span><span data-ccp-props=\"{&quot;134233117&quot;:false,&quot;134233118&quot;:false,&quot;335559738&quot;:240,&quot;335559739&quot;:240}\">\u00a0<\/span><\/p>\n\n\t\t<style type=\"text\/css\">\n\t\t\t#gallery-2 {\n\t\t\t\tmargin: auto;\n\t\t\t}\n\t\t\t#gallery-2 .gallery-item {\n\t\t\t\tfloat: left;\n\t\t\t\tmargin-top: 10px;\n\t\t\t\ttext-align: center;\n\t\t\t\twidth: 50%;\n\t\t\t}\n\t\t\t#gallery-2 img {\n\t\t\t\tborder: 2px solid #cfcfcf;\n\t\t\t}\n\t\t\t#gallery-2 .gallery-caption {\n\t\t\t\tmargin-left: 0;\n\t\t\t}\n\t\t\t\/* see gallery_shortcode() in wp-includes\/media.php *\/\n\t\t<\/style>\n\t\t<div id='gallery-2' class='gallery galleryid-13280 gallery-columns-2 gallery-size-large'><dl class='gallery-item'>\n\t\t\t<dt class='gallery-icon landscape'>\n\t\t\t\t<a href='https:\/\/www.danubiushotels.com\/hu\/mozaik\/wp-content\/uploads\/2025\/08\/Medium-DH_Buk_szauna_felontes-002-1-1.jpg'><img loading=\"lazy\" decoding=\"async\" width=\"1024\" height=\"683\" src=\"https:\/\/www.danubiushotels.com\/hu\/mozaik\/wp-content\/uploads\/2025\/08\/Medium-DH_Buk_szauna_felontes-002-1-1-1024x683.jpg\" class=\"attachment-large size-large\" alt=\"\" srcset=\"https:\/\/www.danubiushotels.com\/hu\/mozaik\/wp-content\/uploads\/2025\/08\/Medium-DH_Buk_szauna_felontes-002-1-1-1024x683.jpg 1024w, https:\/\/www.danubiushotels.com\/hu\/mozaik\/wp-content\/uploads\/2025\/08\/Medium-DH_Buk_szauna_felontes-002-1-1-980x653.jpg 980w, https:\/\/www.danubiushotels.com\/hu\/mozaik\/wp-content\/uploads\/2025\/08\/Medium-DH_Buk_szauna_felontes-002-1-1-480x320.jpg 480w\" sizes=\"(min-width: 0px) and (max-width: 480px) 480px, (min-width: 481px) and (max-width: 980px) 980px, (min-width: 981px) 1024px, 100vw\" \/><\/a>\n\t\t\t<\/dt><\/dl><dl class='gallery-item'>\n\t\t\t<dt class='gallery-icon landscape'>\n\t\t\t\t<a href='https:\/\/www.danubiushotels.com\/hu\/mozaik\/wp-content\/uploads\/2025\/08\/Medium-dh_buk_szaunavilag-1.jpg'><img loading=\"lazy\" decoding=\"async\" width=\"1024\" height=\"681\" src=\"https:\/\/www.danubiushotels.com\/hu\/mozaik\/wp-content\/uploads\/2025\/08\/Medium-dh_buk_szaunavilag-1-1024x681.jpg\" class=\"attachment-large size-large\" alt=\"\" srcset=\"https:\/\/www.danubiushotels.com\/hu\/mozaik\/wp-content\/uploads\/2025\/08\/Medium-dh_buk_szaunavilag-1-1024x681.jpg 1024w, https:\/\/www.danubiushotels.com\/hu\/mozaik\/wp-content\/uploads\/2025\/08\/Medium-dh_buk_szaunavilag-1-980x652.jpg 980w, https:\/\/www.danubiushotels.com\/hu\/mozaik\/wp-content\/uploads\/2025\/08\/Medium-dh_buk_szaunavilag-1-480x319.jpg 480w\" sizes=\"(min-width: 0px) and (max-width: 480px) 480px, (min-width: 481px) and (max-width: 980px) 980px, (min-width: 981px) 1024px, 100vw\" \/><\/a>\n\t\t\t<\/dt><\/dl><br style=\"clear: both\" \/>\n\t\t<\/div>\n\n<p><span data-contrast=\"auto\">A Danubius Hotel B\u00fck sz\u00e1llod\u00e1ban tapasztalt szem\u00e9lyzet seg\u00edti a csapatok felk\u00e9sz\u00fcl\u00e9s\u00e9t: ig\u00e9ny szerint biztos\u00edtanak k\u00fcl\u00f6n\u00e1ll\u00f3 \u00e1gyakkal berendezett szob\u00e1kat, 0\u201324 \u00f3r\u00e1s fitnesztermet, sportos \u00e9trendet \u00e9s ak\u00e1r k\u00fcl\u00f6ntermet taktikai megbesz\u00e9l\u00e9sekhez vagy tr\u00e9ningekhez. \u00cdgy a felk\u00e9sz\u00fcl\u00e9s \u00e9s a regener\u00e1ci\u00f3 minden ig\u00e9nyhez rugalmasan alak\u00edthat\u00f3.<\/span><span data-ccp-props=\"{&quot;134233117&quot;:false,&quot;134233118&quot;:false,&quot;335559738&quot;:240,&quot;335559739&quot;:240}\">\u00a0<\/span><\/p>\n<p style=\"text-align: center;\"><a href='https:\/\/www.danubiushotels.com\/hu\/szallodak-bukfurdo\/danubius-hotel-buk\/rendezveny' class='small-button smalllightblue' target=\"_blank\">Rendezv\u00e9nyt foglalok<\/a><\/p>\n<p><span data-contrast=\"auto\">A gy\u0151ri <a href=\"https:\/\/www.danubiushotels.com\/hu\/szallodak-gyor\/hotel-raba\" target=\"_blank\" rel=\"noopener\"><strong>Danubius Hotel R\u00e1ba<\/strong><\/a> pedig pr\u00e9mium szob\u00e1ival, kiv\u00e1l\u00f3 elhelyezked\u00e9s\u00e9vel \u00e9s j\u00f3l felszerelt konferenciatermeivel biztos\u00edt k\u00e9nyelmes b\u00e1zist tr\u00e9ningekhez, \u00fczleti tal\u00e1lkoz\u00f3khoz vagy v\u00e1rosi csapat\u00e9p\u00edt\u0151 programokhoz. A t\u00f6rt\u00e9nelmi hangulat\u00fa <strong><a href=\"https:\/\/belgagyor.hu\/\" target=\"_blank\" rel=\"noopener\">Belga \u00c9tterem<\/a><\/strong> pedig egy hossz\u00fa nap m\u00e9lt\u00f3 lez\u00e1r\u00e1s\u00e1ra k\u00edn\u00e1l kulin\u00e1ris \u00e9lm\u00e9nyeket.<\/span><\/p>\n<p style=\"text-align: center;\"><a href='https:\/\/www.danubiushotels.com\/hu\/szallodak-gyor\/hotel-raba\/rendezveny\/vidam-csapatepito-lehetosegek-gyorben' class='small-button smalllightblue' target=\"_blank\">Izgalmas csapat\u00e9p\u00edt\u0151 programok<\/a><\/p>\n<p><a href=\"https:\/\/www.danubiushotels.com\/hu\/mozaik\/wp-content\/uploads\/2025\/08\/Medium-dh_raba_Superior_Plus_ketagyas_double_SP2P_4-3.jpg\"><img loading=\"lazy\" decoding=\"async\" class=\"aligncenter size-large wp-image-13291\" src=\"https:\/\/www.danubiushotels.com\/hu\/mozaik\/wp-content\/uploads\/2025\/08\/Medium-dh_raba_Superior_Plus_ketagyas_double_SP2P_4-3-1024x683.jpg\" alt=\"\" width=\"1024\" height=\"683\" srcset=\"https:\/\/www.danubiushotels.com\/hu\/mozaik\/wp-content\/uploads\/2025\/08\/Medium-dh_raba_Superior_Plus_ketagyas_double_SP2P_4-3-1024x683.jpg 1024w, https:\/\/www.danubiushotels.com\/hu\/mozaik\/wp-content\/uploads\/2025\/08\/Medium-dh_raba_Superior_Plus_ketagyas_double_SP2P_4-3-980x653.jpg 980w, https:\/\/www.danubiushotels.com\/hu\/mozaik\/wp-content\/uploads\/2025\/08\/Medium-dh_raba_Superior_Plus_ketagyas_double_SP2P_4-3-480x320.jpg 480w\" sizes=\"(min-width: 0px) and (max-width: 480px) 480px, (min-width: 481px) and (max-width: 980px) 980px, (min-width: 981px) 1024px, 100vw\" \/><\/a><\/p>\n","protected":false},"excerpt":{"rendered":"<p>Nyugat-Magyarorsz\u00e1g k\u00e9t ikonikus sz\u00e1llod\u00e1ja, a Danubius Hotel B\u00fck \u00e9s a Danubius Hotel R\u00e1ba id\u00e9n \u0151sszel is t\u00f6k\u00e9letes v\u00e1laszt\u00e1s akt\u00edv c\u00e9ges programokhoz \u00e9s felk\u00e9sz\u00fcl\u00e9sekhez. Danubius Hotel B\u00fck sz\u00e1llod\u00e1nkban\u00a0id\u00e9n ny\u00e1r elej\u00e9n meg\u00fajult lobby \u00e9s Lobby b\u00e1r harmonikusan illeszkedik a kor\u00e1bban fel\u00faj\u00edtott szob\u00e1k hangulat\u00e1hoz, m\u00edg a parkos\u00edtott k\u00f6rnyezet \u00e9s az akt\u00edv csapat\u00e9p\u00edt\u0151 programok \u2013 mobil szabadul\u00f3szob\u00e1t\u00f3l a l\u00e9zerharcig [&hellip;]<\/p>\n","protected":false},"author":15,"featured_media":13295,"comment_status":"closed","ping_status":"open","sticky":false,"template":"","format":"standard","meta":{"_acf_changed":false,"_et_pb_use_builder":"","_et_pb_old_content":"","_et_gb_content_width":"","inline_featured_image":false,"footnotes":""},"categories":[1178,4,1175],"tags":[],"class_list":["post-13280","post","type-post","status-publish","format-standard","has-post-thumbnail","hentry","category-csapatepites","category-hirek","category-szallodavilag"],"acf":[],"yoast_head":"<!-- This site is optimized with the Yoast SEO plugin v27.4 - https:\/\/yoast.com\/product\/yoast-seo-wordpress\/ -->\n<title>Akt\u00edv kikapcsol\u00f3d\u00e1s \u00e9s csapat\u00e9p\u00edt\u00e9s B\u00fck\u00f6n \u00e9s Gy\u0151rben - Danubius Mozaik<\/title>\n<meta name=\"robots\" content=\"noindex, follow, max-snippet:-1, max-image-preview:large, max-video-preview:-1\" \/>\n<meta property=\"og:locale\" content=\"hu_HU\" \/>\n<meta property=\"og:type\" content=\"article\" \/>\n<meta property=\"og:title\" content=\"Akt\u00edv kikapcsol\u00f3d\u00e1s \u00e9s csapat\u00e9p\u00edt\u00e9s B\u00fck\u00f6n \u00e9s Gy\u0151rben - Danubius Mozaik\" \/>\n<meta property=\"og:description\" content=\"Nyugat-Magyarorsz\u00e1g k\u00e9t ikonikus sz\u00e1llod\u00e1ja, a Danubius Hotel B\u00fck \u00e9s a Danubius Hotel R\u00e1ba id\u00e9n \u0151sszel is t\u00f6k\u00e9letes v\u00e1laszt\u00e1s akt\u00edv c\u00e9ges programokhoz \u00e9s felk\u00e9sz\u00fcl\u00e9sekhez. Danubius Hotel B\u00fck sz\u00e1llod\u00e1nkban\u00a0id\u00e9n ny\u00e1r elej\u00e9n meg\u00fajult lobby \u00e9s Lobby b\u00e1r harmonikusan illeszkedik a kor\u00e1bban fel\u00faj\u00edtott szob\u00e1k hangulat\u00e1hoz, m\u00edg a parkos\u00edtott k\u00f6rnyezet \u00e9s az akt\u00edv csapat\u00e9p\u00edt\u0151 programok \u2013 mobil szabadul\u00f3szob\u00e1t\u00f3l a l\u00e9zerharcig [&hellip;]\" \/>\n<meta property=\"og:url\" content=\"https:\/\/www.danubiushotels.com\/hu\/mozaik\/aktiv-kikapcsolodas-es-csapatepites-bukon-es-gyorben\" \/>\n<meta property=\"og:site_name\" content=\"Danubius Mozaik\" \/>\n<meta property=\"article:published_time\" content=\"2025-08-29T12:05:23+00:00\" \/>\n<meta property=\"article:modified_time\" content=\"2025-09-02T08:37:26+00:00\" \/>\n<meta property=\"og:image\" content=\"https:\/\/www.danubiushotels.com\/hu\/mozaik\/wp-content\/uploads\/2025\/08\/csapatepito.jpg\" \/>\n\t<meta property=\"og:image:width\" content=\"1200\" \/>\n\t<meta property=\"og:image:height\" content=\"801\" \/>\n\t<meta property=\"og:image:type\" content=\"image\/jpeg\" \/>\n<meta name=\"author\" content=\"Pencz Dorottya\" \/>\n<meta name=\"twitter:card\" content=\"summary_large_image\" \/>\n<meta name=\"twitter:label1\" content=\"Szerz\u0151:\" \/>\n\t<meta name=\"twitter:data1\" content=\"Pencz Dorottya\" \/>\n\t<meta name=\"twitter:label2\" content=\"Becs\u00fclt olvas\u00e1si id\u0151\" \/>\n\t<meta name=\"twitter:data2\" content=\"2 perc\" \/>\n<script type=\"application\/ld+json\" class=\"yoast-schema-graph\">{\"@context\":\"https:\\\/\\\/schema.org\",\"@graph\":[{\"@type\":\"Article\",\"@id\":\"https:\\\/\\\/www.danubiushotels.com\\\/hu\\\/mozaik\\\/aktiv-kikapcsolodas-es-csapatepites-bukon-es-gyorben#article\",\"isPartOf\":{\"@id\":\"https:\\\/\\\/www.danubiushotels.com\\\/hu\\\/mozaik\\\/aktiv-kikapcsolodas-es-csapatepites-bukon-es-gyorben\"},\"author\":{\"name\":\"Pencz Dorottya\",\"@id\":\"https:\\\/\\\/www.danubiushotels.com\\\/hu\\\/mozaik\\\/#\\\/schema\\\/person\\\/14b0b0c2ea10c762d30500b64e1d685d\"},\"headline\":\"Akt\u00edv kikapcsol\u00f3d\u00e1s \u00e9s csapat\u00e9p\u00edt\u00e9s B\u00fck\u00f6n \u00e9s Gy\u0151rben\",\"datePublished\":\"2025-08-29T12:05:23+00:00\",\"dateModified\":\"2025-09-02T08:37:26+00:00\",\"mainEntityOfPage\":{\"@id\":\"https:\\\/\\\/www.danubiushotels.com\\\/hu\\\/mozaik\\\/aktiv-kikapcsolodas-es-csapatepites-bukon-es-gyorben\"},\"wordCount\":365,\"image\":{\"@id\":\"https:\\\/\\\/www.danubiushotels.com\\\/hu\\\/mozaik\\\/aktiv-kikapcsolodas-es-csapatepites-bukon-es-gyorben#primaryimage\"},\"thumbnailUrl\":\"https:\\\/\\\/www.danubiushotels.com\\\/hu\\\/mozaik\\\/wp-content\\\/uploads\\\/2025\\\/08\\\/csapatepito.jpg\",\"articleSection\":[\"Csapat\u00e9p\u00edt\u00e9s\",\"H\u00edrek\",\"Sz\u00e1llodavil\u00e1g\"],\"inLanguage\":\"hu\"},{\"@type\":\"WebPage\",\"@id\":\"https:\\\/\\\/www.danubiushotels.com\\\/hu\\\/mozaik\\\/aktiv-kikapcsolodas-es-csapatepites-bukon-es-gyorben\",\"url\":\"https:\\\/\\\/www.danubiushotels.com\\\/hu\\\/mozaik\\\/aktiv-kikapcsolodas-es-csapatepites-bukon-es-gyorben\",\"name\":\"Akt\u00edv kikapcsol\u00f3d\u00e1s \u00e9s csapat\u00e9p\u00edt\u00e9s B\u00fck\u00f6n \u00e9s Gy\u0151rben - Danubius Mozaik\",\"isPartOf\":{\"@id\":\"https:\\\/\\\/www.danubiushotels.com\\\/hu\\\/mozaik\\\/#website\"},\"primaryImageOfPage\":{\"@id\":\"https:\\\/\\\/www.danubiushotels.com\\\/hu\\\/mozaik\\\/aktiv-kikapcsolodas-es-csapatepites-bukon-es-gyorben#primaryimage\"},\"image\":{\"@id\":\"https:\\\/\\\/www.danubiushotels.com\\\/hu\\\/mozaik\\\/aktiv-kikapcsolodas-es-csapatepites-bukon-es-gyorben#primaryimage\"},\"thumbnailUrl\":\"https:\\\/\\\/www.danubiushotels.com\\\/hu\\\/mozaik\\\/wp-content\\\/uploads\\\/2025\\\/08\\\/csapatepito.jpg\",\"datePublished\":\"2025-08-29T12:05:23+00:00\",\"dateModified\":\"2025-09-02T08:37:26+00:00\",\"author\":{\"@id\":\"https:\\\/\\\/www.danubiushotels.com\\\/hu\\\/mozaik\\\/#\\\/schema\\\/person\\\/14b0b0c2ea10c762d30500b64e1d685d\"},\"breadcrumb\":{\"@id\":\"https:\\\/\\\/www.danubiushotels.com\\\/hu\\\/mozaik\\\/aktiv-kikapcsolodas-es-csapatepites-bukon-es-gyorben#breadcrumb\"},\"inLanguage\":\"hu\",\"potentialAction\":[{\"@type\":\"ReadAction\",\"target\":[\"https:\\\/\\\/www.danubiushotels.com\\\/hu\\\/mozaik\\\/aktiv-kikapcsolodas-es-csapatepites-bukon-es-gyorben\"]}]},{\"@type\":\"ImageObject\",\"inLanguage\":\"hu\",\"@id\":\"https:\\\/\\\/www.danubiushotels.com\\\/hu\\\/mozaik\\\/aktiv-kikapcsolodas-es-csapatepites-bukon-es-gyorben#primaryimage\",\"url\":\"https:\\\/\\\/www.danubiushotels.com\\\/hu\\\/mozaik\\\/wp-content\\\/uploads\\\/2025\\\/08\\\/csapatepito.jpg\",\"contentUrl\":\"https:\\\/\\\/www.danubiushotels.com\\\/hu\\\/mozaik\\\/wp-content\\\/uploads\\\/2025\\\/08\\\/csapatepito.jpg\",\"width\":1200,\"height\":801,\"caption\":\"Winners create winning teams. a group of colleagues joining hands in solidarity outdoors\"},{\"@type\":\"BreadcrumbList\",\"@id\":\"https:\\\/\\\/www.danubiushotels.com\\\/hu\\\/mozaik\\\/aktiv-kikapcsolodas-es-csapatepites-bukon-es-gyorben#breadcrumb\",\"itemListElement\":[{\"@type\":\"ListItem\",\"position\":1,\"name\":\"Home\",\"item\":\"https:\\\/\\\/www.danubiushotels.com\\\/hu\\\/mozaik\\\/\"},{\"@type\":\"ListItem\",\"position\":2,\"name\":\"Akt\u00edv kikapcsol\u00f3d\u00e1s \u00e9s csapat\u00e9p\u00edt\u00e9s B\u00fck\u00f6n \u00e9s Gy\u0151rben\"}]},{\"@type\":\"WebSite\",\"@id\":\"https:\\\/\\\/www.danubiushotels.com\\\/hu\\\/mozaik\\\/#website\",\"url\":\"https:\\\/\\\/www.danubiushotels.com\\\/hu\\\/mozaik\\\/\",\"name\":\"Danubius Mozaik\",\"description\":\"Mindig van alkalom a pihen\u00e9sre...\",\"potentialAction\":[{\"@type\":\"SearchAction\",\"target\":{\"@type\":\"EntryPoint\",\"urlTemplate\":\"https:\\\/\\\/www.danubiushotels.com\\\/hu\\\/mozaik\\\/?s={search_term_string}\"},\"query-input\":{\"@type\":\"PropertyValueSpecification\",\"valueRequired\":true,\"valueName\":\"search_term_string\"}}],\"inLanguage\":\"hu\"},{\"@type\":\"Person\",\"@id\":\"https:\\\/\\\/www.danubiushotels.com\\\/hu\\\/mozaik\\\/#\\\/schema\\\/person\\\/14b0b0c2ea10c762d30500b64e1d685d\",\"name\":\"Pencz Dorottya\",\"image\":{\"@type\":\"ImageObject\",\"inLanguage\":\"hu\",\"@id\":\"https:\\\/\\\/secure.gravatar.com\\\/avatar\\\/4f8d852ffd557188675000c0865dc845f775386e26ee67bd8041eb3d017638fc?s=96&d=mm&r=g\",\"url\":\"https:\\\/\\\/secure.gravatar.com\\\/avatar\\\/4f8d852ffd557188675000c0865dc845f775386e26ee67bd8041eb3d017638fc?s=96&d=mm&r=g\",\"contentUrl\":\"https:\\\/\\\/secure.gravatar.com\\\/avatar\\\/4f8d852ffd557188675000c0865dc845f775386e26ee67bd8041eb3d017638fc?s=96&d=mm&r=g\",\"caption\":\"Pencz Dorottya\"},\"url\":\"https:\\\/\\\/www.danubiushotels.com\\\/hu\\\/mozaik\\\/author\\\/dorottyapencz\"}]}<\/script>\n<!-- \/ Yoast SEO plugin. -->","yoast_head_json":{"title":"Akt\u00edv kikapcsol\u00f3d\u00e1s \u00e9s csapat\u00e9p\u00edt\u00e9s B\u00fck\u00f6n \u00e9s Gy\u0151rben - Danubius Mozaik","robots":{"index":"noindex","follow":"follow","max-snippet":"max-snippet:-1","max-image-preview":"max-image-preview:large","max-video-preview":"max-video-preview:-1"},"og_locale":"hu_HU","og_type":"article","og_title":"Akt\u00edv kikapcsol\u00f3d\u00e1s \u00e9s csapat\u00e9p\u00edt\u00e9s B\u00fck\u00f6n \u00e9s Gy\u0151rben - Danubius Mozaik","og_description":"Nyugat-Magyarorsz\u00e1g k\u00e9t ikonikus sz\u00e1llod\u00e1ja, a Danubius Hotel B\u00fck \u00e9s a Danubius Hotel R\u00e1ba id\u00e9n \u0151sszel is t\u00f6k\u00e9letes v\u00e1laszt\u00e1s akt\u00edv c\u00e9ges programokhoz \u00e9s felk\u00e9sz\u00fcl\u00e9sekhez. Danubius Hotel B\u00fck sz\u00e1llod\u00e1nkban\u00a0id\u00e9n ny\u00e1r elej\u00e9n meg\u00fajult lobby \u00e9s Lobby b\u00e1r harmonikusan illeszkedik a kor\u00e1bban fel\u00faj\u00edtott szob\u00e1k hangulat\u00e1hoz, m\u00edg a parkos\u00edtott k\u00f6rnyezet \u00e9s az akt\u00edv csapat\u00e9p\u00edt\u0151 programok \u2013 mobil szabadul\u00f3szob\u00e1t\u00f3l a l\u00e9zerharcig [&hellip;]","og_url":"https:\/\/www.danubiushotels.com\/hu\/mozaik\/aktiv-kikapcsolodas-es-csapatepites-bukon-es-gyorben","og_site_name":"Danubius Mozaik","article_published_time":"2025-08-29T12:05:23+00:00","article_modified_time":"2025-09-02T08:37:26+00:00","og_image":[{"width":1200,"height":801,"url":"https:\/\/www.danubiushotels.com\/hu\/mozaik\/wp-content\/uploads\/2025\/08\/csapatepito.jpg","type":"image\/jpeg"}],"author":"Pencz Dorottya","twitter_card":"summary_large_image","twitter_misc":{"Szerz\u0151:":"Pencz Dorottya","Becs\u00fclt olvas\u00e1si id\u0151":"2 perc"},"schema":{"@context":"https:\/\/schema.org","@graph":[{"@type":"Article","@id":"https:\/\/www.danubiushotels.com\/hu\/mozaik\/aktiv-kikapcsolodas-es-csapatepites-bukon-es-gyorben#article","isPartOf":{"@id":"https:\/\/www.danubiushotels.com\/hu\/mozaik\/aktiv-kikapcsolodas-es-csapatepites-bukon-es-gyorben"},"author":{"name":"Pencz Dorottya","@id":"https:\/\/www.danubiushotels.com\/hu\/mozaik\/#\/schema\/person\/14b0b0c2ea10c762d30500b64e1d685d"},"headline":"Akt\u00edv kikapcsol\u00f3d\u00e1s \u00e9s csapat\u00e9p\u00edt\u00e9s B\u00fck\u00f6n \u00e9s Gy\u0151rben","datePublished":"2025-08-29T12:05:23+00:00","dateModified":"2025-09-02T08:37:26+00:00","mainEntityOfPage":{"@id":"https:\/\/www.danubiushotels.com\/hu\/mozaik\/aktiv-kikapcsolodas-es-csapatepites-bukon-es-gyorben"},"wordCount":365,"image":{"@id":"https:\/\/www.danubiushotels.com\/hu\/mozaik\/aktiv-kikapcsolodas-es-csapatepites-bukon-es-gyorben#primaryimage"},"thumbnailUrl":"https:\/\/www.danubiushotels.com\/hu\/mozaik\/wp-content\/uploads\/2025\/08\/csapatepito.jpg","articleSection":["Csapat\u00e9p\u00edt\u00e9s","H\u00edrek","Sz\u00e1llodavil\u00e1g"],"inLanguage":"hu"},{"@type":"WebPage","@id":"https:\/\/www.danubiushotels.com\/hu\/mozaik\/aktiv-kikapcsolodas-es-csapatepites-bukon-es-gyorben","url":"https:\/\/www.danubiushotels.com\/hu\/mozaik\/aktiv-kikapcsolodas-es-csapatepites-bukon-es-gyorben","name":"Akt\u00edv kikapcsol\u00f3d\u00e1s \u00e9s csapat\u00e9p\u00edt\u00e9s B\u00fck\u00f6n \u00e9s Gy\u0151rben - Danubius Mozaik","isPartOf":{"@id":"https:\/\/www.danubiushotels.com\/hu\/mozaik\/#website"},"primaryImageOfPage":{"@id":"https:\/\/www.danubiushotels.com\/hu\/mozaik\/aktiv-kikapcsolodas-es-csapatepites-bukon-es-gyorben#primaryimage"},"image":{"@id":"https:\/\/www.danubiushotels.com\/hu\/mozaik\/aktiv-kikapcsolodas-es-csapatepites-bukon-es-gyorben#primaryimage"},"thumbnailUrl":"https:\/\/www.danubiushotels.com\/hu\/mozaik\/wp-content\/uploads\/2025\/08\/csapatepito.jpg","datePublished":"2025-08-29T12:05:23+00:00","dateModified":"2025-09-02T08:37:26+00:00","author":{"@id":"https:\/\/www.danubiushotels.com\/hu\/mozaik\/#\/schema\/person\/14b0b0c2ea10c762d30500b64e1d685d"},"breadcrumb":{"@id":"https:\/\/www.danubiushotels.com\/hu\/mozaik\/aktiv-kikapcsolodas-es-csapatepites-bukon-es-gyorben#breadcrumb"},"inLanguage":"hu","potentialAction":[{"@type":"ReadAction","target":["https:\/\/www.danubiushotels.com\/hu\/mozaik\/aktiv-kikapcsolodas-es-csapatepites-bukon-es-gyorben"]}]},{"@type":"ImageObject","inLanguage":"hu","@id":"https:\/\/www.danubiushotels.com\/hu\/mozaik\/aktiv-kikapcsolodas-es-csapatepites-bukon-es-gyorben#primaryimage","url":"https:\/\/www.danubiushotels.com\/hu\/mozaik\/wp-content\/uploads\/2025\/08\/csapatepito.jpg","contentUrl":"https:\/\/www.danubiushotels.com\/hu\/mozaik\/wp-content\/uploads\/2025\/08\/csapatepito.jpg","width":1200,"height":801,"caption":"Winners create winning teams. a group of colleagues joining hands in solidarity outdoors"},{"@type":"BreadcrumbList","@id":"https:\/\/www.danubiushotels.com\/hu\/mozaik\/aktiv-kikapcsolodas-es-csapatepites-bukon-es-gyorben#breadcrumb","itemListElement":[{"@type":"ListItem","position":1,"name":"Home","item":"https:\/\/www.danubiushotels.com\/hu\/mozaik\/"},{"@type":"ListItem","position":2,"name":"Akt\u00edv kikapcsol\u00f3d\u00e1s \u00e9s csapat\u00e9p\u00edt\u00e9s B\u00fck\u00f6n \u00e9s Gy\u0151rben"}]},{"@type":"WebSite","@id":"https:\/\/www.danubiushotels.com\/hu\/mozaik\/#website","url":"https:\/\/www.danubiushotels.com\/hu\/mozaik\/","name":"Danubius Mozaik","description":"Mindig van alkalom a pihen\u00e9sre...","potentialAction":[{"@type":"SearchAction","target":{"@type":"EntryPoint","urlTemplate":"https:\/\/www.danubiushotels.com\/hu\/mozaik\/?s={search_term_string}"},"query-input":{"@type":"PropertyValueSpecification","valueRequired":true,"valueName":"search_term_string"}}],"inLanguage":"hu"},{"@type":"Person","@id":"https:\/\/www.danubiushotels.com\/hu\/mozaik\/#\/schema\/person\/14b0b0c2ea10c762d30500b64e1d685d","name":"Pencz Dorottya","image":{"@type":"ImageObject","inLanguage":"hu","@id":"https:\/\/secure.gravatar.com\/avatar\/4f8d852ffd557188675000c0865dc845f775386e26ee67bd8041eb3d017638fc?s=96&d=mm&r=g","url":"https:\/\/secure.gravatar.com\/avatar\/4f8d852ffd557188675000c0865dc845f775386e26ee67bd8041eb3d017638fc?s=96&d=mm&r=g","contentUrl":"https:\/\/secure.gravatar.com\/avatar\/4f8d852ffd557188675000c0865dc845f775386e26ee67bd8041eb3d017638fc?s=96&d=mm&r=g","caption":"Pencz Dorottya"},"url":"https:\/\/www.danubiushotels.com\/hu\/mozaik\/author\/dorottyapencz"}]}},"_links":{"self":[{"href":"https:\/\/www.danubiushotels.com\/hu\/mozaik\/wp-json\/wp\/v2\/posts\/13280","targetHints":{"allow":["GET"]}}],"collection":[{"href":"https:\/\/www.danubiushotels.com\/hu\/mozaik\/wp-json\/wp\/v2\/posts"}],"about":[{"href":"https:\/\/www.danubiushotels.com\/hu\/mozaik\/wp-json\/wp\/v2\/types\/post"}],"author":[{"embeddable":true,"href":"https:\/\/www.danubiushotels.com\/hu\/mozaik\/wp-json\/wp\/v2\/users\/15"}],"replies":[{"embeddable":true,"href":"https:\/\/www.danubiushotels.com\/hu\/mozaik\/wp-json\/wp\/v2\/comments?post=13280"}],"version-history":[{"count":4,"href":"https:\/\/www.danubiushotels.com\/hu\/mozaik\/wp-json\/wp\/v2\/posts\/13280\/revisions"}],"predecessor-version":[{"id":13294,"href":"https:\/\/www.danubiushotels.com\/hu\/mozaik\/wp-json\/wp\/v2\/posts\/13280\/revisions\/13294"}],"wp:featuredmedia":[{"embeddable":true,"href":"https:\/\/www.danubiushotels.com\/hu\/mozaik\/wp-json\/wp\/v2\/media\/13295"}],"wp:attachment":[{"href":"https:\/\/www.danubiushotels.com\/hu\/mozaik\/wp-json\/wp\/v2\/media?parent=13280"}],"wp:term":[{"taxonomy":"category","embeddable":true,"href":"https:\/\/www.danubiushotels.com\/hu\/mozaik\/wp-json\/wp\/v2\/categories?post=13280"},{"taxonomy":"post_tag","embeddable":true,"href":"https:\/\/www.danubiushotels.com\/hu\/mozaik\/wp-json\/wp\/v2\/tags?post=13280"}],"curies":[{"name":"wp","href":"https:\/\/api.w.org\/{rel}","templated":true}]}}