{"id":13299,"date":"2025-09-01T16:18:49","date_gmt":"2025-09-01T14:18:49","guid":{"rendered":"https:\/\/www.danubiushotels.com\/hu\/mozaik\/?p=13299"},"modified":"2025-09-01T16:30:57","modified_gmt":"2025-09-01T14:30:57","slug":"uj-terek-es-gasztronomiai-elmenyek-budapesten","status":"publish","type":"post","link":"https:\/\/www.danubiushotels.com\/hu\/mozaik\/uj-terek-es-gasztronomiai-elmenyek-budapesten","title":{"rendered":"\u00daj terek \u00e9s gasztron\u00f3miai \u00e9lm\u00e9nyek Budapesten\u00a0"},"content":{"rendered":"<p><span data-contrast=\"auto\">A f\u0151v\u00e1rosi Danubius Hotels sz\u00e1llod\u00e1k \u0151sszel is \u00faj arcukat mutatj\u00e1k: eleg\u00e1ns helysz\u00ednek, meg\u00fajult terek \u00e9s k\u00fcl\u00f6nleges gasztron\u00f3miai k\u00edn\u00e1lat v\u00e1rja a c\u00e9ges vend\u00e9geket.<\/span><\/p>\n<p><span data-contrast=\"auto\">A <a href=\"https:\/\/www.danubiushotels.com\/hu\/szallodak-budapest\/hotel-hungaria-city-center\"><strong>Danubius Hotel Hungaria<\/strong><\/a> id\u00e9n tavasszal<strong> 170 fel\u00faj\u00edtott szob\u00e1val<\/strong> \u00e9s <strong>korszer\u0171s\u00edtett rendezv\u00e9nyterekkel gazdagodott<\/strong><\/span>. A fel\u00faj\u00edt\u00e1s sor\u00e1n a design letisztult, vil\u00e1gos sz\u00ednvil\u00e1ga \u00e9s funkcion\u00e1lis megold\u00e1sai harmonikusan illeszkednek a sz\u00e1lloda mindig pezsg\u0151, urb\u00e1nus vibe-j\u00e1hoz.<\/p>\n\n\t\t<style type=\"text\/css\">\n\t\t\t#gallery-1 {\n\t\t\t\tmargin: auto;\n\t\t\t}\n\t\t\t#gallery-1 .gallery-item {\n\t\t\t\tfloat: left;\n\t\t\t\tmargin-top: 10px;\n\t\t\t\ttext-align: center;\n\t\t\t\twidth: 50%;\n\t\t\t}\n\t\t\t#gallery-1 img {\n\t\t\t\tborder: 2px solid #cfcfcf;\n\t\t\t}\n\t\t\t#gallery-1 .gallery-caption {\n\t\t\t\tmargin-left: 0;\n\t\t\t}\n\t\t\t\/* see gallery_shortcode() in wp-includes\/media.php *\/\n\t\t<\/style>\n\t\t<div id='gallery-1' class='gallery galleryid-13299 gallery-columns-2 gallery-size-large'><dl class='gallery-item'>\n\t\t\t<dt class='gallery-icon landscape'>\n\t\t\t\t<a href='https:\/\/www.danubiushotels.com\/hu\/mozaik\/wp-content\/uploads\/2025\/09\/Medium-dh_hungaria_lobby-1.jpg'><img loading=\"lazy\" decoding=\"async\" width=\"1024\" height=\"683\" src=\"https:\/\/www.danubiushotels.com\/hu\/mozaik\/wp-content\/uploads\/2025\/09\/Medium-dh_hungaria_lobby-1-1024x683.jpg\" class=\"attachment-large size-large\" alt=\"\" srcset=\"https:\/\/www.danubiushotels.com\/hu\/mozaik\/wp-content\/uploads\/2025\/09\/Medium-dh_hungaria_lobby-1-1024x683.jpg 1024w, https:\/\/www.danubiushotels.com\/hu\/mozaik\/wp-content\/uploads\/2025\/09\/Medium-dh_hungaria_lobby-1-980x653.jpg 980w, https:\/\/www.danubiushotels.com\/hu\/mozaik\/wp-content\/uploads\/2025\/09\/Medium-dh_hungaria_lobby-1-480x320.jpg 480w\" sizes=\"(min-width: 0px) and (max-width: 480px) 480px, (min-width: 481px) and (max-width: 980px) 980px, (min-width: 981px) 1024px, 100vw\" \/><\/a>\n\t\t\t<\/dt><\/dl><dl class='gallery-item'>\n\t\t\t<dt class='gallery-icon landscape'>\n\t\t\t\t<a href='https:\/\/www.danubiushotels.com\/hu\/mozaik\/wp-content\/uploads\/2025\/09\/Medium-Hungaria_2025-018.jpg'><img loading=\"lazy\" decoding=\"async\" width=\"1024\" height=\"683\" src=\"https:\/\/www.danubiushotels.com\/hu\/mozaik\/wp-content\/uploads\/2025\/09\/Medium-Hungaria_2025-018-1024x683.jpg\" class=\"attachment-large size-large\" alt=\"\" srcset=\"https:\/\/www.danubiushotels.com\/hu\/mozaik\/wp-content\/uploads\/2025\/09\/Medium-Hungaria_2025-018-1024x683.jpg 1024w, https:\/\/www.danubiushotels.com\/hu\/mozaik\/wp-content\/uploads\/2025\/09\/Medium-Hungaria_2025-018-980x653.jpg 980w, https:\/\/www.danubiushotels.com\/hu\/mozaik\/wp-content\/uploads\/2025\/09\/Medium-Hungaria_2025-018-480x320.jpg 480w\" sizes=\"(min-width: 0px) and (max-width: 480px) 480px, (min-width: 481px) and (max-width: 980px) 980px, (min-width: 981px) 1024px, 100vw\" \/><\/a>\n\t\t\t<\/dt><\/dl><br style=\"clear: both\" \/>\n\t\t<\/div>\n\n<p><span data-contrast=\"auto\">A moderniz\u00e1lt<strong> Budapest \u00e9s Wien termek, a Conference I\u2013III. szekci\u00f3<\/strong> \u00e9s az eleg\u00e1ns el\u0151terek a kisebb \u00fczleti megbesz\u00e9l\u00e9sekt\u0151l a t\u00f6bb sz\u00e1z f\u0151s g\u00e1lavacsor\u00e1kig minden esem\u00e9nynek m\u00e9lt\u00f3 keretet adnak \u00e9s m\u00e9g jobban alkalmazkodik a mai \u00fczleti ig\u00e9nyekhez.<br \/>\n<\/span><\/p>\n<p style=\"text-align: center;\"><a href='https:\/\/www.danubiushotels.com\/hu\/szallodak-budapest\/hotel-hungaria-city-center\/rendezveny' class='small-button smalllightblue' target=\"_blank\">Tov\u00e1bb a rendezv\u00e9nytermekre<\/a><\/p>\n\n\t\t<style type=\"text\/css\">\n\t\t\t#gallery-2 {\n\t\t\t\tmargin: auto;\n\t\t\t}\n\t\t\t#gallery-2 .gallery-item {\n\t\t\t\tfloat: left;\n\t\t\t\tmargin-top: 10px;\n\t\t\t\ttext-align: center;\n\t\t\t\twidth: 50%;\n\t\t\t}\n\t\t\t#gallery-2 img {\n\t\t\t\tborder: 2px solid #cfcfcf;\n\t\t\t}\n\t\t\t#gallery-2 .gallery-caption {\n\t\t\t\tmargin-left: 0;\n\t\t\t}\n\t\t\t\/* see gallery_shortcode() in wp-includes\/media.php *\/\n\t\t<\/style>\n\t\t<div id='gallery-2' class='gallery galleryid-13299 gallery-columns-2 gallery-size-large'><dl class='gallery-item'>\n\t\t\t<dt class='gallery-icon landscape'>\n\t\t\t\t<a href='https:\/\/www.danubiushotels.com\/hu\/mozaik\/wp-content\/uploads\/2025\/09\/buwi_eloter-02.jpg'><img loading=\"lazy\" decoding=\"async\" width=\"1024\" height=\"576\" src=\"https:\/\/www.danubiushotels.com\/hu\/mozaik\/wp-content\/uploads\/2025\/09\/buwi_eloter-02-1024x576.jpg\" class=\"attachment-large size-large\" alt=\"\" srcset=\"https:\/\/www.danubiushotels.com\/hu\/mozaik\/wp-content\/uploads\/2025\/09\/buwi_eloter-02-980x551.jpg 980w, https:\/\/www.danubiushotels.com\/hu\/mozaik\/wp-content\/uploads\/2025\/09\/buwi_eloter-02-480x270.jpg 480w\" sizes=\"(min-width: 0px) and (max-width: 480px) 480px, (min-width: 481px) and (max-width: 980px) 980px, (min-width: 981px) 1024px, 100vw\" \/><\/a>\n\t\t\t<\/dt><\/dl><dl class='gallery-item'>\n\t\t\t<dt class='gallery-icon landscape'>\n\t\t\t\t<a href='https:\/\/www.danubiushotels.com\/hu\/mozaik\/wp-content\/uploads\/2025\/09\/imperial_rendezvenyterem-01.jpg'><img loading=\"lazy\" decoding=\"async\" width=\"1024\" height=\"575\" src=\"https:\/\/www.danubiushotels.com\/hu\/mozaik\/wp-content\/uploads\/2025\/09\/imperial_rendezvenyterem-01-1024x575.jpg\" class=\"attachment-large size-large\" alt=\"\" srcset=\"https:\/\/www.danubiushotels.com\/hu\/mozaik\/wp-content\/uploads\/2025\/09\/imperial_rendezvenyterem-01-980x551.jpg 980w, https:\/\/www.danubiushotels.com\/hu\/mozaik\/wp-content\/uploads\/2025\/09\/imperial_rendezvenyterem-01-480x270.jpg 480w\" sizes=\"(min-width: 0px) and (max-width: 480px) 480px, (min-width: 481px) and (max-width: 980px) 980px, (min-width: 981px) 1024px, 100vw\" \/><\/a>\n\t\t\t<\/dt><\/dl><br style=\"clear: both\" \/>\n\t\t<\/div>\n\n<p>&nbsp;<\/p>\n<p><span data-contrast=\"auto\">A <strong><a href=\"https:\/\/www.danubiushotels.com\/hu\/szallodak-budapest\/danubius-hotel-helia\">Danubius Hotel Helia<\/a><\/strong> nemcsak fel\u00faj\u00edtott szob\u00e1ival, hanem \u00faj \u00edzekkel, egyedi gasztron\u00f3miai \u00e9lm\u00e9nyekkel is v\u00e1rja vend\u00e9geit. A reggeli k\u00edn\u00e1latban helyet kaptak az <strong>\u00e1zsiai \u00edzvil\u00e1g ihlette fog\u00e1sok<\/strong> is, amelyek k\u00fcl\u00f6nleges \u00e9lm\u00e9nyt ny\u00fajtanak a kulin\u00e1ris \u00fajdons\u00e1gokat keres\u0151knek.<\/span><span data-ccp-props=\"{&quot;134233117&quot;:false,&quot;134233118&quot;:false,&quot;335551550&quot;:1,&quot;335551620&quot;:1,&quot;335559738&quot;:240,&quot;335559739&quot;:240}\"><br \/>\n<\/span><\/p>\n\n\t\t<style type=\"text\/css\">\n\t\t\t#gallery-3 {\n\t\t\t\tmargin: auto;\n\t\t\t}\n\t\t\t#gallery-3 .gallery-item {\n\t\t\t\tfloat: left;\n\t\t\t\tmargin-top: 10px;\n\t\t\t\ttext-align: center;\n\t\t\t\twidth: 50%;\n\t\t\t}\n\t\t\t#gallery-3 img {\n\t\t\t\tborder: 2px solid #cfcfcf;\n\t\t\t}\n\t\t\t#gallery-3 .gallery-caption {\n\t\t\t\tmargin-left: 0;\n\t\t\t}\n\t\t\t\/* see gallery_shortcode() in wp-includes\/media.php *\/\n\t\t<\/style>\n\t\t<div id='gallery-3' class='gallery galleryid-13299 gallery-columns-2 gallery-size-large'><dl class='gallery-item'>\n\t\t\t<dt class='gallery-icon landscape'>\n\t\t\t\t<a href='https:\/\/www.danubiushotels.com\/hu\/mozaik\/wp-content\/uploads\/2025\/09\/Medium-Helia_reggeli_2025-042.jpg'><img loading=\"lazy\" decoding=\"async\" width=\"1024\" height=\"683\" src=\"https:\/\/www.danubiushotels.com\/hu\/mozaik\/wp-content\/uploads\/2025\/09\/Medium-Helia_reggeli_2025-042-1024x683.jpg\" class=\"attachment-large size-large\" alt=\"\" srcset=\"https:\/\/www.danubiushotels.com\/hu\/mozaik\/wp-content\/uploads\/2025\/09\/Medium-Helia_reggeli_2025-042-1024x683.jpg 1024w, https:\/\/www.danubiushotels.com\/hu\/mozaik\/wp-content\/uploads\/2025\/09\/Medium-Helia_reggeli_2025-042-980x653.jpg 980w, https:\/\/www.danubiushotels.com\/hu\/mozaik\/wp-content\/uploads\/2025\/09\/Medium-Helia_reggeli_2025-042-480x320.jpg 480w\" sizes=\"(min-width: 0px) and (max-width: 480px) 480px, (min-width: 481px) and (max-width: 980px) 980px, (min-width: 981px) 1024px, 100vw\" \/><\/a>\n\t\t\t<\/dt><\/dl><dl class='gallery-item'>\n\t\t\t<dt class='gallery-icon landscape'>\n\t\t\t\t<a href='https:\/\/www.danubiushotels.com\/hu\/mozaik\/wp-content\/uploads\/2025\/09\/Medium-dh_helia_fb_azsiai_reggeli-42.jpg'><img loading=\"lazy\" decoding=\"async\" width=\"1024\" height=\"683\" src=\"https:\/\/www.danubiushotels.com\/hu\/mozaik\/wp-content\/uploads\/2025\/09\/Medium-dh_helia_fb_azsiai_reggeli-42-1024x683.jpg\" class=\"attachment-large size-large\" alt=\"\" srcset=\"https:\/\/www.danubiushotels.com\/hu\/mozaik\/wp-content\/uploads\/2025\/09\/Medium-dh_helia_fb_azsiai_reggeli-42-1024x683.jpg 1024w, https:\/\/www.danubiushotels.com\/hu\/mozaik\/wp-content\/uploads\/2025\/09\/Medium-dh_helia_fb_azsiai_reggeli-42-980x653.jpg 980w, https:\/\/www.danubiushotels.com\/hu\/mozaik\/wp-content\/uploads\/2025\/09\/Medium-dh_helia_fb_azsiai_reggeli-42-480x320.jpg 480w\" sizes=\"(min-width: 0px) and (max-width: 480px) 480px, (min-width: 481px) and (max-width: 980px) 980px, (min-width: 981px) 1024px, 100vw\" \/><\/a>\n\t\t\t<\/dt><\/dl><br style=\"clear: both\" \/>\n\t\t<\/div>\n\n<p>&nbsp;<\/p>\n<p><span data-contrast=\"auto\">A sz\u00e1lloda Duna-parti terasz\u00e1n pedig<strong> szeptember v\u00e9g\u00e9ig v\u00e1rja a vend\u00e9geket a <a href=\"https:\/\/yellowbistrobar.hu\/\">Yellow Bistro<\/a> hangulatos<\/strong> <strong>Food Truckja<\/strong>, amely laz\u00e1bb hangulat\u00fa eb\u00e9dekhez, k\u00e1v\u00e9sz\u00fcnetekhez vagy ak\u00e1r egy spont\u00e1n d\u00e9lut\u00e1ni tal\u00e1lkoz\u00f3hoz is kiv\u00e1l\u00f3 v\u00e1laszt\u00e1s.\u00a0 A Danubius Hotel Helia ezzel \u00faj sz\u00ednt visz a klasszikus v\u00e1rosi, \u00fczleti sz\u00e1llodai \u00e9lm\u00e9nybe.<\/span><span data-ccp-props=\"{&quot;134233117&quot;:false,&quot;134233118&quot;:false,&quot;335551550&quot;:1,&quot;335551620&quot;:1,&quot;335559738&quot;:240,&quot;335559739&quot;:240}\">\u00a0<\/span><\/p>\n<p><a href=\"https:\/\/www.danubiushotels.com\/hu\/mozaik\/wp-content\/uploads\/2025\/09\/Medium-dh_helia_yellow_foodtruck-19.jpg\"><img loading=\"lazy\" decoding=\"async\" class=\"aligncenter size-large wp-image-13308\" src=\"https:\/\/www.danubiushotels.com\/hu\/mozaik\/wp-content\/uploads\/2025\/09\/Medium-dh_helia_yellow_foodtruck-19-1024x681.jpg\" alt=\"\" width=\"1024\" height=\"681\" srcset=\"https:\/\/www.danubiushotels.com\/hu\/mozaik\/wp-content\/uploads\/2025\/09\/Medium-dh_helia_yellow_foodtruck-19-1024x681.jpg 1024w, https:\/\/www.danubiushotels.com\/hu\/mozaik\/wp-content\/uploads\/2025\/09\/Medium-dh_helia_yellow_foodtruck-19-980x652.jpg 980w, https:\/\/www.danubiushotels.com\/hu\/mozaik\/wp-content\/uploads\/2025\/09\/Medium-dh_helia_yellow_foodtruck-19-480x319.jpg 480w\" sizes=\"(min-width: 0px) and (max-width: 480px) 480px, (min-width: 481px) and (max-width: 980px) 980px, (min-width: 981px) 1024px, 100vw\" \/><\/a><\/p>\n<p><span data-ccp-props=\"{&quot;134233117&quot;:false,&quot;134233118&quot;:false,&quot;335559738&quot;:240,&quot;335559739&quot;:240}\">\u00a0<\/span><\/p>\n","protected":false},"excerpt":{"rendered":"<p>A f\u0151v\u00e1rosi Danubius Hotels sz\u00e1llod\u00e1k \u0151sszel is \u00faj arcukat mutatj\u00e1k: eleg\u00e1ns helysz\u00ednek, meg\u00fajult terek \u00e9s k\u00fcl\u00f6nleges gasztron\u00f3miai k\u00edn\u00e1lat v\u00e1rja a c\u00e9ges vend\u00e9geket. A Danubius Hotel Hungaria id\u00e9n tavasszal 170 fel\u00faj\u00edtott szob\u00e1val \u00e9s korszer\u0171s\u00edtett rendezv\u00e9nyterekkel gazdagodott. A fel\u00faj\u00edt\u00e1s sor\u00e1n a design letisztult, vil\u00e1gos sz\u00ednvil\u00e1ga \u00e9s funkcion\u00e1lis megold\u00e1sai harmonikusan illeszkednek a sz\u00e1lloda mindig pezsg\u0151, urb\u00e1nus vibe-j\u00e1hoz. A [&hellip;]<\/p>\n","protected":false},"author":15,"featured_media":13301,"comment_status":"closed","ping_status":"open","sticky":false,"template":"","format":"standard","meta":{"_acf_changed":false,"_et_pb_use_builder":"","_et_pb_old_content":"","_et_gb_content_width":"","inline_featured_image":false,"footnotes":""},"categories":[1176,4,1175],"tags":[],"class_list":["post-13299","post","type-post","status-publish","format-standard","has-post-thumbnail","hentry","category-gasztro","category-hirek","category-szallodavilag"],"acf":[],"yoast_head":"<!-- This site is optimized with the Yoast SEO plugin v27.4 - https:\/\/yoast.com\/product\/yoast-seo-wordpress\/ -->\n<title>\u00daj terek \u00e9s gasztron\u00f3miai \u00e9lm\u00e9nyek Budapesten\u00a0 - Danubius Mozaik<\/title>\n<meta name=\"robots\" content=\"noindex, follow, max-snippet:-1, max-image-preview:large, max-video-preview:-1\" \/>\n<meta property=\"og:locale\" content=\"hu_HU\" \/>\n<meta property=\"og:type\" content=\"article\" \/>\n<meta property=\"og:title\" content=\"\u00daj terek \u00e9s gasztron\u00f3miai \u00e9lm\u00e9nyek Budapesten\u00a0 - Danubius Mozaik\" \/>\n<meta property=\"og:description\" content=\"A f\u0151v\u00e1rosi Danubius Hotels sz\u00e1llod\u00e1k \u0151sszel is \u00faj arcukat mutatj\u00e1k: eleg\u00e1ns helysz\u00ednek, meg\u00fajult terek \u00e9s k\u00fcl\u00f6nleges gasztron\u00f3miai k\u00edn\u00e1lat v\u00e1rja a c\u00e9ges vend\u00e9geket. A Danubius Hotel Hungaria id\u00e9n tavasszal 170 fel\u00faj\u00edtott szob\u00e1val \u00e9s korszer\u0171s\u00edtett rendezv\u00e9nyterekkel gazdagodott. A fel\u00faj\u00edt\u00e1s sor\u00e1n a design letisztult, vil\u00e1gos sz\u00ednvil\u00e1ga \u00e9s funkcion\u00e1lis megold\u00e1sai harmonikusan illeszkednek a sz\u00e1lloda mindig pezsg\u0151, urb\u00e1nus vibe-j\u00e1hoz. A [&hellip;]\" \/>\n<meta property=\"og:url\" content=\"https:\/\/www.danubiushotels.com\/hu\/mozaik\/uj-terek-es-gasztronomiai-elmenyek-budapesten\" \/>\n<meta property=\"og:site_name\" content=\"Danubius Mozaik\" \/>\n<meta property=\"article:published_time\" content=\"2025-09-01T14:18:49+00:00\" \/>\n<meta property=\"article:modified_time\" content=\"2025-09-01T14:30:57+00:00\" \/>\n<meta property=\"og:image\" content=\"https:\/\/www.danubiushotels.com\/hu\/mozaik\/wp-content\/uploads\/2025\/09\/imperial_rendezvenyterem-01.jpg\" \/>\n\t<meta property=\"og:image:width\" content=\"1600\" \/>\n\t<meta property=\"og:image:height\" content=\"899\" \/>\n\t<meta property=\"og:image:type\" content=\"image\/jpeg\" \/>\n<meta name=\"author\" content=\"Pencz Dorottya\" \/>\n<meta name=\"twitter:card\" content=\"summary_large_image\" \/>\n<meta name=\"twitter:label1\" content=\"Szerz\u0151:\" \/>\n\t<meta name=\"twitter:data1\" content=\"Pencz Dorottya\" \/>\n\t<meta name=\"twitter:label2\" content=\"Becs\u00fclt olvas\u00e1si id\u0151\" \/>\n\t<meta name=\"twitter:data2\" content=\"2 perc\" \/>\n<script type=\"application\/ld+json\" class=\"yoast-schema-graph\">{\"@context\":\"https:\\\/\\\/schema.org\",\"@graph\":[{\"@type\":\"Article\",\"@id\":\"https:\\\/\\\/www.danubiushotels.com\\\/hu\\\/mozaik\\\/uj-terek-es-gasztronomiai-elmenyek-budapesten#article\",\"isPartOf\":{\"@id\":\"https:\\\/\\\/www.danubiushotels.com\\\/hu\\\/mozaik\\\/uj-terek-es-gasztronomiai-elmenyek-budapesten\"},\"author\":{\"name\":\"Pencz Dorottya\",\"@id\":\"https:\\\/\\\/www.danubiushotels.com\\\/hu\\\/mozaik\\\/#\\\/schema\\\/person\\\/14b0b0c2ea10c762d30500b64e1d685d\"},\"headline\":\"\u00daj terek \u00e9s gasztron\u00f3miai \u00e9lm\u00e9nyek Budapesten\u00a0\",\"datePublished\":\"2025-09-01T14:18:49+00:00\",\"dateModified\":\"2025-09-01T14:30:57+00:00\",\"mainEntityOfPage\":{\"@id\":\"https:\\\/\\\/www.danubiushotels.com\\\/hu\\\/mozaik\\\/uj-terek-es-gasztronomiai-elmenyek-budapesten\"},\"wordCount\":312,\"image\":{\"@id\":\"https:\\\/\\\/www.danubiushotels.com\\\/hu\\\/mozaik\\\/uj-terek-es-gasztronomiai-elmenyek-budapesten#primaryimage\"},\"thumbnailUrl\":\"https:\\\/\\\/www.danubiushotels.com\\\/hu\\\/mozaik\\\/wp-content\\\/uploads\\\/2025\\\/09\\\/imperial_rendezvenyterem-01.jpg\",\"articleSection\":[\"Gasztro\",\"H\u00edrek\",\"Sz\u00e1llodavil\u00e1g\"],\"inLanguage\":\"hu\"},{\"@type\":\"WebPage\",\"@id\":\"https:\\\/\\\/www.danubiushotels.com\\\/hu\\\/mozaik\\\/uj-terek-es-gasztronomiai-elmenyek-budapesten\",\"url\":\"https:\\\/\\\/www.danubiushotels.com\\\/hu\\\/mozaik\\\/uj-terek-es-gasztronomiai-elmenyek-budapesten\",\"name\":\"\u00daj terek \u00e9s gasztron\u00f3miai \u00e9lm\u00e9nyek Budapesten\u00a0 - Danubius Mozaik\",\"isPartOf\":{\"@id\":\"https:\\\/\\\/www.danubiushotels.com\\\/hu\\\/mozaik\\\/#website\"},\"primaryImageOfPage\":{\"@id\":\"https:\\\/\\\/www.danubiushotels.com\\\/hu\\\/mozaik\\\/uj-terek-es-gasztronomiai-elmenyek-budapesten#primaryimage\"},\"image\":{\"@id\":\"https:\\\/\\\/www.danubiushotels.com\\\/hu\\\/mozaik\\\/uj-terek-es-gasztronomiai-elmenyek-budapesten#primaryimage\"},\"thumbnailUrl\":\"https:\\\/\\\/www.danubiushotels.com\\\/hu\\\/mozaik\\\/wp-content\\\/uploads\\\/2025\\\/09\\\/imperial_rendezvenyterem-01.jpg\",\"datePublished\":\"2025-09-01T14:18:49+00:00\",\"dateModified\":\"2025-09-01T14:30:57+00:00\",\"author\":{\"@id\":\"https:\\\/\\\/www.danubiushotels.com\\\/hu\\\/mozaik\\\/#\\\/schema\\\/person\\\/14b0b0c2ea10c762d30500b64e1d685d\"},\"breadcrumb\":{\"@id\":\"https:\\\/\\\/www.danubiushotels.com\\\/hu\\\/mozaik\\\/uj-terek-es-gasztronomiai-elmenyek-budapesten#breadcrumb\"},\"inLanguage\":\"hu\",\"potentialAction\":[{\"@type\":\"ReadAction\",\"target\":[\"https:\\\/\\\/www.danubiushotels.com\\\/hu\\\/mozaik\\\/uj-terek-es-gasztronomiai-elmenyek-budapesten\"]}]},{\"@type\":\"ImageObject\",\"inLanguage\":\"hu\",\"@id\":\"https:\\\/\\\/www.danubiushotels.com\\\/hu\\\/mozaik\\\/uj-terek-es-gasztronomiai-elmenyek-budapesten#primaryimage\",\"url\":\"https:\\\/\\\/www.danubiushotels.com\\\/hu\\\/mozaik\\\/wp-content\\\/uploads\\\/2025\\\/09\\\/imperial_rendezvenyterem-01.jpg\",\"contentUrl\":\"https:\\\/\\\/www.danubiushotels.com\\\/hu\\\/mozaik\\\/wp-content\\\/uploads\\\/2025\\\/09\\\/imperial_rendezvenyterem-01.jpg\",\"width\":1600,\"height\":899},{\"@type\":\"BreadcrumbList\",\"@id\":\"https:\\\/\\\/www.danubiushotels.com\\\/hu\\\/mozaik\\\/uj-terek-es-gasztronomiai-elmenyek-budapesten#breadcrumb\",\"itemListElement\":[{\"@type\":\"ListItem\",\"position\":1,\"name\":\"Home\",\"item\":\"https:\\\/\\\/www.danubiushotels.com\\\/hu\\\/mozaik\\\/\"},{\"@type\":\"ListItem\",\"position\":2,\"name\":\"\u00daj terek \u00e9s gasztron\u00f3miai \u00e9lm\u00e9nyek Budapesten\u00a0\"}]},{\"@type\":\"WebSite\",\"@id\":\"https:\\\/\\\/www.danubiushotels.com\\\/hu\\\/mozaik\\\/#website\",\"url\":\"https:\\\/\\\/www.danubiushotels.com\\\/hu\\\/mozaik\\\/\",\"name\":\"Danubius Mozaik\",\"description\":\"Mindig van alkalom a pihen\u00e9sre...\",\"potentialAction\":[{\"@type\":\"SearchAction\",\"target\":{\"@type\":\"EntryPoint\",\"urlTemplate\":\"https:\\\/\\\/www.danubiushotels.com\\\/hu\\\/mozaik\\\/?s={search_term_string}\"},\"query-input\":{\"@type\":\"PropertyValueSpecification\",\"valueRequired\":true,\"valueName\":\"search_term_string\"}}],\"inLanguage\":\"hu\"},{\"@type\":\"Person\",\"@id\":\"https:\\\/\\\/www.danubiushotels.com\\\/hu\\\/mozaik\\\/#\\\/schema\\\/person\\\/14b0b0c2ea10c762d30500b64e1d685d\",\"name\":\"Pencz Dorottya\",\"image\":{\"@type\":\"ImageObject\",\"inLanguage\":\"hu\",\"@id\":\"https:\\\/\\\/secure.gravatar.com\\\/avatar\\\/4f8d852ffd557188675000c0865dc845f775386e26ee67bd8041eb3d017638fc?s=96&d=mm&r=g\",\"url\":\"https:\\\/\\\/secure.gravatar.com\\\/avatar\\\/4f8d852ffd557188675000c0865dc845f775386e26ee67bd8041eb3d017638fc?s=96&d=mm&r=g\",\"contentUrl\":\"https:\\\/\\\/secure.gravatar.com\\\/avatar\\\/4f8d852ffd557188675000c0865dc845f775386e26ee67bd8041eb3d017638fc?s=96&d=mm&r=g\",\"caption\":\"Pencz Dorottya\"},\"url\":\"https:\\\/\\\/www.danubiushotels.com\\\/hu\\\/mozaik\\\/author\\\/dorottyapencz\"}]}<\/script>\n<!-- \/ Yoast SEO plugin. -->","yoast_head_json":{"title":"\u00daj terek \u00e9s gasztron\u00f3miai \u00e9lm\u00e9nyek Budapesten\u00a0 - Danubius Mozaik","robots":{"index":"noindex","follow":"follow","max-snippet":"max-snippet:-1","max-image-preview":"max-image-preview:large","max-video-preview":"max-video-preview:-1"},"og_locale":"hu_HU","og_type":"article","og_title":"\u00daj terek \u00e9s gasztron\u00f3miai \u00e9lm\u00e9nyek Budapesten\u00a0 - Danubius Mozaik","og_description":"A f\u0151v\u00e1rosi Danubius Hotels sz\u00e1llod\u00e1k \u0151sszel is \u00faj arcukat mutatj\u00e1k: eleg\u00e1ns helysz\u00ednek, meg\u00fajult terek \u00e9s k\u00fcl\u00f6nleges gasztron\u00f3miai k\u00edn\u00e1lat v\u00e1rja a c\u00e9ges vend\u00e9geket. A Danubius Hotel Hungaria id\u00e9n tavasszal 170 fel\u00faj\u00edtott szob\u00e1val \u00e9s korszer\u0171s\u00edtett rendezv\u00e9nyterekkel gazdagodott. A fel\u00faj\u00edt\u00e1s sor\u00e1n a design letisztult, vil\u00e1gos sz\u00ednvil\u00e1ga \u00e9s funkcion\u00e1lis megold\u00e1sai harmonikusan illeszkednek a sz\u00e1lloda mindig pezsg\u0151, urb\u00e1nus vibe-j\u00e1hoz. A [&hellip;]","og_url":"https:\/\/www.danubiushotels.com\/hu\/mozaik\/uj-terek-es-gasztronomiai-elmenyek-budapesten","og_site_name":"Danubius Mozaik","article_published_time":"2025-09-01T14:18:49+00:00","article_modified_time":"2025-09-01T14:30:57+00:00","og_image":[{"width":1600,"height":899,"url":"https:\/\/www.danubiushotels.com\/hu\/mozaik\/wp-content\/uploads\/2025\/09\/imperial_rendezvenyterem-01.jpg","type":"image\/jpeg"}],"author":"Pencz Dorottya","twitter_card":"summary_large_image","twitter_misc":{"Szerz\u0151:":"Pencz Dorottya","Becs\u00fclt olvas\u00e1si id\u0151":"2 perc"},"schema":{"@context":"https:\/\/schema.org","@graph":[{"@type":"Article","@id":"https:\/\/www.danubiushotels.com\/hu\/mozaik\/uj-terek-es-gasztronomiai-elmenyek-budapesten#article","isPartOf":{"@id":"https:\/\/www.danubiushotels.com\/hu\/mozaik\/uj-terek-es-gasztronomiai-elmenyek-budapesten"},"author":{"name":"Pencz Dorottya","@id":"https:\/\/www.danubiushotels.com\/hu\/mozaik\/#\/schema\/person\/14b0b0c2ea10c762d30500b64e1d685d"},"headline":"\u00daj terek \u00e9s gasztron\u00f3miai \u00e9lm\u00e9nyek Budapesten\u00a0","datePublished":"2025-09-01T14:18:49+00:00","dateModified":"2025-09-01T14:30:57+00:00","mainEntityOfPage":{"@id":"https:\/\/www.danubiushotels.com\/hu\/mozaik\/uj-terek-es-gasztronomiai-elmenyek-budapesten"},"wordCount":312,"image":{"@id":"https:\/\/www.danubiushotels.com\/hu\/mozaik\/uj-terek-es-gasztronomiai-elmenyek-budapesten#primaryimage"},"thumbnailUrl":"https:\/\/www.danubiushotels.com\/hu\/mozaik\/wp-content\/uploads\/2025\/09\/imperial_rendezvenyterem-01.jpg","articleSection":["Gasztro","H\u00edrek","Sz\u00e1llodavil\u00e1g"],"inLanguage":"hu"},{"@type":"WebPage","@id":"https:\/\/www.danubiushotels.com\/hu\/mozaik\/uj-terek-es-gasztronomiai-elmenyek-budapesten","url":"https:\/\/www.danubiushotels.com\/hu\/mozaik\/uj-terek-es-gasztronomiai-elmenyek-budapesten","name":"\u00daj terek \u00e9s gasztron\u00f3miai \u00e9lm\u00e9nyek Budapesten\u00a0 - Danubius Mozaik","isPartOf":{"@id":"https:\/\/www.danubiushotels.com\/hu\/mozaik\/#website"},"primaryImageOfPage":{"@id":"https:\/\/www.danubiushotels.com\/hu\/mozaik\/uj-terek-es-gasztronomiai-elmenyek-budapesten#primaryimage"},"image":{"@id":"https:\/\/www.danubiushotels.com\/hu\/mozaik\/uj-terek-es-gasztronomiai-elmenyek-budapesten#primaryimage"},"thumbnailUrl":"https:\/\/www.danubiushotels.com\/hu\/mozaik\/wp-content\/uploads\/2025\/09\/imperial_rendezvenyterem-01.jpg","datePublished":"2025-09-01T14:18:49+00:00","dateModified":"2025-09-01T14:30:57+00:00","author":{"@id":"https:\/\/www.danubiushotels.com\/hu\/mozaik\/#\/schema\/person\/14b0b0c2ea10c762d30500b64e1d685d"},"breadcrumb":{"@id":"https:\/\/www.danubiushotels.com\/hu\/mozaik\/uj-terek-es-gasztronomiai-elmenyek-budapesten#breadcrumb"},"inLanguage":"hu","potentialAction":[{"@type":"ReadAction","target":["https:\/\/www.danubiushotels.com\/hu\/mozaik\/uj-terek-es-gasztronomiai-elmenyek-budapesten"]}]},{"@type":"ImageObject","inLanguage":"hu","@id":"https:\/\/www.danubiushotels.com\/hu\/mozaik\/uj-terek-es-gasztronomiai-elmenyek-budapesten#primaryimage","url":"https:\/\/www.danubiushotels.com\/hu\/mozaik\/wp-content\/uploads\/2025\/09\/imperial_rendezvenyterem-01.jpg","contentUrl":"https:\/\/www.danubiushotels.com\/hu\/mozaik\/wp-content\/uploads\/2025\/09\/imperial_rendezvenyterem-01.jpg","width":1600,"height":899},{"@type":"BreadcrumbList","@id":"https:\/\/www.danubiushotels.com\/hu\/mozaik\/uj-terek-es-gasztronomiai-elmenyek-budapesten#breadcrumb","itemListElement":[{"@type":"ListItem","position":1,"name":"Home","item":"https:\/\/www.danubiushotels.com\/hu\/mozaik\/"},{"@type":"ListItem","position":2,"name":"\u00daj terek \u00e9s gasztron\u00f3miai \u00e9lm\u00e9nyek Budapesten\u00a0"}]},{"@type":"WebSite","@id":"https:\/\/www.danubiushotels.com\/hu\/mozaik\/#website","url":"https:\/\/www.danubiushotels.com\/hu\/mozaik\/","name":"Danubius Mozaik","description":"Mindig van alkalom a pihen\u00e9sre...","potentialAction":[{"@type":"SearchAction","target":{"@type":"EntryPoint","urlTemplate":"https:\/\/www.danubiushotels.com\/hu\/mozaik\/?s={search_term_string}"},"query-input":{"@type":"PropertyValueSpecification","valueRequired":true,"valueName":"search_term_string"}}],"inLanguage":"hu"},{"@type":"Person","@id":"https:\/\/www.danubiushotels.com\/hu\/mozaik\/#\/schema\/person\/14b0b0c2ea10c762d30500b64e1d685d","name":"Pencz Dorottya","image":{"@type":"ImageObject","inLanguage":"hu","@id":"https:\/\/secure.gravatar.com\/avatar\/4f8d852ffd557188675000c0865dc845f775386e26ee67bd8041eb3d017638fc?s=96&d=mm&r=g","url":"https:\/\/secure.gravatar.com\/avatar\/4f8d852ffd557188675000c0865dc845f775386e26ee67bd8041eb3d017638fc?s=96&d=mm&r=g","contentUrl":"https:\/\/secure.gravatar.com\/avatar\/4f8d852ffd557188675000c0865dc845f775386e26ee67bd8041eb3d017638fc?s=96&d=mm&r=g","caption":"Pencz Dorottya"},"url":"https:\/\/www.danubiushotels.com\/hu\/mozaik\/author\/dorottyapencz"}]}},"_links":{"self":[{"href":"https:\/\/www.danubiushotels.com\/hu\/mozaik\/wp-json\/wp\/v2\/posts\/13299","targetHints":{"allow":["GET"]}}],"collection":[{"href":"https:\/\/www.danubiushotels.com\/hu\/mozaik\/wp-json\/wp\/v2\/posts"}],"about":[{"href":"https:\/\/www.danubiushotels.com\/hu\/mozaik\/wp-json\/wp\/v2\/types\/post"}],"author":[{"embeddable":true,"href":"https:\/\/www.danubiushotels.com\/hu\/mozaik\/wp-json\/wp\/v2\/users\/15"}],"replies":[{"embeddable":true,"href":"https:\/\/www.danubiushotels.com\/hu\/mozaik\/wp-json\/wp\/v2\/comments?post=13299"}],"version-history":[{"count":3,"href":"https:\/\/www.danubiushotels.com\/hu\/mozaik\/wp-json\/wp\/v2\/posts\/13299\/revisions"}],"predecessor-version":[{"id":13311,"href":"https:\/\/www.danubiushotels.com\/hu\/mozaik\/wp-json\/wp\/v2\/posts\/13299\/revisions\/13311"}],"wp:featuredmedia":[{"embeddable":true,"href":"https:\/\/www.danubiushotels.com\/hu\/mozaik\/wp-json\/wp\/v2\/media\/13301"}],"wp:attachment":[{"href":"https:\/\/www.danubiushotels.com\/hu\/mozaik\/wp-json\/wp\/v2\/media?parent=13299"}],"wp:term":[{"taxonomy":"category","embeddable":true,"href":"https:\/\/www.danubiushotels.com\/hu\/mozaik\/wp-json\/wp\/v2\/categories?post=13299"},{"taxonomy":"post_tag","embeddable":true,"href":"https:\/\/www.danubiushotels.com\/hu\/mozaik\/wp-json\/wp\/v2\/tags?post=13299"}],"curies":[{"name":"wp","href":"https:\/\/api.w.org\/{rel}","templated":true}]}}