{"id":13312,"date":"2025-08-27T16:39:00","date_gmt":"2025-08-27T14:39:00","guid":{"rendered":"https:\/\/www.danubiushotels.com\/hu\/mozaik\/?p=13312"},"modified":"2025-09-02T11:59:53","modified_gmt":"2025-09-02T09:59:53","slug":"inspiralo-reggelik-a-vilag-minden-tajarol-a-cafe-astoriaban","status":"publish","type":"post","link":"https:\/\/www.danubiushotels.com\/hu\/mozaik\/inspiralo-reggelik-a-vilag-minden-tajarol-a-cafe-astoriaban","title":{"rendered":"Inspir\u00e1l\u00f3 reggelik a vil\u00e1g minden t\u00e1j\u00e1r\u00f3l a Caf\u00e9 Astori\u00e1ban"},"content":{"rendered":"<p><span data-contrast=\"auto\">A <strong><a href=\"https:\/\/cafeastoriabudapest.hu\/\">Caf\u00e9 Astoria<\/a><\/strong> reggeli aj\u00e1nlata \u00faj szintre emeli az \u00fczleti tal\u00e1lkoz\u00f3kat. A sz\u00e1lloda k\u00f6zponti elhelyezked\u00e9se \u00e9s patin\u00e1s hangulata ide\u00e1lis helysz\u00edn reggeli meetingekhez vagy partnertal\u00e1lkoz\u00f3khoz, ahol a <strong>vend\u00e9gek Eur\u00f3pa nagyv\u00e1rosainak \u00edzeit k\u00f3stolhatj\u00e1k meg.<\/strong><\/span><span data-ccp-props=\"{&quot;134233117&quot;:false,&quot;134233118&quot;:false,&quot;335559738&quot;:240,&quot;335559739&quot;:240}\"><strong>\u00a0<\/strong><\/span><\/p>\n<p><a href=\"https:\/\/www.danubiushotels.com\/hu\/mozaik\/wp-content\/uploads\/2025\/09\/Medium-DH_astoria_brandfoto_2023_cafe_3_online.jpg\"><img loading=\"lazy\" decoding=\"async\" class=\"aligncenter size-large wp-image-13313\" src=\"https:\/\/www.danubiushotels.com\/hu\/mozaik\/wp-content\/uploads\/2025\/09\/Medium-DH_astoria_brandfoto_2023_cafe_3_online-1024x683.jpg\" alt=\"\" width=\"1024\" height=\"683\" srcset=\"https:\/\/www.danubiushotels.com\/hu\/mozaik\/wp-content\/uploads\/2025\/09\/Medium-DH_astoria_brandfoto_2023_cafe_3_online-1024x683.jpg 1024w, https:\/\/www.danubiushotels.com\/hu\/mozaik\/wp-content\/uploads\/2025\/09\/Medium-DH_astoria_brandfoto_2023_cafe_3_online-980x653.jpg 980w, https:\/\/www.danubiushotels.com\/hu\/mozaik\/wp-content\/uploads\/2025\/09\/Medium-DH_astoria_brandfoto_2023_cafe_3_online-480x320.jpg 480w\" sizes=\"(min-width: 0px) and (max-width: 480px) 480px, (min-width: 481px) and (max-width: 980px) 980px, (min-width: 981px) 1024px, 100vw\" \/><\/a><\/p>\n<h4><strong>Reggeli t\u00fara az asztal k\u00f6r\u00fcl a Caf\u00e9 Astoriaban!<br \/>\n<\/strong><br \/>\nV\u00e1laszhat\u00f3 reggelijeink:<\/h4>\n<h4><strong>Budapest<\/strong><\/h4>\n<ul>\n<li>Magyaros \u00edzel\u00edt\u0151<\/li>\n<li>Szal\u00e1mi, kolb\u00e1sz, f\u0151tt toj\u00e1s, k\u00f6r\u00f6z\u00f6tt<\/li>\n<li>Friss z\u00f6lds\u00e9gek, h\u00e1zi keny\u00e9r<\/li>\n<li>Frissen facsart narancsl\u00e9<\/li>\n<li>K\u00e1v\u00e9, tea<\/li>\n<\/ul>\n<h4><strong>B\u00e9cs<\/strong><\/h4>\n<ul>\n<li>Roppan\u00f3s feh\u00e9r kolb\u00e1sz<\/li>\n<li>Friss zseml\u00e9vel, must\u00e1rral \u00e9s\u00a0torm\u00e1val<\/li>\n<li>Frissen facsart narancsl\u00e9<\/li>\n<li>K\u00e1v\u00e9, tea<\/li>\n<\/ul>\n<h4><strong>London<\/strong><\/h4>\n<ul>\n<li>Grill kolb\u00e1sz, chilis bab,\u00a0t\u00fck\u00f6rtoj\u00e1s<\/li>\n<li>Frissen facsart narancsl\u00e9<\/li>\n<li>K\u00e1v\u00e9, tea<\/li>\n<\/ul>\n<h4><strong>P\u00e1rizs<\/strong><\/h4>\n<ul>\n<li>Fah\u00e9jas-m\u00e9zes bund\u00e1s keny\u00e9r<\/li>\n<li>Friss gy\u00fcm\u00f6lcs\u00f6kkel<\/li>\n<li>Frissen facsart narancsl\u00e9<\/li>\n<li>K\u00e1v\u00e9, tea<\/li>\n<\/ul>\n<p><em>A reggeli aj\u00e1nlat kiz\u00e1r\u00f3lag 7:00-11:00 \u00f3ra k\u00f6z\u00f6tt \u00e9rhet\u0151 el. A reggeli \u00e1ra 2990 ft\/f\u0151 + 12% szerv\u00edzd\u00edj.<\/em><\/p>\n<p>Tov\u00e1bbi r\u00e9szletek\u00e9rt \u00e9s asztalfoglal\u00e1s\u00e9rt? k\u00e9rj\u00fck keressen minket e-mailben: <a href=\"mailto:restaurant.astoria@danubiushotels.com\">restaurant.astoria@danubiushotels.com<\/a><br \/>\n<span data-contrast=\"auto\"><span data-contrast=\"auto\"><br \/>\n<\/span><\/span><\/p>\n","protected":false},"excerpt":{"rendered":"<p>A Caf\u00e9 Astoria reggeli aj\u00e1nlata \u00faj szintre emeli az \u00fczleti tal\u00e1lkoz\u00f3kat. A sz\u00e1lloda k\u00f6zponti elhelyezked\u00e9se \u00e9s patin\u00e1s hangulata ide\u00e1lis helysz\u00edn reggeli meetingekhez vagy partnertal\u00e1lkoz\u00f3khoz, ahol a vend\u00e9gek Eur\u00f3pa nagyv\u00e1rosainak \u00edzeit k\u00f3stolhatj\u00e1k meg.\u00a0 Reggeli t\u00fara az asztal k\u00f6r\u00fcl a Caf\u00e9 Astoriaban! V\u00e1laszhat\u00f3 reggelijeink: Budapest Magyaros \u00edzel\u00edt\u0151 Szal\u00e1mi, kolb\u00e1sz, f\u0151tt toj\u00e1s, k\u00f6r\u00f6z\u00f6tt Friss z\u00f6lds\u00e9gek, h\u00e1zi keny\u00e9r Frissen [&hellip;]<\/p>\n","protected":false},"author":15,"featured_media":13313,"comment_status":"closed","ping_status":"open","sticky":false,"template":"","format":"standard","meta":{"_acf_changed":false,"_et_pb_use_builder":"","_et_pb_old_content":"","_et_gb_content_width":"","inline_featured_image":false,"footnotes":""},"categories":[4],"tags":[],"class_list":["post-13312","post","type-post","status-publish","format-standard","has-post-thumbnail","hentry","category-hirek"],"acf":[],"yoast_head":"<!-- This site is optimized with the Yoast SEO plugin v27.4 - https:\/\/yoast.com\/product\/yoast-seo-wordpress\/ -->\n<title>Inspir\u00e1l\u00f3 reggelik a vil\u00e1g minden t\u00e1j\u00e1r\u00f3l a Caf\u00e9 Astori\u00e1ban - Danubius Mozaik<\/title>\n<meta name=\"robots\" content=\"noindex, follow, max-snippet:-1, max-image-preview:large, max-video-preview:-1\" \/>\n<meta property=\"og:locale\" content=\"hu_HU\" \/>\n<meta property=\"og:type\" content=\"article\" \/>\n<meta property=\"og:title\" content=\"Inspir\u00e1l\u00f3 reggelik a vil\u00e1g minden t\u00e1j\u00e1r\u00f3l a Caf\u00e9 Astori\u00e1ban - Danubius Mozaik\" \/>\n<meta property=\"og:description\" content=\"A Caf\u00e9 Astoria reggeli aj\u00e1nlata \u00faj szintre emeli az \u00fczleti tal\u00e1lkoz\u00f3kat. A sz\u00e1lloda k\u00f6zponti elhelyezked\u00e9se \u00e9s patin\u00e1s hangulata ide\u00e1lis helysz\u00edn reggeli meetingekhez vagy partnertal\u00e1lkoz\u00f3khoz, ahol a vend\u00e9gek Eur\u00f3pa nagyv\u00e1rosainak \u00edzeit k\u00f3stolhatj\u00e1k meg.\u00a0 Reggeli t\u00fara az asztal k\u00f6r\u00fcl a Caf\u00e9 Astoriaban! V\u00e1laszhat\u00f3 reggelijeink: Budapest Magyaros \u00edzel\u00edt\u0151 Szal\u00e1mi, kolb\u00e1sz, f\u0151tt toj\u00e1s, k\u00f6r\u00f6z\u00f6tt Friss z\u00f6lds\u00e9gek, h\u00e1zi keny\u00e9r Frissen [&hellip;]\" \/>\n<meta property=\"og:url\" content=\"https:\/\/www.danubiushotels.com\/hu\/mozaik\/inspiralo-reggelik-a-vilag-minden-tajarol-a-cafe-astoriaban\" \/>\n<meta property=\"og:site_name\" content=\"Danubius Mozaik\" \/>\n<meta property=\"article:published_time\" content=\"2025-08-27T14:39:00+00:00\" \/>\n<meta property=\"article:modified_time\" content=\"2025-09-02T09:59:53+00:00\" \/>\n<meta property=\"og:image\" content=\"https:\/\/www.danubiushotels.com\/hu\/mozaik\/wp-content\/uploads\/2025\/09\/Medium-DH_astoria_brandfoto_2023_cafe_3_online.jpg\" \/>\n\t<meta property=\"og:image:width\" content=\"1200\" \/>\n\t<meta property=\"og:image:height\" content=\"800\" \/>\n\t<meta property=\"og:image:type\" content=\"image\/jpeg\" \/>\n<meta name=\"author\" content=\"Pencz Dorottya\" \/>\n<meta name=\"twitter:card\" content=\"summary_large_image\" \/>\n<meta name=\"twitter:label1\" content=\"Szerz\u0151:\" \/>\n\t<meta name=\"twitter:data1\" content=\"Pencz Dorottya\" \/>\n\t<meta name=\"twitter:label2\" content=\"Becs\u00fclt olvas\u00e1si id\u0151\" \/>\n\t<meta name=\"twitter:data2\" content=\"2 perc\" \/>\n<script type=\"application\/ld+json\" class=\"yoast-schema-graph\">{\"@context\":\"https:\\\/\\\/schema.org\",\"@graph\":[{\"@type\":\"Article\",\"@id\":\"https:\\\/\\\/www.danubiushotels.com\\\/hu\\\/mozaik\\\/inspiralo-reggelik-a-vilag-minden-tajarol-a-cafe-astoriaban#article\",\"isPartOf\":{\"@id\":\"https:\\\/\\\/www.danubiushotels.com\\\/hu\\\/mozaik\\\/inspiralo-reggelik-a-vilag-minden-tajarol-a-cafe-astoriaban\"},\"author\":{\"name\":\"Pencz Dorottya\",\"@id\":\"https:\\\/\\\/www.danubiushotels.com\\\/hu\\\/mozaik\\\/#\\\/schema\\\/person\\\/14b0b0c2ea10c762d30500b64e1d685d\"},\"headline\":\"Inspir\u00e1l\u00f3 reggelik a vil\u00e1g minden t\u00e1j\u00e1r\u00f3l a Caf\u00e9 Astori\u00e1ban\",\"datePublished\":\"2025-08-27T14:39:00+00:00\",\"dateModified\":\"2025-09-02T09:59:53+00:00\",\"mainEntityOfPage\":{\"@id\":\"https:\\\/\\\/www.danubiushotels.com\\\/hu\\\/mozaik\\\/inspiralo-reggelik-a-vilag-minden-tajarol-a-cafe-astoriaban\"},\"wordCount\":206,\"image\":{\"@id\":\"https:\\\/\\\/www.danubiushotels.com\\\/hu\\\/mozaik\\\/inspiralo-reggelik-a-vilag-minden-tajarol-a-cafe-astoriaban#primaryimage\"},\"thumbnailUrl\":\"https:\\\/\\\/www.danubiushotels.com\\\/hu\\\/mozaik\\\/wp-content\\\/uploads\\\/2025\\\/09\\\/Medium-DH_astoria_brandfoto_2023_cafe_3_online.jpg\",\"articleSection\":[\"H\u00edrek\"],\"inLanguage\":\"hu\"},{\"@type\":\"WebPage\",\"@id\":\"https:\\\/\\\/www.danubiushotels.com\\\/hu\\\/mozaik\\\/inspiralo-reggelik-a-vilag-minden-tajarol-a-cafe-astoriaban\",\"url\":\"https:\\\/\\\/www.danubiushotels.com\\\/hu\\\/mozaik\\\/inspiralo-reggelik-a-vilag-minden-tajarol-a-cafe-astoriaban\",\"name\":\"Inspir\u00e1l\u00f3 reggelik a vil\u00e1g minden t\u00e1j\u00e1r\u00f3l a Caf\u00e9 Astori\u00e1ban - Danubius Mozaik\",\"isPartOf\":{\"@id\":\"https:\\\/\\\/www.danubiushotels.com\\\/hu\\\/mozaik\\\/#website\"},\"primaryImageOfPage\":{\"@id\":\"https:\\\/\\\/www.danubiushotels.com\\\/hu\\\/mozaik\\\/inspiralo-reggelik-a-vilag-minden-tajarol-a-cafe-astoriaban#primaryimage\"},\"image\":{\"@id\":\"https:\\\/\\\/www.danubiushotels.com\\\/hu\\\/mozaik\\\/inspiralo-reggelik-a-vilag-minden-tajarol-a-cafe-astoriaban#primaryimage\"},\"thumbnailUrl\":\"https:\\\/\\\/www.danubiushotels.com\\\/hu\\\/mozaik\\\/wp-content\\\/uploads\\\/2025\\\/09\\\/Medium-DH_astoria_brandfoto_2023_cafe_3_online.jpg\",\"datePublished\":\"2025-08-27T14:39:00+00:00\",\"dateModified\":\"2025-09-02T09:59:53+00:00\",\"author\":{\"@id\":\"https:\\\/\\\/www.danubiushotels.com\\\/hu\\\/mozaik\\\/#\\\/schema\\\/person\\\/14b0b0c2ea10c762d30500b64e1d685d\"},\"breadcrumb\":{\"@id\":\"https:\\\/\\\/www.danubiushotels.com\\\/hu\\\/mozaik\\\/inspiralo-reggelik-a-vilag-minden-tajarol-a-cafe-astoriaban#breadcrumb\"},\"inLanguage\":\"hu\",\"potentialAction\":[{\"@type\":\"ReadAction\",\"target\":[\"https:\\\/\\\/www.danubiushotels.com\\\/hu\\\/mozaik\\\/inspiralo-reggelik-a-vilag-minden-tajarol-a-cafe-astoriaban\"]}]},{\"@type\":\"ImageObject\",\"inLanguage\":\"hu\",\"@id\":\"https:\\\/\\\/www.danubiushotels.com\\\/hu\\\/mozaik\\\/inspiralo-reggelik-a-vilag-minden-tajarol-a-cafe-astoriaban#primaryimage\",\"url\":\"https:\\\/\\\/www.danubiushotels.com\\\/hu\\\/mozaik\\\/wp-content\\\/uploads\\\/2025\\\/09\\\/Medium-DH_astoria_brandfoto_2023_cafe_3_online.jpg\",\"contentUrl\":\"https:\\\/\\\/www.danubiushotels.com\\\/hu\\\/mozaik\\\/wp-content\\\/uploads\\\/2025\\\/09\\\/Medium-DH_astoria_brandfoto_2023_cafe_3_online.jpg\",\"width\":1200,\"height\":800},{\"@type\":\"BreadcrumbList\",\"@id\":\"https:\\\/\\\/www.danubiushotels.com\\\/hu\\\/mozaik\\\/inspiralo-reggelik-a-vilag-minden-tajarol-a-cafe-astoriaban#breadcrumb\",\"itemListElement\":[{\"@type\":\"ListItem\",\"position\":1,\"name\":\"Home\",\"item\":\"https:\\\/\\\/www.danubiushotels.com\\\/hu\\\/mozaik\\\/\"},{\"@type\":\"ListItem\",\"position\":2,\"name\":\"Inspir\u00e1l\u00f3 reggelik a vil\u00e1g minden t\u00e1j\u00e1r\u00f3l a Caf\u00e9 Astori\u00e1ban\"}]},{\"@type\":\"WebSite\",\"@id\":\"https:\\\/\\\/www.danubiushotels.com\\\/hu\\\/mozaik\\\/#website\",\"url\":\"https:\\\/\\\/www.danubiushotels.com\\\/hu\\\/mozaik\\\/\",\"name\":\"Danubius Mozaik\",\"description\":\"Mindig van alkalom a pihen\u00e9sre...\",\"potentialAction\":[{\"@type\":\"SearchAction\",\"target\":{\"@type\":\"EntryPoint\",\"urlTemplate\":\"https:\\\/\\\/www.danubiushotels.com\\\/hu\\\/mozaik\\\/?s={search_term_string}\"},\"query-input\":{\"@type\":\"PropertyValueSpecification\",\"valueRequired\":true,\"valueName\":\"search_term_string\"}}],\"inLanguage\":\"hu\"},{\"@type\":\"Person\",\"@id\":\"https:\\\/\\\/www.danubiushotels.com\\\/hu\\\/mozaik\\\/#\\\/schema\\\/person\\\/14b0b0c2ea10c762d30500b64e1d685d\",\"name\":\"Pencz Dorottya\",\"image\":{\"@type\":\"ImageObject\",\"inLanguage\":\"hu\",\"@id\":\"https:\\\/\\\/secure.gravatar.com\\\/avatar\\\/4f8d852ffd557188675000c0865dc845f775386e26ee67bd8041eb3d017638fc?s=96&d=mm&r=g\",\"url\":\"https:\\\/\\\/secure.gravatar.com\\\/avatar\\\/4f8d852ffd557188675000c0865dc845f775386e26ee67bd8041eb3d017638fc?s=96&d=mm&r=g\",\"contentUrl\":\"https:\\\/\\\/secure.gravatar.com\\\/avatar\\\/4f8d852ffd557188675000c0865dc845f775386e26ee67bd8041eb3d017638fc?s=96&d=mm&r=g\",\"caption\":\"Pencz Dorottya\"},\"url\":\"https:\\\/\\\/www.danubiushotels.com\\\/hu\\\/mozaik\\\/author\\\/dorottyapencz\"}]}<\/script>\n<!-- \/ Yoast SEO plugin. -->","yoast_head_json":{"title":"Inspir\u00e1l\u00f3 reggelik a vil\u00e1g minden t\u00e1j\u00e1r\u00f3l a Caf\u00e9 Astori\u00e1ban - Danubius Mozaik","robots":{"index":"noindex","follow":"follow","max-snippet":"max-snippet:-1","max-image-preview":"max-image-preview:large","max-video-preview":"max-video-preview:-1"},"og_locale":"hu_HU","og_type":"article","og_title":"Inspir\u00e1l\u00f3 reggelik a vil\u00e1g minden t\u00e1j\u00e1r\u00f3l a Caf\u00e9 Astori\u00e1ban - Danubius Mozaik","og_description":"A Caf\u00e9 Astoria reggeli aj\u00e1nlata \u00faj szintre emeli az \u00fczleti tal\u00e1lkoz\u00f3kat. A sz\u00e1lloda k\u00f6zponti elhelyezked\u00e9se \u00e9s patin\u00e1s hangulata ide\u00e1lis helysz\u00edn reggeli meetingekhez vagy partnertal\u00e1lkoz\u00f3khoz, ahol a vend\u00e9gek Eur\u00f3pa nagyv\u00e1rosainak \u00edzeit k\u00f3stolhatj\u00e1k meg.\u00a0 Reggeli t\u00fara az asztal k\u00f6r\u00fcl a Caf\u00e9 Astoriaban! V\u00e1laszhat\u00f3 reggelijeink: Budapest Magyaros \u00edzel\u00edt\u0151 Szal\u00e1mi, kolb\u00e1sz, f\u0151tt toj\u00e1s, k\u00f6r\u00f6z\u00f6tt Friss z\u00f6lds\u00e9gek, h\u00e1zi keny\u00e9r Frissen [&hellip;]","og_url":"https:\/\/www.danubiushotels.com\/hu\/mozaik\/inspiralo-reggelik-a-vilag-minden-tajarol-a-cafe-astoriaban","og_site_name":"Danubius Mozaik","article_published_time":"2025-08-27T14:39:00+00:00","article_modified_time":"2025-09-02T09:59:53+00:00","og_image":[{"width":1200,"height":800,"url":"https:\/\/www.danubiushotels.com\/hu\/mozaik\/wp-content\/uploads\/2025\/09\/Medium-DH_astoria_brandfoto_2023_cafe_3_online.jpg","type":"image\/jpeg"}],"author":"Pencz Dorottya","twitter_card":"summary_large_image","twitter_misc":{"Szerz\u0151:":"Pencz Dorottya","Becs\u00fclt olvas\u00e1si id\u0151":"2 perc"},"schema":{"@context":"https:\/\/schema.org","@graph":[{"@type":"Article","@id":"https:\/\/www.danubiushotels.com\/hu\/mozaik\/inspiralo-reggelik-a-vilag-minden-tajarol-a-cafe-astoriaban#article","isPartOf":{"@id":"https:\/\/www.danubiushotels.com\/hu\/mozaik\/inspiralo-reggelik-a-vilag-minden-tajarol-a-cafe-astoriaban"},"author":{"name":"Pencz Dorottya","@id":"https:\/\/www.danubiushotels.com\/hu\/mozaik\/#\/schema\/person\/14b0b0c2ea10c762d30500b64e1d685d"},"headline":"Inspir\u00e1l\u00f3 reggelik a vil\u00e1g minden t\u00e1j\u00e1r\u00f3l a Caf\u00e9 Astori\u00e1ban","datePublished":"2025-08-27T14:39:00+00:00","dateModified":"2025-09-02T09:59:53+00:00","mainEntityOfPage":{"@id":"https:\/\/www.danubiushotels.com\/hu\/mozaik\/inspiralo-reggelik-a-vilag-minden-tajarol-a-cafe-astoriaban"},"wordCount":206,"image":{"@id":"https:\/\/www.danubiushotels.com\/hu\/mozaik\/inspiralo-reggelik-a-vilag-minden-tajarol-a-cafe-astoriaban#primaryimage"},"thumbnailUrl":"https:\/\/www.danubiushotels.com\/hu\/mozaik\/wp-content\/uploads\/2025\/09\/Medium-DH_astoria_brandfoto_2023_cafe_3_online.jpg","articleSection":["H\u00edrek"],"inLanguage":"hu"},{"@type":"WebPage","@id":"https:\/\/www.danubiushotels.com\/hu\/mozaik\/inspiralo-reggelik-a-vilag-minden-tajarol-a-cafe-astoriaban","url":"https:\/\/www.danubiushotels.com\/hu\/mozaik\/inspiralo-reggelik-a-vilag-minden-tajarol-a-cafe-astoriaban","name":"Inspir\u00e1l\u00f3 reggelik a vil\u00e1g minden t\u00e1j\u00e1r\u00f3l a Caf\u00e9 Astori\u00e1ban - Danubius Mozaik","isPartOf":{"@id":"https:\/\/www.danubiushotels.com\/hu\/mozaik\/#website"},"primaryImageOfPage":{"@id":"https:\/\/www.danubiushotels.com\/hu\/mozaik\/inspiralo-reggelik-a-vilag-minden-tajarol-a-cafe-astoriaban#primaryimage"},"image":{"@id":"https:\/\/www.danubiushotels.com\/hu\/mozaik\/inspiralo-reggelik-a-vilag-minden-tajarol-a-cafe-astoriaban#primaryimage"},"thumbnailUrl":"https:\/\/www.danubiushotels.com\/hu\/mozaik\/wp-content\/uploads\/2025\/09\/Medium-DH_astoria_brandfoto_2023_cafe_3_online.jpg","datePublished":"2025-08-27T14:39:00+00:00","dateModified":"2025-09-02T09:59:53+00:00","author":{"@id":"https:\/\/www.danubiushotels.com\/hu\/mozaik\/#\/schema\/person\/14b0b0c2ea10c762d30500b64e1d685d"},"breadcrumb":{"@id":"https:\/\/www.danubiushotels.com\/hu\/mozaik\/inspiralo-reggelik-a-vilag-minden-tajarol-a-cafe-astoriaban#breadcrumb"},"inLanguage":"hu","potentialAction":[{"@type":"ReadAction","target":["https:\/\/www.danubiushotels.com\/hu\/mozaik\/inspiralo-reggelik-a-vilag-minden-tajarol-a-cafe-astoriaban"]}]},{"@type":"ImageObject","inLanguage":"hu","@id":"https:\/\/www.danubiushotels.com\/hu\/mozaik\/inspiralo-reggelik-a-vilag-minden-tajarol-a-cafe-astoriaban#primaryimage","url":"https:\/\/www.danubiushotels.com\/hu\/mozaik\/wp-content\/uploads\/2025\/09\/Medium-DH_astoria_brandfoto_2023_cafe_3_online.jpg","contentUrl":"https:\/\/www.danubiushotels.com\/hu\/mozaik\/wp-content\/uploads\/2025\/09\/Medium-DH_astoria_brandfoto_2023_cafe_3_online.jpg","width":1200,"height":800},{"@type":"BreadcrumbList","@id":"https:\/\/www.danubiushotels.com\/hu\/mozaik\/inspiralo-reggelik-a-vilag-minden-tajarol-a-cafe-astoriaban#breadcrumb","itemListElement":[{"@type":"ListItem","position":1,"name":"Home","item":"https:\/\/www.danubiushotels.com\/hu\/mozaik\/"},{"@type":"ListItem","position":2,"name":"Inspir\u00e1l\u00f3 reggelik a vil\u00e1g minden t\u00e1j\u00e1r\u00f3l a Caf\u00e9 Astori\u00e1ban"}]},{"@type":"WebSite","@id":"https:\/\/www.danubiushotels.com\/hu\/mozaik\/#website","url":"https:\/\/www.danubiushotels.com\/hu\/mozaik\/","name":"Danubius Mozaik","description":"Mindig van alkalom a pihen\u00e9sre...","potentialAction":[{"@type":"SearchAction","target":{"@type":"EntryPoint","urlTemplate":"https:\/\/www.danubiushotels.com\/hu\/mozaik\/?s={search_term_string}"},"query-input":{"@type":"PropertyValueSpecification","valueRequired":true,"valueName":"search_term_string"}}],"inLanguage":"hu"},{"@type":"Person","@id":"https:\/\/www.danubiushotels.com\/hu\/mozaik\/#\/schema\/person\/14b0b0c2ea10c762d30500b64e1d685d","name":"Pencz Dorottya","image":{"@type":"ImageObject","inLanguage":"hu","@id":"https:\/\/secure.gravatar.com\/avatar\/4f8d852ffd557188675000c0865dc845f775386e26ee67bd8041eb3d017638fc?s=96&d=mm&r=g","url":"https:\/\/secure.gravatar.com\/avatar\/4f8d852ffd557188675000c0865dc845f775386e26ee67bd8041eb3d017638fc?s=96&d=mm&r=g","contentUrl":"https:\/\/secure.gravatar.com\/avatar\/4f8d852ffd557188675000c0865dc845f775386e26ee67bd8041eb3d017638fc?s=96&d=mm&r=g","caption":"Pencz Dorottya"},"url":"https:\/\/www.danubiushotels.com\/hu\/mozaik\/author\/dorottyapencz"}]}},"_links":{"self":[{"href":"https:\/\/www.danubiushotels.com\/hu\/mozaik\/wp-json\/wp\/v2\/posts\/13312","targetHints":{"allow":["GET"]}}],"collection":[{"href":"https:\/\/www.danubiushotels.com\/hu\/mozaik\/wp-json\/wp\/v2\/posts"}],"about":[{"href":"https:\/\/www.danubiushotels.com\/hu\/mozaik\/wp-json\/wp\/v2\/types\/post"}],"author":[{"embeddable":true,"href":"https:\/\/www.danubiushotels.com\/hu\/mozaik\/wp-json\/wp\/v2\/users\/15"}],"replies":[{"embeddable":true,"href":"https:\/\/www.danubiushotels.com\/hu\/mozaik\/wp-json\/wp\/v2\/comments?post=13312"}],"version-history":[{"count":4,"href":"https:\/\/www.danubiushotels.com\/hu\/mozaik\/wp-json\/wp\/v2\/posts\/13312\/revisions"}],"predecessor-version":[{"id":13322,"href":"https:\/\/www.danubiushotels.com\/hu\/mozaik\/wp-json\/wp\/v2\/posts\/13312\/revisions\/13322"}],"wp:featuredmedia":[{"embeddable":true,"href":"https:\/\/www.danubiushotels.com\/hu\/mozaik\/wp-json\/wp\/v2\/media\/13313"}],"wp:attachment":[{"href":"https:\/\/www.danubiushotels.com\/hu\/mozaik\/wp-json\/wp\/v2\/media?parent=13312"}],"wp:term":[{"taxonomy":"category","embeddable":true,"href":"https:\/\/www.danubiushotels.com\/hu\/mozaik\/wp-json\/wp\/v2\/categories?post=13312"},{"taxonomy":"post_tag","embeddable":true,"href":"https:\/\/www.danubiushotels.com\/hu\/mozaik\/wp-json\/wp\/v2\/tags?post=13312"}],"curies":[{"name":"wp","href":"https:\/\/api.w.org\/{rel}","templated":true}]}}