{"id":13356,"date":"2026-03-11T10:16:29","date_gmt":"2026-03-11T09:16:29","guid":{"rendered":"https:\/\/www.danubiushotels.com\/hu\/mozaik\/?p=13356"},"modified":"2026-03-11T10:49:35","modified_gmt":"2026-03-11T09:49:35","slug":"sisis-garden-kiralyi-desszertelmeny-a-zsolnay-kavehazban","status":"publish","type":"post","link":"https:\/\/www.danubiushotels.com\/hu\/mozaik\/sisis-garden-kiralyi-desszertelmeny-a-zsolnay-kavehazban","title":{"rendered":"Sisi\u2019s Garden \u2013 kir\u00e1lyi desszert\u00e9lm\u00e9ny a Zsolnay K\u00e1v\u00e9h\u00e1zban"},"content":{"rendered":"<p><span data-contrast=\"auto\">A\u00a0Radisson\u00a0Blu\u00a0B\u00e9ke Hotel legend\u00e1s<strong><a href=\"http:\/\/zsolnaycafe.hu\"> Zsolnay K\u00e1v\u00e9h\u00e1z\u00e1ban<\/a> id\u00e9n tavasszal<\/strong> k\u00fcl\u00f6nleges \u00e9lm\u00e9ny sz\u00fcletett:\u00a0a\u00a0<\/span><b><span data-contrast=\"auto\">Sisi\u2019s\u00a0Garden<\/span><\/b><span data-contrast=\"auto\">, egy romantikus, vir\u00e1gokkal teli vil\u00e1g, amely Erzs\u00e9bet kir\u00e1lyn\u00e9 hangulat\u00e1t id\u00e9zi meg. Ez a var\u00e1zslatos koncepci\u00f3 hamarosan vend\u00e9geink sz\u00e1m\u00e1ra is el\u00e9rhet\u0151v\u00e9 v\u00e1lik \u2013 most azonban csak egy kis betekint\u00e9st enged\u00fcnk abba az \u00e9lm\u00e9nybe, amelyen jelenleg dolgozunk.<\/span><\/p>\n<p><span data-contrast=\"auto\">A koncepci\u00f3t Sisi Magyarorsz\u00e1g ir\u00e1nti szeretete \u00e9s a term\u00e9szethez f\u0171z\u0151d\u0151 k\u00fcl\u00f6nleges kapcsolata inspir\u00e1lta. A t\u00e9rben az ibolya \u00e9s az ak\u00e1c mot\u00edvumai jelennek meg, finom pasztellsz\u00ednekkel, csillog\u00f3 r\u00e9szletekkel \u00e9s egy titkos kert hangulat\u00e1val \u2013 mintha a vend\u00e9gek mag\u00e1nak a kir\u00e1lyn\u00e9nak a kertj\u00e9be l\u00e9pn\u00e9nek be.\u00a0<\/span><span data-ccp-props=\"{&quot;335551550&quot;:6,&quot;335551620&quot;:6,&quot;335559738&quot;:240,&quot;335559739&quot;:240}\">\u00a0<\/span><\/p>\n<p><a href=\"https:\/\/www.danubiushotels.com\/hu\/mozaik\/wp-content\/uploads\/2026\/03\/Large-sisis_garden_image-47.jpg\"><img loading=\"lazy\" decoding=\"async\" class=\"aligncenter size-large wp-image-13358\" src=\"https:\/\/www.danubiushotels.com\/hu\/mozaik\/wp-content\/uploads\/2026\/03\/Large-sisis_garden_image-47-683x1024.jpg\" alt=\"\" width=\"683\" height=\"1024\" \/><\/a><\/p>\n<p><span data-contrast=\"auto\">Az \u00e9lm\u00e9ny k\u00f6z\u00e9ppontj\u00e1ban a\u00a0<\/span><b><span data-contrast=\"auto\">Sisi Kedvence<\/span><\/b><span data-contrast=\"auto\">\u00a0desszert \u00e1ll, amelyet Rezneki Zolt\u00e1n cukr\u00e1szs\u00e9f,\u00a0Haczka\u00a0R\u00f3bert cukr\u00e1szf\u0151n\u00f6k \u00e9s Kerek Brigitta (Home of\u00a0the\u00a0Pie) alkottak meg. A mandul\u00e1s, vajas, narancsos\u00a0pisk\u00f3t\u00e1ra \u00e9p\u00fcl\u0151, oroszkr\u00e9m-mousse-szal\u00a0\u00e9s iboly\u00e1s\u00a0beriolett\u00a0r\u00e9teggel k\u00e9sz\u00fclt \u00e9dess\u00e9g nemcsak \u00edz\u00e9ben, hanem t\u00e1lal\u00e1s\u00e1ban is k\u00fcl\u00f6nleges: a desszert gy\u0171r\u0171b\u0151l felszabadul\u00f3 lila kr\u00e9m \u00e9s a l\u00e1tv\u00e1nyos t\u00e1lal\u00e1s igazi \u201ekir\u00e1lyn\u0151i pillanatot\u201d teremt.<\/span><\/p>\n<p>&nbsp;<\/p>\n\n\t\t<style type=\"text\/css\">\n\t\t\t#gallery-1 {\n\t\t\t\tmargin: auto;\n\t\t\t}\n\t\t\t#gallery-1 .gallery-item {\n\t\t\t\tfloat: left;\n\t\t\t\tmargin-top: 10px;\n\t\t\t\ttext-align: center;\n\t\t\t\twidth: 50%;\n\t\t\t}\n\t\t\t#gallery-1 img {\n\t\t\t\tborder: 2px solid #cfcfcf;\n\t\t\t}\n\t\t\t#gallery-1 .gallery-caption {\n\t\t\t\tmargin-left: 0;\n\t\t\t}\n\t\t\t\/* see gallery_shortcode() in wp-includes\/media.php *\/\n\t\t<\/style>\n\t\t<div id='gallery-1' class='gallery galleryid-13356 gallery-columns-2 gallery-size-large'><dl class='gallery-item'>\n\t\t\t<dt class='gallery-icon portrait'>\n\t\t\t\t<img loading=\"lazy\" decoding=\"async\" width=\"683\" height=\"1024\" src=\"https:\/\/www.danubiushotels.com\/hu\/mozaik\/wp-content\/uploads\/2026\/03\/Large-sisis_garden_image-35-1-683x1024.jpg\" class=\"attachment-large size-large\" alt=\"\" \/>\n\t\t\t<\/dt><\/dl><dl class='gallery-item'>\n\t\t\t<dt class='gallery-icon portrait'>\n\t\t\t\t<img loading=\"lazy\" decoding=\"async\" width=\"683\" height=\"1024\" src=\"https:\/\/www.danubiushotels.com\/hu\/mozaik\/wp-content\/uploads\/2026\/03\/Large-sisis_garden_image-11-683x1024.jpg\" class=\"attachment-large size-large\" alt=\"\" \/>\n\t\t\t<\/dt><\/dl><br style=\"clear: both\" \/>\n\t\t<\/div>\n\n<p><span data-contrast=\"auto\">A desszert mell\u00e9 k\u00fcl\u00f6n erre az \u00e9lm\u00e9nyre kompon\u00e1lt italok is \u00e9rkeznek \u2013 p\u00e9ld\u00e1ul a\u00a0<\/span><b><span data-contrast=\"auto\">Cs\u00e1sz\u00e1rn\u00e9 \u00e9gi kertje tea<\/span><\/b><span data-contrast=\"auto\">, a\u00a0<\/span><b><span data-contrast=\"auto\">pillang\u00f3bors\u00f3\u00a0latte<\/span><\/b><span data-contrast=\"auto\">\u00a0vagy a\u00a0<\/span><b><span data-contrast=\"auto\">Sisi limon\u00e1d\u00e9ja<\/span><\/b><span data-contrast=\"auto\">.<\/span><span data-ccp-props=\"{&quot;335551550&quot;:6,&quot;335551620&quot;:6,&quot;335559738&quot;:240,&quot;335559739&quot;:240}\"><br \/>\n<\/span><\/p>\n<p data-ccp-border-bottom=\"2px solid #000000\" data-ccp-padding-bottom=\"1.3333333333333333px\"><span data-contrast=\"auto\">A\u00a0Sisi\u2019s\u00a0Garden\u00a0t\u00f6bb mint egy\u00a0s\u00fctem\u00e9ny: egy hangulat, egy t\u00f6rt\u00e9net \u00e9s egy k\u00fcl\u00f6nleges k\u00e1v\u00e9h\u00e1zi \u00e9lm\u00e9ny, amely a m\u00falt eleganci\u00e1j\u00e1t hozza k\u00f6zelebb a mai vend\u00e9gekhez.<\/span><\/p>\n<p><strong>Rem\u00e9lj\u00fck, siker\u00fclt felkelten\u00fcnk \u00e9rdekl\u0151d\u00e9s\u00e9t!<br \/>\nA Sisi\u2019s Garden \u00e9lm\u00e9ny 2026. \u00e1prilis 1-t\u0151l \u00e9rkezik a Zsolnay K\u00e1v\u00e9h\u00e1zba \u2013 a r\u00e9szletekkel \u00e9s a foglal\u00e1si lehet\u0151s\u00e9gekkel hamarosan jelentkez\u00fcnk.<\/strong><\/p>\n<p>&nbsp;<\/p>\n","protected":false},"excerpt":{"rendered":"<p>A\u00a0Radisson\u00a0Blu\u00a0B\u00e9ke Hotel legend\u00e1s Zsolnay K\u00e1v\u00e9h\u00e1z\u00e1ban id\u00e9n tavasszal k\u00fcl\u00f6nleges \u00e9lm\u00e9ny sz\u00fcletett:\u00a0a\u00a0Sisi\u2019s\u00a0Garden, egy romantikus, vir\u00e1gokkal teli vil\u00e1g, amely Erzs\u00e9bet kir\u00e1lyn\u00e9 hangulat\u00e1t id\u00e9zi meg. Ez a var\u00e1zslatos koncepci\u00f3 hamarosan vend\u00e9geink sz\u00e1m\u00e1ra is el\u00e9rhet\u0151v\u00e9 v\u00e1lik \u2013 most azonban csak egy kis betekint\u00e9st enged\u00fcnk abba az \u00e9lm\u00e9nybe, amelyen jelenleg dolgozunk. A koncepci\u00f3t Sisi Magyarorsz\u00e1g ir\u00e1nti szeretete \u00e9s a term\u00e9szethez f\u0171z\u0151d\u0151 [&hellip;]<\/p>\n","protected":false},"author":15,"featured_media":13358,"comment_status":"closed","ping_status":"open","sticky":false,"template":"","format":"standard","meta":{"_acf_changed":false,"_et_pb_use_builder":"","_et_pb_old_content":"","_et_gb_content_width":"","inline_featured_image":false,"footnotes":""},"categories":[1176,4],"tags":[],"class_list":["post-13356","post","type-post","status-publish","format-standard","has-post-thumbnail","hentry","category-gasztro","category-hirek"],"acf":[],"yoast_head":"<!-- This site is optimized with the Yoast SEO plugin v27.4 - https:\/\/yoast.com\/product\/yoast-seo-wordpress\/ -->\n<title>Sisi\u2019s Garden \u2013 kir\u00e1lyi desszert\u00e9lm\u00e9ny a Zsolnay K\u00e1v\u00e9h\u00e1zban - Danubius Mozaik<\/title>\n<meta name=\"description\" content=\"A Radisson Blu B\u00e9ke Hotel legend\u00e1s Zsolnay K\u00e1v\u00e9h\u00e1z\u00e1ban a tavasz bek\u00f6sz\u00f6nt\u00e9vel egyid\u0151ben, megny\u00edlik a Sisi\u2019s Garden, egy romantikus, iboly\u00e1val \u00e9s pasztellsz\u00ednekkel teli vil\u00e1g, amely Erzs\u00e9bet kir\u00e1lyn\u00e9 kifinomult \u00edzl\u00e9s\u00e9t id\u00e9zi meg.\" \/>\n<meta name=\"robots\" content=\"noindex, follow, max-snippet:-1, max-image-preview:large, max-video-preview:-1\" \/>\n<meta property=\"og:locale\" content=\"hu_HU\" \/>\n<meta property=\"og:type\" content=\"article\" \/>\n<meta property=\"og:title\" content=\"Sisi\u2019s Garden \u2013 kir\u00e1lyi desszert\u00e9lm\u00e9ny a Zsolnay K\u00e1v\u00e9h\u00e1zban - Danubius Mozaik\" \/>\n<meta property=\"og:description\" content=\"A Radisson Blu B\u00e9ke Hotel legend\u00e1s Zsolnay K\u00e1v\u00e9h\u00e1z\u00e1ban a tavasz bek\u00f6sz\u00f6nt\u00e9vel egyid\u0151ben, megny\u00edlik a Sisi\u2019s Garden, egy romantikus, iboly\u00e1val \u00e9s pasztellsz\u00ednekkel teli vil\u00e1g, amely Erzs\u00e9bet kir\u00e1lyn\u00e9 kifinomult \u00edzl\u00e9s\u00e9t id\u00e9zi meg.\" \/>\n<meta property=\"og:url\" content=\"https:\/\/www.danubiushotels.com\/hu\/mozaik\/sisis-garden-kiralyi-desszertelmeny-a-zsolnay-kavehazban\" \/>\n<meta property=\"og:site_name\" content=\"Danubius Mozaik\" \/>\n<meta property=\"article:published_time\" content=\"2026-03-11T09:16:29+00:00\" \/>\n<meta property=\"article:modified_time\" content=\"2026-03-11T09:49:35+00:00\" \/>\n<meta property=\"og:image\" content=\"https:\/\/www.danubiushotels.com\/hu\/mozaik\/wp-content\/uploads\/2026\/03\/Large-sisis_garden_image-47.jpg\" \/>\n\t<meta property=\"og:image:width\" content=\"1067\" \/>\n\t<meta property=\"og:image:height\" content=\"1600\" \/>\n\t<meta property=\"og:image:type\" content=\"image\/jpeg\" \/>\n<meta name=\"author\" content=\"Pencz Dorottya\" \/>\n<meta name=\"twitter:card\" content=\"summary_large_image\" \/>\n<meta name=\"twitter:label1\" content=\"Szerz\u0151:\" \/>\n\t<meta name=\"twitter:data1\" content=\"Pencz Dorottya\" \/>\n\t<meta name=\"twitter:label2\" content=\"Becs\u00fclt olvas\u00e1si id\u0151\" \/>\n\t<meta name=\"twitter:data2\" content=\"2 perc\" \/>\n<script type=\"application\/ld+json\" class=\"yoast-schema-graph\">{\"@context\":\"https:\\\/\\\/schema.org\",\"@graph\":[{\"@type\":\"Article\",\"@id\":\"https:\\\/\\\/www.danubiushotels.com\\\/hu\\\/mozaik\\\/sisis-garden-kiralyi-desszertelmeny-a-zsolnay-kavehazban#article\",\"isPartOf\":{\"@id\":\"https:\\\/\\\/www.danubiushotels.com\\\/hu\\\/mozaik\\\/sisis-garden-kiralyi-desszertelmeny-a-zsolnay-kavehazban\"},\"author\":{\"name\":\"Pencz Dorottya\",\"@id\":\"https:\\\/\\\/www.danubiushotels.com\\\/hu\\\/mozaik\\\/#\\\/schema\\\/person\\\/14b0b0c2ea10c762d30500b64e1d685d\"},\"headline\":\"Sisi\u2019s Garden \u2013 kir\u00e1lyi desszert\u00e9lm\u00e9ny a Zsolnay K\u00e1v\u00e9h\u00e1zban\",\"datePublished\":\"2026-03-11T09:16:29+00:00\",\"dateModified\":\"2026-03-11T09:49:35+00:00\",\"mainEntityOfPage\":{\"@id\":\"https:\\\/\\\/www.danubiushotels.com\\\/hu\\\/mozaik\\\/sisis-garden-kiralyi-desszertelmeny-a-zsolnay-kavehazban\"},\"wordCount\":376,\"image\":{\"@id\":\"https:\\\/\\\/www.danubiushotels.com\\\/hu\\\/mozaik\\\/sisis-garden-kiralyi-desszertelmeny-a-zsolnay-kavehazban#primaryimage\"},\"thumbnailUrl\":\"https:\\\/\\\/www.danubiushotels.com\\\/hu\\\/mozaik\\\/wp-content\\\/uploads\\\/2026\\\/03\\\/Large-sisis_garden_image-47.jpg\",\"articleSection\":[\"Gasztro\",\"H\u00edrek\"],\"inLanguage\":\"hu\"},{\"@type\":\"WebPage\",\"@id\":\"https:\\\/\\\/www.danubiushotels.com\\\/hu\\\/mozaik\\\/sisis-garden-kiralyi-desszertelmeny-a-zsolnay-kavehazban\",\"url\":\"https:\\\/\\\/www.danubiushotels.com\\\/hu\\\/mozaik\\\/sisis-garden-kiralyi-desszertelmeny-a-zsolnay-kavehazban\",\"name\":\"Sisi\u2019s Garden \u2013 kir\u00e1lyi desszert\u00e9lm\u00e9ny a Zsolnay K\u00e1v\u00e9h\u00e1zban - Danubius Mozaik\",\"isPartOf\":{\"@id\":\"https:\\\/\\\/www.danubiushotels.com\\\/hu\\\/mozaik\\\/#website\"},\"primaryImageOfPage\":{\"@id\":\"https:\\\/\\\/www.danubiushotels.com\\\/hu\\\/mozaik\\\/sisis-garden-kiralyi-desszertelmeny-a-zsolnay-kavehazban#primaryimage\"},\"image\":{\"@id\":\"https:\\\/\\\/www.danubiushotels.com\\\/hu\\\/mozaik\\\/sisis-garden-kiralyi-desszertelmeny-a-zsolnay-kavehazban#primaryimage\"},\"thumbnailUrl\":\"https:\\\/\\\/www.danubiushotels.com\\\/hu\\\/mozaik\\\/wp-content\\\/uploads\\\/2026\\\/03\\\/Large-sisis_garden_image-47.jpg\",\"datePublished\":\"2026-03-11T09:16:29+00:00\",\"dateModified\":\"2026-03-11T09:49:35+00:00\",\"author\":{\"@id\":\"https:\\\/\\\/www.danubiushotels.com\\\/hu\\\/mozaik\\\/#\\\/schema\\\/person\\\/14b0b0c2ea10c762d30500b64e1d685d\"},\"description\":\"A Radisson Blu B\u00e9ke Hotel legend\u00e1s Zsolnay K\u00e1v\u00e9h\u00e1z\u00e1ban a tavasz bek\u00f6sz\u00f6nt\u00e9vel egyid\u0151ben, megny\u00edlik a Sisi\u2019s Garden, egy romantikus, iboly\u00e1val \u00e9s pasztellsz\u00ednekkel teli vil\u00e1g, amely Erzs\u00e9bet kir\u00e1lyn\u00e9 kifinomult \u00edzl\u00e9s\u00e9t id\u00e9zi meg.\",\"breadcrumb\":{\"@id\":\"https:\\\/\\\/www.danubiushotels.com\\\/hu\\\/mozaik\\\/sisis-garden-kiralyi-desszertelmeny-a-zsolnay-kavehazban#breadcrumb\"},\"inLanguage\":\"hu\",\"potentialAction\":[{\"@type\":\"ReadAction\",\"target\":[\"https:\\\/\\\/www.danubiushotels.com\\\/hu\\\/mozaik\\\/sisis-garden-kiralyi-desszertelmeny-a-zsolnay-kavehazban\"]}]},{\"@type\":\"ImageObject\",\"inLanguage\":\"hu\",\"@id\":\"https:\\\/\\\/www.danubiushotels.com\\\/hu\\\/mozaik\\\/sisis-garden-kiralyi-desszertelmeny-a-zsolnay-kavehazban#primaryimage\",\"url\":\"https:\\\/\\\/www.danubiushotels.com\\\/hu\\\/mozaik\\\/wp-content\\\/uploads\\\/2026\\\/03\\\/Large-sisis_garden_image-47.jpg\",\"contentUrl\":\"https:\\\/\\\/www.danubiushotels.com\\\/hu\\\/mozaik\\\/wp-content\\\/uploads\\\/2026\\\/03\\\/Large-sisis_garden_image-47.jpg\",\"width\":1067,\"height\":1600},{\"@type\":\"BreadcrumbList\",\"@id\":\"https:\\\/\\\/www.danubiushotels.com\\\/hu\\\/mozaik\\\/sisis-garden-kiralyi-desszertelmeny-a-zsolnay-kavehazban#breadcrumb\",\"itemListElement\":[{\"@type\":\"ListItem\",\"position\":1,\"name\":\"Home\",\"item\":\"https:\\\/\\\/www.danubiushotels.com\\\/hu\\\/mozaik\\\/\"},{\"@type\":\"ListItem\",\"position\":2,\"name\":\"Sisi\u2019s Garden \u2013 kir\u00e1lyi desszert\u00e9lm\u00e9ny a Zsolnay K\u00e1v\u00e9h\u00e1zban\"}]},{\"@type\":\"WebSite\",\"@id\":\"https:\\\/\\\/www.danubiushotels.com\\\/hu\\\/mozaik\\\/#website\",\"url\":\"https:\\\/\\\/www.danubiushotels.com\\\/hu\\\/mozaik\\\/\",\"name\":\"Danubius Mozaik\",\"description\":\"Mindig van alkalom a pihen\u00e9sre...\",\"potentialAction\":[{\"@type\":\"SearchAction\",\"target\":{\"@type\":\"EntryPoint\",\"urlTemplate\":\"https:\\\/\\\/www.danubiushotels.com\\\/hu\\\/mozaik\\\/?s={search_term_string}\"},\"query-input\":{\"@type\":\"PropertyValueSpecification\",\"valueRequired\":true,\"valueName\":\"search_term_string\"}}],\"inLanguage\":\"hu\"},{\"@type\":\"Person\",\"@id\":\"https:\\\/\\\/www.danubiushotels.com\\\/hu\\\/mozaik\\\/#\\\/schema\\\/person\\\/14b0b0c2ea10c762d30500b64e1d685d\",\"name\":\"Pencz Dorottya\",\"image\":{\"@type\":\"ImageObject\",\"inLanguage\":\"hu\",\"@id\":\"https:\\\/\\\/secure.gravatar.com\\\/avatar\\\/4f8d852ffd557188675000c0865dc845f775386e26ee67bd8041eb3d017638fc?s=96&d=mm&r=g\",\"url\":\"https:\\\/\\\/secure.gravatar.com\\\/avatar\\\/4f8d852ffd557188675000c0865dc845f775386e26ee67bd8041eb3d017638fc?s=96&d=mm&r=g\",\"contentUrl\":\"https:\\\/\\\/secure.gravatar.com\\\/avatar\\\/4f8d852ffd557188675000c0865dc845f775386e26ee67bd8041eb3d017638fc?s=96&d=mm&r=g\",\"caption\":\"Pencz Dorottya\"},\"url\":\"https:\\\/\\\/www.danubiushotels.com\\\/hu\\\/mozaik\\\/author\\\/dorottyapencz\"}]}<\/script>\n<!-- \/ Yoast SEO plugin. -->","yoast_head_json":{"title":"Sisi\u2019s Garden \u2013 kir\u00e1lyi desszert\u00e9lm\u00e9ny a Zsolnay K\u00e1v\u00e9h\u00e1zban - Danubius Mozaik","description":"A Radisson Blu B\u00e9ke Hotel legend\u00e1s Zsolnay K\u00e1v\u00e9h\u00e1z\u00e1ban a tavasz bek\u00f6sz\u00f6nt\u00e9vel egyid\u0151ben, megny\u00edlik a Sisi\u2019s Garden, egy romantikus, iboly\u00e1val \u00e9s pasztellsz\u00ednekkel teli vil\u00e1g, amely Erzs\u00e9bet kir\u00e1lyn\u00e9 kifinomult \u00edzl\u00e9s\u00e9t id\u00e9zi meg.","robots":{"index":"noindex","follow":"follow","max-snippet":"max-snippet:-1","max-image-preview":"max-image-preview:large","max-video-preview":"max-video-preview:-1"},"og_locale":"hu_HU","og_type":"article","og_title":"Sisi\u2019s Garden \u2013 kir\u00e1lyi desszert\u00e9lm\u00e9ny a Zsolnay K\u00e1v\u00e9h\u00e1zban - Danubius Mozaik","og_description":"A Radisson Blu B\u00e9ke Hotel legend\u00e1s Zsolnay K\u00e1v\u00e9h\u00e1z\u00e1ban a tavasz bek\u00f6sz\u00f6nt\u00e9vel egyid\u0151ben, megny\u00edlik a Sisi\u2019s Garden, egy romantikus, iboly\u00e1val \u00e9s pasztellsz\u00ednekkel teli vil\u00e1g, amely Erzs\u00e9bet kir\u00e1lyn\u00e9 kifinomult \u00edzl\u00e9s\u00e9t id\u00e9zi meg.","og_url":"https:\/\/www.danubiushotels.com\/hu\/mozaik\/sisis-garden-kiralyi-desszertelmeny-a-zsolnay-kavehazban","og_site_name":"Danubius Mozaik","article_published_time":"2026-03-11T09:16:29+00:00","article_modified_time":"2026-03-11T09:49:35+00:00","og_image":[{"width":1067,"height":1600,"url":"https:\/\/www.danubiushotels.com\/hu\/mozaik\/wp-content\/uploads\/2026\/03\/Large-sisis_garden_image-47.jpg","type":"image\/jpeg"}],"author":"Pencz Dorottya","twitter_card":"summary_large_image","twitter_misc":{"Szerz\u0151:":"Pencz Dorottya","Becs\u00fclt olvas\u00e1si id\u0151":"2 perc"},"schema":{"@context":"https:\/\/schema.org","@graph":[{"@type":"Article","@id":"https:\/\/www.danubiushotels.com\/hu\/mozaik\/sisis-garden-kiralyi-desszertelmeny-a-zsolnay-kavehazban#article","isPartOf":{"@id":"https:\/\/www.danubiushotels.com\/hu\/mozaik\/sisis-garden-kiralyi-desszertelmeny-a-zsolnay-kavehazban"},"author":{"name":"Pencz Dorottya","@id":"https:\/\/www.danubiushotels.com\/hu\/mozaik\/#\/schema\/person\/14b0b0c2ea10c762d30500b64e1d685d"},"headline":"Sisi\u2019s Garden \u2013 kir\u00e1lyi desszert\u00e9lm\u00e9ny a Zsolnay K\u00e1v\u00e9h\u00e1zban","datePublished":"2026-03-11T09:16:29+00:00","dateModified":"2026-03-11T09:49:35+00:00","mainEntityOfPage":{"@id":"https:\/\/www.danubiushotels.com\/hu\/mozaik\/sisis-garden-kiralyi-desszertelmeny-a-zsolnay-kavehazban"},"wordCount":376,"image":{"@id":"https:\/\/www.danubiushotels.com\/hu\/mozaik\/sisis-garden-kiralyi-desszertelmeny-a-zsolnay-kavehazban#primaryimage"},"thumbnailUrl":"https:\/\/www.danubiushotels.com\/hu\/mozaik\/wp-content\/uploads\/2026\/03\/Large-sisis_garden_image-47.jpg","articleSection":["Gasztro","H\u00edrek"],"inLanguage":"hu"},{"@type":"WebPage","@id":"https:\/\/www.danubiushotels.com\/hu\/mozaik\/sisis-garden-kiralyi-desszertelmeny-a-zsolnay-kavehazban","url":"https:\/\/www.danubiushotels.com\/hu\/mozaik\/sisis-garden-kiralyi-desszertelmeny-a-zsolnay-kavehazban","name":"Sisi\u2019s Garden \u2013 kir\u00e1lyi desszert\u00e9lm\u00e9ny a Zsolnay K\u00e1v\u00e9h\u00e1zban - Danubius Mozaik","isPartOf":{"@id":"https:\/\/www.danubiushotels.com\/hu\/mozaik\/#website"},"primaryImageOfPage":{"@id":"https:\/\/www.danubiushotels.com\/hu\/mozaik\/sisis-garden-kiralyi-desszertelmeny-a-zsolnay-kavehazban#primaryimage"},"image":{"@id":"https:\/\/www.danubiushotels.com\/hu\/mozaik\/sisis-garden-kiralyi-desszertelmeny-a-zsolnay-kavehazban#primaryimage"},"thumbnailUrl":"https:\/\/www.danubiushotels.com\/hu\/mozaik\/wp-content\/uploads\/2026\/03\/Large-sisis_garden_image-47.jpg","datePublished":"2026-03-11T09:16:29+00:00","dateModified":"2026-03-11T09:49:35+00:00","author":{"@id":"https:\/\/www.danubiushotels.com\/hu\/mozaik\/#\/schema\/person\/14b0b0c2ea10c762d30500b64e1d685d"},"description":"A Radisson Blu B\u00e9ke Hotel legend\u00e1s Zsolnay K\u00e1v\u00e9h\u00e1z\u00e1ban a tavasz bek\u00f6sz\u00f6nt\u00e9vel egyid\u0151ben, megny\u00edlik a Sisi\u2019s Garden, egy romantikus, iboly\u00e1val \u00e9s pasztellsz\u00ednekkel teli vil\u00e1g, amely Erzs\u00e9bet kir\u00e1lyn\u00e9 kifinomult \u00edzl\u00e9s\u00e9t id\u00e9zi meg.","breadcrumb":{"@id":"https:\/\/www.danubiushotels.com\/hu\/mozaik\/sisis-garden-kiralyi-desszertelmeny-a-zsolnay-kavehazban#breadcrumb"},"inLanguage":"hu","potentialAction":[{"@type":"ReadAction","target":["https:\/\/www.danubiushotels.com\/hu\/mozaik\/sisis-garden-kiralyi-desszertelmeny-a-zsolnay-kavehazban"]}]},{"@type":"ImageObject","inLanguage":"hu","@id":"https:\/\/www.danubiushotels.com\/hu\/mozaik\/sisis-garden-kiralyi-desszertelmeny-a-zsolnay-kavehazban#primaryimage","url":"https:\/\/www.danubiushotels.com\/hu\/mozaik\/wp-content\/uploads\/2026\/03\/Large-sisis_garden_image-47.jpg","contentUrl":"https:\/\/www.danubiushotels.com\/hu\/mozaik\/wp-content\/uploads\/2026\/03\/Large-sisis_garden_image-47.jpg","width":1067,"height":1600},{"@type":"BreadcrumbList","@id":"https:\/\/www.danubiushotels.com\/hu\/mozaik\/sisis-garden-kiralyi-desszertelmeny-a-zsolnay-kavehazban#breadcrumb","itemListElement":[{"@type":"ListItem","position":1,"name":"Home","item":"https:\/\/www.danubiushotels.com\/hu\/mozaik\/"},{"@type":"ListItem","position":2,"name":"Sisi\u2019s Garden \u2013 kir\u00e1lyi desszert\u00e9lm\u00e9ny a Zsolnay K\u00e1v\u00e9h\u00e1zban"}]},{"@type":"WebSite","@id":"https:\/\/www.danubiushotels.com\/hu\/mozaik\/#website","url":"https:\/\/www.danubiushotels.com\/hu\/mozaik\/","name":"Danubius Mozaik","description":"Mindig van alkalom a pihen\u00e9sre...","potentialAction":[{"@type":"SearchAction","target":{"@type":"EntryPoint","urlTemplate":"https:\/\/www.danubiushotels.com\/hu\/mozaik\/?s={search_term_string}"},"query-input":{"@type":"PropertyValueSpecification","valueRequired":true,"valueName":"search_term_string"}}],"inLanguage":"hu"},{"@type":"Person","@id":"https:\/\/www.danubiushotels.com\/hu\/mozaik\/#\/schema\/person\/14b0b0c2ea10c762d30500b64e1d685d","name":"Pencz Dorottya","image":{"@type":"ImageObject","inLanguage":"hu","@id":"https:\/\/secure.gravatar.com\/avatar\/4f8d852ffd557188675000c0865dc845f775386e26ee67bd8041eb3d017638fc?s=96&d=mm&r=g","url":"https:\/\/secure.gravatar.com\/avatar\/4f8d852ffd557188675000c0865dc845f775386e26ee67bd8041eb3d017638fc?s=96&d=mm&r=g","contentUrl":"https:\/\/secure.gravatar.com\/avatar\/4f8d852ffd557188675000c0865dc845f775386e26ee67bd8041eb3d017638fc?s=96&d=mm&r=g","caption":"Pencz Dorottya"},"url":"https:\/\/www.danubiushotels.com\/hu\/mozaik\/author\/dorottyapencz"}]}},"_links":{"self":[{"href":"https:\/\/www.danubiushotels.com\/hu\/mozaik\/wp-json\/wp\/v2\/posts\/13356","targetHints":{"allow":["GET"]}}],"collection":[{"href":"https:\/\/www.danubiushotels.com\/hu\/mozaik\/wp-json\/wp\/v2\/posts"}],"about":[{"href":"https:\/\/www.danubiushotels.com\/hu\/mozaik\/wp-json\/wp\/v2\/types\/post"}],"author":[{"embeddable":true,"href":"https:\/\/www.danubiushotels.com\/hu\/mozaik\/wp-json\/wp\/v2\/users\/15"}],"replies":[{"embeddable":true,"href":"https:\/\/www.danubiushotels.com\/hu\/mozaik\/wp-json\/wp\/v2\/comments?post=13356"}],"version-history":[{"count":4,"href":"https:\/\/www.danubiushotels.com\/hu\/mozaik\/wp-json\/wp\/v2\/posts\/13356\/revisions"}],"predecessor-version":[{"id":13366,"href":"https:\/\/www.danubiushotels.com\/hu\/mozaik\/wp-json\/wp\/v2\/posts\/13356\/revisions\/13366"}],"wp:featuredmedia":[{"embeddable":true,"href":"https:\/\/www.danubiushotels.com\/hu\/mozaik\/wp-json\/wp\/v2\/media\/13358"}],"wp:attachment":[{"href":"https:\/\/www.danubiushotels.com\/hu\/mozaik\/wp-json\/wp\/v2\/media?parent=13356"}],"wp:term":[{"taxonomy":"category","embeddable":true,"href":"https:\/\/www.danubiushotels.com\/hu\/mozaik\/wp-json\/wp\/v2\/categories?post=13356"},{"taxonomy":"post_tag","embeddable":true,"href":"https:\/\/www.danubiushotels.com\/hu\/mozaik\/wp-json\/wp\/v2\/tags?post=13356"}],"curies":[{"name":"wp","href":"https:\/\/api.w.org\/{rel}","templated":true}]}}