{"id":13365,"date":"2026-03-11T11:16:30","date_gmt":"2026-03-11T10:16:30","guid":{"rendered":"https:\/\/www.danubiushotels.com\/hu\/mozaik\/?p=13365"},"modified":"2026-03-11T11:16:30","modified_gmt":"2026-03-11T10:16:30","slug":"csapatepites-bukfurdo-balaton","status":"publish","type":"post","link":"https:\/\/www.danubiushotels.com\/hu\/mozaik\/csapatepites-bukfurdo-balaton","title":{"rendered":"Csapat\u00e9p\u00edt\u00e9s B\u00fck\u00f6n \u00e9s a Balaton partj\u00e1n \u2013 \u00e9lm\u00e9nyek, amelyek \u00f6sszehozz\u00e1k a csapatot"},"content":{"rendered":"<p><span data-contrast=\"auto\">A tavaszi \u00e9s kora ny\u00e1ri id\u0151szak ide\u00e1lis alkalom arra, hogy a <strong>munkahelyi csapatok kil\u00e9pjenek a megszokott k\u00f6rnyezetb\u0151l<\/strong>, \u00e9s \u00faj \u00e9lm\u00e9nyekkel gazdagodjanak. A Danubius Hotels k\u00e9t k\u00fcl\u00f6nleges, <strong>all inclusive helysz\u00ednt<\/strong> k\u00edn\u00e1l ehhez: a <\/span><b><span data-contrast=\"auto\"><a href=\"https:\/\/www.danubiushotels.com\/hu\/szallodak-bukfurdo\/danubius-hotel-buk\/rendezveny\" target=\"_blank\" rel=\"noopener\">Danubius Hotel B\u00fck\u00f6t,<\/a><\/span><\/b> B\u00fckf\u00fcrd\u0151n<span data-contrast=\"auto\">\u00a0\u00e9s a\u00a0<\/span><a href=\"https:\/\/www.danubiushotels.com\/hu\/szallodak-balatonfured\/hotel-marina\" target=\"_blank\" rel=\"noopener\"><b><span data-contrast=\"auto\">Danubius Hotel Marin\u00e1t<\/span><\/b><\/a>, Balatonf\u00fcreden.<\/p>\n<p><b><span data-contrast=\"auto\">B\u00fcki sz\u00e1llod\u00e1nkban<\/span><\/b><span data-contrast=\"auto\">\u00a0a k\u00f6zelm\u00faltban t\u00f6bb ter\u00fclet is meg\u00fajult: moderniz\u00e1lt \u00e9tterem, friss hangulat\u00fa lobby, valamint meg\u00fajult bels\u0151 medencet\u00e9r \u00e9s szaunavil\u00e1g v\u00e1rja a vend\u00e9geket. A <a href=\"https:\/\/www.danubiushotels.com\/hu\/szallodak-bukfurdo\/danubius-hotel-buk\/wellness\" target=\"_blank\" rel=\"noopener\">wellness- \u00e9s sportlehet\u0151s\u00e9gek<\/a>, valamint a t\u00e1gas k\u00f6z\u00f6ss\u00e9gi terek ide\u00e1lis h\u00e1tteret biztos\u00edtanak akt\u00edv csapat\u00e9p\u00edt\u0151 programokhoz, tr\u00e9ningekhez vagy ak\u00e1r t\u00f6bbnapos v\u00e1llalati rendezv\u00e9nyekhez.<\/span><span data-ccp-props=\"{&quot;134233117&quot;:false,&quot;134233118&quot;:false,&quot;335551550&quot;:6,&quot;335551620&quot;:6,&quot;335559738&quot;:240,&quot;335559739&quot;:240}\">\u00a0<\/span><\/p>\n\n\t\t<style type=\"text\/css\">\n\t\t\t#gallery-1 {\n\t\t\t\tmargin: auto;\n\t\t\t}\n\t\t\t#gallery-1 .gallery-item {\n\t\t\t\tfloat: left;\n\t\t\t\tmargin-top: 10px;\n\t\t\t\ttext-align: center;\n\t\t\t\twidth: 33%;\n\t\t\t}\n\t\t\t#gallery-1 img {\n\t\t\t\tborder: 2px solid #cfcfcf;\n\t\t\t}\n\t\t\t#gallery-1 .gallery-caption {\n\t\t\t\tmargin-left: 0;\n\t\t\t}\n\t\t\t\/* see gallery_shortcode() in wp-includes\/media.php *\/\n\t\t<\/style>\n\t\t<div id='gallery-1' class='gallery galleryid-13365 gallery-columns-3 gallery-size-large'><dl class='gallery-item'>\n\t\t\t<dt class='gallery-icon landscape'>\n\t\t\t\t<img loading=\"lazy\" decoding=\"async\" width=\"1024\" height=\"683\" src=\"https:\/\/www.danubiushotels.com\/hu\/mozaik\/wp-content\/uploads\/2026\/03\/Medium-DH_Buk_lobby-005-1024x683.jpg\" class=\"attachment-large size-large\" alt=\"\" srcset=\"https:\/\/www.danubiushotels.com\/hu\/mozaik\/wp-content\/uploads\/2026\/03\/Medium-DH_Buk_lobby-005-1024x683.jpg 1024w, https:\/\/www.danubiushotels.com\/hu\/mozaik\/wp-content\/uploads\/2026\/03\/Medium-DH_Buk_lobby-005-980x653.jpg 980w, https:\/\/www.danubiushotels.com\/hu\/mozaik\/wp-content\/uploads\/2026\/03\/Medium-DH_Buk_lobby-005-480x320.jpg 480w\" sizes=\"(min-width: 0px) and (max-width: 480px) 480px, (min-width: 481px) and (max-width: 980px) 980px, (min-width: 981px) 1024px, 100vw\" \/>\n\t\t\t<\/dt><\/dl><dl class='gallery-item'>\n\t\t\t<dt class='gallery-icon landscape'>\n\t\t\t\t<img loading=\"lazy\" decoding=\"async\" width=\"1024\" height=\"683\" src=\"https:\/\/www.danubiushotels.com\/hu\/mozaik\/wp-content\/uploads\/2026\/03\/Medium-Buk_medence_ter-021-1024x683.jpg\" class=\"attachment-large size-large\" alt=\"\" srcset=\"https:\/\/www.danubiushotels.com\/hu\/mozaik\/wp-content\/uploads\/2026\/03\/Medium-Buk_medence_ter-021-1024x683.jpg 1024w, https:\/\/www.danubiushotels.com\/hu\/mozaik\/wp-content\/uploads\/2026\/03\/Medium-Buk_medence_ter-021-980x653.jpg 980w, https:\/\/www.danubiushotels.com\/hu\/mozaik\/wp-content\/uploads\/2026\/03\/Medium-Buk_medence_ter-021-480x320.jpg 480w\" sizes=\"(min-width: 0px) and (max-width: 480px) 480px, (min-width: 481px) and (max-width: 980px) 980px, (min-width: 981px) 1024px, 100vw\" \/>\n\t\t\t<\/dt><\/dl><dl class='gallery-item'>\n\t\t\t<dt class='gallery-icon landscape'>\n\t\t\t\t<img loading=\"lazy\" decoding=\"async\" width=\"1024\" height=\"683\" src=\"https:\/\/www.danubiushotels.com\/hu\/mozaik\/wp-content\/uploads\/2026\/03\/Medium-DH_Buk_drink_bar-002-1024x683.jpg\" class=\"attachment-large size-large\" alt=\"\" srcset=\"https:\/\/www.danubiushotels.com\/hu\/mozaik\/wp-content\/uploads\/2026\/03\/Medium-DH_Buk_drink_bar-002-1024x683.jpg 1024w, https:\/\/www.danubiushotels.com\/hu\/mozaik\/wp-content\/uploads\/2026\/03\/Medium-DH_Buk_drink_bar-002-980x653.jpg 980w, https:\/\/www.danubiushotels.com\/hu\/mozaik\/wp-content\/uploads\/2026\/03\/Medium-DH_Buk_drink_bar-002-480x320.jpg 480w\" sizes=\"(min-width: 0px) and (max-width: 480px) 480px, (min-width: 481px) and (max-width: 980px) 980px, (min-width: 981px) 1024px, 100vw\" \/>\n\t\t\t<\/dt><\/dl><br style=\"clear: both\" \/>\n\t\t<\/div>\n\n<p><span data-contrast=\"auto\"><strong>\u00c1prilis k\u00f6zep\u00e9t\u0151l pedig \u00faj szabadt\u00e9ri \u00e9lm\u00e9nyek is v\u00e1rj\u00e1k a csapatokat:<\/strong> meg\u00fajul a terasz, valamint megny\u00edl<\/span><span data-contrast=\"auto\">ik a\u00a0kerti\u00a0pizz\u00e1z\u00f3, aho<\/span><span data-contrast=\"auto\">l frissen s\u00fct\u00f6tt pizz\u00e1kkal eg\u00e9sz\u00edthetik ki a k\u00f6z\u00f6s programokat. Egy tavaszi vagy ny\u00e1ri csapat\u00e9p\u00edt\u00e9s sor\u00e1n \u00edgy ak\u00e1r a teraszon, a szabad leveg\u0151n is \u00e9lvezhetik a k\u00f6z\u00f6s \u00e9tkez\u00e9seket.<\/span><span data-ccp-props=\"{&quot;134233117&quot;:false,&quot;134233118&quot;:false,&quot;335551550&quot;:6,&quot;335551620&quot;:6,&quot;335559738&quot;:240,&quot;335559739&quot;:240}\">\u00a0<\/span><\/p>\n<p style=\"text-align: center;\"><a href='https:\/\/www.danubiushotels.com\/hu\/szallodak-bukfurdo\/danubius-hotel-buk\/rendezveny' class='small-button smallblue'>\u00c9rdekel<\/a><\/p>\n\n\t\t<style type=\"text\/css\">\n\t\t\t#gallery-2 {\n\t\t\t\tmargin: auto;\n\t\t\t}\n\t\t\t#gallery-2 .gallery-item {\n\t\t\t\tfloat: left;\n\t\t\t\tmargin-top: 10px;\n\t\t\t\ttext-align: center;\n\t\t\t\twidth: 50%;\n\t\t\t}\n\t\t\t#gallery-2 img {\n\t\t\t\tborder: 2px solid #cfcfcf;\n\t\t\t}\n\t\t\t#gallery-2 .gallery-caption {\n\t\t\t\tmargin-left: 0;\n\t\t\t}\n\t\t\t\/* see gallery_shortcode() in wp-includes\/media.php *\/\n\t\t<\/style>\n\t\t<div id='gallery-2' class='gallery galleryid-13365 gallery-columns-2 gallery-size-large'><dl class='gallery-item'>\n\t\t\t<dt class='gallery-icon landscape'>\n\t\t\t\t<img loading=\"lazy\" decoding=\"async\" width=\"1024\" height=\"683\" src=\"https:\/\/www.danubiushotels.com\/hu\/mozaik\/wp-content\/uploads\/2026\/03\/Medium-DH_annabella_brandfoto_2023_bicikli_1_online_S-1024x683.jpg\" class=\"attachment-large size-large\" alt=\"\" srcset=\"https:\/\/www.danubiushotels.com\/hu\/mozaik\/wp-content\/uploads\/2026\/03\/Medium-DH_annabella_brandfoto_2023_bicikli_1_online_S-1024x683.jpg 1024w, https:\/\/www.danubiushotels.com\/hu\/mozaik\/wp-content\/uploads\/2026\/03\/Medium-DH_annabella_brandfoto_2023_bicikli_1_online_S-980x653.jpg 980w, https:\/\/www.danubiushotels.com\/hu\/mozaik\/wp-content\/uploads\/2026\/03\/Medium-DH_annabella_brandfoto_2023_bicikli_1_online_S-480x320.jpg 480w\" sizes=\"(min-width: 0px) and (max-width: 480px) 480px, (min-width: 481px) and (max-width: 980px) 980px, (min-width: 981px) 1024px, 100vw\" \/>\n\t\t\t<\/dt><\/dl><dl class='gallery-item'>\n\t\t\t<dt class='gallery-icon landscape'>\n\t\t\t\t<img loading=\"lazy\" decoding=\"async\" width=\"1024\" height=\"683\" src=\"https:\/\/www.danubiushotels.com\/hu\/mozaik\/wp-content\/uploads\/2026\/03\/Medium-DH_marina_brandfoto_2023_balaton_18_online_S-1024x683.jpg\" class=\"attachment-large size-large\" alt=\"\" srcset=\"https:\/\/www.danubiushotels.com\/hu\/mozaik\/wp-content\/uploads\/2026\/03\/Medium-DH_marina_brandfoto_2023_balaton_18_online_S-1024x683.jpg 1024w, https:\/\/www.danubiushotels.com\/hu\/mozaik\/wp-content\/uploads\/2026\/03\/Medium-DH_marina_brandfoto_2023_balaton_18_online_S-980x653.jpg 980w, https:\/\/www.danubiushotels.com\/hu\/mozaik\/wp-content\/uploads\/2026\/03\/Medium-DH_marina_brandfoto_2023_balaton_18_online_S-480x320.jpg 480w\" sizes=\"(min-width: 0px) and (max-width: 480px) 480px, (min-width: 481px) and (max-width: 980px) 980px, (min-width: 981px) 1024px, 100vw\" \/>\n\t\t\t<\/dt><\/dl><br style=\"clear: both\" \/>\n\t\t<\/div>\n\n<p style=\"text-align: left;\"><span data-contrast=\"auto\">Balatonf\u00fcreden, a\u00a0<\/span><a href=\"https:\/\/www.danubiushotels.com\/hu\/szallodak-balatonfured\/hotel-marina\/rendezveny\" target=\"_blank\" rel=\"noopener\"><b><span data-contrast=\"auto\">Danubius Hotel Marin\u00e1ban<\/span><\/b><\/a><span data-contrast=\"auto\">\u00a0a Balaton k\u00f6zels\u00e9ge ad k\u00fcl\u00f6nleges hangulatot a k\u00f6z\u00f6s programoknak. A v\u00edzparti k\u00f6rnyezet, a saj\u00e1t strand \u00e9s a szabadt\u00e9ri lehet\u0151s\u00e9gek \u2013 p\u00e9ld\u00e1ul sportos vagy j\u00e1t\u00e9kos csapat\u00e9p\u00edt\u0151 aktivit\u00e1sok \u2013 seg\u00edtenek abban, hogy a koll\u00e9g\u00e1k val\u00f3ban kikapcsol\u00f3djanak, \u00e9s \u00faj energi\u00e1val t\u00e9rjenek vissza a mindennapokba.<\/span><span data-ccp-props=\"{&quot;335551550&quot;:6,&quot;335551620&quot;:6,&quot;335559738&quot;:240,&quot;335559739&quot;:240}\"><\/p>\n<p><\/span><\/p>\n<p style=\"text-align: center;\"><a href='https:\/\/www.danubiushotels.com\/hu\/szallodak-balatonfured\/hotel-marina\/rendezveny' class='small-button smallblue'>Rendezv\u00e9nyt foglalok<\/a><\/p>\n<p data-ccp-border-bottom=\"2px solid #000000\" data-ccp-padding-bottom=\"1.3333333333333333px\"><span data-contrast=\"auto\">Ak\u00e1r akt\u00edv programokr\u00f3l, ak\u00e1r inspir\u00e1l\u00f3 meetingekr\u0151l vagy laz\u00e1bb k\u00f6z\u00f6s \u00e9lm\u00e9nyekr\u0151l van sz\u00f3, ezek a helysz\u00ednek ide\u00e1lis h\u00e1tteret k\u00edn\u00e1lnak a csapatok sz\u00e1m\u00e1ra.<\/span><span data-ccp-props=\"{&quot;335551550&quot;:6,&quot;335551620&quot;:6,&quot;335559738&quot;:240,&quot;335559739&quot;:240,&quot;335572079&quot;:12,&quot;335572080&quot;:1,&quot;335572081&quot;:0,&quot;469789806&quot;:&quot;single&quot;}\">\u00a0<\/span><\/p>\n","protected":false},"excerpt":{"rendered":"<p>A tavaszi \u00e9s kora ny\u00e1ri id\u0151szak ide\u00e1lis alkalom arra, hogy a munkahelyi csapatok kil\u00e9pjenek a megszokott k\u00f6rnyezetb\u0151l, \u00e9s \u00faj \u00e9lm\u00e9nyekkel gazdagodjanak. A Danubius Hotels k\u00e9t k\u00fcl\u00f6nleges, all inclusive helysz\u00ednt k\u00edn\u00e1l ehhez: a Danubius Hotel B\u00fck\u00f6t, B\u00fckf\u00fcrd\u0151n\u00a0\u00e9s a\u00a0Danubius Hotel Marin\u00e1t, Balatonf\u00fcreden. B\u00fcki sz\u00e1llod\u00e1nkban\u00a0a k\u00f6zelm\u00faltban t\u00f6bb ter\u00fclet is meg\u00fajult: moderniz\u00e1lt \u00e9tterem, friss hangulat\u00fa lobby, valamint meg\u00fajult bels\u0151 [&hellip;]<\/p>\n","protected":false},"author":15,"featured_media":13369,"comment_status":"closed","ping_status":"open","sticky":false,"template":"","format":"standard","meta":{"_acf_changed":false,"_et_pb_use_builder":"","_et_pb_old_content":"","_et_gb_content_width":"","inline_featured_image":false,"footnotes":""},"categories":[1178,1175],"tags":[],"class_list":["post-13365","post","type-post","status-publish","format-standard","has-post-thumbnail","hentry","category-csapatepites","category-szallodavilag"],"acf":[],"yoast_head":"<!-- This site is optimized with the Yoast SEO plugin v27.4 - https:\/\/yoast.com\/product\/yoast-seo-wordpress\/ -->\n<title>Csapat\u00e9p\u00edt\u00e9s B\u00fck\u00f6n \u00e9s a Balaton partj\u00e1n \u2013 \u00e9lm\u00e9nyek, amelyek \u00f6sszehozz\u00e1k a csapatot - Danubius Mozaik<\/title>\n<meta name=\"description\" content=\"A tavaszi \u00e9s kora ny\u00e1ri csapat\u00e9p\u00edt\u00e9sekhez a Danubius k\u00e9t t\u00f6k\u00e9letes helysz\u00ednt k\u00edn\u00e1l: B\u00fckf\u00fcrd\u0151t \u00e9s Balatonf\u00fcredet!\" \/>\n<meta name=\"robots\" content=\"noindex, follow, max-snippet:-1, max-image-preview:large, max-video-preview:-1\" \/>\n<meta property=\"og:locale\" content=\"hu_HU\" \/>\n<meta property=\"og:type\" content=\"article\" \/>\n<meta property=\"og:title\" content=\"Csapat\u00e9p\u00edt\u00e9s B\u00fck\u00f6n \u00e9s a Balaton partj\u00e1n \u2013 \u00e9lm\u00e9nyek, amelyek \u00f6sszehozz\u00e1k a csapatot - Danubius Mozaik\" \/>\n<meta property=\"og:description\" content=\"A tavaszi \u00e9s kora ny\u00e1ri csapat\u00e9p\u00edt\u00e9sekhez a Danubius k\u00e9t t\u00f6k\u00e9letes helysz\u00ednt k\u00edn\u00e1l: B\u00fckf\u00fcrd\u0151t \u00e9s Balatonf\u00fcredet!\" \/>\n<meta property=\"og:url\" content=\"https:\/\/www.danubiushotels.com\/hu\/mozaik\/csapatepites-bukfurdo-balaton\" \/>\n<meta property=\"og:site_name\" content=\"Danubius Mozaik\" \/>\n<meta property=\"article:published_time\" content=\"2026-03-11T10:16:30+00:00\" \/>\n<meta property=\"og:image\" content=\"https:\/\/www.danubiushotels.com\/hu\/mozaik\/wp-content\/uploads\/2026\/03\/Medium-DH_balaton_offseason_brandfoto_2024_online-16.jpg\" \/>\n\t<meta property=\"og:image:width\" content=\"1200\" \/>\n\t<meta property=\"og:image:height\" content=\"800\" \/>\n\t<meta property=\"og:image:type\" content=\"image\/jpeg\" \/>\n<meta name=\"author\" content=\"Pencz Dorottya\" \/>\n<meta name=\"twitter:card\" content=\"summary_large_image\" \/>\n<meta name=\"twitter:label1\" content=\"Szerz\u0151:\" \/>\n\t<meta name=\"twitter:data1\" content=\"Pencz Dorottya\" \/>\n\t<meta name=\"twitter:label2\" content=\"Becs\u00fclt olvas\u00e1si id\u0151\" \/>\n\t<meta name=\"twitter:data2\" content=\"2 perc\" \/>\n<script type=\"application\/ld+json\" class=\"yoast-schema-graph\">{\"@context\":\"https:\\\/\\\/schema.org\",\"@graph\":[{\"@type\":\"Article\",\"@id\":\"https:\\\/\\\/www.danubiushotels.com\\\/hu\\\/mozaik\\\/csapatepites-bukfurdo-balaton#article\",\"isPartOf\":{\"@id\":\"https:\\\/\\\/www.danubiushotels.com\\\/hu\\\/mozaik\\\/csapatepites-bukfurdo-balaton\"},\"author\":{\"name\":\"Pencz Dorottya\",\"@id\":\"https:\\\/\\\/www.danubiushotels.com\\\/hu\\\/mozaik\\\/#\\\/schema\\\/person\\\/14b0b0c2ea10c762d30500b64e1d685d\"},\"headline\":\"Csapat\u00e9p\u00edt\u00e9s B\u00fck\u00f6n \u00e9s a Balaton partj\u00e1n \u2013 \u00e9lm\u00e9nyek, amelyek \u00f6sszehozz\u00e1k a csapatot\",\"datePublished\":\"2026-03-11T10:16:30+00:00\",\"mainEntityOfPage\":{\"@id\":\"https:\\\/\\\/www.danubiushotels.com\\\/hu\\\/mozaik\\\/csapatepites-bukfurdo-balaton\"},\"wordCount\":379,\"image\":{\"@id\":\"https:\\\/\\\/www.danubiushotels.com\\\/hu\\\/mozaik\\\/csapatepites-bukfurdo-balaton#primaryimage\"},\"thumbnailUrl\":\"https:\\\/\\\/www.danubiushotels.com\\\/hu\\\/mozaik\\\/wp-content\\\/uploads\\\/2026\\\/03\\\/Medium-DH_balaton_offseason_brandfoto_2024_online-16.jpg\",\"articleSection\":[\"Csapat\u00e9p\u00edt\u00e9s\",\"Sz\u00e1llodavil\u00e1g\"],\"inLanguage\":\"hu\"},{\"@type\":\"WebPage\",\"@id\":\"https:\\\/\\\/www.danubiushotels.com\\\/hu\\\/mozaik\\\/csapatepites-bukfurdo-balaton\",\"url\":\"https:\\\/\\\/www.danubiushotels.com\\\/hu\\\/mozaik\\\/csapatepites-bukfurdo-balaton\",\"name\":\"Csapat\u00e9p\u00edt\u00e9s B\u00fck\u00f6n \u00e9s a Balaton partj\u00e1n \u2013 \u00e9lm\u00e9nyek, amelyek \u00f6sszehozz\u00e1k a csapatot - Danubius Mozaik\",\"isPartOf\":{\"@id\":\"https:\\\/\\\/www.danubiushotels.com\\\/hu\\\/mozaik\\\/#website\"},\"primaryImageOfPage\":{\"@id\":\"https:\\\/\\\/www.danubiushotels.com\\\/hu\\\/mozaik\\\/csapatepites-bukfurdo-balaton#primaryimage\"},\"image\":{\"@id\":\"https:\\\/\\\/www.danubiushotels.com\\\/hu\\\/mozaik\\\/csapatepites-bukfurdo-balaton#primaryimage\"},\"thumbnailUrl\":\"https:\\\/\\\/www.danubiushotels.com\\\/hu\\\/mozaik\\\/wp-content\\\/uploads\\\/2026\\\/03\\\/Medium-DH_balaton_offseason_brandfoto_2024_online-16.jpg\",\"datePublished\":\"2026-03-11T10:16:30+00:00\",\"author\":{\"@id\":\"https:\\\/\\\/www.danubiushotels.com\\\/hu\\\/mozaik\\\/#\\\/schema\\\/person\\\/14b0b0c2ea10c762d30500b64e1d685d\"},\"description\":\"A tavaszi \u00e9s kora ny\u00e1ri csapat\u00e9p\u00edt\u00e9sekhez a Danubius k\u00e9t t\u00f6k\u00e9letes helysz\u00ednt k\u00edn\u00e1l: B\u00fckf\u00fcrd\u0151t \u00e9s Balatonf\u00fcredet!\",\"breadcrumb\":{\"@id\":\"https:\\\/\\\/www.danubiushotels.com\\\/hu\\\/mozaik\\\/csapatepites-bukfurdo-balaton#breadcrumb\"},\"inLanguage\":\"hu\",\"potentialAction\":[{\"@type\":\"ReadAction\",\"target\":[\"https:\\\/\\\/www.danubiushotels.com\\\/hu\\\/mozaik\\\/csapatepites-bukfurdo-balaton\"]}]},{\"@type\":\"ImageObject\",\"inLanguage\":\"hu\",\"@id\":\"https:\\\/\\\/www.danubiushotels.com\\\/hu\\\/mozaik\\\/csapatepites-bukfurdo-balaton#primaryimage\",\"url\":\"https:\\\/\\\/www.danubiushotels.com\\\/hu\\\/mozaik\\\/wp-content\\\/uploads\\\/2026\\\/03\\\/Medium-DH_balaton_offseason_brandfoto_2024_online-16.jpg\",\"contentUrl\":\"https:\\\/\\\/www.danubiushotels.com\\\/hu\\\/mozaik\\\/wp-content\\\/uploads\\\/2026\\\/03\\\/Medium-DH_balaton_offseason_brandfoto_2024_online-16.jpg\",\"width\":1200,\"height\":800},{\"@type\":\"BreadcrumbList\",\"@id\":\"https:\\\/\\\/www.danubiushotels.com\\\/hu\\\/mozaik\\\/csapatepites-bukfurdo-balaton#breadcrumb\",\"itemListElement\":[{\"@type\":\"ListItem\",\"position\":1,\"name\":\"Home\",\"item\":\"https:\\\/\\\/www.danubiushotels.com\\\/hu\\\/mozaik\\\/\"},{\"@type\":\"ListItem\",\"position\":2,\"name\":\"Csapat\u00e9p\u00edt\u00e9s B\u00fck\u00f6n \u00e9s a Balaton partj\u00e1n \u2013 \u00e9lm\u00e9nyek, amelyek \u00f6sszehozz\u00e1k a csapatot\"}]},{\"@type\":\"WebSite\",\"@id\":\"https:\\\/\\\/www.danubiushotels.com\\\/hu\\\/mozaik\\\/#website\",\"url\":\"https:\\\/\\\/www.danubiushotels.com\\\/hu\\\/mozaik\\\/\",\"name\":\"Danubius Mozaik\",\"description\":\"Mindig van alkalom a pihen\u00e9sre...\",\"potentialAction\":[{\"@type\":\"SearchAction\",\"target\":{\"@type\":\"EntryPoint\",\"urlTemplate\":\"https:\\\/\\\/www.danubiushotels.com\\\/hu\\\/mozaik\\\/?s={search_term_string}\"},\"query-input\":{\"@type\":\"PropertyValueSpecification\",\"valueRequired\":true,\"valueName\":\"search_term_string\"}}],\"inLanguage\":\"hu\"},{\"@type\":\"Person\",\"@id\":\"https:\\\/\\\/www.danubiushotels.com\\\/hu\\\/mozaik\\\/#\\\/schema\\\/person\\\/14b0b0c2ea10c762d30500b64e1d685d\",\"name\":\"Pencz Dorottya\",\"image\":{\"@type\":\"ImageObject\",\"inLanguage\":\"hu\",\"@id\":\"https:\\\/\\\/secure.gravatar.com\\\/avatar\\\/4f8d852ffd557188675000c0865dc845f775386e26ee67bd8041eb3d017638fc?s=96&d=mm&r=g\",\"url\":\"https:\\\/\\\/secure.gravatar.com\\\/avatar\\\/4f8d852ffd557188675000c0865dc845f775386e26ee67bd8041eb3d017638fc?s=96&d=mm&r=g\",\"contentUrl\":\"https:\\\/\\\/secure.gravatar.com\\\/avatar\\\/4f8d852ffd557188675000c0865dc845f775386e26ee67bd8041eb3d017638fc?s=96&d=mm&r=g\",\"caption\":\"Pencz Dorottya\"},\"url\":\"https:\\\/\\\/www.danubiushotels.com\\\/hu\\\/mozaik\\\/author\\\/dorottyapencz\"}]}<\/script>\n<!-- \/ Yoast SEO plugin. -->","yoast_head_json":{"title":"Csapat\u00e9p\u00edt\u00e9s B\u00fck\u00f6n \u00e9s a Balaton partj\u00e1n \u2013 \u00e9lm\u00e9nyek, amelyek \u00f6sszehozz\u00e1k a csapatot - Danubius Mozaik","description":"A tavaszi \u00e9s kora ny\u00e1ri csapat\u00e9p\u00edt\u00e9sekhez a Danubius k\u00e9t t\u00f6k\u00e9letes helysz\u00ednt k\u00edn\u00e1l: B\u00fckf\u00fcrd\u0151t \u00e9s Balatonf\u00fcredet!","robots":{"index":"noindex","follow":"follow","max-snippet":"max-snippet:-1","max-image-preview":"max-image-preview:large","max-video-preview":"max-video-preview:-1"},"og_locale":"hu_HU","og_type":"article","og_title":"Csapat\u00e9p\u00edt\u00e9s B\u00fck\u00f6n \u00e9s a Balaton partj\u00e1n \u2013 \u00e9lm\u00e9nyek, amelyek \u00f6sszehozz\u00e1k a csapatot - Danubius Mozaik","og_description":"A tavaszi \u00e9s kora ny\u00e1ri csapat\u00e9p\u00edt\u00e9sekhez a Danubius k\u00e9t t\u00f6k\u00e9letes helysz\u00ednt k\u00edn\u00e1l: B\u00fckf\u00fcrd\u0151t \u00e9s Balatonf\u00fcredet!","og_url":"https:\/\/www.danubiushotels.com\/hu\/mozaik\/csapatepites-bukfurdo-balaton","og_site_name":"Danubius Mozaik","article_published_time":"2026-03-11T10:16:30+00:00","og_image":[{"width":1200,"height":800,"url":"https:\/\/www.danubiushotels.com\/hu\/mozaik\/wp-content\/uploads\/2026\/03\/Medium-DH_balaton_offseason_brandfoto_2024_online-16.jpg","type":"image\/jpeg"}],"author":"Pencz Dorottya","twitter_card":"summary_large_image","twitter_misc":{"Szerz\u0151:":"Pencz Dorottya","Becs\u00fclt olvas\u00e1si id\u0151":"2 perc"},"schema":{"@context":"https:\/\/schema.org","@graph":[{"@type":"Article","@id":"https:\/\/www.danubiushotels.com\/hu\/mozaik\/csapatepites-bukfurdo-balaton#article","isPartOf":{"@id":"https:\/\/www.danubiushotels.com\/hu\/mozaik\/csapatepites-bukfurdo-balaton"},"author":{"name":"Pencz Dorottya","@id":"https:\/\/www.danubiushotels.com\/hu\/mozaik\/#\/schema\/person\/14b0b0c2ea10c762d30500b64e1d685d"},"headline":"Csapat\u00e9p\u00edt\u00e9s B\u00fck\u00f6n \u00e9s a Balaton partj\u00e1n \u2013 \u00e9lm\u00e9nyek, amelyek \u00f6sszehozz\u00e1k a csapatot","datePublished":"2026-03-11T10:16:30+00:00","mainEntityOfPage":{"@id":"https:\/\/www.danubiushotels.com\/hu\/mozaik\/csapatepites-bukfurdo-balaton"},"wordCount":379,"image":{"@id":"https:\/\/www.danubiushotels.com\/hu\/mozaik\/csapatepites-bukfurdo-balaton#primaryimage"},"thumbnailUrl":"https:\/\/www.danubiushotels.com\/hu\/mozaik\/wp-content\/uploads\/2026\/03\/Medium-DH_balaton_offseason_brandfoto_2024_online-16.jpg","articleSection":["Csapat\u00e9p\u00edt\u00e9s","Sz\u00e1llodavil\u00e1g"],"inLanguage":"hu"},{"@type":"WebPage","@id":"https:\/\/www.danubiushotels.com\/hu\/mozaik\/csapatepites-bukfurdo-balaton","url":"https:\/\/www.danubiushotels.com\/hu\/mozaik\/csapatepites-bukfurdo-balaton","name":"Csapat\u00e9p\u00edt\u00e9s B\u00fck\u00f6n \u00e9s a Balaton partj\u00e1n \u2013 \u00e9lm\u00e9nyek, amelyek \u00f6sszehozz\u00e1k a csapatot - Danubius Mozaik","isPartOf":{"@id":"https:\/\/www.danubiushotels.com\/hu\/mozaik\/#website"},"primaryImageOfPage":{"@id":"https:\/\/www.danubiushotels.com\/hu\/mozaik\/csapatepites-bukfurdo-balaton#primaryimage"},"image":{"@id":"https:\/\/www.danubiushotels.com\/hu\/mozaik\/csapatepites-bukfurdo-balaton#primaryimage"},"thumbnailUrl":"https:\/\/www.danubiushotels.com\/hu\/mozaik\/wp-content\/uploads\/2026\/03\/Medium-DH_balaton_offseason_brandfoto_2024_online-16.jpg","datePublished":"2026-03-11T10:16:30+00:00","author":{"@id":"https:\/\/www.danubiushotels.com\/hu\/mozaik\/#\/schema\/person\/14b0b0c2ea10c762d30500b64e1d685d"},"description":"A tavaszi \u00e9s kora ny\u00e1ri csapat\u00e9p\u00edt\u00e9sekhez a Danubius k\u00e9t t\u00f6k\u00e9letes helysz\u00ednt k\u00edn\u00e1l: B\u00fckf\u00fcrd\u0151t \u00e9s Balatonf\u00fcredet!","breadcrumb":{"@id":"https:\/\/www.danubiushotels.com\/hu\/mozaik\/csapatepites-bukfurdo-balaton#breadcrumb"},"inLanguage":"hu","potentialAction":[{"@type":"ReadAction","target":["https:\/\/www.danubiushotels.com\/hu\/mozaik\/csapatepites-bukfurdo-balaton"]}]},{"@type":"ImageObject","inLanguage":"hu","@id":"https:\/\/www.danubiushotels.com\/hu\/mozaik\/csapatepites-bukfurdo-balaton#primaryimage","url":"https:\/\/www.danubiushotels.com\/hu\/mozaik\/wp-content\/uploads\/2026\/03\/Medium-DH_balaton_offseason_brandfoto_2024_online-16.jpg","contentUrl":"https:\/\/www.danubiushotels.com\/hu\/mozaik\/wp-content\/uploads\/2026\/03\/Medium-DH_balaton_offseason_brandfoto_2024_online-16.jpg","width":1200,"height":800},{"@type":"BreadcrumbList","@id":"https:\/\/www.danubiushotels.com\/hu\/mozaik\/csapatepites-bukfurdo-balaton#breadcrumb","itemListElement":[{"@type":"ListItem","position":1,"name":"Home","item":"https:\/\/www.danubiushotels.com\/hu\/mozaik\/"},{"@type":"ListItem","position":2,"name":"Csapat\u00e9p\u00edt\u00e9s B\u00fck\u00f6n \u00e9s a Balaton partj\u00e1n \u2013 \u00e9lm\u00e9nyek, amelyek \u00f6sszehozz\u00e1k a csapatot"}]},{"@type":"WebSite","@id":"https:\/\/www.danubiushotels.com\/hu\/mozaik\/#website","url":"https:\/\/www.danubiushotels.com\/hu\/mozaik\/","name":"Danubius Mozaik","description":"Mindig van alkalom a pihen\u00e9sre...","potentialAction":[{"@type":"SearchAction","target":{"@type":"EntryPoint","urlTemplate":"https:\/\/www.danubiushotels.com\/hu\/mozaik\/?s={search_term_string}"},"query-input":{"@type":"PropertyValueSpecification","valueRequired":true,"valueName":"search_term_string"}}],"inLanguage":"hu"},{"@type":"Person","@id":"https:\/\/www.danubiushotels.com\/hu\/mozaik\/#\/schema\/person\/14b0b0c2ea10c762d30500b64e1d685d","name":"Pencz Dorottya","image":{"@type":"ImageObject","inLanguage":"hu","@id":"https:\/\/secure.gravatar.com\/avatar\/4f8d852ffd557188675000c0865dc845f775386e26ee67bd8041eb3d017638fc?s=96&d=mm&r=g","url":"https:\/\/secure.gravatar.com\/avatar\/4f8d852ffd557188675000c0865dc845f775386e26ee67bd8041eb3d017638fc?s=96&d=mm&r=g","contentUrl":"https:\/\/secure.gravatar.com\/avatar\/4f8d852ffd557188675000c0865dc845f775386e26ee67bd8041eb3d017638fc?s=96&d=mm&r=g","caption":"Pencz Dorottya"},"url":"https:\/\/www.danubiushotels.com\/hu\/mozaik\/author\/dorottyapencz"}]}},"_links":{"self":[{"href":"https:\/\/www.danubiushotels.com\/hu\/mozaik\/wp-json\/wp\/v2\/posts\/13365","targetHints":{"allow":["GET"]}}],"collection":[{"href":"https:\/\/www.danubiushotels.com\/hu\/mozaik\/wp-json\/wp\/v2\/posts"}],"about":[{"href":"https:\/\/www.danubiushotels.com\/hu\/mozaik\/wp-json\/wp\/v2\/types\/post"}],"author":[{"embeddable":true,"href":"https:\/\/www.danubiushotels.com\/hu\/mozaik\/wp-json\/wp\/v2\/users\/15"}],"replies":[{"embeddable":true,"href":"https:\/\/www.danubiushotels.com\/hu\/mozaik\/wp-json\/wp\/v2\/comments?post=13365"}],"version-history":[{"count":1,"href":"https:\/\/www.danubiushotels.com\/hu\/mozaik\/wp-json\/wp\/v2\/posts\/13365\/revisions"}],"predecessor-version":[{"id":13374,"href":"https:\/\/www.danubiushotels.com\/hu\/mozaik\/wp-json\/wp\/v2\/posts\/13365\/revisions\/13374"}],"wp:featuredmedia":[{"embeddable":true,"href":"https:\/\/www.danubiushotels.com\/hu\/mozaik\/wp-json\/wp\/v2\/media\/13369"}],"wp:attachment":[{"href":"https:\/\/www.danubiushotels.com\/hu\/mozaik\/wp-json\/wp\/v2\/media?parent=13365"}],"wp:term":[{"taxonomy":"category","embeddable":true,"href":"https:\/\/www.danubiushotels.com\/hu\/mozaik\/wp-json\/wp\/v2\/categories?post=13365"},{"taxonomy":"post_tag","embeddable":true,"href":"https:\/\/www.danubiushotels.com\/hu\/mozaik\/wp-json\/wp\/v2\/tags?post=13365"}],"curies":[{"name":"wp","href":"https:\/\/api.w.org\/{rel}","templated":true}]}}