{"id":13386,"date":"2026-03-11T11:55:31","date_gmt":"2026-03-11T10:55:31","guid":{"rendered":"https:\/\/www.danubiushotels.com\/hu\/mozaik\/?p=13386"},"modified":"2026-03-11T11:56:47","modified_gmt":"2026-03-11T10:56:47","slug":"vasarnapi-ebed-a-belgaban","status":"publish","type":"post","link":"https:\/\/www.danubiushotels.com\/hu\/mozaik\/vasarnapi-ebed-a-belgaban","title":{"rendered":"Vas\u00e1rnapi eb\u00e9d a Belga \u00c9tteremben \u2013 \u00faj gasztron\u00f3miai program Gy\u0151rben\u00a0"},"content":{"rendered":"<p><span data-contrast=\"auto\">\u00daj, havonta visszat\u00e9r\u0151 gasztron\u00f3miai program indul a gy\u0151ri\u00a0<\/span><b><span data-contrast=\"auto\"><a href=\"https:\/\/belgagyor.hu\/vasarnapi-ebed\/\" target=\"_blank\" rel=\"noopener\">Belga\u00a0\u00c9tterem \u00e9s S\u00f6r\u00f6z\u0151ben<\/a>:<\/span><\/b><span data-contrast=\"auto\">\u00a0m\u00e1rcius 15-\u00e9n els\u0151 alkalommal rendezik meg a\u00a0<\/span><b><span data-contrast=\"auto\">Vas\u00e1rnapi eb\u00e9det<\/span><\/b><span data-contrast=\"auto\">, amely a klasszikus, nyugodt h\u00e9tv\u00e9gi tal\u00e1lkoz\u00e1sok hangulat\u00e1t id\u00e9zi meg.<\/span><span data-ccp-props=\"{&quot;335551550&quot;:6,&quot;335551620&quot;:6,&quot;335559738&quot;:240,&quot;335559739&quot;:240}\">\u00a0<\/span><\/p>\n<p><a href=\"https:\/\/www.danubiushotels.com\/hu\/mozaik\/wp-content\/uploads\/2026\/03\/VASARNAPI_EBED_digitalis_kijelzo-1200-x-628-keppont-1.png\"><img loading=\"lazy\" decoding=\"async\" class=\"aligncenter size-large wp-image-13387\" src=\"https:\/\/www.danubiushotels.com\/hu\/mozaik\/wp-content\/uploads\/2026\/03\/VASARNAPI_EBED_digitalis_kijelzo-1200-x-628-keppont-1-1024x536.png\" alt=\"\" width=\"1024\" height=\"536\" srcset=\"https:\/\/www.danubiushotels.com\/hu\/mozaik\/wp-content\/uploads\/2026\/03\/VASARNAPI_EBED_digitalis_kijelzo-1200-x-628-keppont-1-1024x536.png 1024w, https:\/\/www.danubiushotels.com\/hu\/mozaik\/wp-content\/uploads\/2026\/03\/VASARNAPI_EBED_digitalis_kijelzo-1200-x-628-keppont-1-980x513.png 980w, https:\/\/www.danubiushotels.com\/hu\/mozaik\/wp-content\/uploads\/2026\/03\/VASARNAPI_EBED_digitalis_kijelzo-1200-x-628-keppont-1-480x251.png 480w\" sizes=\"(min-width: 0px) and (max-width: 480px) 480px, (min-width: 481px) and (max-width: 980px) 980px, (min-width: 981px) 1024px, 100vw\" \/><\/a><\/p>\n<p><span data-contrast=\"auto\">A 12:00 \u00e9s 15:00 k\u00f6z\u00f6tt zajl\u00f3 esem\u00e9nyen b\u0151s\u00e9ges b\u00fcf\u00e9k\u00edn\u00e1lat v\u00e1rja a vend\u00e9geket \u2013 hideg el\u0151\u00e9telekkel, levesekkel, h\u00fas- \u00e9s hal\u00e9telekkel, sal\u00e1t\u00e1kkal \u00e9s desszertekkel. Az aj\u00e1nlat r\u00e9sze egy poh\u00e1r s\u00f6r vagy egy friss\u00edt\u0151 limon\u00e1d\u00e9 is, \u00edgy a vas\u00e1rnapi eb\u00e9d val\u00f3di k\u00f6z\u00f6s \u00e9lm\u00e9nny\u00e9 v\u00e1lik a csal\u00e1d \u00e9s a bar\u00e1tok sz\u00e1m\u00e1ra.\u00a0<\/span><\/p>\n<p><b><span data-contrast=\"auto\">A Vas\u00e1rnapi Eb\u00e9d \u00e1ra:\u00a0<\/span><\/b><span class=\"TextRun SCXW241940866 BCX0\" lang=\"HU-HU\" xml:lang=\"HU-HU\" data-contrast=\"none\"><span class=\"NormalTextRun SCXW241940866 BCX0\">10 990 Ft \/ f\u0151 + 12% szerv\u00edzd\u00edj<\/span><\/span><\/p>\n<p style=\"text-align: center;\" data-ccp-border-bottom=\"2px solid #000000\" data-ccp-padding-bottom=\"1.3333333333333333px\"><span data-contrast=\"auto\"><a href='https:\/\/belgagyor.hu\/vasarnapi-ebed\/' class='small-button smallblue'>Tov\u00e1bbi inform\u00e1ci\u00f3 \u00e9s foglal\u00e1s<\/a><\/span><\/p>\n<p>&nbsp;<\/p>\n<p style=\"text-align: left;\" data-ccp-border-bottom=\"2px solid #000000\" data-ccp-padding-bottom=\"1.3333333333333333px\"><span data-contrast=\"auto\">A program havonta jelentkezik: a k\u00f6vetkez\u0151 alkalom\u00a0<\/span><b><span data-contrast=\"auto\">h\u00fasv\u00e9tvas\u00e1rnap, \u00e1prilis 5-\u00e9n<\/span><\/b><span data-contrast=\"auto\"> lesz, amikor \u00fcnnepi hangulat\u00fa brunch k\u00edn\u00e1lattal v\u00e1rja a vend\u00e9geket a Belga \u00c9tterem!<\/span><\/p>\n","protected":false},"excerpt":{"rendered":"<p>\u00daj, havonta visszat\u00e9r\u0151 gasztron\u00f3miai program indul a gy\u0151ri\u00a0Belga\u00a0\u00c9tterem \u00e9s S\u00f6r\u00f6z\u0151ben:\u00a0m\u00e1rcius 15-\u00e9n els\u0151 alkalommal rendezik meg a\u00a0Vas\u00e1rnapi eb\u00e9det, amely a klasszikus, nyugodt h\u00e9tv\u00e9gi tal\u00e1lkoz\u00e1sok hangulat\u00e1t id\u00e9zi meg.\u00a0 A 12:00 \u00e9s 15:00 k\u00f6z\u00f6tt zajl\u00f3 esem\u00e9nyen b\u0151s\u00e9ges b\u00fcf\u00e9k\u00edn\u00e1lat v\u00e1rja a vend\u00e9geket \u2013 hideg el\u0151\u00e9telekkel, levesekkel, h\u00fas- \u00e9s hal\u00e9telekkel, sal\u00e1t\u00e1kkal \u00e9s desszertekkel. Az aj\u00e1nlat r\u00e9sze egy poh\u00e1r s\u00f6r vagy [&hellip;]<\/p>\n","protected":false},"author":15,"featured_media":13387,"comment_status":"closed","ping_status":"open","sticky":false,"template":"","format":"standard","meta":{"_acf_changed":false,"_et_pb_use_builder":"","_et_pb_old_content":"","_et_gb_content_width":"","inline_featured_image":false,"footnotes":""},"categories":[1176],"tags":[],"class_list":["post-13386","post","type-post","status-publish","format-standard","has-post-thumbnail","hentry","category-gasztro"],"acf":[],"yoast_head":"<!-- This site is optimized with the Yoast SEO plugin v27.4 - https:\/\/yoast.com\/product\/yoast-seo-wordpress\/ -->\n<title>Vas\u00e1rnapi eb\u00e9d a Belga \u00c9tteremben \u2013 \u00faj gasztron\u00f3miai program Gy\u0151rben\u00a0 - Danubius Mozaik<\/title>\n<meta name=\"description\" content=\"A gy\u0151ri Belga \u00e9tterem egy klasszikus vas\u00e1rnapi eb\u00e9ddel v\u00e1rja a vend\u00e9geket havonta egy alkalommal, amelynek k\u00f6z\u00e9ppontj\u00e1ban a k\u00f6z\u00f6s \u00e9lm\u00e9ny \u00e1ll.\" \/>\n<meta name=\"robots\" content=\"noindex, follow, max-snippet:-1, max-image-preview:large, max-video-preview:-1\" \/>\n<meta property=\"og:locale\" content=\"hu_HU\" \/>\n<meta property=\"og:type\" content=\"article\" \/>\n<meta property=\"og:title\" content=\"Vas\u00e1rnapi eb\u00e9d a Belga \u00c9tteremben \u2013 \u00faj gasztron\u00f3miai program Gy\u0151rben\u00a0 - Danubius Mozaik\" \/>\n<meta property=\"og:description\" content=\"A gy\u0151ri Belga \u00e9tterem egy klasszikus vas\u00e1rnapi eb\u00e9ddel v\u00e1rja a vend\u00e9geket havonta egy alkalommal, amelynek k\u00f6z\u00e9ppontj\u00e1ban a k\u00f6z\u00f6s \u00e9lm\u00e9ny \u00e1ll.\" \/>\n<meta property=\"og:url\" content=\"https:\/\/www.danubiushotels.com\/hu\/mozaik\/vasarnapi-ebed-a-belgaban\" \/>\n<meta property=\"og:site_name\" content=\"Danubius Mozaik\" \/>\n<meta property=\"article:published_time\" content=\"2026-03-11T10:55:31+00:00\" \/>\n<meta property=\"article:modified_time\" content=\"2026-03-11T10:56:47+00:00\" \/>\n<meta property=\"og:image\" content=\"https:\/\/www.danubiushotels.com\/hu\/mozaik\/wp-content\/uploads\/2026\/03\/VASARNAPI_EBED_digitalis_kijelzo-1200-x-628-keppont-1.png\" \/>\n\t<meta property=\"og:image:width\" content=\"1200\" \/>\n\t<meta property=\"og:image:height\" content=\"628\" \/>\n\t<meta property=\"og:image:type\" content=\"image\/png\" \/>\n<meta name=\"author\" content=\"Pencz Dorottya\" \/>\n<meta name=\"twitter:card\" content=\"summary_large_image\" \/>\n<meta name=\"twitter:label1\" content=\"Szerz\u0151:\" \/>\n\t<meta name=\"twitter:data1\" content=\"Pencz Dorottya\" \/>\n\t<meta name=\"twitter:label2\" content=\"Becs\u00fclt olvas\u00e1si id\u0151\" \/>\n\t<meta name=\"twitter:data2\" content=\"2 perc\" \/>\n<script type=\"application\/ld+json\" class=\"yoast-schema-graph\">{\"@context\":\"https:\\\/\\\/schema.org\",\"@graph\":[{\"@type\":\"Article\",\"@id\":\"https:\\\/\\\/www.danubiushotels.com\\\/hu\\\/mozaik\\\/vasarnapi-ebed-a-belgaban#article\",\"isPartOf\":{\"@id\":\"https:\\\/\\\/www.danubiushotels.com\\\/hu\\\/mozaik\\\/vasarnapi-ebed-a-belgaban\"},\"author\":{\"name\":\"Pencz Dorottya\",\"@id\":\"https:\\\/\\\/www.danubiushotels.com\\\/hu\\\/mozaik\\\/#\\\/schema\\\/person\\\/14b0b0c2ea10c762d30500b64e1d685d\"},\"headline\":\"Vas\u00e1rnapi eb\u00e9d a Belga \u00c9tteremben \u2013 \u00faj gasztron\u00f3miai program Gy\u0151rben\u00a0\",\"datePublished\":\"2026-03-11T10:55:31+00:00\",\"dateModified\":\"2026-03-11T10:56:47+00:00\",\"mainEntityOfPage\":{\"@id\":\"https:\\\/\\\/www.danubiushotels.com\\\/hu\\\/mozaik\\\/vasarnapi-ebed-a-belgaban\"},\"wordCount\":193,\"image\":{\"@id\":\"https:\\\/\\\/www.danubiushotels.com\\\/hu\\\/mozaik\\\/vasarnapi-ebed-a-belgaban#primaryimage\"},\"thumbnailUrl\":\"https:\\\/\\\/www.danubiushotels.com\\\/hu\\\/mozaik\\\/wp-content\\\/uploads\\\/2026\\\/03\\\/VASARNAPI_EBED_digitalis_kijelzo-1200-x-628-keppont-1.png\",\"articleSection\":[\"Gasztro\"],\"inLanguage\":\"hu\"},{\"@type\":\"WebPage\",\"@id\":\"https:\\\/\\\/www.danubiushotels.com\\\/hu\\\/mozaik\\\/vasarnapi-ebed-a-belgaban\",\"url\":\"https:\\\/\\\/www.danubiushotels.com\\\/hu\\\/mozaik\\\/vasarnapi-ebed-a-belgaban\",\"name\":\"Vas\u00e1rnapi eb\u00e9d a Belga \u00c9tteremben \u2013 \u00faj gasztron\u00f3miai program Gy\u0151rben\u00a0 - Danubius Mozaik\",\"isPartOf\":{\"@id\":\"https:\\\/\\\/www.danubiushotels.com\\\/hu\\\/mozaik\\\/#website\"},\"primaryImageOfPage\":{\"@id\":\"https:\\\/\\\/www.danubiushotels.com\\\/hu\\\/mozaik\\\/vasarnapi-ebed-a-belgaban#primaryimage\"},\"image\":{\"@id\":\"https:\\\/\\\/www.danubiushotels.com\\\/hu\\\/mozaik\\\/vasarnapi-ebed-a-belgaban#primaryimage\"},\"thumbnailUrl\":\"https:\\\/\\\/www.danubiushotels.com\\\/hu\\\/mozaik\\\/wp-content\\\/uploads\\\/2026\\\/03\\\/VASARNAPI_EBED_digitalis_kijelzo-1200-x-628-keppont-1.png\",\"datePublished\":\"2026-03-11T10:55:31+00:00\",\"dateModified\":\"2026-03-11T10:56:47+00:00\",\"author\":{\"@id\":\"https:\\\/\\\/www.danubiushotels.com\\\/hu\\\/mozaik\\\/#\\\/schema\\\/person\\\/14b0b0c2ea10c762d30500b64e1d685d\"},\"description\":\"A gy\u0151ri Belga \u00e9tterem egy klasszikus vas\u00e1rnapi eb\u00e9ddel v\u00e1rja a vend\u00e9geket havonta egy alkalommal, amelynek k\u00f6z\u00e9ppontj\u00e1ban a k\u00f6z\u00f6s \u00e9lm\u00e9ny \u00e1ll.\",\"breadcrumb\":{\"@id\":\"https:\\\/\\\/www.danubiushotels.com\\\/hu\\\/mozaik\\\/vasarnapi-ebed-a-belgaban#breadcrumb\"},\"inLanguage\":\"hu\",\"potentialAction\":[{\"@type\":\"ReadAction\",\"target\":[\"https:\\\/\\\/www.danubiushotels.com\\\/hu\\\/mozaik\\\/vasarnapi-ebed-a-belgaban\"]}]},{\"@type\":\"ImageObject\",\"inLanguage\":\"hu\",\"@id\":\"https:\\\/\\\/www.danubiushotels.com\\\/hu\\\/mozaik\\\/vasarnapi-ebed-a-belgaban#primaryimage\",\"url\":\"https:\\\/\\\/www.danubiushotels.com\\\/hu\\\/mozaik\\\/wp-content\\\/uploads\\\/2026\\\/03\\\/VASARNAPI_EBED_digitalis_kijelzo-1200-x-628-keppont-1.png\",\"contentUrl\":\"https:\\\/\\\/www.danubiushotels.com\\\/hu\\\/mozaik\\\/wp-content\\\/uploads\\\/2026\\\/03\\\/VASARNAPI_EBED_digitalis_kijelzo-1200-x-628-keppont-1.png\",\"width\":1200,\"height\":628},{\"@type\":\"BreadcrumbList\",\"@id\":\"https:\\\/\\\/www.danubiushotels.com\\\/hu\\\/mozaik\\\/vasarnapi-ebed-a-belgaban#breadcrumb\",\"itemListElement\":[{\"@type\":\"ListItem\",\"position\":1,\"name\":\"Home\",\"item\":\"https:\\\/\\\/www.danubiushotels.com\\\/hu\\\/mozaik\\\/\"},{\"@type\":\"ListItem\",\"position\":2,\"name\":\"Vas\u00e1rnapi eb\u00e9d a Belga \u00c9tteremben \u2013 \u00faj gasztron\u00f3miai program Gy\u0151rben\u00a0\"}]},{\"@type\":\"WebSite\",\"@id\":\"https:\\\/\\\/www.danubiushotels.com\\\/hu\\\/mozaik\\\/#website\",\"url\":\"https:\\\/\\\/www.danubiushotels.com\\\/hu\\\/mozaik\\\/\",\"name\":\"Danubius Mozaik\",\"description\":\"Mindig van alkalom a pihen\u00e9sre...\",\"potentialAction\":[{\"@type\":\"SearchAction\",\"target\":{\"@type\":\"EntryPoint\",\"urlTemplate\":\"https:\\\/\\\/www.danubiushotels.com\\\/hu\\\/mozaik\\\/?s={search_term_string}\"},\"query-input\":{\"@type\":\"PropertyValueSpecification\",\"valueRequired\":true,\"valueName\":\"search_term_string\"}}],\"inLanguage\":\"hu\"},{\"@type\":\"Person\",\"@id\":\"https:\\\/\\\/www.danubiushotels.com\\\/hu\\\/mozaik\\\/#\\\/schema\\\/person\\\/14b0b0c2ea10c762d30500b64e1d685d\",\"name\":\"Pencz Dorottya\",\"image\":{\"@type\":\"ImageObject\",\"inLanguage\":\"hu\",\"@id\":\"https:\\\/\\\/secure.gravatar.com\\\/avatar\\\/4f8d852ffd557188675000c0865dc845f775386e26ee67bd8041eb3d017638fc?s=96&d=mm&r=g\",\"url\":\"https:\\\/\\\/secure.gravatar.com\\\/avatar\\\/4f8d852ffd557188675000c0865dc845f775386e26ee67bd8041eb3d017638fc?s=96&d=mm&r=g\",\"contentUrl\":\"https:\\\/\\\/secure.gravatar.com\\\/avatar\\\/4f8d852ffd557188675000c0865dc845f775386e26ee67bd8041eb3d017638fc?s=96&d=mm&r=g\",\"caption\":\"Pencz Dorottya\"},\"url\":\"https:\\\/\\\/www.danubiushotels.com\\\/hu\\\/mozaik\\\/author\\\/dorottyapencz\"}]}<\/script>\n<!-- \/ Yoast SEO plugin. -->","yoast_head_json":{"title":"Vas\u00e1rnapi eb\u00e9d a Belga \u00c9tteremben \u2013 \u00faj gasztron\u00f3miai program Gy\u0151rben\u00a0 - Danubius Mozaik","description":"A gy\u0151ri Belga \u00e9tterem egy klasszikus vas\u00e1rnapi eb\u00e9ddel v\u00e1rja a vend\u00e9geket havonta egy alkalommal, amelynek k\u00f6z\u00e9ppontj\u00e1ban a k\u00f6z\u00f6s \u00e9lm\u00e9ny \u00e1ll.","robots":{"index":"noindex","follow":"follow","max-snippet":"max-snippet:-1","max-image-preview":"max-image-preview:large","max-video-preview":"max-video-preview:-1"},"og_locale":"hu_HU","og_type":"article","og_title":"Vas\u00e1rnapi eb\u00e9d a Belga \u00c9tteremben \u2013 \u00faj gasztron\u00f3miai program Gy\u0151rben\u00a0 - Danubius Mozaik","og_description":"A gy\u0151ri Belga \u00e9tterem egy klasszikus vas\u00e1rnapi eb\u00e9ddel v\u00e1rja a vend\u00e9geket havonta egy alkalommal, amelynek k\u00f6z\u00e9ppontj\u00e1ban a k\u00f6z\u00f6s \u00e9lm\u00e9ny \u00e1ll.","og_url":"https:\/\/www.danubiushotels.com\/hu\/mozaik\/vasarnapi-ebed-a-belgaban","og_site_name":"Danubius Mozaik","article_published_time":"2026-03-11T10:55:31+00:00","article_modified_time":"2026-03-11T10:56:47+00:00","og_image":[{"width":1200,"height":628,"url":"https:\/\/www.danubiushotels.com\/hu\/mozaik\/wp-content\/uploads\/2026\/03\/VASARNAPI_EBED_digitalis_kijelzo-1200-x-628-keppont-1.png","type":"image\/png"}],"author":"Pencz Dorottya","twitter_card":"summary_large_image","twitter_misc":{"Szerz\u0151:":"Pencz Dorottya","Becs\u00fclt olvas\u00e1si id\u0151":"2 perc"},"schema":{"@context":"https:\/\/schema.org","@graph":[{"@type":"Article","@id":"https:\/\/www.danubiushotels.com\/hu\/mozaik\/vasarnapi-ebed-a-belgaban#article","isPartOf":{"@id":"https:\/\/www.danubiushotels.com\/hu\/mozaik\/vasarnapi-ebed-a-belgaban"},"author":{"name":"Pencz Dorottya","@id":"https:\/\/www.danubiushotels.com\/hu\/mozaik\/#\/schema\/person\/14b0b0c2ea10c762d30500b64e1d685d"},"headline":"Vas\u00e1rnapi eb\u00e9d a Belga \u00c9tteremben \u2013 \u00faj gasztron\u00f3miai program Gy\u0151rben\u00a0","datePublished":"2026-03-11T10:55:31+00:00","dateModified":"2026-03-11T10:56:47+00:00","mainEntityOfPage":{"@id":"https:\/\/www.danubiushotels.com\/hu\/mozaik\/vasarnapi-ebed-a-belgaban"},"wordCount":193,"image":{"@id":"https:\/\/www.danubiushotels.com\/hu\/mozaik\/vasarnapi-ebed-a-belgaban#primaryimage"},"thumbnailUrl":"https:\/\/www.danubiushotels.com\/hu\/mozaik\/wp-content\/uploads\/2026\/03\/VASARNAPI_EBED_digitalis_kijelzo-1200-x-628-keppont-1.png","articleSection":["Gasztro"],"inLanguage":"hu"},{"@type":"WebPage","@id":"https:\/\/www.danubiushotels.com\/hu\/mozaik\/vasarnapi-ebed-a-belgaban","url":"https:\/\/www.danubiushotels.com\/hu\/mozaik\/vasarnapi-ebed-a-belgaban","name":"Vas\u00e1rnapi eb\u00e9d a Belga \u00c9tteremben \u2013 \u00faj gasztron\u00f3miai program Gy\u0151rben\u00a0 - Danubius Mozaik","isPartOf":{"@id":"https:\/\/www.danubiushotels.com\/hu\/mozaik\/#website"},"primaryImageOfPage":{"@id":"https:\/\/www.danubiushotels.com\/hu\/mozaik\/vasarnapi-ebed-a-belgaban#primaryimage"},"image":{"@id":"https:\/\/www.danubiushotels.com\/hu\/mozaik\/vasarnapi-ebed-a-belgaban#primaryimage"},"thumbnailUrl":"https:\/\/www.danubiushotels.com\/hu\/mozaik\/wp-content\/uploads\/2026\/03\/VASARNAPI_EBED_digitalis_kijelzo-1200-x-628-keppont-1.png","datePublished":"2026-03-11T10:55:31+00:00","dateModified":"2026-03-11T10:56:47+00:00","author":{"@id":"https:\/\/www.danubiushotels.com\/hu\/mozaik\/#\/schema\/person\/14b0b0c2ea10c762d30500b64e1d685d"},"description":"A gy\u0151ri Belga \u00e9tterem egy klasszikus vas\u00e1rnapi eb\u00e9ddel v\u00e1rja a vend\u00e9geket havonta egy alkalommal, amelynek k\u00f6z\u00e9ppontj\u00e1ban a k\u00f6z\u00f6s \u00e9lm\u00e9ny \u00e1ll.","breadcrumb":{"@id":"https:\/\/www.danubiushotels.com\/hu\/mozaik\/vasarnapi-ebed-a-belgaban#breadcrumb"},"inLanguage":"hu","potentialAction":[{"@type":"ReadAction","target":["https:\/\/www.danubiushotels.com\/hu\/mozaik\/vasarnapi-ebed-a-belgaban"]}]},{"@type":"ImageObject","inLanguage":"hu","@id":"https:\/\/www.danubiushotels.com\/hu\/mozaik\/vasarnapi-ebed-a-belgaban#primaryimage","url":"https:\/\/www.danubiushotels.com\/hu\/mozaik\/wp-content\/uploads\/2026\/03\/VASARNAPI_EBED_digitalis_kijelzo-1200-x-628-keppont-1.png","contentUrl":"https:\/\/www.danubiushotels.com\/hu\/mozaik\/wp-content\/uploads\/2026\/03\/VASARNAPI_EBED_digitalis_kijelzo-1200-x-628-keppont-1.png","width":1200,"height":628},{"@type":"BreadcrumbList","@id":"https:\/\/www.danubiushotels.com\/hu\/mozaik\/vasarnapi-ebed-a-belgaban#breadcrumb","itemListElement":[{"@type":"ListItem","position":1,"name":"Home","item":"https:\/\/www.danubiushotels.com\/hu\/mozaik\/"},{"@type":"ListItem","position":2,"name":"Vas\u00e1rnapi eb\u00e9d a Belga \u00c9tteremben \u2013 \u00faj gasztron\u00f3miai program Gy\u0151rben\u00a0"}]},{"@type":"WebSite","@id":"https:\/\/www.danubiushotels.com\/hu\/mozaik\/#website","url":"https:\/\/www.danubiushotels.com\/hu\/mozaik\/","name":"Danubius Mozaik","description":"Mindig van alkalom a pihen\u00e9sre...","potentialAction":[{"@type":"SearchAction","target":{"@type":"EntryPoint","urlTemplate":"https:\/\/www.danubiushotels.com\/hu\/mozaik\/?s={search_term_string}"},"query-input":{"@type":"PropertyValueSpecification","valueRequired":true,"valueName":"search_term_string"}}],"inLanguage":"hu"},{"@type":"Person","@id":"https:\/\/www.danubiushotels.com\/hu\/mozaik\/#\/schema\/person\/14b0b0c2ea10c762d30500b64e1d685d","name":"Pencz Dorottya","image":{"@type":"ImageObject","inLanguage":"hu","@id":"https:\/\/secure.gravatar.com\/avatar\/4f8d852ffd557188675000c0865dc845f775386e26ee67bd8041eb3d017638fc?s=96&d=mm&r=g","url":"https:\/\/secure.gravatar.com\/avatar\/4f8d852ffd557188675000c0865dc845f775386e26ee67bd8041eb3d017638fc?s=96&d=mm&r=g","contentUrl":"https:\/\/secure.gravatar.com\/avatar\/4f8d852ffd557188675000c0865dc845f775386e26ee67bd8041eb3d017638fc?s=96&d=mm&r=g","caption":"Pencz Dorottya"},"url":"https:\/\/www.danubiushotels.com\/hu\/mozaik\/author\/dorottyapencz"}]}},"_links":{"self":[{"href":"https:\/\/www.danubiushotels.com\/hu\/mozaik\/wp-json\/wp\/v2\/posts\/13386","targetHints":{"allow":["GET"]}}],"collection":[{"href":"https:\/\/www.danubiushotels.com\/hu\/mozaik\/wp-json\/wp\/v2\/posts"}],"about":[{"href":"https:\/\/www.danubiushotels.com\/hu\/mozaik\/wp-json\/wp\/v2\/types\/post"}],"author":[{"embeddable":true,"href":"https:\/\/www.danubiushotels.com\/hu\/mozaik\/wp-json\/wp\/v2\/users\/15"}],"replies":[{"embeddable":true,"href":"https:\/\/www.danubiushotels.com\/hu\/mozaik\/wp-json\/wp\/v2\/comments?post=13386"}],"version-history":[{"count":2,"href":"https:\/\/www.danubiushotels.com\/hu\/mozaik\/wp-json\/wp\/v2\/posts\/13386\/revisions"}],"predecessor-version":[{"id":13389,"href":"https:\/\/www.danubiushotels.com\/hu\/mozaik\/wp-json\/wp\/v2\/posts\/13386\/revisions\/13389"}],"wp:featuredmedia":[{"embeddable":true,"href":"https:\/\/www.danubiushotels.com\/hu\/mozaik\/wp-json\/wp\/v2\/media\/13387"}],"wp:attachment":[{"href":"https:\/\/www.danubiushotels.com\/hu\/mozaik\/wp-json\/wp\/v2\/media?parent=13386"}],"wp:term":[{"taxonomy":"category","embeddable":true,"href":"https:\/\/www.danubiushotels.com\/hu\/mozaik\/wp-json\/wp\/v2\/categories?post=13386"},{"taxonomy":"post_tag","embeddable":true,"href":"https:\/\/www.danubiushotels.com\/hu\/mozaik\/wp-json\/wp\/v2\/tags?post=13386"}],"curies":[{"name":"wp","href":"https:\/\/api.w.org\/{rel}","templated":true}]}}